{"end_date": "2026-09-03", "name": "TVG EUROPA", "info_url": "https://epg.pw/channels/548385/20260902.html", "country": "France", "description": null, "error_message": "", "provider": "", "source_url": "https://epg.pw/api/epg.json?channel_id=548385&date=20260902&timezone=None", "epg_list": [{"desc": "Espazo dedicado \u00e1 igrexa evanx\u00e9lica que presenta Xaime Fern\u00e1ndez Garrido. Incl\u00fae entrevistas e reportaxes.", "start_date": "2026-09-02T00:15:00+00:00", "title": "Nacer de Novo"}, {"desc": "Comedia que retrata a vida coti\u00e1 da familia Pereira \u00e1 fronte do Bar Su\u00edzo.", "start_date": "2026-09-02T02:00:00+00:00", "title": "Pratos combinados"}, {"desc": "Comedia que retrata a vida coti\u00e1 da familia Pereira \u00e1 fronte do Bar Su\u00edzo.", "start_date": "2026-09-02T02:30:00+00:00", "title": "Pratos combinados"}, {"desc": "Comedia que retrata a vida coti\u00e1 da familia Pereira \u00e1 fronte do Bar Su\u00edzo.", "start_date": "2026-09-02T03:00:00+00:00", "title": "Pratos combinados"}, {"desc": "Comedia que retrata a vida coti\u00e1 da familia Pereira \u00e1 fronte do Bar Su\u00edzo.", "start_date": "2026-09-02T03:30:00+00:00", "title": "Pratos combinados"}, {"desc": "Comedia que retrata a vida coti\u00e1 da familia Pereira \u00e1 fronte do Bar Su\u00edzo.", "start_date": "2026-09-02T04:00:00+00:00", "title": "Pratos combinados"}, {"desc": "Comedia que retrata a vida coti\u00e1 da familia Pereira \u00e1 fronte do Bar Su\u00edzo.", "start_date": "2026-09-02T04:30:00+00:00", "title": "Pratos combinados"}, {"desc": null, "start_date": "2026-09-02T04:56:00+00:00", "title": "Informaci\u00f3n estado do mar ma\u00f1\u00e1"}, {"desc": null, "start_date": "2026-09-02T05:00:00+00:00", "title": "Galicia por diante"}, {"desc": "de Urz\u00e1iz, coa informaci\u00f3n deportiva a cargo de Terio Carrera.", "start_date": "2026-09-02T06:00:00+00:00", "title": "Bos D\u00edas"}, {"desc": null, "start_date": "2026-09-02T08:25:00+00:00", "title": "O agro"}, {"desc": "Javier Romero, Noelia Rey e Bernardo Monta\u00f1a toman o mando de \"O Term\u00f3metro\" nas ma\u00f1\u00e1s da TVG. Conducen m\u00e1is de d\u00faas horas de directo con entretemento, faladoiro, asuntos de interese p\u00fablico e reporteiros nas catro provincias.", "start_date": "2026-09-02T09:30:00+00:00", "title": "O term\u00f3metro"}, {"desc": null, "start_date": "2026-09-02T11:50:00+00:00", "title": "A p\u00e9 de praia ma\u00f1\u00e1"}, {"desc": null, "start_date": "2026-09-02T11:54:00+00:00", "title": "Galicia Noticias Ma\u00f1\u00e1"}, {"desc": null, "start_date": "2026-09-02T12:30:00+00:00", "title": "Telexornal mediod\u00eda"}, {"desc": null, "start_date": "2026-09-02T13:15:00+00:00", "title": "Telexornal deportes mediod\u00eda"}, {"desc": null, "start_date": "2026-09-02T13:27:00+00:00", "title": "O tempo"}, {"desc": null, "start_date": "2026-09-02T13:45:00+00:00", "title": "En Compa\u00f1\u00eda De Loli"}, {"desc": null, "start_date": "2026-09-02T16:00:00+00:00", "title": "Hora galega"}, {"desc": "Concurso presentado por Rodrigo V\u00e1zquez.", "start_date": "2026-09-02T17:30:00+00:00", "title": "Atr\u00e1pame se podes"}, {"desc": null, "start_date": "2026-09-02T18:15:00+00:00", "title": "A voltas co prato"}, {"desc": null, "start_date": "2026-09-02T18:55:00+00:00", "title": "A p\u00e9 de praia ser\u00e1n"}, {"desc": null, "start_date": "2026-09-02T19:00:00+00:00", "title": "Telexornal ser\u00e1n"}, {"desc": null, "start_date": "2026-09-02T19:35:00+00:00", "title": "O tempo"}, {"desc": "Carina e Dinis chegaron de Portugal a Galicia hai 13 anos e atoparon en Barreiros o lugar onde comezar unha nova vida xuntos. Agora casan para celebrar o seu amor e agradecer a todos os que os acompa\u00f1aron no cami\u00f1o. Unha gran festa entre familiares e amigos onde Galicia e Portugal se dan a man.", "start_date": "2026-09-02T19:45:00+00:00", "title": "Casamos!"}, {"desc": null, "start_date": "2026-09-02T20:45:00+00:00", "title": "Casamos!"}, {"desc": "Docushow que retrata a troula caracter\u00edstica dos bares de praia m\u00e1is famosos de Galicia e a vida coti\u00e1 dos areais que acollen estes establecementos. O programa \"Festa na baiuca\" contin\u00faa tenteando o esp\u00edrito do ver\u00e1n, desta volta, nas R\u00edas Baixas e no coraz\u00f3n da Ribeira Sacra.", "start_date": "2026-09-02T21:50:00+00:00", "title": "Festa na Baiuca"}, {"desc": null, "start_date": "2026-09-02T22:40:00+00:00", "title": "Festa na Baiuca"}, {"desc": null, "start_date": "2026-09-02T23:30:00+00:00", "title": "Como galegos"}, {"desc": "Anselmo, o que fora carteiro de 'Luar', interpretado por Lu\u00eds Zahera, est\u00e1 de volta para percorrer Galicia, visitando os lugares e veci\u00f1os m\u00e1is desco\u00f1ecidos, os m\u00e1is simp\u00e1ticos, os m\u00e1is caracter\u00edsticos e os m\u00e1is sorprendentes, uns destinatarios moi especiais que te\u00f1en moito que contar da nosa terra. O concello coru\u00f1\u00e9s de Cambre, un lugar cheo de artistas, \u00e9 hoxe o destino do espazo.", "start_date": "2026-09-03T00:30:00+00:00", "title": "Sen C\u00f3digo Postal"}, {"desc": "Comedia que retrata a vida coti\u00e1 da familia Pereira \u00e1 fronte do Bar Su\u00edzo.", "start_date": "2026-09-03T02:00:00+00:00", "title": "Pratos combinados"}, {"desc": "Comedia que retrata a vida coti\u00e1 da familia Pereira \u00e1 fronte do Bar Su\u00edzo.", "start_date": "2026-09-03T02:30:00+00:00", "title": "Pratos combinados"}, {"desc": "Comedia que retrata a vida coti\u00e1 da familia Pereira \u00e1 fronte do Bar Su\u00edzo.", "start_date": "2026-09-03T03:00:00+00:00", "title": "Pratos combinados"}, {"desc": "Comedia que retrata a vida coti\u00e1 da familia Pereira \u00e1 fronte do Bar Su\u00edzo.", "start_date": "2026-09-03T03:30:00+00:00", "title": "Pratos combinados"}, {"desc": null, "start_date": "2026-09-03T04:00:00+00:00", "title": "Pratos combinados"}, {"desc": "Comedia que retrata a vida coti\u00e1 da familia Pereira \u00e1 fronte do Bar Su\u00edzo.", "start_date": "2026-09-03T04:30:00+00:00", "title": "Pratos combinados"}, {"desc": null, "start_date": "2026-09-03T04:56:00+00:00", "title": "Informaci\u00f3n estado do mar ma\u00f1\u00e1"}, {"desc": null, "start_date": "2026-09-03T05:00:00+00:00", "title": "Galicia por diante"}, {"desc": "de Urz\u00e1iz, coa informaci\u00f3n deportiva a cargo de Terio Carrera.", "start_date": "2026-09-03T06:00:00+00:00", "title": "Bos D\u00edas"}, {"desc": null, "start_date": "2026-09-03T08:50:00+00:00", "title": "Pulso activo"}, {"desc": null, "start_date": "2026-09-03T09:03:00+00:00", "title": "Pulso activo"}, {"desc": "Javier Romero, Noelia Rey e Bernardo Monta\u00f1a toman o mando de \"O Term\u00f3metro\" nas ma\u00f1\u00e1s da TVG. Conducen m\u00e1is de d\u00faas horas de directo con entretemento, faladoiro, asuntos de interese p\u00fablico e reporteiros nas catro provincias.", "start_date": "2026-09-03T09:30:00+00:00", "title": "O term\u00f3metro"}, {"desc": null, "start_date": "2026-09-03T11:54:00+00:00", "title": "Galicia Noticias Ma\u00f1\u00e1"}, {"desc": null, "start_date": "2026-09-03T12:30:00+00:00", "title": "Telexornal mediod\u00eda"}, {"desc": null, "start_date": "2026-09-03T13:19:00+00:00", "title": "Telexornal deportes mediod\u00eda"}, {"desc": null, "start_date": "2026-09-03T13:38:00+00:00", "title": "O tempo"}, {"desc": "Concurso presentado por Rodrigo V\u00e1zquez.", "start_date": "2026-09-03T13:47:00+00:00", "title": "Atr\u00e1pame se podes"}, {"desc": null, "start_date": "2026-09-03T14:33:00+00:00", "title": "Taxi Quiz: Pagas... Ou Cobras"}, {"desc": null, "start_date": "2026-09-03T15:06:00+00:00", "title": "Mira Ti Que Ben. Imos De Voda"}, {"desc": null, "start_date": "2026-09-03T15:52:00+00:00", "title": "Hora galega"}, {"desc": null, "start_date": "2026-09-03T18:28:00+00:00", "title": "A voltas co prato"}, {"desc": null, "start_date": "2026-09-03T19:00:00+00:00", "title": "Telexornal ser\u00e1n"}, {"desc": null, "start_date": "2026-09-03T19:37:00+00:00", "title": "O tempo"}, {"desc": null, "start_date": "2026-09-03T19:45:00+00:00", "title": "Land Rober + Show"}, {"desc": null, "start_date": "2026-09-03T20:45:00+00:00", "title": "Somos animais"}, {"desc": null, "start_date": "2026-09-03T21:39:00+00:00", "title": "Collidos nas patacas"}, {"desc": "Programa que achega a nosa realidade, para vivir as pequenas historias de cada d\u00eda, da man de Alfonso Tellado, de 62 anos, xubilado da Baz\u00e1n e de profesi\u00f3n 'galego retranqueiro'.", "start_date": "2026-09-03T22:46:00+00:00", "title": "Onde vai a xente"}, {"desc": null, "start_date": "2026-09-03T23:35:00+00:00", "title": "A vida do mercado"}], "offset": "+00:00", "timezone": "UTC", "error_code": -1, "start_date": "2026-09-02", "icon": ""}