{"end_date": "2026-09-05", "name": "TVG EUROPA", "info_url": "https://epg.pw/channels/548385/20260905.html", "country": "France", "description": null, "error_message": "", "provider": "", "source_url": "https://epg.pw/api/epg.json?channel_id=548385&date=20260905&timezone=None", "epg_list": [{"desc": null, "start_date": "2026-09-05T00:39:00+00:00", "title": "No bico un cantar"}, {"desc": null, "start_date": "2026-09-05T01:18:00+00:00", "title": "Pulso activo"}, {"desc": null, "start_date": "2026-09-05T01:39:00+00:00", "title": "Pazo de Familia"}, {"desc": null, "start_date": "2026-09-05T02:41:00+00:00", "title": "Pazo de Familia"}, {"desc": null, "start_date": "2026-09-05T03:48:00+00:00", "title": "Pazo de Familia"}, {"desc": "Javier Romero, Noelia Rey e Bernardo Monta\u00f1a toman o mando de \"O Term\u00f3metro\" nas ma\u00f1\u00e1s da TVG. Conducen m\u00e1is de d\u00faas horas de directo con entretemento, faladoiro, asuntos de interese p\u00fablico e reporteiros nas catro provincias.", "start_date": "2026-09-05T05:00:00+00:00", "title": "O term\u00f3metro"}, {"desc": null, "start_date": "2026-09-05T07:00:00+00:00", "title": "Parlamento"}, {"desc": null, "start_date": "2026-09-05T07:30:00+00:00", "title": "Bos D\u00edas"}, {"desc": null, "start_date": "2026-09-05T08:15:00+00:00", "title": "Labranza"}, {"desc": null, "start_date": "2026-09-05T08:45:00+00:00", "title": "Zigzag"}, {"desc": null, "start_date": "2026-09-05T09:10:00+00:00", "title": "Divino Tesouro"}, {"desc": null, "start_date": "2026-09-05T09:45:00+00:00", "title": "Ga\u00f1a a t\u00faa aldea"}, {"desc": null, "start_date": "2026-09-05T10:30:00+00:00", "title": "Somos animais"}, {"desc": null, "start_date": "2026-09-05T11:15:00+00:00", "title": "Mira ti"}, {"desc": null, "start_date": "2026-09-05T11:55:00+00:00", "title": "Galicia Noticias Ma\u00f1\u00e1"}, {"desc": "Presentan Ant\u00eda Ara\u00fajo e David Valverde.", "start_date": "2026-09-05T12:25:00+00:00", "title": "Telexornal mediod\u00eda fin de semana"}, {"desc": null, "start_date": "2026-09-05T13:10:00+00:00", "title": "Telexornal deportes mediod\u00eda"}, {"desc": null, "start_date": "2026-09-05T13:30:00+00:00", "title": "No foco"}, {"desc": null, "start_date": "2026-09-05T13:50:00+00:00", "title": "O tempo"}, {"desc": "Presentado por Silvia Jato e Isabel Blanco, este magazine de fin de semana ten como obxectivo po\u00f1er en valor o territorio a trav\u00e9s das s\u00faas historias e, sobre todo, da s\u00faa xente.", "start_date": "2026-09-05T14:00:00+00:00", "title": "Tarde Piaches"}, {"desc": null, "start_date": "2026-09-05T18:00:00+00:00", "title": "Galicia bonita"}, {"desc": "Presentan Ant\u00eda Ara\u00fajo e David Valverde. Irene Lourido enc\u00e1rgase da informaci\u00f3n deportiva.", "start_date": "2026-09-05T18:58:00+00:00", "title": "Telexornal ser\u00e1n fin de semana"}, {"desc": null, "start_date": "2026-09-05T19:48:00+00:00", "title": "O tempo"}, {"desc": null, "start_date": "2026-09-05T20:00:00+00:00", "title": "Bailamos"}, {"desc": null, "start_date": "2026-09-05T22:00:00+00:00", "title": "Cos pes na terra"}, {"desc": null, "start_date": "2026-09-05T23:38:00+00:00", "title": "Lembrando a Galicia"}], "offset": "+00:00", "timezone": "UTC", "error_code": -1, "start_date": "2026-09-05", "icon": ""}