{"end_date": "2026-09-02", "name": "Polskie Radio 1 [PL]", "info_url": "https://epg.pw/channels/548821/20260831.html", "country": "Russian Federation", "description": null, "error_message": "", "provider": "", "source_url": "https://epg.pw/api/epg.json?channel_id=548821&date=20260831&timezone=None", "epg_list": [{"desc": null, "start_date": "2026-08-31T00:00:00+00:00", "title": "Aktualno\u015bci radiowej Jedynki"}, {"desc": null, "start_date": "2026-08-31T01:00:00+00:00", "title": "Aktualno\u015bci radiowej Jedynki"}, {"desc": null, "start_date": "2026-08-31T02:00:00+00:00", "title": "Aktualno\u015bci radiowej Jedynki"}, {"desc": null, "start_date": "2026-08-31T02:05:00+00:00", "title": "Tak to bywa\u0142o"}, {"desc": null, "start_date": "2026-08-31T02:50:00+00:00", "title": "My\u015bli na dobry dzie\u0144"}, {"desc": null, "start_date": "2026-08-31T03:00:00+00:00", "title": "Aktualno\u015bci radiowej Jedynki"}, {"desc": null, "start_date": "2026-08-31T03:10:00+00:00", "title": "AgroFakty"}, {"desc": null, "start_date": "2026-08-31T04:00:00+00:00", "title": "Aktualno\u015bci radiowej Jedynki"}, {"desc": null, "start_date": "2026-08-31T04:05:00+00:00", "title": "Sygna\u0142y dnia"}, {"desc": null, "start_date": "2026-08-31T04:40:00+00:00", "title": "Po pierwsze ekonomia"}, {"desc": null, "start_date": "2026-08-31T05:00:00+00:00", "title": "Aktualno\u015bci radiowej Jedynki"}, {"desc": null, "start_date": "2026-08-31T05:05:00+00:00", "title": "Sygna\u0142y dnia"}, {"desc": null, "start_date": "2026-08-31T05:15:00+00:00", "title": "Rozmowa dnia"}, {"desc": null, "start_date": "2026-08-31T06:00:00+00:00", "title": "Aktualno\u015bci radiowej Jedynki"}, {"desc": null, "start_date": "2026-08-31T06:05:00+00:00", "title": "Sygna\u0142y dnia"}, {"desc": null, "start_date": "2026-08-31T06:15:00+00:00", "title": "Rozmowa dnia"}, {"desc": null, "start_date": "2026-08-31T07:00:00+00:00", "title": "Lato z Radiem"}, {"desc": null, "start_date": "2026-08-31T10:00:00+00:00", "title": "Hejna\u0142 z Wie\u017cy Mariackiej"}, {"desc": null, "start_date": "2026-08-31T10:05:00+00:00", "title": "Aktualno\u015bci radiowej Jedynki"}, {"desc": null, "start_date": "2026-08-31T10:15:00+00:00", "title": "Rozmowa dnia"}, {"desc": null, "start_date": "2026-08-31T11:00:00+00:00", "title": "Aktualno\u015bci radiowej Jedynki"}, {"desc": null, "start_date": "2026-08-31T12:00:00+00:00", "title": "Aktualno\u015bci radiowej Jedynki"}, {"desc": null, "start_date": "2026-08-31T13:00:00+00:00", "title": "Aktualno\u015bci radiowej Jedynki"}, {"desc": null, "start_date": "2026-08-31T14:00:00+00:00", "title": "Aktualno\u015bci radiowej Jedynki"}, {"desc": null, "start_date": "2026-08-31T14:05:00+00:00", "title": "Ekspres Jedynki"}, {"desc": null, "start_date": "2026-08-31T14:35:00+00:00", "title": "Rozmowa dnia"}, {"desc": null, "start_date": "2026-08-31T15:00:00+00:00", "title": "Aktualno\u015bci radiowej Jedynki"}, {"desc": null, "start_date": "2026-08-31T15:05:00+00:00", "title": "Ekspres Jedynki"}, {"desc": null, "start_date": "2026-08-31T15:45:00+00:00", "title": "Ekspres gospodarczy"}, {"desc": null, "start_date": "2026-08-31T16:00:00+00:00", "title": "Aktualno\u015bci radiowej Jedynki"}, {"desc": null, "start_date": "2026-08-31T17:00:00+00:00", "title": "Aktualno\u015bci radiowej Jedynki"}, {"desc": null, "start_date": "2026-08-31T17:05:00+00:00", "title": "Eureka"}, {"desc": null, "start_date": "2026-08-31T18:00:00+00:00", "title": "Aktualno\u015bci radiowej Jedynki"}, {"desc": null, "start_date": "2026-08-31T18:05:00+00:00", "title": "Tu jest muzyka"}, {"desc": null, "start_date": "2026-08-31T19:00:00+00:00", "title": "Aktualno\u015bci radiowej Jedynki"}, {"desc": null, "start_date": "2026-08-31T20:00:00+00:00", "title": "Aktualno\u015bci radiowej Jedynki"}, {"desc": null, "start_date": "2026-08-31T20:05:00+00:00", "title": "Polska i \u015bwiat"}, {"desc": null, "start_date": "2026-08-31T20:33:00+00:00", "title": "Kronika sportowa"}, {"desc": null, "start_date": "2026-08-31T21:00:00+00:00", "title": "Aktualno\u015bci radiowej Jedynki"}, {"desc": null, "start_date": "2026-08-31T21:50:00+00:00", "title": "Lektury przed p\u00f3\u0142noc\u0105"}, {"desc": null, "start_date": "2026-08-31T22:00:00+00:00", "title": "Aktualno\u015bci radiowej Jedynki"}, {"desc": null, "start_date": "2026-08-31T23:00:00+00:00", "title": "Aktualno\u015bci radiowej Jedynki"}, {"desc": null, "start_date": "2026-09-01T00:00:00+00:00", "title": "Aktualno\u015bci radiowej Jedynki"}, {"desc": null, "start_date": "2026-09-01T01:00:00+00:00", "title": "Aktualno\u015bci radiowej Jedynki"}, {"desc": null, "start_date": "2026-09-01T01:05:00+00:00", "title": "Tak to bywa\u0142o"}, {"desc": null, "start_date": "2026-09-01T02:00:00+00:00", "title": "Aktualno\u015bci radiowej Jedynki"}, {"desc": null, "start_date": "2026-09-01T02:05:00+00:00", "title": "Tak to bywa\u0142o"}, {"desc": null, "start_date": "2026-09-01T02:50:00+00:00", "title": "My\u015bli na dobry dzie\u0144"}, {"desc": null, "start_date": "2026-09-01T03:00:00+00:00", "title": "Aktualno\u015bci radiowej Jedynki"}, {"desc": null, "start_date": "2026-09-01T03:15:00+00:00", "title": "Etnowie\u015bci"}, {"desc": null, "start_date": "2026-09-01T03:45:00+00:00", "title": "Gimnastyka poranna"}, {"desc": null, "start_date": "2026-09-01T04:00:00+00:00", "title": "Aktualno\u015bci radiowej Jedynki"}, {"desc": null, "start_date": "2026-09-01T04:05:00+00:00", "title": "Sygna\u0142y dnia"}, {"desc": null, "start_date": "2026-09-01T04:40:00+00:00", "title": "Po pierwsze ekonomia"}, {"desc": null, "start_date": "2026-09-01T05:00:00+00:00", "title": "Aktualno\u015bci radiowej Jedynki"}, {"desc": null, "start_date": "2026-09-01T05:05:00+00:00", "title": "Sygna\u0142y dnia"}, {"desc": null, "start_date": "2026-09-01T05:15:00+00:00", "title": "Rozmowa dnia"}, {"desc": null, "start_date": "2026-09-01T05:35:00+00:00", "title": "Aktualno\u015bci ekonomiczne"}, {"desc": null, "start_date": "2026-09-01T05:40:00+00:00", "title": "Polski Wrzesie\u0144 1939 \u2013 dzie\u0144 po dniu"}, {"desc": null, "start_date": "2026-09-01T06:00:00+00:00", "title": "Aktualno\u015bci radiowej Jedynki"}, {"desc": null, "start_date": "2026-09-01T06:05:00+00:00", "title": "Sygna\u0142y dnia"}, {"desc": null, "start_date": "2026-09-01T06:15:00+00:00", "title": "Rozmowa dnia"}, {"desc": null, "start_date": "2026-09-01T06:32:00+00:00", "title": "Niepodleg\u0142a \u2013 dzie\u0144 po dniu"}, {"desc": null, "start_date": "2026-09-01T06:40:00+00:00", "title": "Komentarz poranka"}, {"desc": null, "start_date": "2026-09-01T07:00:00+00:00", "title": "Aktualno\u015bci radiowej Jedynki"}, {"desc": null, "start_date": "2026-09-01T08:00:00+00:00", "title": "Aktualno\u015bci radiowej Jedynki"}, {"desc": null, "start_date": "2026-09-01T08:35:00+00:00", "title": "Lektury Jedynki"}, {"desc": null, "start_date": "2026-09-01T09:00:00+00:00", "title": "Aktualno\u015bci radiowej Jedynki"}, {"desc": null, "start_date": "2026-09-01T10:00:00+00:00", "title": "Hejna\u0142 z Wie\u017cy Mariackiej"}, {"desc": null, "start_date": "2026-09-01T10:05:00+00:00", "title": "Aktualno\u015bci radiowej Jedynki"}, {"desc": null, "start_date": "2026-09-01T10:15:00+00:00", "title": "Rozmowa dnia"}, {"desc": null, "start_date": "2026-09-01T10:18:00+00:00", "title": "Z kraju i ze \u015bwiata"}, {"desc": null, "start_date": "2026-09-01T10:26:00+00:00", "title": "Komentarz europejski"}, {"desc": null, "start_date": "2026-09-01T10:44:00+00:00", "title": "AgroFakty"}, {"desc": null, "start_date": "2026-09-01T10:50:00+00:00", "title": "Europejskie menu"}, {"desc": null, "start_date": "2026-09-01T11:00:00+00:00", "title": "Aktualno\u015bci radiowej Jedynki"}, {"desc": null, "start_date": "2026-09-01T11:05:00+00:00", "title": "Muzyczna Jedynka"}, {"desc": null, "start_date": "2026-09-01T12:00:00+00:00", "title": "Aktualno\u015bci radiowej Jedynki"}, {"desc": null, "start_date": "2026-09-01T12:05:00+00:00", "title": "Muzyczna Jedynka"}, {"desc": null, "start_date": "2026-09-01T13:00:00+00:00", "title": "Aktualno\u015bci radiowej Jedynki"}, {"desc": null, "start_date": "2026-09-01T13:05:00+00:00", "title": "Ekspres Jedynki"}, {"desc": null, "start_date": "2026-09-01T13:30:00+00:00", "title": "Komentarz Dnia"}, {"desc": null, "start_date": "2026-09-01T13:45:00+00:00", "title": "Czytam, bo lubi\u0119"}, {"desc": null, "start_date": "2026-09-01T14:00:00+00:00", "title": "Aktualno\u015bci radiowej Jedynki"}, {"desc": null, "start_date": "2026-09-01T14:05:00+00:00", "title": "Ekspres Jedynki"}, {"desc": null, "start_date": "2026-09-01T14:35:00+00:00", "title": "Ekspres gospodarczy"}, {"desc": null, "start_date": "2026-09-01T15:00:00+00:00", "title": "Aktualno\u015bci radiowej Jedynki"}, {"desc": null, "start_date": "2026-09-01T15:05:00+00:00", "title": "Ekspres Jedynki"}, {"desc": null, "start_date": "2026-09-01T15:30:00+00:00", "title": "Wi\u0119cej \u015bwiata"}, {"desc": null, "start_date": "2026-09-01T16:00:00+00:00", "title": "Aktualno\u015bci radiowej Jedynki"}, {"desc": null, "start_date": "2026-09-01T16:40:00+00:00", "title": "Dziennik Radia Watyka\u0144skiego"}, {"desc": null, "start_date": "2026-09-01T17:00:00+00:00", "title": "Aktualno\u015bci radiowej Jedynki"}, {"desc": null, "start_date": "2026-09-01T17:05:00+00:00", "title": "Eureka"}, {"desc": null, "start_date": "2026-09-01T17:30:00+00:00", "title": "Jedynka Dzieciom"}, {"desc": null, "start_date": "2026-09-01T18:00:00+00:00", "title": "Aktualno\u015bci radiowej Jedynki"}, {"desc": null, "start_date": "2026-09-01T18:05:00+00:00", "title": "Tu jest muzyka"}, {"desc": null, "start_date": "2026-09-01T19:00:00+00:00", "title": "Aktualno\u015bci radiowej Jedynki"}, {"desc": null, "start_date": "2026-09-01T19:05:00+00:00", "title": "Kulturalna Jedynka"}, {"desc": null, "start_date": "2026-09-01T19:20:00+00:00", "title": "Reporta\u017c w radiowej Jedynce"}, {"desc": null, "start_date": "2026-09-01T19:35:00+00:00", "title": "Kronika sportowa"}, {"desc": null, "start_date": "2026-09-01T19:45:00+00:00", "title": "Lektury Jedynki"}, {"desc": null, "start_date": "2026-09-01T20:00:00+00:00", "title": "Aktualno\u015bci radiowej Jedynki"}, {"desc": null, "start_date": "2026-09-01T20:05:00+00:00", "title": "Polska i \u015bwiat"}, {"desc": null, "start_date": "2026-09-01T20:30:00+00:00", "title": "Kronika sportowa"}, {"desc": null, "start_date": "2026-09-01T20:56:00+00:00", "title": "Organizacje Po\u017cytku Publicznego w Jedynce"}, {"desc": null, "start_date": "2026-09-01T21:00:00+00:00", "title": "Aktualno\u015bci radiowej Jedynki"}, {"desc": null, "start_date": "2026-09-01T21:50:00+00:00", "title": "Lektury Jedynki"}, {"desc": null, "start_date": "2026-09-01T22:00:00+00:00", "title": "Aktualno\u015bci radiowej Jedynki"}, {"desc": null, "start_date": "2026-09-01T22:07:00+00:00", "title": "Ocaleni noc\u0105"}, {"desc": null, "start_date": "2026-09-01T23:00:00+00:00", "title": "Aktualno\u015bci radiowej Jedynki"}, {"desc": null, "start_date": "2026-09-01T23:07:00+00:00", "title": "Ocaleni noc\u0105"}, {"desc": null, "start_date": "2026-09-02T00:00:00+00:00", "title": "Aktualno\u015bci radiowej Jedynki"}], "offset": "+00:00", "timezone": "UTC", "error_code": -1, "start_date": "2026-08-31", "icon": "https://epg.pw/media/images/epg/2026/08/03/20260803020928872081_49.png"}