{"end_date": "2026-09-04", "name": "Polskie Radio 1 [PL]", "info_url": "https://epg.pw/channels/548821/20260902.html", "country": "Russian Federation", "description": null, "error_message": "", "provider": "", "source_url": "https://epg.pw/api/epg.json?channel_id=548821&date=20260902&timezone=None", "epg_list": [{"desc": null, "start_date": "2026-09-02T00:00:00+00:00", "title": "Aktualno\u015bci radiowej Jedynki"}, {"desc": null, "start_date": "2026-09-02T00:07:00+00:00", "title": "Ocaleni noc\u0105"}, {"desc": null, "start_date": "2026-09-02T01:00:00+00:00", "title": "Aktualno\u015bci radiowej Jedynki"}, {"desc": null, "start_date": "2026-09-02T01:05:00+00:00", "title": "Tak to bywa\u0142o"}, {"desc": null, "start_date": "2026-09-02T02:00:00+00:00", "title": "Aktualno\u015bci radiowej Jedynki"}, {"desc": null, "start_date": "2026-09-02T02:05:00+00:00", "title": "Tak to bywa\u0142o"}, {"desc": null, "start_date": "2026-09-02T02:50:00+00:00", "title": "My\u015bli na dobry dzie\u0144"}, {"desc": null, "start_date": "2026-09-02T03:00:00+00:00", "title": "Aktualno\u015bci radiowej Jedynki"}, {"desc": null, "start_date": "2026-09-02T03:15:00+00:00", "title": "Etnowie\u015bci"}, {"desc": null, "start_date": "2026-09-02T03:45:00+00:00", "title": "Gimnastyka poranna"}, {"desc": null, "start_date": "2026-09-02T04:00:00+00:00", "title": "Aktualno\u015bci radiowej Jedynki"}, {"desc": null, "start_date": "2026-09-02T04:05:00+00:00", "title": "Sygna\u0142y dnia"}, {"desc": null, "start_date": "2026-09-02T04:40:00+00:00", "title": "Po pierwsze ekonomia"}, {"desc": null, "start_date": "2026-09-02T05:00:00+00:00", "title": "Aktualno\u015bci radiowej Jedynki"}, {"desc": null, "start_date": "2026-09-02T05:05:00+00:00", "title": "Sygna\u0142y dnia"}, {"desc": null, "start_date": "2026-09-02T05:15:00+00:00", "title": "Rozmowa dnia"}, {"desc": null, "start_date": "2026-09-02T05:35:00+00:00", "title": "Aktualno\u015bci ekonomiczne"}, {"desc": null, "start_date": "2026-09-02T05:40:00+00:00", "title": "Polski Wrzesie\u0144 1939 \u2013 dzie\u0144 po dniu"}, {"desc": null, "start_date": "2026-09-02T06:00:00+00:00", "title": "Aktualno\u015bci radiowej Jedynki"}, {"desc": null, "start_date": "2026-09-02T06:05:00+00:00", "title": "Sygna\u0142y dnia"}, {"desc": null, "start_date": "2026-09-02T06:15:00+00:00", "title": "Rozmowa dnia"}, {"desc": null, "start_date": "2026-09-02T06:32:00+00:00", "title": "Niepodleg\u0142a \u2013 dzie\u0144 po dniu"}, {"desc": null, "start_date": "2026-09-02T06:40:00+00:00", "title": "Komentarz poranka"}, {"desc": null, "start_date": "2026-09-02T07:00:00+00:00", "title": "Aktualno\u015bci radiowej Jedynki"}, {"desc": null, "start_date": "2026-09-02T08:00:00+00:00", "title": "Aktualno\u015bci radiowej Jedynki"}, {"desc": null, "start_date": "2026-09-02T09:00:00+00:00", "title": "Aktualno\u015bci radiowej Jedynki"}, {"desc": null, "start_date": "2026-09-02T09:10:00+00:00", "title": "Poradnik j\u0119zykowy"}, {"desc": null, "start_date": "2026-09-02T09:42:00+00:00", "title": "Lektury Jedynki"}, {"desc": null, "start_date": "2026-09-02T10:00:00+00:00", "title": "Hejna\u0142 z Wie\u017cy Mariackiej"}, {"desc": null, "start_date": "2026-09-02T10:05:00+00:00", "title": "Aktualno\u015bci radiowej Jedynki"}, {"desc": null, "start_date": "2026-09-02T10:15:00+00:00", "title": "Rozmowa dnia"}, {"desc": null, "start_date": "2026-09-02T10:26:00+00:00", "title": "Komentarz europejski"}, {"desc": null, "start_date": "2026-09-02T10:45:00+00:00", "title": "AgroFakty"}, {"desc": null, "start_date": "2026-09-02T10:50:00+00:00", "title": "Europejskie menu"}, {"desc": null, "start_date": "2026-09-02T11:00:00+00:00", "title": "Aktualno\u015bci radiowej Jedynki"}, {"desc": null, "start_date": "2026-09-02T11:05:00+00:00", "title": "Muzyczna Jedynka"}, {"desc": null, "start_date": "2026-09-02T12:00:00+00:00", "title": "Aktualno\u015bci radiowej Jedynki"}, {"desc": null, "start_date": "2026-09-02T12:05:00+00:00", "title": "Muzyczna Jedynka"}, {"desc": null, "start_date": "2026-09-02T12:50:00+00:00", "title": "Kalendarium Powstania Warszawskiego"}, {"desc": null, "start_date": "2026-09-02T13:00:00+00:00", "title": "Aktualno\u015bci radiowej Jedynki"}, {"desc": null, "start_date": "2026-09-02T13:05:00+00:00", "title": "Ekspres Jedynki"}, {"desc": null, "start_date": "2026-09-02T13:25:00+00:00", "title": "Materia\u0142 kulturalny"}, {"desc": null, "start_date": "2026-09-02T13:30:00+00:00", "title": "Komentarz Dnia"}, {"desc": null, "start_date": "2026-09-02T14:00:00+00:00", "title": "Aktualno\u015bci radiowej Jedynki"}, {"desc": null, "start_date": "2026-09-02T14:05:00+00:00", "title": "Ekspres Jedynki"}, {"desc": null, "start_date": "2026-09-02T14:35:00+00:00", "title": "Ekspres gospodarczy"}, {"desc": null, "start_date": "2026-09-02T15:00:00+00:00", "title": "Aktualno\u015bci radiowej Jedynki"}, {"desc": null, "start_date": "2026-09-02T15:05:00+00:00", "title": "Ekspres Jedynki"}, {"desc": null, "start_date": "2026-09-02T15:30:00+00:00", "title": "Wi\u0119cej \u015bwiata"}, {"desc": null, "start_date": "2026-09-02T16:00:00+00:00", "title": "Aktualno\u015bci radiowej Jedynki"}, {"desc": null, "start_date": "2026-09-02T16:40:00+00:00", "title": "Dziennik Radia Watyka\u0144skiego"}, {"desc": null, "start_date": "2026-09-02T17:00:00+00:00", "title": "Aktualno\u015bci radiowej Jedynki"}, {"desc": null, "start_date": "2026-09-02T17:30:00+00:00", "title": "Jedynka Dzieciom"}, {"desc": null, "start_date": "2026-09-02T18:00:00+00:00", "title": "Aktualno\u015bci radiowej Jedynki"}, {"desc": null, "start_date": "2026-09-02T18:05:00+00:00", "title": "Tu jest muzyka"}, {"desc": null, "start_date": "2026-09-02T19:00:00+00:00", "title": "Aktualno\u015bci radiowej Jedynki"}, {"desc": null, "start_date": "2026-09-02T19:05:00+00:00", "title": "Moje ksi\u0105\u017cki"}, {"desc": null, "start_date": "2026-09-02T19:45:00+00:00", "title": "Lektury Jedynki"}, {"desc": null, "start_date": "2026-09-02T20:00:00+00:00", "title": "Aktualno\u015bci radiowej Jedynki"}, {"desc": null, "start_date": "2026-09-02T20:05:00+00:00", "title": "Polska i \u015bwiat"}, {"desc": null, "start_date": "2026-09-02T20:30:00+00:00", "title": "Kronika sportowa"}, {"desc": null, "start_date": "2026-09-02T20:56:00+00:00", "title": "Organizacje Po\u017cytku Publicznego w Jedynce"}, {"desc": null, "start_date": "2026-09-02T21:00:00+00:00", "title": "Aktualno\u015bci radiowej Jedynki"}, {"desc": null, "start_date": "2026-09-02T21:35:00+00:00", "title": "Skarby kultury polskiej"}, {"desc": null, "start_date": "2026-09-02T21:50:00+00:00", "title": "Lektury przed p\u00f3\u0142noc\u0105"}, {"desc": null, "start_date": "2026-09-02T22:00:00+00:00", "title": "Aktualno\u015bci radiowej Jedynki"}, {"desc": null, "start_date": "2026-09-02T22:07:00+00:00", "title": "Muzyka noc\u0105"}, {"desc": null, "start_date": "2026-09-02T23:00:00+00:00", "title": "Aktualno\u015bci radiowej Jedynki"}, {"desc": null, "start_date": "2026-09-02T23:07:00+00:00", "title": "Muzyka noc\u0105"}, {"desc": null, "start_date": "2026-09-03T00:00:00+00:00", "title": "Aktualno\u015bci radiowej Jedynki"}, {"desc": null, "start_date": "2026-09-03T00:07:00+00:00", "title": "Muzyka noc\u0105"}, {"desc": null, "start_date": "2026-09-03T01:00:00+00:00", "title": "Aktualno\u015bci radiowej Jedynki"}, {"desc": null, "start_date": "2026-09-03T01:05:00+00:00", "title": "Tak to bywa\u0142o"}, {"desc": null, "start_date": "2026-09-03T02:00:00+00:00", "title": "Aktualno\u015bci radiowej Jedynki"}, {"desc": null, "start_date": "2026-09-03T02:05:00+00:00", "title": "Tak to bywa\u0142o"}, {"desc": null, "start_date": "2026-09-03T02:50:00+00:00", "title": "My\u015bli na dobry dzie\u0144"}, {"desc": null, "start_date": "2026-09-03T03:00:00+00:00", "title": "Aktualno\u015bci radiowej Jedynki"}, {"desc": null, "start_date": "2026-09-03T03:10:00+00:00", "title": "AgroFakty"}, {"desc": null, "start_date": "2026-09-03T03:15:00+00:00", "title": "Etnowie\u015bci"}, {"desc": null, "start_date": "2026-09-03T03:45:00+00:00", "title": "Gimnastyka poranna"}, {"desc": null, "start_date": "2026-09-03T04:00:00+00:00", "title": "Aktualno\u015bci radiowej Jedynki"}, {"desc": null, "start_date": "2026-09-03T04:05:00+00:00", "title": "Sygna\u0142y dnia"}, {"desc": null, "start_date": "2026-09-03T04:40:00+00:00", "title": "Po pierwsze ekonomia"}, {"desc": null, "start_date": "2026-09-03T05:00:00+00:00", "title": "Aktualno\u015bci radiowej Jedynki"}, {"desc": null, "start_date": "2026-09-03T05:05:00+00:00", "title": "Sygna\u0142y dnia"}, {"desc": null, "start_date": "2026-09-03T05:15:00+00:00", "title": "Rozmowa dnia"}, {"desc": null, "start_date": "2026-09-03T05:35:00+00:00", "title": "Po pierwsze ekonomia"}, {"desc": null, "start_date": "2026-09-03T05:40:00+00:00", "title": "Polski Wrzesie\u0144 1939 \u2013 dzie\u0144 po dniu"}, {"desc": null, "start_date": "2026-09-03T06:00:00+00:00", "title": "Aktualno\u015bci radiowej Jedynki"}, {"desc": null, "start_date": "2026-09-03T06:05:00+00:00", "title": "Sygna\u0142y dnia"}, {"desc": null, "start_date": "2026-09-03T06:15:00+00:00", "title": "Rozmowa dnia"}, {"desc": null, "start_date": "2026-09-03T06:32:00+00:00", "title": "Niepodleg\u0142a \u2013 dzie\u0144 po dniu"}, {"desc": null, "start_date": "2026-09-03T06:40:00+00:00", "title": "Komentarz poranka"}, {"desc": null, "start_date": "2026-09-03T07:00:00+00:00", "title": "Lato z Radiem"}, {"desc": null, "start_date": "2026-09-03T08:00:00+00:00", "title": "Lato z Radiem"}, {"desc": null, "start_date": "2026-09-03T09:00:00+00:00", "title": "Aktualno\u015bci radiowej Jedynki"}, {"desc": null, "start_date": "2026-09-03T10:00:00+00:00", "title": "Hejna\u0142 z Wie\u017cy Mariackiej"}, {"desc": null, "start_date": "2026-09-03T10:05:00+00:00", "title": "Aktualno\u015bci radiowej Jedynki"}, {"desc": null, "start_date": "2026-09-03T10:15:00+00:00", "title": "Rozmowa dnia"}, {"desc": null, "start_date": "2026-09-03T10:20:00+00:00", "title": "Rozmowa dnia"}, {"desc": null, "start_date": "2026-09-03T10:26:00+00:00", "title": "Komentarz europejski"}, {"desc": null, "start_date": "2026-09-03T10:45:00+00:00", "title": "AgroFakty"}, {"desc": null, "start_date": "2026-09-03T10:50:00+00:00", "title": "Europejskie menu"}, {"desc": null, "start_date": "2026-09-03T10:55:00+00:00", "title": "Aktualno\u015bci radiowej Jedynki"}, {"desc": null, "start_date": "2026-09-03T11:00:00+00:00", "title": "Tylko szczerze"}, {"desc": null, "start_date": "2026-09-03T11:05:00+00:00", "title": "Muzyczna Jedynka"}, {"desc": null, "start_date": "2026-09-03T12:00:00+00:00", "title": "Letnisko"}, {"desc": null, "start_date": "2026-09-03T12:05:00+00:00", "title": "Muzyczna Jedynka"}, {"desc": null, "start_date": "2026-09-03T13:00:00+00:00", "title": "Aktualno\u015bci radiowej Jedynki"}, {"desc": null, "start_date": "2026-09-03T13:05:00+00:00", "title": "Ekspres Jedynki"}, {"desc": null, "start_date": "2026-09-03T13:25:00+00:00", "title": "Materia\u0142 kulturalny"}, {"desc": null, "start_date": "2026-09-03T13:30:00+00:00", "title": "Komentarz Dnia"}, {"desc": null, "start_date": "2026-09-03T14:00:00+00:00", "title": "Aktualno\u015bci radiowej Jedynki"}, {"desc": null, "start_date": "2026-09-03T14:05:00+00:00", "title": "Ekspres Jedynki"}, {"desc": null, "start_date": "2026-09-03T14:30:00+00:00", "title": "Ekspres gospodarczy"}, {"desc": null, "start_date": "2026-09-03T14:31:00+00:00", "title": "Ekspres gospodarczy"}, {"desc": null, "start_date": "2026-09-03T14:35:00+00:00", "title": "Rozmowa dnia"}, {"desc": null, "start_date": "2026-09-03T15:00:00+00:00", "title": "Aktualno\u015bci radiowej Jedynki"}, {"desc": null, "start_date": "2026-09-03T15:05:00+00:00", "title": "Ekspres Jedynki"}, {"desc": null, "start_date": "2026-09-03T15:30:00+00:00", "title": "Wi\u0119cej \u015bwiata"}, {"desc": null, "start_date": "2026-09-03T16:00:00+00:00", "title": "Aktualno\u015bci radiowej Jedynki"}, {"desc": null, "start_date": "2026-09-03T16:40:00+00:00", "title": "Dziennik Radia Watyka\u0144skiego"}, {"desc": null, "start_date": "2026-09-03T17:00:00+00:00", "title": "Aktualno\u015bci radiowej Jedynki"}, {"desc": null, "start_date": "2026-09-03T17:05:00+00:00", "title": "Eureka"}, {"desc": null, "start_date": "2026-09-03T17:30:00+00:00", "title": "Jedynka Dzieciom"}, {"desc": null, "start_date": "2026-09-03T17:51:00+00:00", "title": "Organizacje Po\u017cytku Publicznego w Jedynce"}, {"desc": null, "start_date": "2026-09-03T18:00:00+00:00", "title": "Aktualno\u015bci radiowej Jedynki"}, {"desc": null, "start_date": "2026-09-03T18:05:00+00:00", "title": "Piosenka aktorska"}, {"desc": null, "start_date": "2026-09-03T19:00:00+00:00", "title": "G\u0142osy kobiet"}, {"desc": null, "start_date": "2026-09-03T19:05:00+00:00", "title": "Magazyn bardzo filmowy"}, {"desc": null, "start_date": "2026-09-03T19:35:00+00:00", "title": "Ju\u017c taki jestem"}, {"desc": null, "start_date": "2026-09-03T19:45:00+00:00", "title": "Lektury Jedynki"}, {"desc": null, "start_date": "2026-09-03T20:00:00+00:00", "title": "Polska i \u015bwiat"}, {"desc": null, "start_date": "2026-09-03T20:05:00+00:00", "title": "Polska i \u015bwiat"}, {"desc": null, "start_date": "2026-09-03T20:30:00+00:00", "title": "Kronika sportowa"}, {"desc": null, "start_date": "2026-09-03T20:33:00+00:00", "title": "Kronika sportowa"}, {"desc": null, "start_date": "2026-09-03T20:56:00+00:00", "title": "Organizacje Po\u017cytku Publicznego w Jedynce"}, {"desc": null, "start_date": "2026-09-03T21:00:00+00:00", "title": "Aktualno\u015bci radiowej Jedynki"}, {"desc": null, "start_date": "2026-09-03T21:05:00+00:00", "title": "Magazyn bardzo filmowy"}, {"desc": null, "start_date": "2026-09-03T21:40:00+00:00", "title": "Kulturalna Jedynka"}, {"desc": null, "start_date": "2026-09-03T21:50:00+00:00", "title": "Lektury przed p\u00f3\u0142noc\u0105"}, {"desc": null, "start_date": "2026-09-03T22:00:00+00:00", "title": "Aktualno\u015bci radiowej Jedynki"}, {"desc": null, "start_date": "2026-09-03T22:07:00+00:00", "title": "Muzyka noc\u0105"}, {"desc": null, "start_date": "2026-09-03T23:00:00+00:00", "title": "Aktualno\u015bci radiowej Jedynki"}, {"desc": null, "start_date": "2026-09-03T23:07:00+00:00", "title": "Muzyka noc\u0105"}, {"desc": null, "start_date": "2026-09-04T00:00:00+00:00", "title": "Aktualno\u015bci radiowej Jedynki"}], "offset": "+00:00", "timezone": "UTC", "error_code": -1, "start_date": "2026-09-02", "icon": "https://epg.pw/media/images/epg/2026/08/03/20260803020928872081_49.png"}