{"end_date": "2026-08-31", "name": "Polskie Radio 2 [PL]", "info_url": "https://epg.pw/channels/548825/20260829.html", "country": "Russian Federation", "description": null, "error_message": "", "provider": "", "source_url": "https://epg.pw/api/epg.json?channel_id=548825&date=20260829&timezone=None", "epg_list": [{"desc": null, "start_date": "2026-08-29T20:00:00+00:00", "title": "S\u0142uchowisko"}, {"desc": null, "start_date": "2026-08-29T21:00:00+00:00", "title": "Mediewanna"}, {"desc": null, "start_date": "2026-08-29T22:00:00+00:00", "title": "wIDMo"}, {"desc": null, "start_date": "2026-08-29T23:00:00+00:00", "title": "Fantazja polska"}, {"desc": null, "start_date": "2026-08-30T05:00:00+00:00", "title": "Wiadomo\u015bci kulturalne"}, {"desc": null, "start_date": "2026-08-30T05:30:00+00:00", "title": "Lumen"}, {"desc": null, "start_date": "2026-08-30T06:00:00+00:00", "title": "Nabo\u017ce\u0144stwo"}, {"desc": null, "start_date": "2026-08-30T07:00:00+00:00", "title": "Wiadomo\u015bci kulturalne"}, {"desc": null, "start_date": "2026-08-30T07:30:00+00:00", "title": "Kunstkamera"}, {"desc": null, "start_date": "2026-08-30T08:00:00+00:00", "title": "Cafe"}, {"desc": null, "start_date": "2026-08-30T09:00:00+00:00", "title": "Las ksi\u0105\u017cek"}, {"desc": null, "start_date": "2026-08-30T10:00:00+00:00", "title": "Quodlibet niedzielny"}, {"desc": null, "start_date": "2026-08-30T12:00:00+00:00", "title": "Co ma w \u015brodku"}, {"desc": null, "start_date": "2026-08-30T12:30:00+00:00", "title": "W 79 dni dooko\u0142a multiwersum"}, {"desc": null, "start_date": "2026-08-30T13:00:00+00:00", "title": "Dw\u00f3jka na fali"}, {"desc": null, "start_date": "2026-08-30T14:00:00+00:00", "title": "S\u0142uchowisko"}, {"desc": null, "start_date": "2026-08-30T15:00:00+00:00", "title": "Za s\u0142o\u0144cem"}, {"desc": null, "start_date": "2026-08-30T17:00:00+00:00", "title": "Letni Festiwal Muzyczny"}, {"desc": null, "start_date": "2026-08-30T20:00:00+00:00", "title": "Wiecz\u00f3r p\u0142ytowy"}, {"desc": null, "start_date": "2026-08-30T22:00:00+00:00", "title": "Wiecz\u00f3r p\u0142ytowy"}, {"desc": null, "start_date": "2026-08-30T23:00:00+00:00", "title": "Fantazja polska"}, {"desc": null, "start_date": "2026-08-31T00:00:00+00:00", "title": "Muzyczna noc Euroradia"}], "offset": "+00:00", "timezone": "UTC", "error_code": -1, "start_date": "2026-08-29", "icon": "https://epg.pw/media/images/epg/2026/08/03/20260803021125925920_79.png"}