{"end_date": "2026-09-04", "name": "Polskie Radio 2 [PL]", "info_url": "https://epg.pw/channels/548825/20260902.html", "country": "Russian Federation", "description": null, "error_message": "", "provider": "", "source_url": "https://epg.pw/api/epg.json?channel_id=548825&date=20260902&timezone=None", "epg_list": [{"desc": null, "start_date": "2026-09-02T00:00:00+00:00", "title": "Muzyczna noc Euroradia"}, {"desc": null, "start_date": "2026-09-02T03:00:00+00:00", "title": "Fantazja polska"}, {"desc": null, "start_date": "2026-09-02T03:55:00+00:00", "title": "S\u0142owo na dzie\u0144"}, {"desc": null, "start_date": "2026-09-02T04:00:00+00:00", "title": "Poranek Dw\u00f3jki"}, {"desc": null, "start_date": "2026-09-02T04:21:00+00:00", "title": "Wiersz na dzie\u0144 dobry"}, {"desc": null, "start_date": "2026-09-02T04:45:00+00:00", "title": "Przegl\u0105d prasy"}, {"desc": null, "start_date": "2026-09-02T05:00:00+00:00", "title": "Wiadomo\u015bci kulturalne"}, {"desc": null, "start_date": "2026-09-02T05:45:00+00:00", "title": "Przegl\u0105d prasy"}, {"desc": null, "start_date": "2026-09-02T07:00:00+00:00", "title": "Wiadomo\u015bci kulturalne"}, {"desc": null, "start_date": "2026-09-02T07:05:00+00:00", "title": "Kanon Dw\u00f3jki"}, {"desc": null, "start_date": "2026-09-02T07:30:00+00:00", "title": "To si\u0119 czyta"}, {"desc": null, "start_date": "2026-09-02T09:00:00+00:00", "title": "Kwadrans bez muzyki"}, {"desc": null, "start_date": "2026-09-02T09:55:00+00:00", "title": "Przypadki s\u0142owa"}, {"desc": null, "start_date": "2026-09-02T10:00:00+00:00", "title": "\u0179r\u00f3d\u0142a. Magazyn kultury ludowej"}, {"desc": null, "start_date": "2026-09-02T10:45:00+00:00", "title": "Zapiski ze wsp\u00f3\u0142czesno\u015bci"}, {"desc": null, "start_date": "2026-09-02T11:00:00+00:00", "title": "Wiadomo\u015bci kulturalne"}, {"desc": null, "start_date": "2026-09-02T11:05:00+00:00", "title": "Pas de deux"}, {"desc": null, "start_date": "2026-09-02T11:50:00+00:00", "title": "Literacka sjesta"}, {"desc": null, "start_date": "2026-09-02T12:00:00+00:00", "title": "Koncert w porze lunchu"}, {"desc": null, "start_date": "2026-09-02T13:57:00+00:00", "title": "Wiersz ukrai\u0144ski"}, {"desc": null, "start_date": "2026-09-02T14:00:00+00:00", "title": "Wiadomo\u015bci kulturalne"}, {"desc": null, "start_date": "2026-09-02T14:05:00+00:00", "title": "Wybieram Dw\u00f3jk\u0119"}, {"desc": null, "start_date": "2026-09-02T15:00:00+00:00", "title": "Przegl\u0105d prasy zagranicznej"}, {"desc": null, "start_date": "2026-09-02T15:55:00+00:00", "title": "Wolne s\u0142owo \u2013 Wolna Europa"}, {"desc": null, "start_date": "2026-09-02T16:00:00+00:00", "title": "Jazzowy Klub Dw\u00f3jki"}, {"desc": null, "start_date": "2026-09-02T17:00:00+00:00", "title": "Letni Festiwal Muzyczny"}, {"desc": null, "start_date": "2026-09-02T20:00:00+00:00", "title": "Rozmowy na lato"}, {"desc": null, "start_date": "2026-09-02T20:30:00+00:00", "title": "Nocna strefa"}, {"desc": null, "start_date": "2026-09-02T22:00:00+00:00", "title": "Nocna strefa"}, {"desc": null, "start_date": "2026-09-02T23:00:00+00:00", "title": "Fantazja polska"}, {"desc": null, "start_date": "2026-09-03T00:00:00+00:00", "title": "Muzyczna noc Euroradia"}, {"desc": null, "start_date": "2026-09-03T03:00:00+00:00", "title": "Fantazja polska"}, {"desc": null, "start_date": "2026-09-03T03:55:00+00:00", "title": "S\u0142owo na dzie\u0144"}, {"desc": null, "start_date": "2026-09-03T04:00:00+00:00", "title": "Poranek Dw\u00f3jki"}, {"desc": null, "start_date": "2026-09-03T04:21:00+00:00", "title": "Wiersz na dzie\u0144 dobry"}, {"desc": null, "start_date": "2026-09-03T04:45:00+00:00", "title": "Przegl\u0105d prasy"}, {"desc": null, "start_date": "2026-09-03T05:00:00+00:00", "title": "Wiadomo\u015bci kulturalne"}, {"desc": null, "start_date": "2026-09-03T05:45:00+00:00", "title": "Przegl\u0105d prasy"}, {"desc": null, "start_date": "2026-09-03T07:00:00+00:00", "title": "Wiadomo\u015bci kulturalne"}, {"desc": null, "start_date": "2026-09-03T07:05:00+00:00", "title": "Kanon Dw\u00f3jki"}, {"desc": null, "start_date": "2026-09-03T07:30:00+00:00", "title": "To si\u0119 czyta"}, {"desc": null, "start_date": "2026-09-03T09:00:00+00:00", "title": "Kwadrans bez muzyki"}, {"desc": null, "start_date": "2026-09-03T09:55:00+00:00", "title": "Przypadki s\u0142owa"}, {"desc": null, "start_date": "2026-09-03T10:00:00+00:00", "title": "\u0179r\u00f3d\u0142a. Magazyn kultury ludowej"}, {"desc": null, "start_date": "2026-09-03T10:45:00+00:00", "title": "Zapiski ze wsp\u00f3\u0142czesno\u015bci"}, {"desc": null, "start_date": "2026-09-03T11:00:00+00:00", "title": "Wiadomo\u015bci kulturalne"}, {"desc": null, "start_date": "2026-09-03T11:05:00+00:00", "title": "Studio projektowe"}, {"desc": null, "start_date": "2026-09-03T11:50:00+00:00", "title": "Literacka sjesta"}, {"desc": null, "start_date": "2026-09-03T12:00:00+00:00", "title": "Koncert w porze lunchu"}, {"desc": null, "start_date": "2026-09-03T13:57:00+00:00", "title": "Wiersz ukrai\u0144ski"}, {"desc": null, "start_date": "2026-09-03T14:00:00+00:00", "title": "Wiadomo\u015bci kulturalne"}, {"desc": null, "start_date": "2026-09-03T14:05:00+00:00", "title": "Wybieram Dw\u00f3jk\u0119"}, {"desc": null, "start_date": "2026-09-03T15:00:00+00:00", "title": "Przegl\u0105d prasy zagranicznej"}, {"desc": null, "start_date": "2026-09-03T15:55:00+00:00", "title": "Wolne s\u0142owo \u2013 Wolna Europa"}, {"desc": null, "start_date": "2026-09-03T16:00:00+00:00", "title": "Jazzowy Klub Dw\u00f3jki"}, {"desc": null, "start_date": "2026-09-03T17:00:00+00:00", "title": "Ksi\u0105\u017cka do s\u0142uchania"}, {"desc": null, "start_date": "2026-09-03T20:00:00+00:00", "title": "Rozmowy na lato"}, {"desc": null, "start_date": "2026-09-03T20:30:00+00:00", "title": "Pi\u0105ta struna"}, {"desc": null, "start_date": "2026-09-03T22:00:00+00:00", "title": "Pi\u0105ta struna"}, {"desc": null, "start_date": "2026-09-03T23:00:00+00:00", "title": "Fantazja polska"}, {"desc": null, "start_date": "2026-09-04T00:00:00+00:00", "title": "Muzyczna noc Euroradia"}], "offset": "+00:00", "timezone": "UTC", "error_code": -1, "start_date": "2026-09-02", "icon": "https://epg.pw/media/images/epg/2026/08/03/20260803021125925920_79.png"}