{"end_date": "2026-09-05", "name": "Polskie Radio 2 [PL]", "info_url": "https://epg.pw/channels/548825/20260904.html", "country": "Russian Federation", "description": null, "error_message": "", "provider": "", "source_url": "https://epg.pw/api/epg.json?channel_id=548825&date=20260904&timezone=None", "epg_list": [{"desc": null, "start_date": "2026-09-04T00:00:00+00:00", "title": "Muzyczna noc Euroradia"}, {"desc": null, "start_date": "2026-09-04T03:00:00+00:00", "title": "Fantazja polska"}, {"desc": null, "start_date": "2026-09-04T03:55:00+00:00", "title": "S\u0142owo na dzie\u0144"}, {"desc": null, "start_date": "2026-09-04T04:00:00+00:00", "title": "Poranek Dw\u00f3jki"}, {"desc": null, "start_date": "2026-09-04T04:21:00+00:00", "title": "Wiersz na dzie\u0144 dobry"}, {"desc": null, "start_date": "2026-09-04T04:45:00+00:00", "title": "Przegl\u0105d prasy"}, {"desc": null, "start_date": "2026-09-04T05:00:00+00:00", "title": "Wiadomo\u015bci kulturalne"}, {"desc": null, "start_date": "2026-09-04T05:45:00+00:00", "title": "Przegl\u0105d prasy"}, {"desc": null, "start_date": "2026-09-04T07:00:00+00:00", "title": "Wiadomo\u015bci kulturalne"}, {"desc": null, "start_date": "2026-09-04T07:05:00+00:00", "title": "Dawno, niedawno"}, {"desc": null, "start_date": "2026-09-04T07:30:00+00:00", "title": "To si\u0119 czyta"}, {"desc": null, "start_date": "2026-09-04T09:00:00+00:00", "title": "Kwadrans bez muzyki"}, {"desc": null, "start_date": "2026-09-04T09:55:00+00:00", "title": "Przypadki s\u0142owa"}, {"desc": null, "start_date": "2026-09-04T10:00:00+00:00", "title": "\u0179r\u00f3d\u0142a. Magazyn kultury ludowej"}, {"desc": null, "start_date": "2026-09-04T10:45:00+00:00", "title": "Zapiski ze wsp\u00f3\u0142czesno\u015bci"}, {"desc": null, "start_date": "2026-09-04T11:00:00+00:00", "title": "Wiadomo\u015bci kulturalne"}, {"desc": null, "start_date": "2026-09-04T11:05:00+00:00", "title": "S\u0142owa i d\u017awi\u0119ki \u2013 dokumenty i reporta\u017ce"}, {"desc": null, "start_date": "2026-09-04T11:50:00+00:00", "title": "Literacka sjesta"}, {"desc": null, "start_date": "2026-09-04T12:00:00+00:00", "title": "Koncert w porze lunchu"}, {"desc": null, "start_date": "2026-09-04T13:57:00+00:00", "title": "Wiersz ukrai\u0144ski"}, {"desc": null, "start_date": "2026-09-04T14:00:00+00:00", "title": "Wiadomo\u015bci kulturalne"}, {"desc": null, "start_date": "2026-09-04T14:05:00+00:00", "title": "Wybieram Dw\u00f3jk\u0119"}, {"desc": null, "start_date": "2026-09-04T15:00:00+00:00", "title": "Przegl\u0105d prasy zagranicznej"}, {"desc": null, "start_date": "2026-09-04T15:55:00+00:00", "title": "Wolne s\u0142owo \u2013 Wolna Europa"}, {"desc": null, "start_date": "2026-09-04T16:00:00+00:00", "title": "Jazzowy Klub Dw\u00f3jki LIVE"}, {"desc": null, "start_date": "2026-09-04T17:00:00+00:00", "title": "Siedemna\u015bcie podr\u00f3\u017cy Mozarta"}, {"desc": null, "start_date": "2026-09-04T20:00:00+00:00", "title": "Rozmowy na lato"}, {"desc": null, "start_date": "2026-09-04T20:30:00+00:00", "title": "Jam session w Dw\u00f3jce"}, {"desc": null, "start_date": "2026-09-04T22:00:00+00:00", "title": "Jam session w Dw\u00f3jce"}, {"desc": null, "start_date": "2026-09-04T23:00:00+00:00", "title": "Fantazja polska"}, {"desc": null, "start_date": "2026-09-05T04:55:00+00:00", "title": "S\u0142owo na dzie\u0144"}, {"desc": null, "start_date": "2026-09-05T05:00:00+00:00", "title": "Wiadomo\u015bci kulturalne"}, {"desc": null, "start_date": "2026-09-05T05:05:00+00:00", "title": "Poranek Dw\u00f3jki"}, {"desc": null, "start_date": "2026-09-05T05:30:00+00:00", "title": "Wiersz ukrai\u0144ski"}, {"desc": null, "start_date": "2026-09-05T05:40:00+00:00", "title": "Pi\u0119\u0107 minut nad Bibli\u0105"}, {"desc": null, "start_date": "2026-09-05T07:00:00+00:00", "title": "Wiadomo\u015bci kulturalne"}, {"desc": null, "start_date": "2026-09-05T08:00:00+00:00", "title": "Beethoven 2027"}, {"desc": null, "start_date": "2026-09-05T09:00:00+00:00", "title": "Wakacyjna playlista"}, {"desc": null, "start_date": "2026-09-05T10:00:00+00:00", "title": "Ludzie i \u015bwiat \u015ar\u00f3dziemnomorza"}, {"desc": null, "start_date": "2026-09-05T10:30:00+00:00", "title": "Zielona Dw\u00f3jka"}, {"desc": null, "start_date": "2026-09-05T11:00:00+00:00", "title": "Du\u017ca czarna"}, {"desc": null, "start_date": "2026-09-05T13:00:00+00:00", "title": "Dw\u00f3jka na miejscu"}, {"desc": null, "start_date": "2026-09-05T15:00:00+00:00", "title": "Sala kameralna"}, {"desc": null, "start_date": "2026-09-05T16:00:00+00:00", "title": "Wakacje z duchami"}, {"desc": null, "start_date": "2026-09-05T17:00:00+00:00", "title": "Letni Festiwal Muzyczny"}, {"desc": null, "start_date": "2026-09-05T18:00:00+00:00", "title": "Letni Festiwal Muzyczny"}, {"desc": null, "start_date": "2026-09-05T20:00:00+00:00", "title": "S\u0142uchowisko"}, {"desc": null, "start_date": "2026-09-05T21:00:00+00:00", "title": "Rachunek my\u015bli"}, {"desc": null, "start_date": "2026-09-05T22:00:00+00:00", "title": "wIDMo"}, {"desc": null, "start_date": "2026-09-05T23:00:00+00:00", "title": "Fantazja polska"}], "offset": "+00:00", "timezone": "UTC", "error_code": -1, "start_date": "2026-09-04", "icon": "https://epg.pw/media/images/epg/2026/08/03/20260803021125925920_79.png"}