{"end_date": "2026-09-05", "name": "TVP 3 \u0141\u00f3d\u017a [PL]", "info_url": "https://epg.pw/channels/548828/20260904.html", "country": "Russian Federation", "description": null, "error_message": "", "provider": "", "source_url": "https://epg.pw/api/epg.json?channel_id=548828&date=20260904&timezone=None", "epg_list": [{"desc": null, "start_date": "2026-09-04T00:25:00+00:00", "title": "Ca\u0142kiem niez\u0142a historia \u2013 Obro\u0144cy W\u0142oc\u0142awka"}, {"desc": null, "start_date": "2026-09-04T00:30:00+00:00", "title": "Pogotowie reporterskie zawsze z Wami"}, {"desc": null, "start_date": "2026-09-04T00:35:00+00:00", "title": "Pogotowie reporterskie zawsze z Wami"}, {"desc": null, "start_date": "2026-09-04T00:55:00+00:00", "title": "Zielnik regionalny"}, {"desc": null, "start_date": "2026-09-04T01:00:00+00:00", "title": "Zielnik regionalny"}, {"desc": null, "start_date": "2026-09-04T01:20:00+00:00", "title": "Program informacyjny 19.30"}, {"desc": null, "start_date": "2026-09-04T01:50:00+00:00", "title": "Przyrodnik na tropie \u2013 Lis | E33"}, {"desc": null, "start_date": "2026-09-04T02:15:00+00:00", "title": "Ca\u0142kiem niez\u0142a historia \u2013 9 dni na kraw\u0119dzi"}, {"desc": null, "start_date": "2026-09-04T02:25:00+00:00", "title": "Dziennik region\u00f3w"}, {"desc": null, "start_date": "2026-09-04T02:30:00+00:00", "title": "Dziennik region\u00f3w"}, {"desc": null, "start_date": "2026-09-04T02:50:00+00:00", "title": "Go\u015b\u0107 Region\u00f3w"}, {"desc": null, "start_date": "2026-09-04T03:05:00+00:00", "title": "Telekurier"}, {"desc": null, "start_date": "2026-09-04T03:10:00+00:00", "title": "Telekurier"}, {"desc": null, "start_date": "2026-09-04T03:30:00+00:00", "title": "Ca\u0142kiem niez\u0142a historia \u2013 SuperJednostka"}, {"desc": null, "start_date": "2026-09-04T03:45:00+00:00", "title": "Kryminalna si\u00f3demka"}, {"desc": null, "start_date": "2026-09-04T04:00:00+00:00", "title": "Agrobiznes"}, {"desc": null, "start_date": "2026-09-04T04:15:00+00:00", "title": "Pogoda"}, {"desc": null, "start_date": "2026-09-04T04:20:00+00:00", "title": "Szlakiem miejsc niezwyk\u0142ych: Pomniki historii \u2013 \u017byrard\u00f3w | S02"}, {"desc": null, "start_date": "2026-09-04T04:30:00+00:00", "title": "Rok w ogrodzie"}, {"desc": null, "start_date": "2026-09-04T05:00:00+00:00", "title": "Serwis Info Poranek"}, {"desc": null, "start_date": "2026-09-04T05:05:00+00:00", "title": "Polska o poranku"}, {"desc": null, "start_date": "2026-09-04T05:30:00+00:00", "title": "Agrobiznes Info"}, {"desc": null, "start_date": "2026-09-04T05:40:00+00:00", "title": "Agropogoda Info"}, {"desc": null, "start_date": "2026-09-04T05:45:00+00:00", "title": "Go\u015b\u0107 poranka"}, {"desc": null, "start_date": "2026-09-04T06:05:00+00:00", "title": "Reporterzy"}, {"desc": null, "start_date": "2026-09-04T06:15:00+00:00", "title": "Ca\u0142kiem niez\u0142a historia \u2013 P\u0142yn\u0105 krowy, p\u0142yn\u0105"}, {"desc": null, "start_date": "2026-09-04T06:25:00+00:00", "title": "Kryminalna si\u00f3demka"}, {"desc": null, "start_date": "2026-09-04T06:40:00+00:00", "title": "Wykrywacz k\u0142amstw"}, {"desc": null, "start_date": "2026-09-04T07:05:00+00:00", "title": "Szlachetne zdrowie | E199"}, {"desc": null, "start_date": "2026-09-04T07:20:00+00:00", "title": "Dlaczego krowa\u2026 \u2013 Konie powozowe"}, {"desc": null, "start_date": "2026-09-04T07:30:00+00:00", "title": "Zakochaj si\u0119 w Polsce \u2013 Kozienicki Park Krajobrazowy | E282"}, {"desc": null, "start_date": "2026-09-04T08:00:00+00:00", "title": "Z\u0142oty ch\u0142opak | E231"}, {"desc": null, "start_date": "2026-09-04T08:50:00+00:00", "title": "Wilczy apetyt \u2013 Ros\u00f3\u0142 z domowym makaronem | E1/25"}, {"desc": null, "start_date": "2026-09-04T09:00:00+00:00", "title": "Rok w ogrodzie"}, {"desc": null, "start_date": "2026-09-04T09:30:00+00:00", "title": "Prywatne \u017cycie zwierz\u0105t 3 \u2013 Troska | S03E10"}, {"desc": null, "start_date": "2026-09-04T10:00:00+00:00", "title": "Telekurier"}, {"desc": null, "start_date": "2026-09-04T10:25:00+00:00", "title": "Cyberbezpiecznie \u2013 OSINT"}, {"desc": null, "start_date": "2026-09-04T10:30:00+00:00", "title": "R\u0105czka gotuje"}, {"desc": null, "start_date": "2026-09-04T11:00:00+00:00", "title": "Agrobiznes"}, {"desc": null, "start_date": "2026-09-04T11:15:00+00:00", "title": "Agropogoda"}, {"desc": null, "start_date": "2026-09-04T11:20:00+00:00", "title": "Ca\u0142kiem niez\u0142a historia \u2013 P\u0142yn\u0105 krowy, p\u0142yn\u0105"}, {"desc": null, "start_date": "2026-09-04T11:30:00+00:00", "title": "Niebezpieczne zwi\u0105zki"}, {"desc": null, "start_date": "2026-09-04T12:20:00+00:00", "title": "Niezwyk\u0142e miejsca \u2013 Sochaczew \u2013 kolej retro"}, {"desc": null, "start_date": "2026-09-04T12:30:00+00:00", "title": "Program informacyjny 14.30"}, {"desc": null, "start_date": "2026-09-04T12:50:00+00:00", "title": "Pogoda"}, {"desc": null, "start_date": "2026-09-04T13:00:00+00:00", "title": "Koronka do Mi\u0142osierdzia Bo\u017cego"}, {"desc": null, "start_date": "2026-09-04T13:20:00+00:00", "title": "Serwis Info Dzie\u0144"}, {"desc": null, "start_date": "2026-09-04T13:30:00+00:00", "title": "\u0141\u00f3dzkie wiadomo\u015bci dnia"}, {"desc": null, "start_date": "2026-09-04T13:45:00+00:00", "title": "Zapraszamy do nas"}, {"desc": null, "start_date": "2026-09-04T14:15:00+00:00", "title": "\u015awiat na cztery \u0142apy | E10"}, {"desc": null, "start_date": "2026-09-04T14:30:00+00:00", "title": "\u0141\u00f3dzkie wiadomo\u015bci dnia"}, {"desc": null, "start_date": "2026-09-04T14:43:00+00:00", "title": "Sport po \u0142\u00f3dzku"}, {"desc": null, "start_date": "2026-09-04T14:45:00+00:00", "title": "Sport po \u0142\u00f3dzku"}, {"desc": null, "start_date": "2026-09-04T15:09:00+00:00", "title": "Reporta\u017c"}, {"desc": null, "start_date": "2026-09-04T15:10:00+00:00", "title": "Reporta\u017c"}, {"desc": null, "start_date": "2026-09-04T15:22:00+00:00", "title": "M\u00f3j \u015bwiat \u2013 Wywoziny"}, {"desc": null, "start_date": "2026-09-04T15:25:00+00:00", "title": "Reporta\u017c"}, {"desc": null, "start_date": "2026-09-04T15:42:00+00:00", "title": "Wykrywacz k\u0142amstw"}, {"desc": null, "start_date": "2026-09-04T15:45:00+00:00", "title": "Wykrywacz k\u0142amstw"}, {"desc": null, "start_date": "2026-09-04T16:00:00+00:00", "title": "Wakacyjna przygoda 2026"}, {"desc": null, "start_date": "2026-09-04T16:05:00+00:00", "title": "Za szyb\u0105"}, {"desc": null, "start_date": "2026-09-04T16:11:00+00:00", "title": "Opowie\u015bci Ryszarda Bonis\u0142awskiego | E11"}, {"desc": null, "start_date": "2026-09-04T16:15:00+00:00", "title": "Konkretnie"}, {"desc": null, "start_date": "2026-09-04T16:30:00+00:00", "title": "\u0141\u00f3dzkie wiadomo\u015bci dnia"}, {"desc": null, "start_date": "2026-09-04T16:50:00+00:00", "title": "Sport"}, {"desc": null, "start_date": "2026-09-04T16:56:00+00:00", "title": "Pogoda"}, {"desc": null, "start_date": "2026-09-04T16:59:00+00:00", "title": "Sport"}, {"desc": null, "start_date": "2026-09-04T17:00:00+00:00", "title": "Ostatni mistrzowie"}, {"desc": null, "start_date": "2026-09-04T17:06:00+00:00", "title": "Pogoda"}, {"desc": null, "start_date": "2026-09-04T17:09:00+00:00", "title": "Ostatni mistrzowie | E09"}, {"desc": null, "start_date": "2026-09-04T17:23:00+00:00", "title": "Las blisko nas | E03"}, {"desc": null, "start_date": "2026-09-04T17:25:00+00:00", "title": "Obalamy mity medyczne"}, {"desc": null, "start_date": "2026-09-04T17:30:00+00:00", "title": "Dlaczego krowa\u2026 \u2013 \u015awinki morskie"}, {"desc": null, "start_date": "2026-09-04T17:45:00+00:00", "title": "Kryminalna si\u00f3demka"}, {"desc": null, "start_date": "2026-09-04T18:00:00+00:00", "title": "Dziennik region\u00f3w"}, {"desc": null, "start_date": "2026-09-04T18:10:00+00:00", "title": "Pogoda"}, {"desc": null, "start_date": "2026-09-04T18:13:00+00:00", "title": "Go\u015b\u0107 Region\u00f3w"}, {"desc": null, "start_date": "2026-09-04T18:30:00+00:00", "title": "Ktokolwiek widzia\u0142, ktokolwiek wie"}, {"desc": null, "start_date": "2026-09-04T19:00:00+00:00", "title": "Zapraszamy do nas"}, {"desc": null, "start_date": "2026-09-04T19:30:00+00:00", "title": "\u0141\u00f3dzkie wiadomo\u015bci dnia"}, {"desc": null, "start_date": "2026-09-04T19:34:00+00:00", "title": "\u0141\u00f3dzkie wiadomo\u015bci dnia"}, {"desc": null, "start_date": "2026-09-04T19:55:00+00:00", "title": "Pogoda"}, {"desc": null, "start_date": "2026-09-04T19:57:00+00:00", "title": "Pogoda"}, {"desc": null, "start_date": "2026-09-04T20:00:00+00:00", "title": "Dziennik region\u00f3w"}, {"desc": null, "start_date": "2026-09-04T20:20:00+00:00", "title": "Pogoda"}, {"desc": null, "start_date": "2026-09-04T20:30:00+00:00", "title": "Z\u0142oty ch\u0142opak | E232"}, {"desc": null, "start_date": "2026-09-04T21:20:00+00:00", "title": "Ca\u0142kiem niez\u0142a historia \u2013 Dwa metry pod ziemi\u0105"}, {"desc": null, "start_date": "2026-09-04T21:30:00+00:00", "title": "Kryminalna si\u00f3demka"}, {"desc": null, "start_date": "2026-09-04T21:55:00+00:00", "title": "Panorama"}, {"desc": null, "start_date": "2026-09-04T22:25:00+00:00", "title": "Program informacyjny 19.30"}, {"desc": null, "start_date": "2026-09-04T22:45:00+00:00", "title": "Program informacyjny 19.30"}, {"desc": null, "start_date": "2026-09-04T23:15:00+00:00", "title": "Kryminalna si\u00f3demka"}, {"desc": null, "start_date": "2026-09-04T23:20:00+00:00", "title": "Kryminalna si\u00f3demka"}, {"desc": null, "start_date": "2026-09-04T23:30:00+00:00", "title": "Ca\u0142kiem niez\u0142a historia \u2013 Anio\u0142y nios\u0105 nadziej\u0119"}, {"desc": null, "start_date": "2026-09-04T23:40:00+00:00", "title": "Dziedzictwo | E887"}, {"desc": null, "start_date": "2026-09-04T23:45:00+00:00", "title": "Dziedzictwo | E887"}, {"desc": null, "start_date": "2026-09-05T00:30:00+00:00", "title": "Niebezpieczne zwi\u0105zki"}, {"desc": null, "start_date": "2026-09-05T00:35:00+00:00", "title": "Niebezpieczne zwi\u0105zki"}, {"desc": null, "start_date": "2026-09-05T01:20:00+00:00", "title": "Program informacyjny 19.30"}, {"desc": null, "start_date": "2026-09-05T01:50:00+00:00", "title": "Prywatne \u017cycie zwierz\u0105t 3 \u2013 Troska | S03E10"}, {"desc": null, "start_date": "2026-09-05T02:10:00+00:00", "title": "Ca\u0142kiem niez\u0142a historia \u2013 Konie s\u0105 do kochania"}, {"desc": null, "start_date": "2026-09-05T02:25:00+00:00", "title": "Dziennik region\u00f3w"}, {"desc": null, "start_date": "2026-09-05T02:50:00+00:00", "title": "Go\u015b\u0107 Region\u00f3w"}, {"desc": null, "start_date": "2026-09-05T03:05:00+00:00", "title": "Ca\u0142kiem niez\u0142a historia \u2013 Gorol, kery zosto\u0142 hanysem"}, {"desc": null, "start_date": "2026-09-05T03:10:00+00:00", "title": "Ktokolwiek widzia\u0142, ktokolwiek wie"}, {"desc": null, "start_date": "2026-09-05T03:15:00+00:00", "title": "Ktokolwiek widzia\u0142, ktokolwiek wie"}, {"desc": null, "start_date": "2026-09-05T03:45:00+00:00", "title": "Kryminalna si\u00f3demka"}, {"desc": null, "start_date": "2026-09-05T04:00:00+00:00", "title": "Po\u017cyteczni.pl"}, {"desc": null, "start_date": "2026-09-05T04:30:00+00:00", "title": "Okrasa \u0142amie przepisy \u2013 Obiad z resztek"}, {"desc": null, "start_date": "2026-09-05T05:00:00+00:00", "title": "Serwis Info Poranek"}, {"desc": null, "start_date": "2026-09-05T05:05:00+00:00", "title": "Agrobiznes weekend"}, {"desc": null, "start_date": "2026-09-05T05:30:00+00:00", "title": "Serwis Info Poranek"}, {"desc": null, "start_date": "2026-09-05T05:35:00+00:00", "title": "Info poranek"}, {"desc": null, "start_date": "2026-09-05T05:40:00+00:00", "title": "Pogoda Info"}, {"desc": null, "start_date": "2026-09-05T05:45:00+00:00", "title": "Info poranek"}, {"desc": null, "start_date": "2026-09-05T06:00:00+00:00", "title": "Cyberbezpiecznie \u2013 Cz\u0142owiek vs AI"}, {"desc": null, "start_date": "2026-09-05T06:05:00+00:00", "title": "Kryminalna si\u00f3demka"}, {"desc": null, "start_date": "2026-09-05T06:25:00+00:00", "title": "Dobre historie \u2013 Wypalenie rodzicielskie"}, {"desc": null, "start_date": "2026-09-05T06:50:00+00:00", "title": "Antenowe remanenty"}, {"desc": null, "start_date": "2026-09-05T07:00:00+00:00", "title": "Zielnik regionalny"}, {"desc": null, "start_date": "2026-09-05T07:25:00+00:00", "title": "Telekurier"}, {"desc": null, "start_date": "2026-09-05T07:50:00+00:00", "title": "Magiczne Podhale z Sebastianem Karpielem-Bu\u0142eck\u0105 \u2013 Dom G\u0105sienic\u00f3w-Sobczak\u00f3w | S01E01"}, {"desc": null, "start_date": "2026-09-05T08:15:00+00:00", "title": "Antenowe remanenty"}, {"desc": null, "start_date": "2026-09-05T08:25:00+00:00", "title": "Mak\u0142owicz w podr\u00f3\u017cy \u2013 Hiszpania \u2013 Almeria | E195"}, {"desc": null, "start_date": "2026-09-05T09:00:00+00:00", "title": "Wielka naturalna bariera | E3-ost"}, {"desc": null, "start_date": "2026-09-05T09:55:00+00:00", "title": "Muzealne opowie\u015bci | E55"}, {"desc": null, "start_date": "2026-09-05T10:05:00+00:00", "title": "Mi\u0119dzy polem a domem"}, {"desc": null, "start_date": "2026-09-05T10:35:00+00:00", "title": "R\u0105czka gotuje"}, {"desc": null, "start_date": "2026-09-05T11:00:00+00:00", "title": "Antenowe remanenty"}, {"desc": null, "start_date": "2026-09-05T11:10:00+00:00", "title": "Regiony na TAK"}, {"desc": null, "start_date": "2026-09-05T11:30:00+00:00", "title": "Urwisy z Doliny M\u0142yn\u00f3w \u2013 Sroka z\u0142odziejka | E23"}, {"desc": null, "start_date": "2026-09-05T11:48:00+00:00", "title": "M\u00f3j \u015bwiat \u2013 Wywoziny"}, {"desc": null, "start_date": "2026-09-05T12:06:00+00:00", "title": "Skarby \u0141odzi | E20"}, {"desc": null, "start_date": "2026-09-05T12:11:00+00:00", "title": "Reporta\u017c | E04"}, {"desc": null, "start_date": "2026-09-05T12:24:00+00:00", "title": "Las blisko nas | E01"}, {"desc": null, "start_date": "2026-09-05T12:30:00+00:00", "title": "Sport po \u0142\u00f3dzku"}, {"desc": null, "start_date": "2026-09-05T12:55:00+00:00", "title": "Kawa\u0142ek fajnego \u015bwiata \u2013 Fotoplastikon | E04"}, {"desc": null, "start_date": "2026-09-05T13:00:00+00:00", "title": "Koronka do Mi\u0142osierdzia Bo\u017cego"}, {"desc": null, "start_date": "2026-09-05T13:25:00+00:00", "title": "Pi\u0142ka no\u017cna: Betclic 1. Liga: Mied\u017a Legnica \u2013 Chrobry G\u0142og\u00f3w"}, {"desc": null, "start_date": "2026-09-05T15:30:00+00:00", "title": "Kulturalnie po \u0141odzi i regionie"}, {"desc": null, "start_date": "2026-09-05T15:45:00+00:00", "title": "RODowity dzia\u0142kowiec"}, {"desc": null, "start_date": "2026-09-05T15:57:00+00:00", "title": "Naturalnie odpowiedzialni \u2013 Ochrona bociana czarnego | E01"}, {"desc": null, "start_date": "2026-09-05T16:00:00+00:00", "title": "ABC pacjenta"}, {"desc": null, "start_date": "2026-09-05T16:03:00+00:00", "title": "ABC pacjenta"}, {"desc": null, "start_date": "2026-09-05T16:18:00+00:00", "title": "Dzie\u0144 energetyka"}, {"desc": null, "start_date": "2026-09-05T16:19:00+00:00", "title": "Teatr Wielki zza kulis"}, {"desc": null, "start_date": "2026-09-05T16:30:00+00:00", "title": "\u0141\u00f3dzkie wiadomo\u015bci dnia"}, {"desc": null, "start_date": "2026-09-05T16:50:00+00:00", "title": "Sport"}, {"desc": null, "start_date": "2026-09-05T16:52:00+00:00", "title": "Sport"}, {"desc": null, "start_date": "2026-09-05T16:56:00+00:00", "title": "Pogoda"}, {"desc": null, "start_date": "2026-09-05T16:58:00+00:00", "title": "Pogoda"}, {"desc": null, "start_date": "2026-09-05T17:00:00+00:00", "title": "\u015awiat na cztery \u0142apy"}, {"desc": null, "start_date": "2026-09-05T17:03:00+00:00", "title": "\u015awiat na cztery \u0142apy"}, {"desc": null, "start_date": "2026-09-05T17:16:00+00:00", "title": "Opowie\u015bci Ryszarda Bonis\u0142awskiego | E04"}, {"desc": null, "start_date": "2026-09-05T17:27:00+00:00", "title": "Muzyczne wspomnienia \u2013 Ch\u0142opcy z Placu Broni \u2013 Akustycznie, cz\u0119\u015b\u0107 3"}, {"desc": null, "start_date": "2026-09-05T18:00:00+00:00", "title": "Dziennik region\u00f3w"}, {"desc": null, "start_date": "2026-09-05T18:10:00+00:00", "title": "Pogoda"}, {"desc": null, "start_date": "2026-09-05T18:15:00+00:00", "title": "Regiony na TAK"}, {"desc": null, "start_date": "2026-09-05T18:30:00+00:00", "title": "O milimetr"}, {"desc": null, "start_date": "2026-09-05T19:00:00+00:00", "title": "Reporta\u017c | E12"}, {"desc": null, "start_date": "2026-09-05T19:13:00+00:00", "title": "Kawa\u0142ek fajnego \u015bwiata \u2013 Kapliczki w Lesie \u0141agiewnickim | E13"}, {"desc": null, "start_date": "2026-09-05T19:16:00+00:00", "title": "Wakacyjna przygoda 2026"}, {"desc": null, "start_date": "2026-09-05T19:30:00+00:00", "title": "\u0141\u00f3dzkie wiadomo\u015bci dnia"}, {"desc": null, "start_date": "2026-09-05T19:49:00+00:00", "title": "Pogoda"}, {"desc": null, "start_date": "2026-09-05T19:50:00+00:00", "title": "Pogoda"}, {"desc": null, "start_date": "2026-09-05T19:52:00+00:00", "title": "Za szyb\u0105"}, {"desc": null, "start_date": "2026-09-05T20:00:00+00:00", "title": "Dziennik region\u00f3w"}, {"desc": null, "start_date": "2026-09-05T20:20:00+00:00", "title": "Pogoda"}, {"desc": null, "start_date": "2026-09-05T20:30:00+00:00", "title": "Kryminalna si\u00f3demka \u2013 Extra"}, {"desc": null, "start_date": "2026-09-05T21:00:00+00:00", "title": "O milimetr"}, {"desc": null, "start_date": "2026-09-05T21:25:00+00:00", "title": "Regiony na TAK"}, {"desc": null, "start_date": "2026-09-05T21:30:00+00:00", "title": "Regiony na TAK"}, {"desc": null, "start_date": "2026-09-05T21:45:00+00:00", "title": "Antenowe remanenty"}, {"desc": null, "start_date": "2026-09-05T21:55:00+00:00", "title": "Panorama"}, {"desc": null, "start_date": "2026-09-05T22:00:00+00:00", "title": "Panorama"}, {"desc": null, "start_date": "2026-09-05T22:25:00+00:00", "title": "Program informacyjny 19.30"}, {"desc": null, "start_date": "2026-09-05T22:30:00+00:00", "title": "Program informacyjny 19.30"}, {"desc": null, "start_date": "2026-09-05T22:55:00+00:00", "title": "Szlakiem miejsc niezwyk\u0142ych: Pomniki historii \u2013 Kana\u0142 Augustowski"}, {"desc": null, "start_date": "2026-09-05T23:00:00+00:00", "title": "Szlakiem miejsc niezwyk\u0142ych: Pomniki historii \u2013 Kana\u0142 Augustowski"}, {"desc": null, "start_date": "2026-09-05T23:05:00+00:00", "title": "Dziennik region\u00f3w"}, {"desc": null, "start_date": "2026-09-05T23:35:00+00:00", "title": "Sprawa dla reportera"}], "offset": "+00:00", "timezone": "UTC", "error_code": -1, "start_date": "2026-09-04", "icon": ""}