{"end_date": "2026-09-03", "name": "TVP 3 Gorz\u00f3w Wielkopolski [PL]", "info_url": "https://epg.pw/channels/548848/20260902.html", "country": "Russian Federation", "description": null, "error_message": "", "provider": "", "source_url": "https://epg.pw/api/epg.json?channel_id=548848&date=20260902&timezone=None", "epg_list": [{"desc": null, "start_date": "2026-09-02T00:30:00+00:00", "title": "Bez retuszu"}, {"desc": null, "start_date": "2026-09-02T01:20:00+00:00", "title": "Program informacyjny 19.30"}, {"desc": null, "start_date": "2026-09-02T01:50:00+00:00", "title": "Piosenka od Ciebie"}, {"desc": null, "start_date": "2026-09-02T02:25:00+00:00", "title": "Dziennik region\u00f3w"}, {"desc": null, "start_date": "2026-09-02T02:50:00+00:00", "title": "Go\u015b\u0107 Region\u00f3w"}, {"desc": null, "start_date": "2026-09-02T03:10:00+00:00", "title": "Telekurier"}, {"desc": null, "start_date": "2026-09-02T03:45:00+00:00", "title": "Kryminalna si\u00f3demka"}, {"desc": null, "start_date": "2026-09-02T04:00:00+00:00", "title": "Agrobiznes"}, {"desc": null, "start_date": "2026-09-02T04:20:00+00:00", "title": "Pogoda"}, {"desc": null, "start_date": "2026-09-02T04:30:00+00:00", "title": "Ros\u00f3\u0142 polski | E25"}, {"desc": null, "start_date": "2026-09-02T05:00:00+00:00", "title": "Serwis Info Poranek"}, {"desc": null, "start_date": "2026-09-02T05:05:00+00:00", "title": "Polska o poranku"}, {"desc": null, "start_date": "2026-09-02T05:30:00+00:00", "title": "Agrobiznes Info"}, {"desc": null, "start_date": "2026-09-02T05:40:00+00:00", "title": "Agropogoda Info"}, {"desc": null, "start_date": "2026-09-02T05:45:00+00:00", "title": "Go\u015b\u0107 poranka"}, {"desc": null, "start_date": "2026-09-02T06:05:00+00:00", "title": "Reporterzy"}, {"desc": null, "start_date": "2026-09-02T06:25:00+00:00", "title": "Kryminalna si\u00f3demka"}, {"desc": null, "start_date": "2026-09-02T06:40:00+00:00", "title": "Wykrywacz k\u0142amstw"}, {"desc": null, "start_date": "2026-09-02T07:05:00+00:00", "title": "Regiony na TAK"}, {"desc": null, "start_date": "2026-09-02T07:30:00+00:00", "title": "Prywatne \u017cycie zwierz\u0105t 3 \u2013 Troska | S03E10"}, {"desc": null, "start_date": "2026-09-02T08:00:00+00:00", "title": "Z\u0142oty ch\u0142opak | E229"}, {"desc": null, "start_date": "2026-09-02T09:00:00+00:00", "title": "Zielnik regionalny"}, {"desc": null, "start_date": "2026-09-02T09:30:00+00:00", "title": "Lato na ROD'os"}, {"desc": null, "start_date": "2026-09-02T10:00:00+00:00", "title": "Telekurier"}, {"desc": null, "start_date": "2026-09-02T10:30:00+00:00", "title": "G\u00f3rna p\u00f3\u0142ka smaku | S04E09"}, {"desc": null, "start_date": "2026-09-02T11:00:00+00:00", "title": "Agrobiznes"}, {"desc": null, "start_date": "2026-09-02T11:20:00+00:00", "title": "Agropogoda"}, {"desc": null, "start_date": "2026-09-02T11:30:00+00:00", "title": "Daj\u0119 s\u0142owo \u2013 Maciej Or\u0142o\u015b 2 \u2013 Ewa Bem | S02E32"}, {"desc": null, "start_date": "2026-09-02T12:30:00+00:00", "title": "Program informacyjny 14.30"}, {"desc": null, "start_date": "2026-09-02T12:50:00+00:00", "title": "Pogoda"}, {"desc": null, "start_date": "2026-09-02T13:00:00+00:00", "title": "Koronka do Mi\u0142osierdzia Bo\u017cego"}, {"desc": null, "start_date": "2026-09-02T13:20:00+00:00", "title": "Serwis Info Dzie\u0144"}, {"desc": null, "start_date": "2026-09-02T13:30:00+00:00", "title": "Informacje lubuskie"}, {"desc": null, "start_date": "2026-09-02T13:42:00+00:00", "title": "Sport"}, {"desc": null, "start_date": "2026-09-02T13:46:00+00:00", "title": "Prognoza pogody"}, {"desc": null, "start_date": "2026-09-02T14:30:00+00:00", "title": "Informacje lubuskie"}, {"desc": null, "start_date": "2026-09-02T15:00:00+00:00", "title": "Rozmowa dnia"}, {"desc": null, "start_date": "2026-09-02T15:14:00+00:00", "title": "Kalejdoskop"}, {"desc": null, "start_date": "2026-09-02T15:44:00+00:00", "title": "Sekrety \u015bwiata"}, {"desc": null, "start_date": "2026-09-02T15:46:00+00:00", "title": "\u015awiaty Agaty"}, {"desc": null, "start_date": "2026-09-02T16:00:00+00:00", "title": "Kalejdoskop"}, {"desc": null, "start_date": "2026-09-02T16:30:00+00:00", "title": "Informacje lubuskie"}, {"desc": null, "start_date": "2026-09-02T16:51:00+00:00", "title": "Sport"}, {"desc": null, "start_date": "2026-09-02T16:56:00+00:00", "title": "Prognoza pogody"}, {"desc": null, "start_date": "2026-09-02T17:00:00+00:00", "title": "Rozmowa dnia"}, {"desc": null, "start_date": "2026-09-02T17:14:00+00:00", "title": "Pracownia reporta\u017cu"}, {"desc": null, "start_date": "2026-09-02T17:30:00+00:00", "title": "Ca\u0142kiem niez\u0142a historia \u2013 Samotno\u015b\u0107 na szczycie"}, {"desc": null, "start_date": "2026-09-02T17:45:00+00:00", "title": "Kryminalna si\u00f3demka"}, {"desc": null, "start_date": "2026-09-02T18:00:00+00:00", "title": "Dziennik region\u00f3w"}, {"desc": null, "start_date": "2026-09-02T18:10:00+00:00", "title": "Pogoda"}, {"desc": null, "start_date": "2026-09-02T18:13:00+00:00", "title": "Go\u015b\u0107 Region\u00f3w"}, {"desc": null, "start_date": "2026-09-02T18:30:00+00:00", "title": "Telekurier"}, {"desc": null, "start_date": "2026-09-02T19:00:00+00:00", "title": "Kalejdoskop"}, {"desc": null, "start_date": "2026-09-02T19:30:00+00:00", "title": "Informacje lubuskie"}, {"desc": null, "start_date": "2026-09-02T19:53:00+00:00", "title": "Sport"}, {"desc": null, "start_date": "2026-09-02T19:57:00+00:00", "title": "Prognoza pogody"}, {"desc": null, "start_date": "2026-09-02T20:00:00+00:00", "title": "Dziennik region\u00f3w"}, {"desc": null, "start_date": "2026-09-02T20:20:00+00:00", "title": "Pogoda"}, {"desc": null, "start_date": "2026-09-02T20:30:00+00:00", "title": "Z\u0142oty ch\u0142opak | E230"}, {"desc": null, "start_date": "2026-09-02T21:30:00+00:00", "title": "Kryminalna si\u00f3demka"}, {"desc": null, "start_date": "2026-09-02T21:55:00+00:00", "title": "Panorama"}, {"desc": null, "start_date": "2026-09-02T22:25:00+00:00", "title": "Program informacyjny 19.30"}, {"desc": null, "start_date": "2026-09-02T22:45:00+00:00", "title": "Program informacyjny 19.30"}, {"desc": null, "start_date": "2026-09-02T23:20:00+00:00", "title": "Kryminalna si\u00f3demka"}, {"desc": null, "start_date": "2026-09-02T23:40:00+00:00", "title": "Dziedzictwo | E885"}, {"desc": null, "start_date": "2026-09-03T00:30:00+00:00", "title": "Tr\u00f3jk\u0105t Polityczny"}, {"desc": null, "start_date": "2026-09-03T01:20:00+00:00", "title": "Program informacyjny 19.30"}, {"desc": null, "start_date": "2026-09-03T01:50:00+00:00", "title": "Lato na ROD'os"}, {"desc": null, "start_date": "2026-09-03T02:25:00+00:00", "title": "Dziennik region\u00f3w"}, {"desc": null, "start_date": "2026-09-03T02:50:00+00:00", "title": "Go\u015b\u0107 Region\u00f3w"}, {"desc": null, "start_date": "2026-09-03T03:10:00+00:00", "title": "Telekurier"}, {"desc": null, "start_date": "2026-09-03T03:45:00+00:00", "title": "Kryminalna si\u00f3demka"}, {"desc": null, "start_date": "2026-09-03T04:00:00+00:00", "title": "Agrobiznes"}, {"desc": null, "start_date": "2026-09-03T04:20:00+00:00", "title": "Pogoda"}, {"desc": null, "start_date": "2026-09-03T04:30:00+00:00", "title": "G\u00f3rna p\u00f3\u0142ka smaku | S04E09"}, {"desc": null, "start_date": "2026-09-03T05:00:00+00:00", "title": "Serwis Info Poranek"}, {"desc": null, "start_date": "2026-09-03T05:05:00+00:00", "title": "Polska o poranku"}, {"desc": null, "start_date": "2026-09-03T05:30:00+00:00", "title": "Agrobiznes Info"}, {"desc": null, "start_date": "2026-09-03T05:40:00+00:00", "title": "Agropogoda Info"}, {"desc": null, "start_date": "2026-09-03T05:45:00+00:00", "title": "Go\u015b\u0107 poranka"}, {"desc": null, "start_date": "2026-09-03T06:05:00+00:00", "title": "Reporterzy"}, {"desc": null, "start_date": "2026-09-03T06:25:00+00:00", "title": "Kryminalna si\u00f3demka"}, {"desc": null, "start_date": "2026-09-03T06:40:00+00:00", "title": "Wykrywacz k\u0142amstw"}, {"desc": null, "start_date": "2026-09-03T07:05:00+00:00", "title": "Ca\u0142kiem niez\u0142a historia \u2013 Adres z legend\u0105"}, {"desc": null, "start_date": "2026-09-03T07:30:00+00:00", "title": "Mak\u0142owicz w podr\u00f3\u017cy \u2013 Austria \u2013 Wiede\u0144 wsp\u00f3\u0142czesny | E209"}, {"desc": null, "start_date": "2026-09-03T08:00:00+00:00", "title": "Z\u0142oty ch\u0142opak | E230"}, {"desc": null, "start_date": "2026-09-03T09:00:00+00:00", "title": "Piosenka od Ciebie"}, {"desc": null, "start_date": "2026-09-03T09:35:00+00:00", "title": "Turystyczna jazda"}, {"desc": null, "start_date": "2026-09-03T09:50:00+00:00", "title": "Niezwyk\u0142e miejsca \u2013 Pa\u0142ac w Nieborowie"}, {"desc": null, "start_date": "2026-09-03T10:00:00+00:00", "title": "Telekurier"}, {"desc": null, "start_date": "2026-09-03T10:30:00+00:00", "title": "Okrasa \u0142amie przepisy \u2013 Kuchnia polska. Kozienickie przysmaki"}, {"desc": null, "start_date": "2026-09-03T11:00:00+00:00", "title": "Agrobiznes"}, {"desc": null, "start_date": "2026-09-03T11:20:00+00:00", "title": "Agropogoda"}, {"desc": null, "start_date": "2026-09-03T11:30:00+00:00", "title": "Pogotowie reporterskie zawsze z Wami"}, {"desc": null, "start_date": "2026-09-03T11:55:00+00:00", "title": "Zielnik regionalny"}, {"desc": null, "start_date": "2026-09-03T12:20:00+00:00", "title": "Poznaj region \u2013 Kopalnia z\u0142ota w Z\u0142otym Stoku"}, {"desc": null, "start_date": "2026-09-03T12:30:00+00:00", "title": "Program informacyjny 14.30"}, {"desc": null, "start_date": "2026-09-03T12:50:00+00:00", "title": "Pogoda"}, {"desc": null, "start_date": "2026-09-03T13:00:00+00:00", "title": "Koronka do Mi\u0142osierdzia Bo\u017cego"}, {"desc": null, "start_date": "2026-09-03T13:20:00+00:00", "title": "Serwis Info Dzie\u0144"}, {"desc": null, "start_date": "2026-09-03T13:30:00+00:00", "title": "Informacje lubuskie"}, {"desc": null, "start_date": "2026-09-03T13:42:00+00:00", "title": "Sport"}, {"desc": null, "start_date": "2026-09-03T13:46:00+00:00", "title": "Prognoza pogody"}, {"desc": null, "start_date": "2026-09-03T14:30:00+00:00", "title": "Informacje lubuskie"}, {"desc": null, "start_date": "2026-09-03T15:00:00+00:00", "title": "Rozmowa dnia"}, {"desc": null, "start_date": "2026-09-03T15:14:00+00:00", "title": "Kalejdoskop"}, {"desc": null, "start_date": "2026-09-03T15:44:00+00:00", "title": "Przewodnik kulturalny"}, {"desc": null, "start_date": "2026-09-03T16:00:00+00:00", "title": "Kalejdoskop"}, {"desc": null, "start_date": "2026-09-03T16:30:00+00:00", "title": "Informacje lubuskie"}, {"desc": null, "start_date": "2026-09-03T16:51:00+00:00", "title": "Sport"}, {"desc": null, "start_date": "2026-09-03T16:56:00+00:00", "title": "Prognoza pogody"}, {"desc": null, "start_date": "2026-09-03T17:00:00+00:00", "title": "Rozmowa dnia"}, {"desc": null, "start_date": "2026-09-03T17:14:00+00:00", "title": "Przewodnik kulturalny"}, {"desc": null, "start_date": "2026-09-03T17:30:00+00:00", "title": "Ca\u0142kiem niez\u0142a historia \u2013 Nie ma jak w ZOO"}, {"desc": null, "start_date": "2026-09-03T17:45:00+00:00", "title": "Kryminalna si\u00f3demka"}, {"desc": null, "start_date": "2026-09-03T18:00:00+00:00", "title": "Dziennik region\u00f3w"}, {"desc": null, "start_date": "2026-09-03T18:10:00+00:00", "title": "Pogoda"}, {"desc": null, "start_date": "2026-09-03T18:13:00+00:00", "title": "Go\u015b\u0107 Region\u00f3w"}, {"desc": null, "start_date": "2026-09-03T18:30:00+00:00", "title": "Telekurier"}, {"desc": null, "start_date": "2026-09-03T19:00:00+00:00", "title": "Kalejdoskop"}, {"desc": null, "start_date": "2026-09-03T19:30:00+00:00", "title": "Informacje lubuskie"}, {"desc": null, "start_date": "2026-09-03T19:53:00+00:00", "title": "Sport"}, {"desc": null, "start_date": "2026-09-03T19:57:00+00:00", "title": "Prognoza pogody"}, {"desc": null, "start_date": "2026-09-03T20:00:00+00:00", "title": "Dziennik region\u00f3w"}, {"desc": null, "start_date": "2026-09-03T20:20:00+00:00", "title": "Pogoda"}, {"desc": null, "start_date": "2026-09-03T20:30:00+00:00", "title": "Z\u0142oty ch\u0142opak | E231"}, {"desc": null, "start_date": "2026-09-03T21:30:00+00:00", "title": "Kryminalna si\u00f3demka"}, {"desc": null, "start_date": "2026-09-03T21:55:00+00:00", "title": "Panorama"}, {"desc": null, "start_date": "2026-09-03T22:25:00+00:00", "title": "Program informacyjny 19.30"}, {"desc": null, "start_date": "2026-09-03T22:45:00+00:00", "title": "Program informacyjny 19.30"}, {"desc": null, "start_date": "2026-09-03T23:20:00+00:00", "title": "Kryminalna si\u00f3demka"}, {"desc": null, "start_date": "2026-09-03T23:40:00+00:00", "title": "Dziedzictwo | E886"}], "offset": "+00:00", "timezone": "UTC", "error_code": -1, "start_date": "2026-09-02", "icon": ""}