{"end_date": "2026-09-03", "name": "dlaCiebie.tv [PL]", "info_url": "https://epg.pw/channels/548862/20260902.html", "country": "Russian Federation", "description": null, "error_message": "", "provider": "", "source_url": "https://epg.pw/api/epg.json?channel_id=548862&date=20260902&timezone=None", "epg_list": [{"desc": null, "start_date": "2026-09-02T04:45:00+00:00", "title": "Rozmowa Dnia w Radio Piekary"}, {"desc": null, "start_date": "2026-09-02T05:15:00+00:00", "title": "Jaworexpress \u2013 wiadomo\u015bci lokalne Jaworzno"}, {"desc": null, "start_date": "2026-09-02T05:25:00+00:00", "title": "Pielgrzymi nadziei \u2013 rekolekcje wielkopostne"}, {"desc": null, "start_date": "2026-09-02T06:00:00+00:00", "title": "ITVM Mys\u0142owice \u2013 Wiadomo\u015bci lokalne"}, {"desc": null, "start_date": "2026-09-02T06:15:00+00:00", "title": "Jaworzno Ma\u0142o Znane"}, {"desc": null, "start_date": "2026-09-02T06:30:00+00:00", "title": "Na osi"}, {"desc": null, "start_date": "2026-09-02T07:00:00+00:00", "title": "Jaworexpress \u2013 wiadomo\u015bci lokalne Jaworzno"}, {"desc": null, "start_date": "2026-09-02T07:15:00+00:00", "title": "Informacje samorz\u0105du Wojew\u00f3dztwa \u015al\u0105skiego"}, {"desc": null, "start_date": "2026-09-02T07:30:00+00:00", "title": "Informacje lokalne \u2013 Katowice, Chorz\u00f3w, Bytom"}, {"desc": null, "start_date": "2026-09-02T08:00:00+00:00", "title": "K\u0119dzierzyn Ko\u017ale TV \u2013 Informacje lokalne"}, {"desc": null, "start_date": "2026-09-02T08:20:00+00:00", "title": "Rozmowy o ksi\u0105\u017ckach, kt\u00f3re przeczytali\u015bmy"}, {"desc": null, "start_date": "2026-09-02T09:20:00+00:00", "title": "Rzeczpospolita \u2013 rozmowy o polityce, prawie i biznesie"}, {"desc": null, "start_date": "2026-09-02T10:30:00+00:00", "title": "NIE-poprawnie \u2013 Audycja Danuty Noszczy\u0144skiej"}, {"desc": null, "start_date": "2026-09-02T10:50:00+00:00", "title": "Jaworzno Ma\u0142o Znane"}, {"desc": null, "start_date": "2026-09-02T11:00:00+00:00", "title": "Jaworexpress \u2013 wiadomo\u015bci lokalne Jaworzno"}, {"desc": null, "start_date": "2026-09-02T11:15:00+00:00", "title": "Informacje samorz\u0105du Wojew\u00f3dztwa \u015al\u0105skiego"}, {"desc": null, "start_date": "2026-09-02T11:30:00+00:00", "title": "Informacje lokalne \u2013 Katowice, Chorz\u00f3w, Bytom"}, {"desc": null, "start_date": "2026-09-02T12:00:00+00:00", "title": "K\u0119dzierzyn Ko\u017ale TV \u2013 Informacje lokalne"}, {"desc": null, "start_date": "2026-09-02T12:20:00+00:00", "title": "Pozna\u0107, Pokocha\u0107, Chroni\u0107"}, {"desc": null, "start_date": "2026-09-02T12:40:00+00:00", "title": "Na osi"}, {"desc": null, "start_date": "2026-09-02T13:00:00+00:00", "title": "Jaworexpress \u2013 wiadomo\u015bci lokalne Jaworzno"}, {"desc": null, "start_date": "2026-09-02T13:15:00+00:00", "title": "ITVM Mys\u0142owice \u2013 Wiadomo\u015bci lokalne"}, {"desc": null, "start_date": "2026-09-02T13:30:00+00:00", "title": "Czy\u017c Tak !"}, {"desc": null, "start_date": "2026-09-02T13:50:00+00:00", "title": "Jaworzno Ma\u0142o Znane"}, {"desc": null, "start_date": "2026-09-02T14:00:00+00:00", "title": "Informacje lokalne \u2013 Katowice, Chorz\u00f3w, Bytom"}, {"desc": null, "start_date": "2026-09-02T14:20:00+00:00", "title": "Rozmowa Dnia w Radio Piekary"}, {"desc": null, "start_date": "2026-09-02T14:40:00+00:00", "title": "Rzeczpospolita \u2013 rozmowy o polityce, prawie i biznesie"}, {"desc": null, "start_date": "2026-09-02T15:15:00+00:00", "title": "Jaworexpress \u2013 wiadomo\u015bci lokalne Jaworzno \u2013 premiera"}, {"desc": null, "start_date": "2026-09-02T15:30:00+00:00", "title": "Informacje lokalne \u2013 Katowice, Chorz\u00f3w, Bytom"}, {"desc": null, "start_date": "2026-09-02T15:50:00+00:00", "title": "ITVM Mys\u0142owice \u2013 Wiadomo\u015bci lokalne"}, {"desc": null, "start_date": "2026-09-02T16:10:00+00:00", "title": "Jaworzno Ma\u0142o Znane"}, {"desc": null, "start_date": "2026-09-02T16:20:00+00:00", "title": "Informacje samorz\u0105du Wojew\u00f3dztwa \u015al\u0105skiego"}, {"desc": null, "start_date": "2026-09-02T16:35:00+00:00", "title": "Czy\u017c Tak !"}, {"desc": null, "start_date": "2026-09-02T17:00:00+00:00", "title": "K\u0119dzierzyn Ko\u017ale TV \u2013 Informacje lokalne"}, {"desc": null, "start_date": "2026-09-02T17:20:00+00:00", "title": "Rozmowa Dnia w Radio Piekary"}, {"desc": null, "start_date": "2026-09-02T18:00:00+00:00", "title": "Jaworexpress \u2013 wiadomo\u015bci lokalne Jaworzno"}, {"desc": null, "start_date": "2026-09-02T18:15:00+00:00", "title": "ITVM Mys\u0142owice \u2013 Wiadomo\u015bci lokalne"}, {"desc": null, "start_date": "2026-09-02T18:30:00+00:00", "title": "Pozna\u0107, Pokocha\u0107, Chroni\u0107"}, {"desc": null, "start_date": "2026-09-02T18:50:00+00:00", "title": "Rzeczpospolita \u2013 rozmowy o polityce, prawie i biznesie"}, {"desc": null, "start_date": "2026-09-02T19:10:00+00:00", "title": "Pielgrzymi nadziei \u2013 rekolekcje wielkopostne"}, {"desc": null, "start_date": "2026-09-02T19:45:00+00:00", "title": "Rozmowy o ksi\u0105\u017ckach, kt\u00f3re przeczytali\u015bmy"}, {"desc": null, "start_date": "2026-09-02T21:00:00+00:00", "title": "Informacje samorz\u0105du Wojew\u00f3dztwa \u015al\u0105skiego"}, {"desc": null, "start_date": "2026-09-02T21:15:00+00:00", "title": "Rzeczpospolita \u2013 rozmowy o polityce, prawie i biznesie"}, {"desc": null, "start_date": "2026-09-02T21:50:00+00:00", "title": "Jaworzno Ma\u0142o Znane"}, {"desc": null, "start_date": "2026-09-03T04:45:00+00:00", "title": "Rozmowa Dnia w Radio Piekary"}, {"desc": null, "start_date": "2026-09-03T05:15:00+00:00", "title": "Jaworexpress \u2013 wiadomo\u015bci lokalne Jaworzno"}, {"desc": null, "start_date": "2026-09-03T05:25:00+00:00", "title": "Pielgrzymi nadziei \u2013 rekolekcje wielkopostne"}, {"desc": null, "start_date": "2026-09-03T06:00:00+00:00", "title": "ITVM Mys\u0142owice \u2013 Wiadomo\u015bci lokalne"}, {"desc": null, "start_date": "2026-09-03T06:15:00+00:00", "title": "Jaworzno Ma\u0142o Znane"}, {"desc": null, "start_date": "2026-09-03T06:30:00+00:00", "title": "Na osi"}, {"desc": null, "start_date": "2026-09-03T07:00:00+00:00", "title": "Jaworexpress \u2013 wiadomo\u015bci lokalne Jaworzno"}, {"desc": null, "start_date": "2026-09-03T07:15:00+00:00", "title": "Informacje samorz\u0105du Wojew\u00f3dztwa \u015al\u0105skiego"}, {"desc": null, "start_date": "2026-09-03T07:30:00+00:00", "title": "Informacje lokalne \u2013 Katowice, Chorz\u00f3w, Bytom"}, {"desc": null, "start_date": "2026-09-03T08:00:00+00:00", "title": "K\u0119dzierzyn Ko\u017ale TV \u2013 Informacje lokalne"}, {"desc": null, "start_date": "2026-09-03T08:20:00+00:00", "title": "Rozmowy o ksi\u0105\u017ckach, kt\u00f3re przeczytali\u015bmy"}, {"desc": null, "start_date": "2026-09-03T09:20:00+00:00", "title": "Rzeczpospolita \u2013 rozmowy o polityce, prawie i biznesie"}, {"desc": null, "start_date": "2026-09-03T10:30:00+00:00", "title": "NIE-poprawnie \u2013 Audycja Danuty Noszczy\u0144skiej"}, {"desc": null, "start_date": "2026-09-03T10:50:00+00:00", "title": "Jaworzno Ma\u0142o Znane"}, {"desc": null, "start_date": "2026-09-03T11:00:00+00:00", "title": "Jaworexpress \u2013 wiadomo\u015bci lokalne Jaworzno"}, {"desc": null, "start_date": "2026-09-03T11:15:00+00:00", "title": "Informacje samorz\u0105du Wojew\u00f3dztwa \u015al\u0105skiego"}, {"desc": null, "start_date": "2026-09-03T11:30:00+00:00", "title": "Informacje lokalne \u2013 Katowice, Chorz\u00f3w, Bytom"}, {"desc": null, "start_date": "2026-09-03T12:00:00+00:00", "title": "K\u0119dzierzyn Ko\u017ale TV \u2013 Informacje lokalne"}, {"desc": null, "start_date": "2026-09-03T12:20:00+00:00", "title": "Pozna\u0107, Pokocha\u0107, Chroni\u0107"}, {"desc": null, "start_date": "2026-09-03T12:40:00+00:00", "title": "Na osi"}, {"desc": null, "start_date": "2026-09-03T13:00:00+00:00", "title": "Jaworexpress \u2013 wiadomo\u015bci lokalne Jaworzno"}, {"desc": null, "start_date": "2026-09-03T13:15:00+00:00", "title": "ITVM Mys\u0142owice \u2013 Wiadomo\u015bci lokalne"}, {"desc": null, "start_date": "2026-09-03T13:30:00+00:00", "title": "Czy\u017c Tak !"}, {"desc": null, "start_date": "2026-09-03T13:50:00+00:00", "title": "Jaworzno Ma\u0142o Znane"}, {"desc": null, "start_date": "2026-09-03T14:00:00+00:00", "title": "Informacje lokalne \u2013 Katowice, Chorz\u00f3w, Bytom"}, {"desc": null, "start_date": "2026-09-03T14:20:00+00:00", "title": "Rozmowa Dnia w Radio Piekary"}, {"desc": null, "start_date": "2026-09-03T14:40:00+00:00", "title": "Rzeczpospolita \u2013 rozmowy o polityce, prawie i biznesie"}, {"desc": null, "start_date": "2026-09-03T15:15:00+00:00", "title": "Jaworexpress \u2013 wiadomo\u015bci lokalne Jaworzno \u2013 premiera"}, {"desc": null, "start_date": "2026-09-03T15:30:00+00:00", "title": "Informacje lokalne \u2013 Katowice, Chorz\u00f3w, Bytom"}, {"desc": null, "start_date": "2026-09-03T15:50:00+00:00", "title": "ITVM Mys\u0142owice \u2013 Wiadomo\u015bci lokalne"}, {"desc": null, "start_date": "2026-09-03T16:10:00+00:00", "title": "Jaworzno Ma\u0142o Znane"}, {"desc": null, "start_date": "2026-09-03T16:20:00+00:00", "title": "Informacje samorz\u0105du Wojew\u00f3dztwa \u015al\u0105skiego"}, {"desc": null, "start_date": "2026-09-03T16:35:00+00:00", "title": "Czy\u017c Tak !"}, {"desc": null, "start_date": "2026-09-03T17:00:00+00:00", "title": "K\u0119dzierzyn Ko\u017ale TV \u2013 Informacje lokalne"}, {"desc": null, "start_date": "2026-09-03T17:20:00+00:00", "title": "Rozmowa Dnia w Radio Piekary"}, {"desc": null, "start_date": "2026-09-03T18:00:00+00:00", "title": "Jaworexpress \u2013 wiadomo\u015bci lokalne Jaworzno"}, {"desc": null, "start_date": "2026-09-03T18:15:00+00:00", "title": "ITVM Mys\u0142owice \u2013 Wiadomo\u015bci lokalne"}, {"desc": null, "start_date": "2026-09-03T18:30:00+00:00", "title": "Pozna\u0107, Pokocha\u0107, Chroni\u0107"}, {"desc": null, "start_date": "2026-09-03T18:50:00+00:00", "title": "Rzeczpospolita \u2013 rozmowy o polityce, prawie i biznesie"}, {"desc": null, "start_date": "2026-09-03T19:10:00+00:00", "title": "Pielgrzymi nadziei \u2013 rekolekcje wielkopostne"}, {"desc": null, "start_date": "2026-09-03T19:45:00+00:00", "title": "Rozmowy o ksi\u0105\u017ckach, kt\u00f3re przeczytali\u015bmy"}, {"desc": null, "start_date": "2026-09-03T21:00:00+00:00", "title": "Informacje samorz\u0105du Wojew\u00f3dztwa \u015al\u0105skiego"}, {"desc": null, "start_date": "2026-09-03T21:15:00+00:00", "title": "Rzeczpospolita \u2013 rozmowy o polityce, prawie i biznesie"}, {"desc": null, "start_date": "2026-09-03T21:50:00+00:00", "title": "Jaworzno Ma\u0142o Znane"}], "offset": "+00:00", "timezone": "UTC", "error_code": -1, "start_date": "2026-09-02", "icon": ""}