{"end_date": "2026-08-30", "name": "TVP Historia 2 [PL]", "info_url": "https://epg.pw/channels/548870/20260829.html", "country": "Russian Federation", "description": null, "error_message": "", "provider": "", "source_url": "https://epg.pw/api/epg.json?channel_id=548870&date=20260829&timezone=None", "epg_list": [{"desc": null, "start_date": "2026-08-29T18:30:00+00:00", "title": "Nad Niemnem (4-ost.)"}, {"desc": null, "start_date": "2026-08-29T19:25:00+00:00", "title": "Operacja \u00abHimmler\u00bb"}, {"desc": null, "start_date": "2026-08-29T20:50:00+00:00", "title": "Chrobry"}, {"desc": null, "start_date": "2026-08-29T21:40:00+00:00", "title": "Luftwaffe '39: Zbrodnia nieukarana"}, {"desc": null, "start_date": "2026-08-29T22:25:00+00:00", "title": "Historia w postaciach zapisana: Ksi\u0119\u017cna Diana, wielka i nieznana"}, {"desc": null, "start_date": "2026-08-30T00:25:00+00:00", "title": "Zako\u0144czenie programu"}, {"desc": null, "start_date": "2026-08-30T04:25:00+00:00", "title": "By\u0142 taki dzie\u0144: 29 sierpnia"}, {"desc": null, "start_date": "2026-08-30T04:30:00+00:00", "title": "Sprawdzamy"}, {"desc": null, "start_date": "2026-08-30T04:50:00+00:00", "title": "Podr\u00f3\u017ce z histori\u0105: Jak powsta\u0142y nasze nazwiska? (50)"}, {"desc": null, "start_date": "2026-08-30T05:20:00+00:00", "title": "Podr\u00f3\u017ce z histori\u0105: Z \u017cycia wy\u017cszych sfer (51)"}, {"desc": null, "start_date": "2026-08-30T05:45:00+00:00", "title": "Niezwyk\u0142e historie z poczt\u00f3wek: Wystawa rolniczo-przemys\u0142owa w Lublinie"}, {"desc": null, "start_date": "2026-08-30T06:00:00+00:00", "title": "Wspomnienie, \u015bwidermajery w Otwocku"}, {"desc": null, "start_date": "2026-08-30T06:20:00+00:00", "title": "Mam dobry los"}, {"desc": null, "start_date": "2026-08-30T06:40:00+00:00", "title": "Niepoj\u0119te: Rozum a wiara"}, {"desc": null, "start_date": "2026-08-30T06:50:00+00:00", "title": "Powstanie Warszawskie dzie\u0144 po dniu (30)"}, {"desc": null, "start_date": "2026-08-30T07:00:00+00:00", "title": "Czarne chmury: Przeprawa (4/10)"}, {"desc": null, "start_date": "2026-08-30T07:50:00+00:00", "title": "Pa\u0142ace i rezydencje Lubelszczyzny: Entre cour et cardin Pa\u0142ac w \u0141abuniach"}, {"desc": null, "start_date": "2026-08-30T08:05:00+00:00", "title": "Wenecja, miasto wyros\u0142e z bagien"}, {"desc": null, "start_date": "2026-08-30T08:55:00+00:00", "title": "By\u0142 taki dzie\u0144: 29 sierpnia"}, {"desc": null, "start_date": "2026-08-30T09:00:00+00:00", "title": "Magia ira\u0144skiego jedwabiu"}, {"desc": null, "start_date": "2026-08-30T09:45:00+00:00", "title": "Pa\u0142ace i rezydencje Lubelszczyzny: Pa\u0142ac zwany zamkiem w Opolu Lubelskim"}, {"desc": null, "start_date": "2026-08-30T09:55:00+00:00", "title": "Wszystkie kolory \u015bwiata: Szwajcaria, bij\u0105ce serce Alp"}, {"desc": null, "start_date": "2026-08-30T10:50:00+00:00", "title": "Laos \u2013 echa spokojno\u015bci: Cz\u0119\u015b\u0107 1. P\u00f3\u0142noc"}, {"desc": null, "start_date": "2026-08-30T11:35:00+00:00", "title": "Laos \u2013 echa spokojno\u015bci: Cz\u0119\u015b\u0107 2. Po\u0142udnie"}, {"desc": null, "start_date": "2026-08-30T12:20:00+00:00", "title": "Flesz historii (776)"}, {"desc": null, "start_date": "2026-08-30T12:40:00+00:00", "title": "Nad Niemnem (4-ost.)"}, {"desc": null, "start_date": "2026-08-30T13:35:00+00:00", "title": "Powstanie Warszawskie dzie\u0144 po dniu (30)"}, {"desc": null, "start_date": "2026-08-30T13:40:00+00:00", "title": "Stefan Starzy\u0144ski \u2013 \u015bledztwo umorzono"}, {"desc": null, "start_date": "2026-08-30T14:45:00+00:00", "title": "Tajemnice kr\u00f3lewskiej posiad\u0142o\u015bci: Pa\u0142ac \u015awi\u0119tego Jakuba"}, {"desc": null, "start_date": "2026-08-30T15:30:00+00:00", "title": "Ex Libris"}, {"desc": null, "start_date": "2026-08-30T15:55:00+00:00", "title": "S\u0142awa i chwa\u0142a: Verborgenheit (1)"}, {"desc": null, "start_date": "2026-08-30T16:50:00+00:00", "title": "Powstanie Warszawskie dzie\u0144 po dniu (30)"}, {"desc": null, "start_date": "2026-08-30T17:00:00+00:00", "title": "Nieznana wojna na P\u00f3\u0142nocy 2 (3/6)"}, {"desc": null, "start_date": "2026-08-30T17:50:00+00:00", "title": "Na bitewnym szlaku: Bitwa pod Cedyni\u0105 (3)"}, {"desc": null, "start_date": "2026-08-30T18:15:00+00:00", "title": "Jaster"}, {"desc": null, "start_date": "2026-08-30T19:15:00+00:00", "title": "Miasto z morza"}, {"desc": null, "start_date": "2026-08-30T21:10:00+00:00", "title": "Operacja \u00abHimmler\u00bb"}, {"desc": null, "start_date": "2026-08-30T22:30:00+00:00", "title": "Klerycy w komunistycznej armii"}, {"desc": null, "start_date": "2026-08-30T23:20:00+00:00", "title": "Zako\u0144czenie programu"}, {"desc": null, "start_date": "2026-08-30T23:23:00+00:00", "title": "Zako\u0144czenie programu"}], "offset": "+00:00", "timezone": "UTC", "error_code": -1, "start_date": "2026-08-29", "icon": "https://epg.pw/media/images/epg/2026/07/06/20260706023002151143_24.png"}