{"end_date": "2026-09-02", "name": "TVP Historia 2 [PL]", "info_url": "https://epg.pw/channels/548870/20260831.html", "country": "Russian Federation", "description": null, "error_message": "", "provider": "", "source_url": "https://epg.pw/api/epg.json?channel_id=548870&date=20260831&timezone=None", "epg_list": [{"desc": null, "start_date": "2026-08-31T04:10:00+00:00", "title": "By\u0142 taki dzie\u0144: 30 sierpnia"}, {"desc": null, "start_date": "2026-08-31T04:13:00+00:00", "title": "Powstanie Warszawskie dzie\u0144 po dniu (31)"}, {"desc": null, "start_date": "2026-08-31T04:20:00+00:00", "title": "S\u0142ownik polsko@polski (638)"}, {"desc": null, "start_date": "2026-08-31T04:45:00+00:00", "title": "By\u0142o, nie min\u0119\u0142o \u2013 kronika zwiadowc\u00f3w historii: Jan Szal \u2013 konstruktor natchniony (324)"}, {"desc": null, "start_date": "2026-08-31T05:05:00+00:00", "title": "By\u0142o, nie min\u0119\u0142o \u2013 kronika zwiadowc\u00f3w historii: Jeszcze jedno zwyci\u0119stwo nad czasem (323)"}, {"desc": null, "start_date": "2026-08-31T05:30:00+00:00", "title": "By\u0142o, nie min\u0119\u0142o \u2013 kronika zwiadowc\u00f3w historii: Zdarzy\u0142o si\u0119 pod Z\u0142otym Potokiem (322)"}, {"desc": null, "start_date": "2026-08-31T05:50:00+00:00", "title": "By\u0142o, nie min\u0119\u0142o \u2013 kronika zwiadowc\u00f3w historii: Szkice do podlaskiej mapy pami\u0119ci (321)"}, {"desc": null, "start_date": "2026-08-31T06:15:00+00:00", "title": "Miejsce z histori\u0105: Szyd\u0142owiec. Chluba Radziwi\u0142\u0142\u00f3w"}, {"desc": null, "start_date": "2026-08-31T06:30:00+00:00", "title": "Janosik: Trudno \u2013 mi\u0142o\u015b\u0107! (11/13)"}, {"desc": null, "start_date": "2026-08-31T07:15:00+00:00", "title": "Marzyciele: Sp\u00f3\u0142dzielca Wojciechowski"}, {"desc": null, "start_date": "2026-08-31T07:35:00+00:00", "title": "Pa\u0142ace i rezydencje Lubelszczyzny: Klasycystyczny pa\u0142ac w Ciele\u015bnicy"}, {"desc": null, "start_date": "2026-08-31T07:50:00+00:00", "title": "Ex Libris"}, {"desc": null, "start_date": "2026-08-31T08:15:00+00:00", "title": "Ja\u015bniej i cieplej. Historia gazownictwa"}, {"desc": null, "start_date": "2026-08-31T08:50:00+00:00", "title": "Zalana dolina"}, {"desc": null, "start_date": "2026-08-31T09:40:00+00:00", "title": "Bia\u0142o-Czerwoni \u2013 historie niezwyk\u0142e: Biegacz d\u0142ugodystansowy Janusz Kusoci\u0144ski"}, {"desc": null, "start_date": "2026-08-31T10:00:00+00:00", "title": "Magiczny Adriatyk: Od Ravenny po Vasto (3)"}, {"desc": null, "start_date": "2026-08-31T10:50:00+00:00", "title": "Szlakiem miejsc niezwyk\u0142ych: Pomniki historii: Ostr\u00f3w Lednicki"}, {"desc": null, "start_date": "2026-08-31T11:00:00+00:00", "title": "Zab\u00f3jcza nauka 2 (6)"}, {"desc": null, "start_date": "2026-08-31T11:55:00+00:00", "title": "Flesz historii (776)"}, {"desc": null, "start_date": "2026-08-31T12:15:00+00:00", "title": "Janosik: Pobili si\u0119 dwaj g\u00f3rale (12/13)"}, {"desc": null, "start_date": "2026-08-31T13:00:00+00:00", "title": "W Polsk\u0119 jedziemy: Panie na pa\u0142acach"}, {"desc": null, "start_date": "2026-08-31T13:25:00+00:00", "title": "Ex Libris"}, {"desc": null, "start_date": "2026-08-31T13:50:00+00:00", "title": "Ko\u0142o historii: Pomnik trwalszy od spi\u017cu. Komar\u00f3w 1920"}, {"desc": null, "start_date": "2026-08-31T14:15:00+00:00", "title": "Sensacje XX wieku: Szabla polska (Bitwa pod Komarowem)"}, {"desc": null, "start_date": "2026-08-31T15:00:00+00:00", "title": "Polskie 100 lat: Wojna polska 1939"}, {"desc": null, "start_date": "2026-08-31T15:25:00+00:00", "title": "By\u0142 taki dzie\u0144: 30 sierpnia"}, {"desc": null, "start_date": "2026-08-31T15:30:00+00:00", "title": "Sierpie\u0144"}, {"desc": null, "start_date": "2026-08-31T16:00:00+00:00", "title": "Powstanie Warszawskie dzie\u0144 po dniu (31)"}, {"desc": null, "start_date": "2026-08-31T16:10:00+00:00", "title": "Wojenne dziewczyny (1)"}, {"desc": null, "start_date": "2026-08-31T16:55:00+00:00", "title": "Ko\u0142o historii: Silniejszy od warunk\u00f3w"}, {"desc": null, "start_date": "2026-08-31T17:25:00+00:00", "title": "Kalendarium powstania warszawskiego"}, {"desc": null, "start_date": "2026-08-31T17:30:00+00:00", "title": "Historia Polski: Gdzie jest Porozumienie Gda\u0144skie?"}, {"desc": null, "start_date": "2026-08-31T18:10:00+00:00", "title": "Trzeci oficer: Mechanizm zegarowy (12/13)"}, {"desc": null, "start_date": "2026-08-31T18:55:00+00:00", "title": "Nigdy nie wr\u00f3cisz do domu"}, {"desc": null, "start_date": "2026-08-31T19:50:00+00:00", "title": "Kalendarium powstania warszawskiego"}, {"desc": null, "start_date": "2026-08-31T19:51:00+00:00", "title": "Zipser"}, {"desc": null, "start_date": "2026-08-31T20:40:00+00:00", "title": "Kim Ki Dok"}, {"desc": null, "start_date": "2026-08-31T21:25:00+00:00", "title": "Ksi\u0119\u017ca wolno\u015bci 1914-1981: Ks. W\u0142adys\u0142aw Palmowski"}, {"desc": null, "start_date": "2026-08-31T21:55:00+00:00", "title": "Sensacje XX wieku: Goering"}, {"desc": null, "start_date": "2026-08-31T22:45:00+00:00", "title": "Sensacje XX wieku: Szabla polska (Bitwa pod Komarowem)"}, {"desc": null, "start_date": "2026-08-31T23:30:00+00:00", "title": "Encyklopedia II wojny \u015bwiatowej: B \u2013 Barbarossa"}, {"desc": null, "start_date": "2026-08-31T23:50:00+00:00", "title": "Wykrywacz k\u0142amstw"}, {"desc": null, "start_date": "2026-09-01T00:10:00+00:00", "title": "Zako\u0144czenie programu"}, {"desc": null, "start_date": "2026-09-01T04:05:00+00:00", "title": "By\u0142 taki dzie\u0144: 1 wrze\u015bnia"}, {"desc": null, "start_date": "2026-09-01T04:08:00+00:00", "title": "Fake czy historia? (63)"}, {"desc": null, "start_date": "2026-09-01T04:40:00+00:00", "title": "S\u0142ownik polsko@polski (639)"}, {"desc": null, "start_date": "2026-09-01T05:05:00+00:00", "title": "Powstanie Warszawskie dzie\u0144 po dniu (32)"}, {"desc": null, "start_date": "2026-09-01T05:10:00+00:00", "title": "Polskie parki narodowe: Bieszczadzki Park Narodowy"}, {"desc": null, "start_date": "2026-09-01T05:40:00+00:00", "title": "Polskie parki narodowe: Park Narodowy G\u00f3r Sto\u0142owych"}, {"desc": null, "start_date": "2026-09-01T06:05:00+00:00", "title": "Polskie parki narodowe: Park Narodowy G\u00f3r Sto\u0142owych"}, {"desc": null, "start_date": "2026-09-01T06:30:00+00:00", "title": "Janosik: Pobili si\u0119 dwaj g\u00f3rale (12/13)"}, {"desc": null, "start_date": "2026-09-01T07:15:00+00:00", "title": "Kampinoska epopeja"}, {"desc": null, "start_date": "2026-09-01T08:00:00+00:00", "title": "Wanda. Ostatnia z oddzia\u0142u"}, {"desc": null, "start_date": "2026-09-01T08:50:00+00:00", "title": "By\u0142 taki dzie\u0144: 1 wrze\u015bnia"}, {"desc": null, "start_date": "2026-09-01T08:55:00+00:00", "title": "Luftwaffe '39: Zbrodnia nieukarana"}, {"desc": null, "start_date": "2026-09-01T09:40:00+00:00", "title": "Szlakiem miejsc niezwyk\u0142ych: Pomniki historii: \u0141\u00f3d\u017a"}, {"desc": null, "start_date": "2026-09-01T09:50:00+00:00", "title": "Zalana dolina"}, {"desc": null, "start_date": "2026-09-01T10:40:00+00:00", "title": "Nocy mrok \u2013 jasno\u015b\u0107 dnia"}, {"desc": null, "start_date": "2026-09-01T11:35:00+00:00", "title": "Wielu\u0144"}, {"desc": null, "start_date": "2026-09-01T11:55:00+00:00", "title": "Flesz historii (776)"}, {"desc": null, "start_date": "2026-09-01T12:15:00+00:00", "title": "Janosik: Zdrada (13-ost.)"}, {"desc": null, "start_date": "2026-09-01T13:00:00+00:00", "title": "Pami\u0119\u0107 powstania"}, {"desc": null, "start_date": "2026-09-01T14:00:00+00:00", "title": "Sensacje XX wieku: Narodziny wojny, cz\u0119\u015b\u0107 1 (1)"}, {"desc": null, "start_date": "2026-09-01T14:20:00+00:00", "title": "Sensacje XX wieku: Narodziny wojny, cz\u0119\u015b\u0107 2 (2)"}, {"desc": null, "start_date": "2026-09-01T14:45:00+00:00", "title": "Sensacje XX wieku: Hess"}, {"desc": null, "start_date": "2026-09-01T15:10:00+00:00", "title": "Sensacje XX wieku: Operacja \u00abZeppelin\u00bb"}, {"desc": null, "start_date": "2026-09-01T15:35:00+00:00", "title": "Polska i \u015bwiat z histori\u0105 w tle: Westerplatte \u2013 jeszcze jedna historia"}, {"desc": null, "start_date": "2026-09-01T15:55:00+00:00", "title": "Wojenne dziewczyny (2)"}, {"desc": null, "start_date": "2026-09-01T16:40:00+00:00", "title": "Na bitewnym szlaku: Bitwa pod P\u0142owcami (2)"}, {"desc": null, "start_date": "2026-09-01T17:05:00+00:00", "title": "Historia Polski: Pomi\u0119dzy \u2013 1944-1945"}, {"desc": null, "start_date": "2026-09-01T18:20:00+00:00", "title": "By\u0142 taki dzie\u0144: 1 wrze\u015bnia"}, {"desc": null, "start_date": "2026-09-01T18:25:00+00:00", "title": "Trzeci oficer: Tak zgin\u0105\u0142 (13-ost.)"}, {"desc": null, "start_date": "2026-09-01T19:15:00+00:00", "title": "Kroniki Hitlera: Obibok i \u017co\u0142nierz. Lata 1889-1918 (1)"}, {"desc": null, "start_date": "2026-09-01T20:05:00+00:00", "title": "Powstanie Warszawskie dzie\u0144 po dniu (32)"}, {"desc": null, "start_date": "2026-09-01T20:10:00+00:00", "title": "Prasa donosi: Wrzesie\u0144 1939 roku"}, {"desc": null, "start_date": "2026-09-01T20:20:00+00:00", "title": "Nieznana wojna na P\u00f3\u0142nocy 2 (3/6)"}, {"desc": null, "start_date": "2026-09-01T21:10:00+00:00", "title": "Chocim 1621"}, {"desc": null, "start_date": "2026-09-01T22:00:00+00:00", "title": "Sensacje XX wieku: Goering"}, {"desc": null, "start_date": "2026-09-01T22:50:00+00:00", "title": "Sensacje XX wieku: Bitwa pod Mokr\u0105 \u2013 si\u0142a kawalerii"}, {"desc": null, "start_date": "2026-09-01T23:40:00+00:00", "title": "Encyklopedia II wojny \u015bwiatowej: Przerwana wojna"}, {"desc": null, "start_date": "2026-09-02T00:00:00+00:00", "title": "Wykrywacz k\u0142amstw"}], "offset": "+00:00", "timezone": "UTC", "error_code": -1, "start_date": "2026-08-31", "icon": "https://epg.pw/media/images/epg/2026/07/06/20260706023002151143_24.png"}