{"end_date": "2026-08-30", "name": "TVP 3 Olsztyn [PL]", "info_url": "https://epg.pw/channels/548871/20260829.html", "country": "Russian Federation", "description": null, "error_message": "", "provider": "", "source_url": "https://epg.pw/api/epg.json?channel_id=548871&date=20260829&timezone=None", "epg_list": [{"desc": null, "start_date": "2026-08-29T18:10:00+00:00", "title": "Pogoda"}, {"desc": null, "start_date": "2026-08-29T18:15:00+00:00", "title": "Regiony na TAK"}, {"desc": null, "start_date": "2026-08-29T18:30:00+00:00", "title": "Piosenka od Ciebie"}, {"desc": null, "start_date": "2026-08-29T19:00:00+00:00", "title": "Pe\u0142nia wiary | E121"}, {"desc": null, "start_date": "2026-08-29T19:30:00+00:00", "title": "G\u0142os regionu"}, {"desc": null, "start_date": "2026-08-29T19:44:00+00:00", "title": "G\u0142os regionu \u2013 Kalejdoskop Tygodnia"}, {"desc": null, "start_date": "2026-08-29T19:50:00+00:00", "title": "Pogoda"}, {"desc": null, "start_date": "2026-08-29T19:51:00+00:00", "title": "Tajemniczy \u015bwiat zwierz\u0105t | E23"}, {"desc": null, "start_date": "2026-08-29T20:00:00+00:00", "title": "Dziennik region\u00f3w"}, {"desc": null, "start_date": "2026-08-29T20:20:00+00:00", "title": "Pogoda"}, {"desc": null, "start_date": "2026-08-29T20:30:00+00:00", "title": "Kryminalna si\u00f3demka \u2013 Extra"}, {"desc": null, "start_date": "2026-08-29T21:00:00+00:00", "title": "Piosenka od Ciebie"}, {"desc": null, "start_date": "2026-08-29T21:30:00+00:00", "title": "Regiony na TAK"}, {"desc": null, "start_date": "2026-08-29T21:55:00+00:00", "title": "Panorama"}, {"desc": null, "start_date": "2026-08-29T22:20:00+00:00", "title": "Serwis Info Wiecz\u00f3r"}, {"desc": null, "start_date": "2026-08-29T22:25:00+00:00", "title": "Serwis Info Wiecz\u00f3r"}, {"desc": null, "start_date": "2026-08-29T22:55:00+00:00", "title": "Antenowe remanenty"}, {"desc": null, "start_date": "2026-08-29T23:05:00+00:00", "title": "Teleplotki"}, {"desc": null, "start_date": "2026-08-29T23:15:00+00:00", "title": "Turystyczna jazda \u2013 Austria: Innsbruck | E198"}, {"desc": null, "start_date": "2026-08-29T23:20:00+00:00", "title": "Turystyczna jazda \u2013 Austria: Innsbruck | E198"}, {"desc": null, "start_date": "2026-08-29T23:35:00+00:00", "title": "Sprawa dla reportera"}, {"desc": null, "start_date": "2026-08-29T23:40:00+00:00", "title": "Sprawa dla reportera"}, {"desc": null, "start_date": "2026-08-30T00:25:00+00:00", "title": "Daj\u0119 s\u0142owo \u2013 Maciej Or\u0142o\u015b 2 \u2013 Jan Peszek | S02E31"}, {"desc": null, "start_date": "2026-08-30T01:20:00+00:00", "title": "Program informacyjny 19.30"}, {"desc": null, "start_date": "2026-08-30T01:50:00+00:00", "title": "Dobre historie \u2013 Interwencja w kryzysie"}, {"desc": null, "start_date": "2026-08-30T02:25:00+00:00", "title": "Dziennik region\u00f3w"}, {"desc": null, "start_date": "2026-08-30T02:45:00+00:00", "title": "Astronarium \u2013 Polskie rakiety | E106"}, {"desc": null, "start_date": "2026-08-30T03:15:00+00:00", "title": "Filmowe spotkania \u2013 Warszawa, Kinoteka na premierze filmu"}, {"desc": null, "start_date": "2026-08-30T03:30:00+00:00", "title": "Kryminalna si\u00f3demka \u2013 Extra"}, {"desc": null, "start_date": "2026-08-30T04:00:00+00:00", "title": "Prywatne \u017cycie zwierz\u0105t 3 \u2013 Inteligencja | S03E09"}, {"desc": null, "start_date": "2026-08-30T04:30:00+00:00", "title": "Klasztorne smaki wed\u0142ug Remigiusza R\u0105czki \u2013 S\u0142u\u017cebnice Niepokalanej Maryi Panny z Pra\u0142kowiec"}, {"desc": null, "start_date": "2026-08-30T05:00:00+00:00", "title": "Serwis Info Poranek"}, {"desc": null, "start_date": "2026-08-30T05:05:00+00:00", "title": "Polska o poranku"}, {"desc": null, "start_date": "2026-08-30T05:10:00+00:00", "title": "Pogoda Info"}, {"desc": null, "start_date": "2026-08-30T05:15:00+00:00", "title": "Polska o poranku"}, {"desc": null, "start_date": "2026-08-30T05:30:00+00:00", "title": "Serwis Info Poranek"}, {"desc": null, "start_date": "2026-08-30T05:35:00+00:00", "title": "Polska o poranku"}, {"desc": null, "start_date": "2026-08-30T05:40:00+00:00", "title": "Pogoda Info"}, {"desc": null, "start_date": "2026-08-30T05:45:00+00:00", "title": "Polska o poranku"}, {"desc": null, "start_date": "2026-08-30T06:05:00+00:00", "title": "Kryminalna si\u00f3demka \u2013 Extra"}, {"desc": null, "start_date": "2026-08-30T06:35:00+00:00", "title": "Regiony na TAK"}, {"desc": null, "start_date": "2026-08-30T06:55:00+00:00", "title": "Mak\u0142owicz w podr\u00f3\u017cy \u2013 Madera \u2013 Go\u015bcie archipelagu | E102"}, {"desc": null, "start_date": "2026-08-30T07:25:00+00:00", "title": "Rok w ogrodzie"}, {"desc": null, "start_date": "2026-08-30T07:55:00+00:00", "title": "Lato na ROD'os"}, {"desc": null, "start_date": "2026-08-30T08:30:00+00:00", "title": "Tydzie\u0144"}, {"desc": null, "start_date": "2026-08-30T09:00:00+00:00", "title": "Transmisja mszy \u015bwi\u0119tej z Sanktuarium Matki Bo\u017cej na Jasnej G\u00f3rze"}, {"desc": null, "start_date": "2026-08-30T09:55:00+00:00", "title": "Ca\u0142kiem niez\u0142a historia \u2013 Adres z legend\u0105"}, {"desc": null, "start_date": "2026-08-30T10:20:00+00:00", "title": "Ktokolwiek widzia\u0142, ktokolwiek wie"}, {"desc": null, "start_date": "2026-08-30T10:55:00+00:00", "title": "Piosenka dla Ciebie"}, {"desc": null, "start_date": "2026-08-30T12:00:00+00:00", "title": "R\u0105czka gotuje"}, {"desc": null, "start_date": "2026-08-30T12:30:00+00:00", "title": "Astronarium \u2013 Najwi\u0119ksza misja do Jowisza | E160"}, {"desc": null, "start_date": "2026-08-30T13:00:00+00:00", "title": "Koronka do Mi\u0142osierdzia Bo\u017cego"}, {"desc": null, "start_date": "2026-08-30T13:20:00+00:00", "title": "Pe\u0142nia wiary | E121"}, {"desc": null, "start_date": "2026-08-30T13:45:00+00:00", "title": "Wiatrak | E161"}, {"desc": null, "start_date": "2026-08-30T14:30:00+00:00", "title": "Nie taki internet straszny | E170"}, {"desc": null, "start_date": "2026-08-30T14:45:00+00:00", "title": "Wojownicy czasu"}, {"desc": null, "start_date": "2026-08-30T15:15:00+00:00", "title": "RoweLove | E7/26"}, {"desc": null, "start_date": "2026-08-30T15:30:00+00:00", "title": "Zbieram, wi\u0119c jestem. Kolekcje \u2013 zbiory \u2013 hobby \u2013 Kolekcja starych temper\u00f3wek"}, {"desc": null, "start_date": "2026-08-30T15:45:00+00:00", "title": "Winda regionu \u2013 80 lat Aeroklubu Warmi\u0144sko-Mazurskiego"}, {"desc": null, "start_date": "2026-08-30T16:00:00+00:00", "title": "Czas dotacji, czas rozwoju | E3/26"}, {"desc": null, "start_date": "2026-08-30T16:15:00+00:00", "title": "Informacje kulturalne"}, {"desc": null, "start_date": "2026-08-30T16:30:00+00:00", "title": "G\u0142os regionu"}, {"desc": null, "start_date": "2026-08-30T16:44:00+00:00", "title": "Pogoda"}, {"desc": null, "start_date": "2026-08-30T16:45:00+00:00", "title": "Sport"}, {"desc": null, "start_date": "2026-08-30T17:00:00+00:00", "title": "Nawigator | E3/26"}, {"desc": null, "start_date": "2026-08-30T17:25:00+00:00", "title": "Pi\u0142ka no\u017cna: Betclic 2. Liga: G\u00f3rnik \u0141\u0119czna \u2013 Rekord Bielsko-Bia\u0142a"}, {"desc": null, "start_date": "2026-08-30T19:30:00+00:00", "title": "G\u0142os regionu"}, {"desc": null, "start_date": "2026-08-30T19:44:00+00:00", "title": "Pogoda"}, {"desc": null, "start_date": "2026-08-30T19:45:00+00:00", "title": "Sport"}, {"desc": null, "start_date": "2026-08-30T20:00:00+00:00", "title": "Dziennik region\u00f3w"}, {"desc": null, "start_date": "2026-08-30T20:20:00+00:00", "title": "Pogoda"}, {"desc": null, "start_date": "2026-08-30T20:30:00+00:00", "title": "Ktokolwiek widzia\u0142, ktokolwiek wie"}, {"desc": null, "start_date": "2026-08-30T21:00:00+00:00", "title": "Ko\u015bci\u00f3\u0142 z bliska"}, {"desc": null, "start_date": "2026-08-30T21:30:00+00:00", "title": "Ca\u0142kiem niez\u0142a historia \u2013 Miastowi rolnicy"}, {"desc": null, "start_date": "2026-08-30T21:55:00+00:00", "title": "Panorama"}, {"desc": null, "start_date": "2026-08-30T22:20:00+00:00", "title": "Pogoda"}, {"desc": null, "start_date": "2026-08-30T22:25:00+00:00", "title": "Serwis Info Wiecz\u00f3r"}, {"desc": null, "start_date": "2026-08-30T22:55:00+00:00", "title": "Cyberbezpiecznie \u2013 Internet pod kontrol\u0105"}, {"desc": null, "start_date": "2026-08-30T23:00:00+00:00", "title": "Regiony na TAK"}, {"desc": null, "start_date": "2026-08-30T23:05:00+00:00", "title": "Teleplotki"}, {"desc": null, "start_date": "2026-08-30T23:15:00+00:00", "title": "Ca\u0142kiem niez\u0142a historia \u2013 Ostatni na Wi\u015ble"}, {"desc": null, "start_date": "2026-08-30T23:35:00+00:00", "title": "Piosenka dla Ciebie"}], "offset": "+00:00", "timezone": "UTC", "error_code": -1, "start_date": "2026-08-29", "icon": ""}