{"end_date": "2026-09-02", "name": "TVP 3 Krak\u00f3w [PL]", "info_url": "https://epg.pw/channels/548876/20260901.html", "country": "Russian Federation", "description": null, "error_message": "", "provider": "", "source_url": "https://epg.pw/api/epg.json?channel_id=548876&date=20260901&timezone=None", "epg_list": [{"desc": null, "start_date": "2026-09-01T00:25:00+00:00", "title": "Muzealne opowie\u015bci | E09"}, {"desc": null, "start_date": "2026-09-01T00:30:00+00:00", "title": "Ktokolwiek widzia\u0142, ktokolwiek wie"}, {"desc": null, "start_date": "2026-09-01T01:00:00+00:00", "title": "Ca\u0142kiem niez\u0142a historia \u2013 Z geparda na hulajnog\u0119"}, {"desc": null, "start_date": "2026-09-01T01:20:00+00:00", "title": "Program informacyjny 19.30"}, {"desc": null, "start_date": "2026-09-01T01:50:00+00:00", "title": "Sprawdzamy"}, {"desc": null, "start_date": "2026-09-01T02:10:00+00:00", "title": "Przed ekranem | E106"}, {"desc": null, "start_date": "2026-09-01T02:25:00+00:00", "title": "Dziennik region\u00f3w"}, {"desc": null, "start_date": "2026-09-01T02:50:00+00:00", "title": "Go\u015b\u0107 Region\u00f3w"}, {"desc": null, "start_date": "2026-09-01T03:10:00+00:00", "title": "O milimetr"}, {"desc": null, "start_date": "2026-09-01T03:45:00+00:00", "title": "Kryminalna si\u00f3demka"}, {"desc": null, "start_date": "2026-09-01T04:00:00+00:00", "title": "Agrobiznes"}, {"desc": null, "start_date": "2026-09-01T04:15:00+00:00", "title": "Pogoda"}, {"desc": null, "start_date": "2026-09-01T04:20:00+00:00", "title": "Cyberbezpiecznie \u2013 Teorie spiskowe: Klimat"}, {"desc": null, "start_date": "2026-09-01T04:30:00+00:00", "title": "Okrasa \u0142amie przepisy \u2013 Kuchnia polska. Kozienickie przysmaki"}, {"desc": null, "start_date": "2026-09-01T05:00:00+00:00", "title": "Serwis Info Poranek"}, {"desc": null, "start_date": "2026-09-01T05:05:00+00:00", "title": "Polska o poranku"}, {"desc": null, "start_date": "2026-09-01T05:30:00+00:00", "title": "Agrobiznes Info"}, {"desc": null, "start_date": "2026-09-01T05:40:00+00:00", "title": "Agropogoda Info"}, {"desc": null, "start_date": "2026-09-01T05:45:00+00:00", "title": "Go\u015b\u0107 poranka"}, {"desc": null, "start_date": "2026-09-01T06:05:00+00:00", "title": "Reporterzy"}, {"desc": null, "start_date": "2026-09-01T06:20:00+00:00", "title": "Cyberbezpiecznie \u2013 Kiedy fa\u0142sz trafia do encyklopedii"}, {"desc": null, "start_date": "2026-09-01T06:25:00+00:00", "title": "Kryminalna si\u00f3demka"}, {"desc": null, "start_date": "2026-09-01T06:40:00+00:00", "title": "Wykrywacz k\u0142amstw"}, {"desc": null, "start_date": "2026-09-01T07:05:00+00:00", "title": "Dlaczego krowa\u2026 \u2013 W\u0119\u017ce"}, {"desc": null, "start_date": "2026-09-01T07:30:00+00:00", "title": "Powr\u00f3t do wiary przodk\u00f3w"}, {"desc": null, "start_date": "2026-09-01T08:00:00+00:00", "title": "Z\u0142oty ch\u0142opak | E228"}, {"desc": null, "start_date": "2026-09-01T09:00:00+00:00", "title": "Rok w ogrodzie"}, {"desc": null, "start_date": "2026-09-01T09:30:00+00:00", "title": "Mak\u0142owicz w podr\u00f3\u017cy \u2013 Madera \u2013 Go\u015bcie archipelagu | E102"}, {"desc": null, "start_date": "2026-09-01T10:00:00+00:00", "title": "Kryminalna si\u00f3demka \u2013 Extra"}, {"desc": null, "start_date": "2026-09-01T10:30:00+00:00", "title": "R\u0105czka gotuje"}, {"desc": null, "start_date": "2026-09-01T11:00:00+00:00", "title": "Agrobiznes"}, {"desc": null, "start_date": "2026-09-01T11:20:00+00:00", "title": "Agropogoda"}, {"desc": null, "start_date": "2026-09-01T11:30:00+00:00", "title": "Bez retuszu"}, {"desc": null, "start_date": "2026-09-01T12:20:00+00:00", "title": "Poznaj region \u2013 Hala Mleczna w \u0141omnicy"}, {"desc": null, "start_date": "2026-09-01T12:30:00+00:00", "title": "Program informacyjny 14.30"}, {"desc": null, "start_date": "2026-09-01T12:50:00+00:00", "title": "Pogoda"}, {"desc": null, "start_date": "2026-09-01T13:00:00+00:00", "title": "Koronka do Mi\u0142osierdzia Bo\u017cego"}, {"desc": null, "start_date": "2026-09-01T13:20:00+00:00", "title": "Serwis Info Dzie\u0144"}, {"desc": null, "start_date": "2026-09-01T13:30:00+00:00", "title": "Kronika dnia"}, {"desc": null, "start_date": "2026-09-01T13:42:00+00:00", "title": "Pogoda w regionie"}, {"desc": null, "start_date": "2026-09-01T13:45:00+00:00", "title": "Pocz\u0105tek tygodnia | E96"}, {"desc": null, "start_date": "2026-09-01T14:30:00+00:00", "title": "Kronika dnia"}, {"desc": null, "start_date": "2026-09-01T14:42:00+00:00", "title": "Pogoda w regionie"}, {"desc": null, "start_date": "2026-09-01T14:43:00+00:00", "title": "Muzealne opowie\u015bci | E34"}, {"desc": null, "start_date": "2026-09-01T14:45:00+00:00", "title": "Krzemionki 30. Przystanek reporta\u017c \u2013 Szyszkiego najlepszego | E62"}, {"desc": null, "start_date": "2026-09-01T15:00:00+00:00", "title": "Pogoda w regionie"}, {"desc": null, "start_date": "2026-09-01T15:01:00+00:00", "title": "Rabka Zdr\u00f3j czyta Szymborsk\u0105 | E02"}, {"desc": null, "start_date": "2026-09-01T15:05:00+00:00", "title": "Dzie\u0144 ostatni, dzie\u0144 pierwszy"}, {"desc": null, "start_date": "2026-09-01T15:50:00+00:00", "title": "Kwartet \u2013 Lanckorona go\u015bcinna"}, {"desc": null, "start_date": "2026-09-01T15:59:00+00:00", "title": "Kwartet \u2013 Spacer po Gorcach"}, {"desc": null, "start_date": "2026-09-01T16:06:00+00:00", "title": "Horyzont warto\u015bci. Rozmowa z kard. Grzegorzem Rysiem | E12"}, {"desc": null, "start_date": "2026-09-01T16:24:00+00:00", "title": "Pogoda w regionie"}, {"desc": null, "start_date": "2026-09-01T16:30:00+00:00", "title": "Kronika"}, {"desc": null, "start_date": "2026-09-01T16:54:00+00:00", "title": "Odkrywamy Ma\u0142opolsk\u0119 \u2013 Rezerwat przyrody | E24"}, {"desc": null, "start_date": "2026-09-01T16:56:00+00:00", "title": "Tematy dnia"}, {"desc": null, "start_date": "2026-09-01T17:08:00+00:00", "title": "Pogoda w regionie"}, {"desc": null, "start_date": "2026-09-01T17:10:00+00:00", "title": "Kronika sportowa"}, {"desc": null, "start_date": "2026-09-01T17:15:00+00:00", "title": "To\u017csamo\u015b\u0107 wsi, odnowa i rozw\u00f3j (Agropromocja) MODR | E01"}, {"desc": null, "start_date": "2026-09-01T17:24:00+00:00", "title": "Ma\u0142opolskie krajobrazy \u2013 \u017bywiec | E02"}, {"desc": null, "start_date": "2026-09-01T17:27:00+00:00", "title": "Rabka Zdr\u00f3j czyta Szymborsk\u0105 | E05"}, {"desc": null, "start_date": "2026-09-01T17:30:00+00:00", "title": "Ca\u0142kiem niez\u0142a historia \u2013 Adres z legend\u0105"}, {"desc": null, "start_date": "2026-09-01T17:45:00+00:00", "title": "Kryminalna si\u00f3demka"}, {"desc": null, "start_date": "2026-09-01T18:00:00+00:00", "title": "Dziennik region\u00f3w"}, {"desc": null, "start_date": "2026-09-01T18:10:00+00:00", "title": "Pogoda"}, {"desc": null, "start_date": "2026-09-01T18:13:00+00:00", "title": "Go\u015b\u0107 Region\u00f3w"}, {"desc": null, "start_date": "2026-09-01T18:30:00+00:00", "title": "Telekurier"}, {"desc": null, "start_date": "2026-09-01T19:00:00+00:00", "title": "Pogoda w regionie"}, {"desc": null, "start_date": "2026-09-01T19:01:00+00:00", "title": "Wykrywacz k\u0142amstw"}, {"desc": null, "start_date": "2026-09-01T19:20:00+00:00", "title": "Bezb\u0142\u0119dnie \u2013 pszenica | E315"}, {"desc": null, "start_date": "2026-09-01T19:30:00+00:00", "title": "Kronika"}, {"desc": null, "start_date": "2026-09-01T19:43:00+00:00", "title": "Tematy dnia"}, {"desc": null, "start_date": "2026-09-01T19:55:00+00:00", "title": "Pogoda w regionie"}, {"desc": null, "start_date": "2026-09-01T19:56:00+00:00", "title": "Kronika sportowa"}, {"desc": null, "start_date": "2026-09-01T20:00:00+00:00", "title": "Dziennik region\u00f3w"}, {"desc": null, "start_date": "2026-09-01T20:20:00+00:00", "title": "Pogoda"}, {"desc": null, "start_date": "2026-09-01T20:30:00+00:00", "title": "Z\u0142oty ch\u0142opak | E229"}, {"desc": null, "start_date": "2026-09-01T21:30:00+00:00", "title": "Kryminalna si\u00f3demka"}, {"desc": null, "start_date": "2026-09-01T21:55:00+00:00", "title": "Panorama"}, {"desc": null, "start_date": "2026-09-01T22:25:00+00:00", "title": "Program informacyjny 19.30"}, {"desc": null, "start_date": "2026-09-01T22:45:00+00:00", "title": "Program informacyjny 19.30"}, {"desc": null, "start_date": "2026-09-01T23:20:00+00:00", "title": "Kryminalna si\u00f3demka"}, {"desc": null, "start_date": "2026-09-01T23:40:00+00:00", "title": "Dziedzictwo | E884"}, {"desc": null, "start_date": "2026-09-02T00:30:00+00:00", "title": "Bez retuszu"}, {"desc": null, "start_date": "2026-09-02T01:20:00+00:00", "title": "Program informacyjny 19.30"}, {"desc": null, "start_date": "2026-09-02T01:50:00+00:00", "title": "Piosenka od Ciebie"}, {"desc": null, "start_date": "2026-09-02T02:25:00+00:00", "title": "Dziennik region\u00f3w"}, {"desc": null, "start_date": "2026-09-02T02:50:00+00:00", "title": "Go\u015b\u0107 Region\u00f3w"}, {"desc": null, "start_date": "2026-09-02T03:10:00+00:00", "title": "Telekurier"}, {"desc": null, "start_date": "2026-09-02T03:45:00+00:00", "title": "Kryminalna si\u00f3demka"}, {"desc": null, "start_date": "2026-09-02T04:00:00+00:00", "title": "Agrobiznes"}, {"desc": null, "start_date": "2026-09-02T04:20:00+00:00", "title": "Pogoda"}, {"desc": null, "start_date": "2026-09-02T04:30:00+00:00", "title": "Ros\u00f3\u0142 polski | E25"}, {"desc": null, "start_date": "2026-09-02T05:00:00+00:00", "title": "Serwis Info Poranek"}, {"desc": null, "start_date": "2026-09-02T05:05:00+00:00", "title": "Polska o poranku"}, {"desc": null, "start_date": "2026-09-02T05:30:00+00:00", "title": "Agrobiznes Info"}, {"desc": null, "start_date": "2026-09-02T05:40:00+00:00", "title": "Agropogoda Info"}, {"desc": null, "start_date": "2026-09-02T05:45:00+00:00", "title": "Go\u015b\u0107 poranka"}, {"desc": null, "start_date": "2026-09-02T06:05:00+00:00", "title": "Reporterzy"}, {"desc": null, "start_date": "2026-09-02T06:25:00+00:00", "title": "Kryminalna si\u00f3demka"}, {"desc": null, "start_date": "2026-09-02T06:40:00+00:00", "title": "Wykrywacz k\u0142amstw"}, {"desc": null, "start_date": "2026-09-02T07:05:00+00:00", "title": "Regiony na TAK"}, {"desc": null, "start_date": "2026-09-02T07:30:00+00:00", "title": "Prywatne \u017cycie zwierz\u0105t 3 \u2013 Troska | S03E10"}, {"desc": null, "start_date": "2026-09-02T08:00:00+00:00", "title": "Z\u0142oty ch\u0142opak | E229"}, {"desc": null, "start_date": "2026-09-02T09:00:00+00:00", "title": "Zielnik regionalny"}, {"desc": null, "start_date": "2026-09-02T09:30:00+00:00", "title": "Lato na ROD'os"}, {"desc": null, "start_date": "2026-09-02T10:00:00+00:00", "title": "Telekurier"}, {"desc": null, "start_date": "2026-09-02T10:30:00+00:00", "title": "G\u00f3rna p\u00f3\u0142ka smaku | S04E09"}, {"desc": null, "start_date": "2026-09-02T11:00:00+00:00", "title": "Agrobiznes"}, {"desc": null, "start_date": "2026-09-02T11:20:00+00:00", "title": "Agropogoda"}, {"desc": null, "start_date": "2026-09-02T11:30:00+00:00", "title": "Daj\u0119 s\u0142owo \u2013 Maciej Or\u0142o\u015b 2 \u2013 Ewa Bem | S02E32"}, {"desc": null, "start_date": "2026-09-02T12:30:00+00:00", "title": "Program informacyjny 14.30"}, {"desc": null, "start_date": "2026-09-02T12:50:00+00:00", "title": "Pogoda"}, {"desc": null, "start_date": "2026-09-02T13:00:00+00:00", "title": "Koronka do Mi\u0142osierdzia Bo\u017cego"}, {"desc": null, "start_date": "2026-09-02T13:20:00+00:00", "title": "Serwis Info Dzie\u0144"}, {"desc": null, "start_date": "2026-09-02T13:30:00+00:00", "title": "Kronika dnia"}, {"desc": null, "start_date": "2026-09-02T13:43:00+00:00", "title": "Pogoda w regionie"}, {"desc": null, "start_date": "2026-09-02T13:46:00+00:00", "title": "Zmiana biegu"}, {"desc": null, "start_date": "2026-09-02T14:05:00+00:00", "title": "Na tropie przypraw. Pikantnie i s\u0142odko \u2013 Ga\u0142ka muszkato\u0142owa"}, {"desc": null, "start_date": "2026-09-02T14:30:00+00:00", "title": "Kronika dnia"}, {"desc": null, "start_date": "2026-09-02T14:43:00+00:00", "title": "Pogoda w regionie"}, {"desc": null, "start_date": "2026-09-02T14:45:00+00:00", "title": "Muzealne opowie\u015bci | E138"}, {"desc": null, "start_date": "2026-09-02T14:47:00+00:00", "title": "Prosto z lasu | E17/25"}, {"desc": null, "start_date": "2026-09-02T15:00:00+00:00", "title": "Pogoda w regionie"}, {"desc": null, "start_date": "2026-09-02T15:05:00+00:00", "title": "Kadry z przesz\u0142o\u015bci. Archiwum TVP Krak\u00f3w"}, {"desc": null, "start_date": "2026-09-02T15:20:00+00:00", "title": "Polskie zdroje \u2013 Piwniczna"}, {"desc": null, "start_date": "2026-09-02T15:41:00+00:00", "title": "Astronom z Liszek"}, {"desc": null, "start_date": "2026-09-02T16:00:00+00:00", "title": "To\u017csamo\u015b\u0107 wsi, odnowa i rozw\u00f3j (Agropromocja) MODR | E01"}, {"desc": null, "start_date": "2026-09-02T16:11:00+00:00", "title": "Magazyn medyczny \u2013 Szpital rehabilitacyjny w Krzeszowicach \u2013 powr\u00f3t do sprawno\u015bci | E394"}, {"desc": null, "start_date": "2026-09-02T16:25:00+00:00", "title": "Pogoda w regionie"}, {"desc": null, "start_date": "2026-09-02T16:30:00+00:00", "title": "Kronika"}, {"desc": null, "start_date": "2026-09-02T16:55:00+00:00", "title": "Tematy dnia"}, {"desc": null, "start_date": "2026-09-02T17:07:00+00:00", "title": "Pogoda w regionie"}, {"desc": null, "start_date": "2026-09-02T17:11:00+00:00", "title": "Kronika sportowa"}, {"desc": null, "start_date": "2026-09-02T17:15:00+00:00", "title": "Spichlerz smak\u00f3w | E41"}, {"desc": null, "start_date": "2026-09-02T17:30:00+00:00", "title": "Ca\u0142kiem niez\u0142a historia \u2013 Samotno\u015b\u0107 na szczycie"}, {"desc": null, "start_date": "2026-09-02T17:45:00+00:00", "title": "Kryminalna si\u00f3demka"}, {"desc": null, "start_date": "2026-09-02T18:00:00+00:00", "title": "Dziennik region\u00f3w"}, {"desc": null, "start_date": "2026-09-02T18:10:00+00:00", "title": "Pogoda"}, {"desc": null, "start_date": "2026-09-02T18:13:00+00:00", "title": "Go\u015b\u0107 Region\u00f3w"}, {"desc": null, "start_date": "2026-09-02T18:30:00+00:00", "title": "Telekurier"}, {"desc": null, "start_date": "2026-09-02T19:00:00+00:00", "title": "Pogoda w regionie"}, {"desc": null, "start_date": "2026-09-02T19:03:00+00:00", "title": "Wykrywacz k\u0142amstw"}, {"desc": null, "start_date": "2026-09-02T19:21:00+00:00", "title": "Bezb\u0142\u0119dnie \u2013 \u017cegluga powietrzna | E316"}, {"desc": null, "start_date": "2026-09-02T19:30:00+00:00", "title": "Kronika"}, {"desc": null, "start_date": "2026-09-02T19:45:00+00:00", "title": "Tematy dnia"}, {"desc": null, "start_date": "2026-09-02T19:57:00+00:00", "title": "Pogoda w regionie"}, {"desc": null, "start_date": "2026-09-02T19:58:00+00:00", "title": "Kronika sportowa"}, {"desc": null, "start_date": "2026-09-02T20:00:00+00:00", "title": "Dziennik region\u00f3w"}, {"desc": null, "start_date": "2026-09-02T20:20:00+00:00", "title": "Pogoda"}, {"desc": null, "start_date": "2026-09-02T20:30:00+00:00", "title": "Z\u0142oty ch\u0142opak | E230"}, {"desc": null, "start_date": "2026-09-02T21:30:00+00:00", "title": "Kryminalna si\u00f3demka"}, {"desc": null, "start_date": "2026-09-02T21:55:00+00:00", "title": "Panorama"}, {"desc": null, "start_date": "2026-09-02T22:25:00+00:00", "title": "Program informacyjny 19.30"}, {"desc": null, "start_date": "2026-09-02T22:45:00+00:00", "title": "Program informacyjny 19.30"}, {"desc": null, "start_date": "2026-09-02T23:20:00+00:00", "title": "Kryminalna si\u00f3demka"}, {"desc": null, "start_date": "2026-09-02T23:40:00+00:00", "title": "Dziedzictwo | E885"}], "offset": "+00:00", "timezone": "UTC", "error_code": -1, "start_date": "2026-09-01", "icon": ""}