{"end_date": "2026-09-06", "name": "TVP 3 Krak\u00f3w [PL]", "info_url": "https://epg.pw/channels/548876/20260905.html", "country": "Russian Federation", "description": null, "error_message": "", "provider": "", "source_url": "https://epg.pw/api/epg.json?channel_id=548876&date=20260905&timezone=None", "epg_list": [{"desc": null, "start_date": "2026-09-05T00:30:00+00:00", "title": "Niebezpieczne zwi\u0105zki"}, {"desc": null, "start_date": "2026-09-05T00:35:00+00:00", "title": "Niebezpieczne zwi\u0105zki"}, {"desc": null, "start_date": "2026-09-05T01:20:00+00:00", "title": "Program informacyjny 19.30"}, {"desc": null, "start_date": "2026-09-05T01:50:00+00:00", "title": "Prywatne \u017cycie zwierz\u0105t 3 \u2013 Troska | S03E10"}, {"desc": null, "start_date": "2026-09-05T02:10:00+00:00", "title": "Ca\u0142kiem niez\u0142a historia \u2013 Konie s\u0105 do kochania"}, {"desc": null, "start_date": "2026-09-05T02:25:00+00:00", "title": "Dziennik region\u00f3w"}, {"desc": null, "start_date": "2026-09-05T02:50:00+00:00", "title": "Go\u015b\u0107 Region\u00f3w"}, {"desc": null, "start_date": "2026-09-05T03:05:00+00:00", "title": "Ca\u0142kiem niez\u0142a historia \u2013 Gorol, kery zosto\u0142 hanysem"}, {"desc": null, "start_date": "2026-09-05T03:10:00+00:00", "title": "Ktokolwiek widzia\u0142, ktokolwiek wie"}, {"desc": null, "start_date": "2026-09-05T03:15:00+00:00", "title": "Ktokolwiek widzia\u0142, ktokolwiek wie"}, {"desc": null, "start_date": "2026-09-05T03:45:00+00:00", "title": "Kryminalna si\u00f3demka"}, {"desc": null, "start_date": "2026-09-05T04:00:00+00:00", "title": "Po\u017cyteczni.pl"}, {"desc": null, "start_date": "2026-09-05T04:30:00+00:00", "title": "Okrasa \u0142amie przepisy \u2013 Obiad z resztek"}, {"desc": null, "start_date": "2026-09-05T05:00:00+00:00", "title": "Serwis Info Poranek"}, {"desc": null, "start_date": "2026-09-05T05:05:00+00:00", "title": "Agrobiznes weekend"}, {"desc": null, "start_date": "2026-09-05T05:30:00+00:00", "title": "Serwis Info Poranek"}, {"desc": null, "start_date": "2026-09-05T05:35:00+00:00", "title": "Info poranek"}, {"desc": null, "start_date": "2026-09-05T05:40:00+00:00", "title": "Pogoda Info"}, {"desc": null, "start_date": "2026-09-05T05:45:00+00:00", "title": "Info poranek"}, {"desc": null, "start_date": "2026-09-05T06:00:00+00:00", "title": "Cyberbezpiecznie \u2013 Cz\u0142owiek vs AI"}, {"desc": null, "start_date": "2026-09-05T06:05:00+00:00", "title": "Kryminalna si\u00f3demka"}, {"desc": null, "start_date": "2026-09-05T06:25:00+00:00", "title": "Dobre historie \u2013 Wypalenie rodzicielskie"}, {"desc": null, "start_date": "2026-09-05T06:50:00+00:00", "title": "Antenowe remanenty"}, {"desc": null, "start_date": "2026-09-05T06:54:00+00:00", "title": "Ekspert ZUS odpowiada \u2013 Zasi\u0142ek chorobowy po ustaniu zatrudnienia | E63"}, {"desc": null, "start_date": "2026-09-05T07:05:00+00:00", "title": "TVP Krak\u00f3w w\u2026 \u2013 Agropromocja"}, {"desc": null, "start_date": "2026-09-05T07:15:00+00:00", "title": "Wielcy z Ma\u0142opolski \u2013 Kazimierz Kordylewski"}, {"desc": null, "start_date": "2026-09-05T07:30:00+00:00", "title": "TVP Krak\u00f3w w\u2026 \u2013 Agropromocja"}, {"desc": null, "start_date": "2026-09-05T07:40:00+00:00", "title": "Kreatywni po godzinach | E20"}, {"desc": null, "start_date": "2026-09-05T07:50:00+00:00", "title": "Magiczne Podhale z Sebastianem Karpielem-Bu\u0142eck\u0105 \u2013 Dom G\u0105sienic\u00f3w-Sobczak\u00f3w | S01E01"}, {"desc": null, "start_date": "2026-09-05T08:15:00+00:00", "title": "Antenowe remanenty"}, {"desc": null, "start_date": "2026-09-05T08:25:00+00:00", "title": "Mak\u0142owicz w podr\u00f3\u017cy \u2013 Hiszpania \u2013 Almeria | E195"}, {"desc": null, "start_date": "2026-09-05T09:00:00+00:00", "title": "Wielka naturalna bariera | E3-ost"}, {"desc": null, "start_date": "2026-09-05T09:55:00+00:00", "title": "Muzealne opowie\u015bci | E55"}, {"desc": null, "start_date": "2026-09-05T10:05:00+00:00", "title": "Mi\u0119dzy polem a domem"}, {"desc": null, "start_date": "2026-09-05T10:35:00+00:00", "title": "R\u0105czka gotuje"}, {"desc": null, "start_date": "2026-09-05T11:00:00+00:00", "title": "Antenowe remanenty"}, {"desc": null, "start_date": "2026-09-05T11:10:00+00:00", "title": "Regiony na TAK"}, {"desc": null, "start_date": "2026-09-05T11:31:00+00:00", "title": "Kronika kulturalna"}, {"desc": null, "start_date": "2026-09-05T11:45:00+00:00", "title": "TVP Krak\u00f3w w\u2026 \u2013 Agropromocja"}, {"desc": null, "start_date": "2026-09-05T11:56:00+00:00", "title": "Etnopejza\u017ce \u2013 S\u0142owacy | E03"}, {"desc": null, "start_date": "2026-09-05T12:30:00+00:00", "title": "TVP Krak\u00f3w w\u2026 \u2013 Agropromocja"}, {"desc": null, "start_date": "2026-09-05T12:40:00+00:00", "title": "Zaginione? Ocalone? Historie zawod\u00f3w r\u00f3\u017cnych \u2013 \u0141y\u017ckarz | E01"}, {"desc": null, "start_date": "2026-09-05T13:00:00+00:00", "title": "Koronka do Mi\u0142osierdzia Bo\u017cego"}, {"desc": null, "start_date": "2026-09-05T13:25:00+00:00", "title": "Pi\u0142ka no\u017cna: Betclic 1. Liga: Mied\u017a Legnica \u2013 Chrobry G\u0142og\u00f3w"}, {"desc": null, "start_date": "2026-09-05T15:30:00+00:00", "title": "Pogoda w regionie"}, {"desc": null, "start_date": "2026-09-05T15:35:00+00:00", "title": "Magazyn medyczny \u2013 Szpital rehabilitacyjny w Krzeszowicach \u2013 powr\u00f3t do sprawno\u015bci | E394"}, {"desc": null, "start_date": "2026-09-05T15:47:00+00:00", "title": "Krzemionki 30. Przystanek reporta\u017c \u2013 Kampus Wolno\u015b\u0107 | E105"}, {"desc": null, "start_date": "2026-09-05T16:00:00+00:00", "title": "Kulturalnie m\u00f3wi\u0105c \u2013 Kiwi \u2013 Wiktoria Nazarian | E76"}, {"desc": null, "start_date": "2026-09-05T16:25:00+00:00", "title": "Pogoda w regionie"}, {"desc": null, "start_date": "2026-09-05T16:30:00+00:00", "title": "Kronika"}, {"desc": null, "start_date": "2026-09-05T16:53:00+00:00", "title": "Pogoda w regionie"}, {"desc": null, "start_date": "2026-09-05T16:56:00+00:00", "title": "Kronika kulturalna"}, {"desc": null, "start_date": "2026-09-05T17:10:00+00:00", "title": "Bohaterowie ma\u0142ych ojczyzn \u2013 Jab\u0142onka \u2013 Orawscy kurierzy | E31"}, {"desc": null, "start_date": "2026-09-05T17:25:00+00:00", "title": "Turystyczna jazda \u2013 S\u0142owacja: Ru\u017comberok latem | E190"}, {"desc": null, "start_date": "2026-09-05T17:35:00+00:00", "title": "Pe\u0142nosprawni | E662"}, {"desc": null, "start_date": "2026-09-05T18:00:00+00:00", "title": "Dziennik region\u00f3w"}, {"desc": null, "start_date": "2026-09-05T18:10:00+00:00", "title": "Pogoda"}, {"desc": null, "start_date": "2026-09-05T18:15:00+00:00", "title": "Regiony na TAK"}, {"desc": null, "start_date": "2026-09-05T18:30:00+00:00", "title": "O milimetr"}, {"desc": null, "start_date": "2026-09-05T19:00:00+00:00", "title": "Mak\u0142owicz w podr\u00f3\u017cy \u2013 Podr\u00f3\u017c 43. Kanada \u2013 Quebeck. Z p\u00f3l i sad\u00f3w | E165"}, {"desc": null, "start_date": "2026-09-05T19:30:00+00:00", "title": "Kronika"}, {"desc": null, "start_date": "2026-09-05T19:51:00+00:00", "title": "Pogoda w regionie"}, {"desc": null, "start_date": "2026-09-05T19:54:00+00:00", "title": "Kronika sportowa"}, {"desc": null, "start_date": "2026-09-05T20:00:00+00:00", "title": "Dziennik region\u00f3w"}, {"desc": null, "start_date": "2026-09-05T20:20:00+00:00", "title": "Pogoda"}, {"desc": null, "start_date": "2026-09-05T20:30:00+00:00", "title": "Kryminalna si\u00f3demka \u2013 Extra"}, {"desc": null, "start_date": "2026-09-05T21:00:00+00:00", "title": "O milimetr"}, {"desc": null, "start_date": "2026-09-05T21:25:00+00:00", "title": "Regiony na TAK"}, {"desc": null, "start_date": "2026-09-05T21:30:00+00:00", "title": "Regiony na TAK"}, {"desc": null, "start_date": "2026-09-05T21:45:00+00:00", "title": "Antenowe remanenty"}, {"desc": null, "start_date": "2026-09-05T21:55:00+00:00", "title": "Panorama"}, {"desc": null, "start_date": "2026-09-05T22:00:00+00:00", "title": "Panorama"}, {"desc": null, "start_date": "2026-09-05T22:25:00+00:00", "title": "Program informacyjny 19.30"}, {"desc": null, "start_date": "2026-09-05T22:30:00+00:00", "title": "Program informacyjny 19.30"}, {"desc": null, "start_date": "2026-09-05T22:55:00+00:00", "title": "Szlakiem miejsc niezwyk\u0142ych: Pomniki historii \u2013 Kana\u0142 Augustowski"}, {"desc": null, "start_date": "2026-09-05T23:00:00+00:00", "title": "Szlakiem miejsc niezwyk\u0142ych: Pomniki historii \u2013 Kana\u0142 Augustowski"}, {"desc": null, "start_date": "2026-09-05T23:05:00+00:00", "title": "Dziennik region\u00f3w"}, {"desc": null, "start_date": "2026-09-05T23:35:00+00:00", "title": "Sprawa dla reportera"}, {"desc": null, "start_date": "2026-09-06T00:20:00+00:00", "title": "Daj\u0119 s\u0142owo \u2013 Maciej Or\u0142o\u015b 2 \u2013 Ewa Bem | S02E32"}, {"desc": null, "start_date": "2026-09-06T00:25:00+00:00", "title": "Daj\u0119 s\u0142owo \u2013 Maciej Or\u0142o\u015b 2 \u2013 Ewa Bem | S02E32"}, {"desc": null, "start_date": "2026-09-06T01:10:00+00:00", "title": "Program informacyjny 19.30"}, {"desc": null, "start_date": "2026-09-06T01:20:00+00:00", "title": "Program informacyjny 19.30"}, {"desc": null, "start_date": "2026-09-06T01:40:00+00:00", "title": "Dobre historie \u2013 Wypalenie rodzicielskie"}, {"desc": null, "start_date": "2026-09-06T01:50:00+00:00", "title": "Dobre historie \u2013 Wypalenie rodzicielskie"}, {"desc": null, "start_date": "2026-09-06T02:05:00+00:00", "title": "Antenowe remanenty"}, {"desc": null, "start_date": "2026-09-06T02:20:00+00:00", "title": "Dziennik region\u00f3w"}, {"desc": null, "start_date": "2026-09-06T02:25:00+00:00", "title": "Dziennik region\u00f3w"}, {"desc": null, "start_date": "2026-09-06T02:40:00+00:00", "title": "Astronarium \u2013 Gwiazdy kontaktowe | E107"}, {"desc": null, "start_date": "2026-09-06T02:45:00+00:00", "title": "Astronarium \u2013 Gwiazdy kontaktowe | E107"}, {"desc": null, "start_date": "2026-09-06T03:05:00+00:00", "title": "Antenowe remanenty"}, {"desc": null, "start_date": "2026-09-06T03:15:00+00:00", "title": "Filmowe spotkania \u2013 Muzeum Anny i Jaros\u0142awa Iwaszkiewicz\u00f3w w Stawisku"}, {"desc": null, "start_date": "2026-09-06T03:20:00+00:00", "title": "Filmowe spotkania \u2013 Muzeum Anny i Jaros\u0142awa Iwaszkiewicz\u00f3w w Stawisku"}, {"desc": null, "start_date": "2026-09-06T03:30:00+00:00", "title": "Kryminalna si\u00f3demka \u2013 Extra"}, {"desc": null, "start_date": "2026-09-06T04:00:00+00:00", "title": "Prywatne \u017cycie zwierz\u0105t 3 \u2013 Troska | S03E10"}, {"desc": null, "start_date": "2026-09-06T04:30:00+00:00", "title": "Klasztorne smaki wed\u0142ug Remigiusza R\u0105czki \u2013 Dominikanie z Sandomierza"}, {"desc": null, "start_date": "2026-09-06T05:00:00+00:00", "title": "Serwis Info Poranek"}, {"desc": null, "start_date": "2026-09-06T05:05:00+00:00", "title": "Polska o poranku"}, {"desc": null, "start_date": "2026-09-06T05:10:00+00:00", "title": "Pogoda Info"}, {"desc": null, "start_date": "2026-09-06T05:15:00+00:00", "title": "Polska o poranku"}, {"desc": null, "start_date": "2026-09-06T05:30:00+00:00", "title": "Serwis Info Poranek"}, {"desc": null, "start_date": "2026-09-06T05:35:00+00:00", "title": "Polska o poranku"}, {"desc": null, "start_date": "2026-09-06T05:40:00+00:00", "title": "Pogoda Info"}, {"desc": null, "start_date": "2026-09-06T05:45:00+00:00", "title": "Polska o poranku"}, {"desc": null, "start_date": "2026-09-06T06:05:00+00:00", "title": "Kryminalna si\u00f3demka \u2013 Extra"}, {"desc": null, "start_date": "2026-09-06T06:35:00+00:00", "title": "Regiony na TAK"}, {"desc": null, "start_date": "2026-09-06T06:55:00+00:00", "title": "Wiek to tylko liczba"}, {"desc": null, "start_date": "2026-09-06T07:25:00+00:00", "title": "Rok w ogrodzie"}, {"desc": null, "start_date": "2026-09-06T07:55:00+00:00", "title": "Mi\u0119dzy polem a domem"}, {"desc": null, "start_date": "2026-09-06T08:30:00+00:00", "title": "Tydzie\u0144"}, {"desc": null, "start_date": "2026-09-06T09:00:00+00:00", "title": "Transmisja mszy \u015bwi\u0119tej z Sanktuarium Matki Bo\u017cej na Jasnej G\u00f3rze"}, {"desc": null, "start_date": "2026-09-06T09:50:00+00:00", "title": "Wielcy z Ma\u0142opolski \u2013 Karol Olszewski"}, {"desc": null, "start_date": "2026-09-06T10:05:00+00:00", "title": "TVP Krak\u00f3w w\u2026 \u2013 XXVIII Do\u017cynki Wojew\u00f3dztwa Ma\u0142opolskiego"}, {"desc": null, "start_date": "2026-09-06T10:15:00+00:00", "title": "TVP Krak\u00f3w w\u2026 \u2013 Agropromocja"}, {"desc": null, "start_date": "2026-09-06T10:25:00+00:00", "title": "Zaginione? Ocalone? Historie zawod\u00f3w r\u00f3\u017cnych \u2013 Garncarz | E06"}, {"desc": null, "start_date": "2026-09-06T10:50:00+00:00", "title": "TVP Krak\u00f3w w\u2026 \u2013 XXVIII Do\u017cynki Wojew\u00f3dztwa Ma\u0142opolskiego"}, {"desc": null, "start_date": "2026-09-06T10:55:00+00:00", "title": "Prosto z lasu | E17/25"}, {"desc": null, "start_date": "2026-09-06T11:01:00+00:00", "title": "Magazyn"}, {"desc": null, "start_date": "2026-09-06T11:10:00+00:00", "title": "TVP Krak\u00f3w w\u2026 \u2013 Agropromocja"}, {"desc": null, "start_date": "2026-09-06T11:20:00+00:00", "title": "Zaginione? Ocalone? Historie zawod\u00f3w r\u00f3\u017cnych \u2013 Kaligraf"}, {"desc": null, "start_date": "2026-09-06T11:50:00+00:00", "title": "TVP Krak\u00f3w w\u2026 \u2013 XXVIII Do\u017cynki Wojew\u00f3dztwa Ma\u0142opolskiego"}, {"desc": null, "start_date": "2026-09-06T12:00:00+00:00", "title": "TVP Krak\u00f3w w\u2026 \u2013 Agropromocja"}, {"desc": null, "start_date": "2026-09-06T12:10:00+00:00", "title": "Kwartet \u2013 Ojcowski park narodowy"}, {"desc": null, "start_date": "2026-09-06T12:20:00+00:00", "title": "Krzemionki 30. Przystanek reporta\u017c \u2013 Kampus Wolno\u015b\u0107 | E105"}, {"desc": null, "start_date": "2026-09-06T12:30:00+00:00", "title": "Krzemionki 30. Przystanek reporta\u017c \u2013 Kampus Wolno\u015b\u0107 | E105"}, {"desc": null, "start_date": "2026-09-06T12:45:00+00:00", "title": "TVP Krak\u00f3w w\u2026 \u2013 Agropromocja"}, {"desc": null, "start_date": "2026-09-06T13:00:00+00:00", "title": "Koronka do Mi\u0142osierdzia Bo\u017cego"}, {"desc": null, "start_date": "2026-09-06T13:20:00+00:00", "title": "Pi\u0142ka no\u017cna \u2013 studio"}, {"desc": null, "start_date": "2026-09-06T13:55:00+00:00", "title": "Pi\u0142ka no\u017cna \u2013 Mecz Jubileuszowy z okazji 110-lecia Legii Warszawa"}, {"desc": null, "start_date": "2026-09-06T16:00:00+00:00", "title": "Kronika | E68"}, {"desc": null, "start_date": "2026-09-06T16:23:00+00:00", "title": "Pogoda w regionie"}, {"desc": null, "start_date": "2026-09-06T16:30:00+00:00", "title": "Kronika"}, {"desc": null, "start_date": "2026-09-06T16:53:00+00:00", "title": "Bli\u017cej polityki"}, {"desc": null, "start_date": "2026-09-06T17:05:00+00:00", "title": "Pogoda w regionie"}, {"desc": null, "start_date": "2026-09-06T17:07:00+00:00", "title": "TVP Krak\u00f3w w\u2026 \u2013 XXVIII Do\u017cynki Wojew\u00f3dztwa Ma\u0142opolskiego"}, {"desc": null, "start_date": "2026-09-06T17:14:00+00:00", "title": "TVP Krak\u00f3w w\u2026 \u2013 XXVIII Do\u017cynki Wojew\u00f3dztwa Ma\u0142opolskiego"}, {"desc": null, "start_date": "2026-09-06T17:17:00+00:00", "title": "Pogoda w regionie"}, {"desc": null, "start_date": "2026-09-06T17:25:00+00:00", "title": "Pi\u0142ka no\u017cna: Betclic 2. Liga: GKS Tychy \u2013 Avia \u015awidnik"}, {"desc": null, "start_date": "2026-09-06T19:30:00+00:00", "title": "Kronika"}, {"desc": null, "start_date": "2026-09-06T19:51:00+00:00", "title": "Pogoda w regionie"}, {"desc": null, "start_date": "2026-09-06T19:54:00+00:00", "title": "Kronika sportowa"}, {"desc": null, "start_date": "2026-09-06T20:00:00+00:00", "title": "Dziennik region\u00f3w"}, {"desc": null, "start_date": "2026-09-06T20:20:00+00:00", "title": "Pogoda"}, {"desc": null, "start_date": "2026-09-06T20:30:00+00:00", "title": "Ktokolwiek widzia\u0142, ktokolwiek wie"}, {"desc": null, "start_date": "2026-09-06T21:00:00+00:00", "title": "Ko\u015bci\u00f3\u0142 z bliska"}, {"desc": null, "start_date": "2026-09-06T21:30:00+00:00", "title": "Ca\u0142kiem niez\u0142a historia \u2013 Synek z gruby"}, {"desc": null, "start_date": "2026-09-06T21:55:00+00:00", "title": "Panorama"}, {"desc": null, "start_date": "2026-09-06T22:25:00+00:00", "title": "Program informacyjny 19.30"}, {"desc": null, "start_date": "2026-09-06T22:55:00+00:00", "title": "Szlakiem miejsc niezwyk\u0142ych: Pomniki historii \u2013 Kazimierz Dolny"}, {"desc": null, "start_date": "2026-09-06T23:05:00+00:00", "title": "Dziennik region\u00f3w"}, {"desc": null, "start_date": "2026-09-06T23:35:00+00:00", "title": "Piosenka dla Ciebie"}], "offset": "+00:00", "timezone": "UTC", "error_code": -1, "start_date": "2026-09-05", "icon": ""}