{"end_date": "2026-09-02", "name": "France 3 ", "info_url": "https://epg.pw/channels/549020/20260901.html", "country": "France", "description": null, "error_message": "", "provider": "", "source_url": "https://epg.pw/api/epg.json?channel_id=549020&date=20260901&timezone=None", "epg_list": [{"desc": "Programme de musique classique pour se r\u00e9veiller en douceur.", "start_date": "2026-09-01T00:40:00+00:00", "title": "Les matinales"}, {"desc": "Deux familles, les jaunes et les bleus, repr\u00e9sentant chacune leur departement, s'affrontent chaque jour au cours de 3 duels de culture g\u00e9n\u00e9rale pour tenter de se qualifier pour la finale du jour et d\u00e9crocher la cagnotte.", "start_date": "2026-09-01T00:45:00+00:00", "title": "Duels en familles"}, {"desc": "Slam est un jeu de lettres et de mots crois\u00e9s dans lequel les candidats, au buzzer doivent r\u00e9pondre \u00e0 une s\u00e9rie de questions dont la r\u00e9ponse est toujours une lettre. Cette lettre s'affiche ensuite dans une grille partout o\u00f9 elle pr\u00e9sente et permet au candidat de d\u00e9bloquer un mot qu'il devra trouver \u00e0 l'aide d'une d\u00e9finition. A tout moment les candidats peuvent \"SLAMER\" c'est \u00e0 dire remplir la gril", "start_date": "2026-09-01T01:20:00+00:00", "title": "Slam"}, {"desc": "Un flow qui va agir comme un v\u00e9ritable reset du corps et de l'esprit, vous laissant avec le sentiment d'\u00eatre totalement revitalis\u00e9 ! Vous allez retrouver cet \u00e9quilibre parfait, ainsi que cette paix int\u00e9rieure . Accessible \u00e0 tous .", "start_date": "2026-09-01T02:01:00+00:00", "title": "Alors on bouge en r\u00e9gion"}, {"desc": "De 6h30 \u00e0 9h, \\\" Ici Matin \\\" est votre premier rendez-vous de la journ\u00e9e avec l'information de proximit\u00e9. Elle ouvre les matin\u00e9es 100 % r\u00e9gionales de France 3. Au programme, des journaux d'information en hyper proximit\u00e9 tous les quarts d'heure, des points m\u00e9t\u00e9o et trafic r\u00e9guliers, de l'interactivit\u00e9 avec les auditeurs et t\u00e9l\u00e9spectateurs, et surtout une grande bouff\u00e9e de bonne humeur pour d\u00e9marre", "start_date": "2026-09-01T02:30:00+00:00", "title": "\u00c9mission du mardi 1 septembre 2026"}, {"desc": "Des magazines ou documentaires propos\u00e9s par votre antenne r\u00e9gionale.", "start_date": "2026-09-01T05:05:00+00:00", "title": "\u00c9mission du mardi 1 septembre 2026"}, {"desc": "Ce magazine va nous faire d\u00e9couvrir les r\u00e9gions fran\u00e7aises en plongeant le t\u00e9l\u00e9spectateur au c\u0153ur d'une ville, d'un d\u00e9partement fran\u00e7ais, d'une r\u00e9gion, et lui fera d\u00e9couvrir son histoire, ses richesses patrimoniales, ses sp\u00e9cialit\u00e9s gastronomiques, et ses lieux incontournables\u2026 \\\" Escales en France \\\" ira \u00e0 la rencontre de ces fran\u00e7ais agriculteurs, marins p\u00eacheurs, artisans, restaurateurs, \u00e9leveu", "start_date": "2026-09-01T06:30:00+00:00", "title": "Escales en France"}, {"desc": "Et si la cuisine m\u00e9diterran\u00e9enne \u00e9tait un patrimoine A prot\u00e9ger pour mieux la transmettre aux nouvelles g\u00e9n\u00e9rations ? C'est le parti qu'a pris cette ann\u00e9e la commune d'Arghjusta \u00e8 Muricciu A l'occasion des journ\u00e9es du patrimoine en mettant A l'honneur la cuisine corse bien s\u00fbr mais aussi la cuisine proven\u00e7ale et la cuisine albanaise. Et ce sont ces rencontres que notre chef Romuald Royer a voulu v", "start_date": "2026-09-01T07:00:00+00:00", "title": "Tamantu Cucinaru"}, {"desc": "Le\u00efla Albert re\u00e7oit dans sa cuisine Jo\u00eblle Umbdenstock, professeure de cuisine \u00e0 Ostheim, qui nous propose un plat asiatique aux notes alsaciennes : un tataki de veau \u00e0 l'ail des ours accompagn\u00e9 d'asperges et de cubes de munster blanc. Pour cette recette, nous allons chercher du veau chez Daniel, \u00e9leveur polyculteur, de bonnes asperges chez Clarisse et Pauline, agricultrices. Et nous irons voir Em", "start_date": "2026-09-01T07:30:00+00:00", "title": "C'est Succulent !"}, {"desc": "Bulletin m\u00e9t\u00e9orologique du service de presse de France 3-M\u00e9t\u00e9o France.", "start_date": "2026-09-01T08:00:00+00:00", "title": "M\u00e9t\u00e9o (en wallisien)"}, {"desc": "Pr\u00e9par\u00e9 et propos\u00e9 par la R\u00e9daction du P\u00f4le Outre-mer Une production France T\u00e9l\u00e9visions Pr\u00e9sent\u00e9 en alternance par Kessi Weishaupt et Laurence Theatin Le journal d'information qui vous emm\u00e8ne au c\u0153ur des Outre-mer et de leur actualit\u00e9.", "start_date": "2026-09-01T08:05:00+00:00", "title": "Outremer.l'info"}, {"desc": "\"Dans le r\u00e9tro\" propose un voyage dans le temps de trois minutes, gr\u00e2ce aux archives de l'INA.", "start_date": "2026-09-01T08:25:00+00:00", "title": "\u00c9mission du mardi 1 septembre 2026"}, {"desc": "Le rendez-vous de la mi-journ\u00e9e des 24 r\u00e9dactions r\u00e9gionales de France T\u00e9l\u00e9visions, avec les journaux locaux, les reportages propres \u00e0 chaque r\u00e9gion, la m\u00e9t\u00e9o, mais aussi un regard de proximit\u00e9 sur l'actualit\u00e9 nationale et internationale.", "start_date": "2026-09-01T08:26:00+00:00", "title": "ICI 12/13 \u00e9dition toutes r\u00e9gions"}, {"desc": "Une \u00e9mission r\u00e9alis\u00e9e par Captain Productions Une production Enibas Productions, A Prime Group, avec la participation de France T\u00e9l\u00e9visions R\u00e9dacteurs en chef : St\u00e9phane Evanno et Laetitia Bouchon Pr\u00e9sent\u00e9e par Marine Vignes et Laurent Romejko En direct \"M\u00e9t\u00e9o \u00e0 la carte.", "start_date": "2026-09-01T08:55:00+00:00", "title": "M\u00e9t\u00e9o \u00e0 la carte"}, {"desc": "Une \u00e9mission r\u00e9alis\u00e9e par Captain Productions Une production Enibas Productions, A Prime Group, avec la participation de France T\u00e9l\u00e9visions R\u00e9dacteurs en chef : St\u00e9phane Evanno et Laetitia Bouchon Pr\u00e9sent\u00e9e par Marine Vignes et Laurent Romejko En direct Ce nouveau format se veut encore plus interactif. Les t\u00e9l\u00e9spectateurs gardent une place importante dans l'\u00e9mission et sur les r\u00e9seaux. Les photos ", "start_date": "2026-09-01T09:55:00+00:00", "title": "M\u00e9t\u00e9o \u00e0 la carte (la suite)"}, {"desc": "Egon Limbach et Roman Forster, deux marchands d'art, se voient proposer dix millions de dollars par un collectionneur pour voler une momie \u00e9gyptienne. Etant donn\u00e9 que le sarcophage repr\u00e9sente \u00e0 lui seul une vente int\u00e9ressante, les deux hommes d\u00e9cident d'en faire une copie...", "start_date": "2026-09-01T10:40:00+00:00", "title": "Rex, chien flic"}, {"desc": "Pr\u00e9sentatrice radio, Nina Klaus m\u00e8ne une campagne contre l'alcool au volant. Certains d\u00e9sapprouvent cette action et Nina re\u00e7oit des menaces par t\u00e9l\u00e9phone...", "start_date": "2026-09-01T11:35:00+00:00", "title": "Rex, chien flic"}, {"desc": "Katja Behrend, une adolescente, et son ami Mathias prennent des photos sur un chantier en d\u00e9molition. Ils s'amusent ensuite avec un pistolet appartenant au p\u00e8re de la jeune fille. Un coup de feu accidentel provoque un drame...", "start_date": "2026-09-01T12:35:00+00:00", "title": "Rex, chien flic"}, {"desc": "Les Fran\u00e7ais connaissent-ils bien leurs r\u00e9gions ? Deux familles de quatre personnes s'opposent pour remporter des sommes pouvant atteindre plusieurs milliers d'euros. Elles devront trouver les r\u00e9ponses aux questions de Cyril F\u00e9raud sur des sujets concernant leurs r\u00e9gions respectives.", "start_date": "2026-09-01T13:25:00+00:00", "title": "Duels en familles"}, {"desc": "Accessible \u00e0 tous les publics, \"Slam\" est un jeu de lettres 100% original qui fait la joie des amoureux des mots, des f\u00e9rus de quiz et des adeptes des mots fl\u00e9ch\u00e9s, en mixant tous les genres, de la g\u00e9ographie aux math\u00e9matiques, en passant par la chimie...et bien s\u00fbr le fran\u00e7ais. Au menu: vivacit\u00e9 d'esprit, humour, vocabulaire, orthographe et bien s\u00fbr culture g\u00e9n\u00e9rale!", "start_date": "2026-09-01T14:00:00+00:00", "title": "Slam"}, {"desc": "Programme Court Parrain\u00e9 avec FTP Annonceur GMF Production VML.", "start_date": "2026-09-01T14:34:00+00:00", "title": "R\u00e9flexe !"}, {"desc": "Un point quotidien sur l'actualit\u00e9 m\u00e9t\u00e9o et climatique, avec des reportages et des interviews d'experts.", "start_date": "2026-09-01T14:50:00+00:00", "title": "Journal M\u00e9t\u00e9o Climat"}, {"desc": "\"Dans le r\u00e9tro\" propose un voyage dans le temps de trois minutes, gr\u00e2ce aux archives de l'INA.", "start_date": "2026-09-01T15:00:00+00:00", "title": "\u00c9mission du mardi 1 septembre 2026"}, {"desc": "Un magazine d'information consacr\u00e9 aux personnes talentueuses et aux h\u00e9ros du quotidien en r\u00e9gion.", "start_date": "2026-09-01T15:10:00+00:00", "title": "Le journal des talents"}, {"desc": "Le rendez-vous vesp\u00e9ral des 24 r\u00e9dactions r\u00e9gionales de France T\u00e9l\u00e9visions, avec les journaux locaux, les reportages propres \u00e0 chaque r\u00e9gion, la m\u00e9t\u00e9o, mais aussi un regard de proximit\u00e9 sur l'actualit\u00e9 nationale et internationale.", "start_date": "2026-09-01T15:15:00+00:00", "title": "ICI 19/20 \u00e9dition toutes r\u00e9gions"}, {"desc": "Chaque jour, l'\u00e9mission prend le temps de raconter un territoire, et de s'arr\u00eater dans un site remarquable ou un lieu embl\u00e9matique \u00e0 d\u00e9couvrir.", "start_date": "2026-09-01T15:50:00+00:00", "title": "On vous emm\u00e8ne ici"}, {"desc": "Le magazine qui va au-del\u00e0 du seul r\u00e9sultat sportif : histoires humaines, enjeux soci\u00e9taux, innovations, culture sport, inclusion, environnement\u2026 Un regard moderne et ouvert sur le sport d'aujourd'hui.", "start_date": "2026-09-01T16:00:00+00:00", "title": "Stade 2 la quotidienne"}, {"desc": "Page quotidienne in\u00e9dite enti\u00e8rement d\u00e9di\u00e9e \u00e0 la Ligue 1 de football, offrant une immersion totale au c\u0153ur du championnat de France : derni\u00e8res actualit\u00e9s, r\u00e9sultats, informations sur les clubs et joueurs du championnat de France de football.", "start_date": "2026-09-01T16:10:00+00:00", "title": "Stade 2 Ligue 1"}, {"desc": "Un bulletin m\u00e9t\u00e9orologique propre \u00e0 chaque r\u00e9gion.", "start_date": "2026-09-01T16:20:00+00:00", "title": "M\u00e9t\u00e9o r\u00e9gionale"}, {"desc": "Un magazine d'information consacr\u00e9 aux personnes talentueuses et aux h\u00e9ros du quotidien en r\u00e9gion.", "start_date": "2026-09-01T16:21:00+00:00", "title": "Le journal des talents"}, {"desc": "Alors qu'Elise se sent responsable de la faille de s\u00e9curit\u00e9 durant sa mission, Muriel r\u00e9alise que Saskia tourne autour de Boris.", "start_date": "2026-09-01T16:25:00+00:00", "title": "Un si grand soleil"}, {"desc": "Sabine comprend qu'une fois de plus, Claudine l'a manipul\u00e9e pour obtenir ce qu'elle voulait. C\u00f4t\u00e9 enqu\u00eate, Manu se heurte \u00e0 un suspect mutique.", "start_date": "2026-09-01T16:45:00+00:00", "title": "Un si grand soleil"}, {"desc": "Sabine comprend qu'une fois de plus, Claudine l'a manipul\u00e9e pour obtenir ce qu'elle voulait. C\u00f4t\u00e9 enqu\u00eate, Manu se heurte \u00e0 un suspect mutique.", "start_date": "2026-09-01T16:50:00+00:00", "title": "Un si grand soleil"}, {"desc": "Une jeune femme, Manon Torres, est retrouv\u00e9e morte au large de Castan, paisible village de la C\u00f4te Bleue. Tr\u00e8s vite, l\u2019enqu\u00eate d\u00e9voile les secrets d\u2019une petite communaut\u00e9 divis\u00e9e, entre p\u00eache traditionnelle et braconnage d\u2019oursins. Mais alors que l\u2019ADN retrouv\u00e9 sous les ongles de la victime pourrait mettre notre duo de juges sur la piste du tueur\u2026 le r\u00e9sultat s\u00e8me le trouble. Car le suspect pr\u00e9sen", "start_date": "2026-09-01T17:10:00+00:00", "title": "La Stagiaire"}, {"desc": "Une jeune femme, Manon Torres, est retrouv\u00e9e morte au large de Castan, paisible village de la C\u00f4te Bleue. Tr\u00e8s vite, l\u2019enqu\u00eate d\u00e9voile les secrets d\u2019une petite communaut\u00e9 divis\u00e9e, entre p\u00eache traditionnelle et braconnage d\u2019oursins. Mais alors que l\u2019ADN retrouv\u00e9 sous les ongles de la victime pourrait mettre notre duo de juges sur la piste du tueur\u2026 le r\u00e9sultat s\u00e8me le trouble. Car le suspect pr\u00e9sen", "start_date": "2026-09-01T17:12:00+00:00", "title": "La Stagiaire"}, {"desc": "Un jeune gar\u00e7on est retrouv\u00e9 tu\u00e9 par balle dans une ruelle aux abords de son lyc\u00e9e. C'est un drame et un traumatisme pour ses camarades et pour tout le corps p\u00e9dagogique de l'\u00e9tablissement. Le juge Delcourt et Constance Meyer vont tenter de comprendre comment ce jeune homme aussi brillant, qui semblait r\u00e9sister au d\u00e9terminisme social, a \u00e9t\u00e9 m\u00eal\u00e9 \u00e0 une affaire qui l'a visiblement totalement d\u00e9pass\u00e9", "start_date": "2026-09-01T17:55:00+00:00", "title": "La Stagiaire"}, {"desc": "Un homme est retrouv\u00e9 mort dans une for\u00eat dans la campagne environnant Marseille. C'est un drame pour les habitants de la r\u00e9gion, car c'\u00e9tait le m\u00e9decin g\u00e9n\u00e9raliste qui s'\u00e9tait install\u00e9 depuis peu dans cette zone de d\u00e9sert m\u00e9dical. Les juges Delcourt et Meyer devront enqu\u00eater sur l'entourage familial du m\u00e9decin, mais aussi sur ses patients. Tout le monde devient suspect...", "start_date": "2026-09-01T18:45:00+00:00", "title": "La Stagiaire"}, {"desc": "Un homme, discret p\u00e8re de famille, a \u00e9t\u00e9 assassin\u00e9, pouss\u00e9 dans un pr\u00e9cipice. Quels secrets peut cacher un homme en apparence bien sous tous rapports ? L'enqu\u00eate m\u00e8ne Constance et Boris dans le monde noctambule du spectacle et des cabarets...", "start_date": "2026-09-01T19:35:00+00:00", "title": "La Stagiaire"}, {"desc": "Un pickpocket aux doigts de f\u00e9e a une derni\u00e8re journ\u00e9e pour rembourser son ex, dont il a trahi la confiance. Faute de complice, il se rabat sur son jeune cousin.", "start_date": "2026-09-01T20:30:00+00:00", "title": "Skinny bottines"}, {"desc": "Une jeune com\u00e9dienne fran\u00e7aise \u00e0 Los Angeles r\u00eave de faire carri\u00e8re. Sur le chemin d'un tournage elle s'arr\u00eate dans un supermarch\u00e9. Le r\u00eave am\u00e9ricain vire au cauchemar.", "start_date": "2026-09-01T20:50:00+00:00", "title": "Agn\u00e8s"}, {"desc": "Dans l'\u00e9blouissante incandescence d'un d\u00e9sert, trois \u00e2nes croisent un observatoire astronomique abandonn\u00e9 et l'univers.", "start_date": "2026-09-01T21:00:00+00:00", "title": "Libre court"}, {"desc": "La m\u00e8re du petit Maxime est tr\u00e8s inqui\u00e8te pour son enfant lorsque son enseignante lui d\u00e9clare qu'il n'est pas normal. Elle se rend aussit\u00f4t \u00e0 l'h\u00f4pital.", "start_date": "2026-09-01T21:15:00+00:00", "title": "Libre court"}, {"desc": "Un point quotidien sur l'actualit\u00e9 m\u00e9t\u00e9o et climatique, avec des reportages et des interviews d'experts.", "start_date": "2026-09-01T21:30:00+00:00", "title": "Journal M\u00e9t\u00e9o Climat"}, {"desc": "Depuis toujours, les humoristes se sont produits sur sc\u00e8ne, mais un jour, la t\u00e9l\u00e9vision va tout bouleverser. Philippe Bouvard, le premier, va cr\u00e9er son \"Petit th\u00e9\u00e2tre\" chaque soir, avant le journal sur Antenne 2. Mich\u00e8le Bernier, Mimie Mathy, Philippe Chevallier et R\u00e9gis Laspal\u00e8s, Didier Bourdon, Bernard Campan et Pascal L\u00e9gitimus, Smain et bien d'autres y font leurs d\u00e9buts. Puis viendront les \u00e9mi", "start_date": "2026-09-01T21:35:00+00:00", "title": "Les grands comiques du petit \u00e9cran"}, {"desc": "Carmen fait le m\u00e9nage, chez les autres, chez elle, depuis presque 80 ans. De sa Murcie natale, \u00e0 Paris, et maintenant en Galice, elle chante depuis tout ce temps-l\u00e0 aussi. C'est sa force, son rem\u00e8de \u00e0 l'exil, \u00e0 l'humiliation. Aujourd'hui au village, sa voix se m\u00eale \u00e0 celles de jeunes filles, elles aussi venues d'ailleurs, et qui trouvent, dans les airs de leur g\u00e9n\u00e9ration, mati\u00e8re \u00e0 leurs r\u00eaves.", "start_date": "2026-09-01T23:30:00+00:00", "title": "La France en vrai"}, {"desc": "Programme de musique classique pour se r\u00e9veiller en douceur.", "start_date": "2026-09-02T00:35:00+00:00", "title": "Les matinales"}, {"desc": "Les Fran\u00e7ais connaissent-ils bien leurs r\u00e9gions ? Deux familles de quatre personnes s'opposent pour remporter des sommes pouvant atteindre plusieurs milliers d'euros. Elles devront trouver les r\u00e9ponses aux questions de Cyril F\u00e9raud sur des sujets concernant leurs r\u00e9gions respectives.", "start_date": "2026-09-02T00:45:00+00:00", "title": "Duels en familles"}, {"desc": "Accessible \u00e0 tous les publics, \"Slam\" est un jeu de lettres 100% original qui fait la joie des amoureux des mots, des f\u00e9rus de quiz et des adeptes des mots fl\u00e9ch\u00e9s, en mixant tous les genres, de la g\u00e9ographie aux math\u00e9matiques, en passant par la chimie...et bien s\u00fbr le fran\u00e7ais. Au menu: vivacit\u00e9 d'esprit, humour, vocabulaire, orthographe et bien s\u00fbr culture g\u00e9n\u00e9rale!", "start_date": "2026-09-02T01:20:00+00:00", "title": "Slam"}, {"desc": "Engager tous ses muscles avec des alt\u00e8res.", "start_date": "2026-09-02T02:01:00+00:00", "title": "Alors on bouge en r\u00e9gion"}, {"desc": "De 6h30 \u00e0 9h, \\\" Ici Matin \\\" est votre premier rendez-vous de la journ\u00e9e avec l'information de proximit\u00e9. Elle ouvre les matin\u00e9es 100 % r\u00e9gionales de France 3. Au programme, des journaux d'information en hyper proximit\u00e9 tous les quarts d'heure, des points m\u00e9t\u00e9o et trafic r\u00e9guliers, de l'interactivit\u00e9 avec les auditeurs et t\u00e9l\u00e9spectateurs, et surtout une grande bouff\u00e9e de bonne humeur pour d\u00e9marre", "start_date": "2026-09-02T02:30:00+00:00", "title": "\u00c9mission du mercredi 2 septembre 2026"}, {"desc": "Des magazines ou documentaires propos\u00e9s par votre antenne r\u00e9gionale.", "start_date": "2026-09-02T05:05:00+00:00", "title": "\u00c9mission du mercredi 2 septembre 2026"}, {"desc": "Romans, essais, classiques ou encore bandes dessin\u00e9es, Fran\u00e7ois Busnel vous propose chaque jour de d\u00e9couvrir ou red\u00e9couvrir une \u0153uvre fran\u00e7aise ou \u00e9trang\u00e8re : du lundi au dimanche sur toutes les antennes du groupe France T\u00e9l\u00e9visions !", "start_date": "2026-09-02T06:25:00+00:00", "title": "La p'tite librairie"}, {"desc": "Ce magazine va nous faire d\u00e9couvrir les r\u00e9gions fran\u00e7aises en plongeant le t\u00e9l\u00e9spectateur au c\u00bfur d'une ville, d'un d\u00e9partement fran\u00e7ais, d'une r\u00e9gion, et lui fera d\u00e9couvrir son histoire, ses richesses patrimoniales, ses sp\u00e9cialit\u00e9s gastronomiques et ses lieux incontournables\u00bf Escales en France va \u00e0 la rencontre de ces fran\u00e7ais agriculteurs, marins p\u00eacheurs, artisans, restaurateurs, \u00e9leveurs, guid", "start_date": "2026-09-02T06:30:00+00:00", "title": "Escales en France"}, {"desc": "Romuald Royer fait escale en Balagne cette semaine pour faire connaissance avec Serena Sanna, une \u00e9leveuse de brebis productrice de fromage et bien s\u00fbr de ce fameux brocciu que le monde envie A la Corse\u00e2'\u0124 Sur la place du magnifique village de Speluncatu ou notre chef va installer son food-truck oA\u0131 vont se succ\u00e9der une s\u00e9rie d'invit\u00e9s plus \u00e9rudits et plus gourmands les uns que les autres, pour pa", "start_date": "2026-09-02T07:00:00+00:00", "title": "Tamantu Cucinaru"}, {"desc": "Le\u00efla Albert re\u00e7oit dans sa cuisine Alain Bosc-Biern alias Loulou, producteur de menthe poivr\u00e9e \u00e0 Milly-la-For\u00eat en Ile-de-France. Ensemble, ils cuisinent un savoureux carr\u00e9 d'agneau \u00e0 la menthe accompagn\u00e9 d'un gourmand gratin dauphinois. Pour compl\u00e9ter cette recette, Le\u00efla nous emm\u00e8ne \u00e0 la rencontre d'Agn\u00e8s au conservatoire national des plantes, de Nicolas, \u00e9leveur d'agneaux, avant de terminer ce", "start_date": "2026-09-02T07:30:00+00:00", "title": "C'est Succulent !"}, {"desc": "Bulletin m\u00e9t\u00e9orologique du service de presse de France 3-M\u00e9t\u00e9o France.", "start_date": "2026-09-02T08:00:00+00:00", "title": "M\u00e9t\u00e9o (en wallisien)"}, {"desc": "Pr\u00e9par\u00e9 et propos\u00e9 par la R\u00e9daction du P\u00f4le Outre-mer Une production France T\u00e9l\u00e9visions Pr\u00e9sent\u00e9 en alternance par Kessi Weishaupt et Laurence Theatin Le journal d'information qui vous emm\u00e8ne au c\u0153ur des Outre-mer et de leur actualit\u00e9.", "start_date": "2026-09-02T08:05:00+00:00", "title": "Outremer.l'info"}, {"desc": "Romans, essais, classiques ou encore bandes dessin\u00e9es, Fran\u00e7ois Busnel vous propose chaque jour de d\u00e9couvrir ou red\u00e9couvrir une \u0153uvre fran\u00e7aise ou \u00e9trang\u00e8re : du lundi au dimanche sur toutes les antennes du groupe France T\u00e9l\u00e9visions !", "start_date": "2026-09-02T08:15:00+00:00", "title": "La p'tite librairie"}, {"desc": "\"Dans le r\u00e9tro\" propose un voyage dans le temps de trois minutes, gr\u00e2ce aux archives de l'INA.", "start_date": "2026-09-02T08:25:00+00:00", "title": "\u00c9mission du mercredi 2 septembre 2026"}, {"desc": "Le rendez-vous de la mi-journ\u00e9e des 24 r\u00e9dactions r\u00e9gionales de France T\u00e9l\u00e9visions, avec les journaux locaux, les reportages propres \u00e0 chaque r\u00e9gion, la m\u00e9t\u00e9o, mais aussi un regard de proximit\u00e9 sur l'actualit\u00e9 nationale et internationale.", "start_date": "2026-09-02T08:26:00+00:00", "title": "ICI 12/13 \u00e9dition toutes r\u00e9gions"}, {"desc": "Une \u00e9mission r\u00e9alis\u00e9e par Captain Productions Une production Enibas Productions, A Prime Group, avec la participation de France T\u00e9l\u00e9visions R\u00e9dacteurs en chef : St\u00e9phane Evanno et Laetitia Bouchon Pr\u00e9sent\u00e9e par Marine Vignes et Laurent Romejko En direct \"M\u00e9t\u00e9o \u00e0 la carte.", "start_date": "2026-09-02T08:55:00+00:00", "title": "M\u00e9t\u00e9o \u00e0 la carte"}, {"desc": "Une \u00e9mission r\u00e9alis\u00e9e par Captain Productions Une production Enibas Productions, A Prime Group, avec la participation de France T\u00e9l\u00e9visions R\u00e9dacteurs en chef : St\u00e9phane Evanno et Laetitia Bouchon Pr\u00e9sent\u00e9e par Marine Vignes et Laurent Romejko En direct Ce nouveau format se veut encore plus interactif. Les t\u00e9l\u00e9spectateurs gardent une place importante dans l'\u00e9mission et sur les r\u00e9seaux. Les photos ", "start_date": "2026-09-02T09:55:00+00:00", "title": "M\u00e9t\u00e9o \u00e0 la carte (la suite)"}, {"desc": "L'h\u00f4pital est en effervescence : durant la nuit, une jeune patiente a disparu. Elle a \u00e9t\u00e9 d\u00e9couverte un peu plus tard dans l'ascenseur, \u00e9vanouie. La directrice de l'h\u00f4pital ordonne une enqu\u00eate mais, le lendemain, elle est retrouv\u00e9e morte dans son bureau, assassin\u00e9e. Le commissaire Marc Hoffmann enqu\u00eate parmi le personnel de l'h\u00f4pital, mais n'obtient aucun r\u00e9sultat. Lorsqu'une agression sexuelle es", "start_date": "2026-09-02T10:40:00+00:00", "title": "Rex, chien flic"}, {"desc": "Le cadavre d'un serveur, pr\u00e9nomm\u00e9 Serge, a \u00e9t\u00e9 d\u00e9couvert dans sa propre maison. Une importante somme d'argent, que le malheureux avait cach\u00e9e, est mise au jour \u00e0 cette occasion. Bien qu'il semble \u00e9vident que la petite amie de Serge ne soit pas \u00e9trang\u00e8re \u00e0 sa mort, la police s'acharne \u00e0 chercher d'autres indices. C'est ainsi que les enqu\u00eateurs rencontrent Doris, l'ex-compagne de Serge...", "start_date": "2026-09-02T11:35:00+00:00", "title": "Rex, chien flic"}, {"desc": "En route pour son travail, une jeune femme avale un cachet de vitamines. Peu apr\u00e8s, la malheureuse est retrouv\u00e9e morte. Un homme d\u00e9c\u00e8de \u00e9galement dans les m\u00eames circonstances. Dans les deux cas, les vitamines ont \u00e9t\u00e9 empoisonn\u00e9es. Marc est convaincu qu'il s'agit d'un moyen de faire pression sur la firme qui distribue le produit et de tenter de le faire interdire. Il m\u00e8ne son enqu\u00eate sur les soci\u00e9t", "start_date": "2026-09-02T12:35:00+00:00", "title": "Rex, chien flic"}, {"desc": "Les Fran\u00e7ais connaissent-ils bien leurs r\u00e9gions ? Deux familles de quatre personnes s'opposent pour remporter des sommes pouvant atteindre plusieurs milliers d'euros. Elles devront trouver les r\u00e9ponses aux questions de Cyril F\u00e9raud sur des sujets concernant leurs r\u00e9gions respectives.", "start_date": "2026-09-02T13:25:00+00:00", "title": "Duels en familles"}, {"desc": "Accessible \u00e0 tous les publics, \"Slam\" est un jeu de lettres 100% original qui fait la joie des amoureux des mots, des f\u00e9rus de quiz et des adeptes des mots fl\u00e9ch\u00e9s, en mixant tous les genres, de la g\u00e9ographie aux math\u00e9matiques, en passant par la chimie...et bien s\u00fbr le fran\u00e7ais. Au menu: vivacit\u00e9 d'esprit, humour, vocabulaire, orthographe et bien s\u00fbr culture g\u00e9n\u00e9rale!", "start_date": "2026-09-02T14:00:00+00:00", "title": "Slam"}, {"desc": "Programme Court Parrain\u00e9 avec FTP Annonceur GMF Production VML.", "start_date": "2026-09-02T14:34:00+00:00", "title": "R\u00e9flexe !"}, {"desc": "Un point quotidien sur l'actualit\u00e9 m\u00e9t\u00e9o et climatique, avec des reportages et des interviews d'experts.", "start_date": "2026-09-02T14:50:00+00:00", "title": "Journal M\u00e9t\u00e9o Climat"}, {"desc": "\"Dans le r\u00e9tro\" propose un voyage dans le temps de trois minutes, gr\u00e2ce aux archives de l'INA.", "start_date": "2026-09-02T15:00:00+00:00", "title": "\u00c9mission du mercredi 2 septembre 2026"}, {"desc": "Un magazine d'information consacr\u00e9 aux personnes talentueuses et aux h\u00e9ros du quotidien en r\u00e9gion.", "start_date": "2026-09-02T15:10:00+00:00", "title": "Le journal des talents"}, {"desc": "Le rendez-vous vesp\u00e9ral des 24 r\u00e9dactions r\u00e9gionales de France T\u00e9l\u00e9visions, avec les journaux locaux, les reportages propres \u00e0 chaque r\u00e9gion, la m\u00e9t\u00e9o, mais aussi un regard de proximit\u00e9 sur l'actualit\u00e9 nationale et internationale.", "start_date": "2026-09-02T15:15:00+00:00", "title": "ICI 19/20 \u00e9dition toutes r\u00e9gions"}, {"desc": "Chaque jour, l'\u00e9mission prend le temps de raconter un territoire, et de s'arr\u00eater dans un site remarquable ou un lieu embl\u00e9matique \u00e0 d\u00e9couvrir.", "start_date": "2026-09-02T15:50:00+00:00", "title": "On vous emm\u00e8ne ici"}, {"desc": "Le magazine qui va au-del\u00e0 du seul r\u00e9sultat sportif : histoires humaines, enjeux soci\u00e9taux, innovations, culture sport, inclusion, environnement\u2026 Un regard moderne et ouvert sur le sport d'aujourd'hui.", "start_date": "2026-09-02T16:00:00+00:00", "title": "Stade 2 la quotidienne"}, {"desc": "Page quotidienne in\u00e9dite enti\u00e8rement d\u00e9di\u00e9e \u00e0 la Ligue 1 de football, offrant une immersion totale au c\u0153ur du championnat de France : derni\u00e8res actualit\u00e9s, r\u00e9sultats, informations sur les clubs et joueurs du championnat de France de football.", "start_date": "2026-09-02T16:10:00+00:00", "title": "Stade 2 Ligue 1"}, {"desc": "Un bulletin m\u00e9t\u00e9orologique propre \u00e0 chaque r\u00e9gion.", "start_date": "2026-09-02T16:20:00+00:00", "title": "M\u00e9t\u00e9o r\u00e9gionale"}, {"desc": "Un magazine d'information consacr\u00e9 aux personnes talentueuses et aux h\u00e9ros du quotidien en r\u00e9gion.", "start_date": "2026-09-02T16:21:00+00:00", "title": "Le journal des talents"}, {"desc": "Sabine comprend qu'une fois de plus, Claudine l'a manipul\u00e9e pour obtenir ce qu'elle voulait. C\u00f4t\u00e9 enqu\u00eate, Manu se heurte \u00e0 un suspect mutique.", "start_date": "2026-09-02T16:25:00+00:00", "title": "Un si grand soleil"}, {"desc": "Florent d\u00e9couvre un autre visage de C\u00e9cile. Quant \u00e0 Sabine, elle appr\u00e9hende le retour de C\u00e9leste, sa belle-m\u00e8re.", "start_date": "2026-09-02T16:45:00+00:00", "title": "Un si grand soleil"}, {"desc": "Florent d\u00e9couvre un autre visage de C\u00e9cile. Quant \u00e0 Sabine, elle appr\u00e9hende le retour de C\u00e9leste, sa belle-m\u00e8re.", "start_date": "2026-09-02T16:50:00+00:00", "title": "Un si grand soleil"}, {"desc": "De Belle-\u00cele-en-Mer \u00e0 Noyal-Muzillac, en passant par Plouharnel, des hommes et des femmes unissent leurs forces pour sauver leur terroir, ressusciter leur histoire et faire battre le c\u0153ur de leurs campagnes. Au sommaire : \"Belle-\u00cele-en-Mer : Le pari fou d'un festival gastronomique 100% local\" A Belle-Ile-en Mer, Julia Hammer une jeune femme de 25 ans a d\u00e9cid\u00e9 de sauver le patrimoine gastronomique ", "start_date": "2026-09-02T17:10:00+00:00", "title": "La France des villages"}, {"desc": "Au sommaire : \"Rieux-Volvestre : Le tir au Papogaye, une tradition m\u00e9di\u00e9vale au coeur du village\". La cit\u00e9 m\u00e9di\u00e9vale de Rieux-Volvestre vibre au rythme d'un rituel unique et ancien : faire tomber un perroquet de bois et de fer perch\u00e9 \u00e0 45 m\u00e8tres de haut pour d\u00e9signer le nouveau roi du village. - \"Aguessac : une ma\u00eetre verrier au chevet des petites \u00e9glises de village\". Derri\u00e8re le clocher de l'\u00e9gli", "start_date": "2026-09-02T18:10:00+00:00", "title": "La France des villages"}, {"desc": "Louis, Marie, L\u00e9o et Mathieu ont de 26 A 34 ans. Producteur de noisettes, vigneronne, chef, ostr\u00e9iculteur, ils incarnent cette g\u00e9n\u00e9ration qui construit son univers professionnel sur de nouveaux \u00e9quilibres. En filigrane de leurs parcours individuels, une transformation collective appara\u00eet : celle d'une g\u00e9n\u00e9ration qui ne fuit pas les territoires ruraux mais les revitalise, qui ne renie pas l'h\u00e9ritag", "start_date": "2026-09-02T19:00:00+00:00", "title": "La France en vrai"}, {"desc": "Pour son deuxi\u00e8me voyage dans \"Nos terres inconnues.", "start_date": "2026-09-02T20:00:00+00:00", "title": "Nos terres inconnues"}, {"desc": "Un point quotidien sur l'actualit\u00e9 m\u00e9t\u00e9o et climatique, avec des reportages et des interviews d'experts.", "start_date": "2026-09-02T21:35:00+00:00", "title": "Journal M\u00e9t\u00e9o Climat"}, {"desc": "Dans la France des ann\u00e9es 50, avant le temps des ind\u00e9pendances, ma m\u00e8re, blonde aux yeux bleus, a aim\u00e9 un beau S\u00e9n\u00e9galais. Il a disparu avant ma naissance. De lui ne me restent que la couleur de ma peau et les rencontres hostiles ou amicales qu'elle a suscit\u00e9es. C'est dans ce commerce social que mon regard s'est form\u00e9, et que mon imaginaire s'est nourri. Ce qui reste des amours de nos m\u00e8res est un", "start_date": "2026-09-02T21:40:00+00:00", "title": "La France en Vrai - Bretagne"}, {"desc": "Romans, essais, classiques ou encore bandes dessin\u00e9es, Fran\u00e7ois Busnel vous propose chaque jour de d\u00e9couvrir ou red\u00e9couvrir une \u0153uvre fran\u00e7aise ou \u00e9trang\u00e8re : du lundi au dimanche sur toutes les antennes du groupe France T\u00e9l\u00e9visions !", "start_date": "2026-09-02T22:45:00+00:00", "title": "La p'tite librairie"}, {"desc": "Le Gala de l'humour Juste pour rire est un rendez-vous incontournable pour tous les amateurs d'humour. Anim\u00e9 par Mehdi Bousaidan, il r\u00e9unit cette ann\u00e9e les ma\u00eetres Jamel Debbouze, Gad Elmaleh et Jarry, des humoristes \u00e0 l'\u00e9nergie contagieuse comme Rachid Badouri, des voix f\u00e9minines percutantes comme Caroline Vigneaux et Katherine Levac, mais aussi des artistes coups de c\u0153ur du public : Sarah Lele, ", "start_date": "2026-09-02T22:50:00+00:00", "title": "Le gala de l'humour - juste pour rire"}], "offset": "+00:00", "timezone": "UTC", "error_code": -1, "start_date": "2026-09-01", "icon": ""}