{"end_date": "2026-09-03", "name": "France 3 ", "info_url": "https://epg.pw/channels/549020/20260902.html", "country": "France", "description": null, "error_message": "", "provider": "", "source_url": "https://epg.pw/api/epg.json?channel_id=549020&date=20260902&timezone=None", "epg_list": [{"desc": "Programme de musique classique pour se r\u00e9veiller en douceur.", "start_date": "2026-09-02T00:35:00+00:00", "title": "Les matinales"}, {"desc": "Les Fran\u00e7ais connaissent-ils bien leurs r\u00e9gions ? Deux familles de quatre personnes s'opposent pour remporter des sommes pouvant atteindre plusieurs milliers d'euros. Elles devront trouver les r\u00e9ponses aux questions de Cyril F\u00e9raud sur des sujets concernant leurs r\u00e9gions respectives.", "start_date": "2026-09-02T00:45:00+00:00", "title": "Duels en familles"}, {"desc": "Accessible \u00e0 tous les publics, \"Slam\" est un jeu de lettres 100% original qui fait la joie des amoureux des mots, des f\u00e9rus de quiz et des adeptes des mots fl\u00e9ch\u00e9s, en mixant tous les genres, de la g\u00e9ographie aux math\u00e9matiques, en passant par la chimie...et bien s\u00fbr le fran\u00e7ais. Au menu: vivacit\u00e9 d'esprit, humour, vocabulaire, orthographe et bien s\u00fbr culture g\u00e9n\u00e9rale!", "start_date": "2026-09-02T01:20:00+00:00", "title": "Slam"}, {"desc": "Engager tous ses muscles avec des alt\u00e8res.", "start_date": "2026-09-02T02:01:00+00:00", "title": "Alors on bouge en r\u00e9gion"}, {"desc": "De 6h30 \u00e0 9h, \\\" Ici Matin \\\" est votre premier rendez-vous de la journ\u00e9e avec l'information de proximit\u00e9. Elle ouvre les matin\u00e9es 100 % r\u00e9gionales de France 3. Au programme, des journaux d'information en hyper proximit\u00e9 tous les quarts d'heure, des points m\u00e9t\u00e9o et trafic r\u00e9guliers, de l'interactivit\u00e9 avec les auditeurs et t\u00e9l\u00e9spectateurs, et surtout une grande bouff\u00e9e de bonne humeur pour d\u00e9marre", "start_date": "2026-09-02T02:30:00+00:00", "title": "\u00c9mission du mercredi 2 septembre 2026"}, {"desc": "Des magazines ou documentaires propos\u00e9s par votre antenne r\u00e9gionale.", "start_date": "2026-09-02T05:05:00+00:00", "title": "\u00c9mission du mercredi 2 septembre 2026"}, {"desc": "Romans, essais, classiques ou encore bandes dessin\u00e9es, Fran\u00e7ois Busnel vous propose chaque jour de d\u00e9couvrir ou red\u00e9couvrir une \u0153uvre fran\u00e7aise ou \u00e9trang\u00e8re : du lundi au dimanche sur toutes les antennes du groupe France T\u00e9l\u00e9visions !", "start_date": "2026-09-02T06:25:00+00:00", "title": "La p'tite librairie"}, {"desc": "Ce magazine va nous faire d\u00e9couvrir les r\u00e9gions fran\u00e7aises en plongeant le t\u00e9l\u00e9spectateur au c\u00bfur d'une ville, d'un d\u00e9partement fran\u00e7ais, d'une r\u00e9gion, et lui fera d\u00e9couvrir son histoire, ses richesses patrimoniales, ses sp\u00e9cialit\u00e9s gastronomiques et ses lieux incontournables\u00bf Escales en France va \u00e0 la rencontre de ces fran\u00e7ais agriculteurs, marins p\u00eacheurs, artisans, restaurateurs, \u00e9leveurs, guid", "start_date": "2026-09-02T06:30:00+00:00", "title": "Escales en France"}, {"desc": "Romuald Royer fait escale en Balagne cette semaine pour faire connaissance avec Serena Sanna, une \u00e9leveuse de brebis productrice de fromage et bien s\u00fbr de ce fameux brocciu que le monde envie A la Corse\u00e2'\u0124 Sur la place du magnifique village de Speluncatu ou notre chef va installer son food-truck oA\u0131 vont se succ\u00e9der une s\u00e9rie d'invit\u00e9s plus \u00e9rudits et plus gourmands les uns que les autres, pour pa", "start_date": "2026-09-02T07:00:00+00:00", "title": "Tamantu Cucinaru"}, {"desc": "Le\u00efla Albert re\u00e7oit dans sa cuisine Alain Bosc-Biern alias Loulou, producteur de menthe poivr\u00e9e \u00e0 Milly-la-For\u00eat en Ile-de-France. Ensemble, ils cuisinent un savoureux carr\u00e9 d'agneau \u00e0 la menthe accompagn\u00e9 d'un gourmand gratin dauphinois. Pour compl\u00e9ter cette recette, Le\u00efla nous emm\u00e8ne \u00e0 la rencontre d'Agn\u00e8s au conservatoire national des plantes, de Nicolas, \u00e9leveur d'agneaux, avant de terminer ce", "start_date": "2026-09-02T07:30:00+00:00", "title": "C'est Succulent !"}, {"desc": "Bulletin m\u00e9t\u00e9orologique du service de presse de France 3-M\u00e9t\u00e9o France.", "start_date": "2026-09-02T08:00:00+00:00", "title": "M\u00e9t\u00e9o (en wallisien)"}, {"desc": "Pr\u00e9par\u00e9 et propos\u00e9 par la R\u00e9daction du P\u00f4le Outre-mer Une production France T\u00e9l\u00e9visions Pr\u00e9sent\u00e9 en alternance par Kessi Weishaupt et Laurence Theatin Le journal d'information qui vous emm\u00e8ne au c\u0153ur des Outre-mer et de leur actualit\u00e9.", "start_date": "2026-09-02T08:05:00+00:00", "title": "Outremer.l'info"}, {"desc": "Romans, essais, classiques ou encore bandes dessin\u00e9es, Fran\u00e7ois Busnel vous propose chaque jour de d\u00e9couvrir ou red\u00e9couvrir une \u0153uvre fran\u00e7aise ou \u00e9trang\u00e8re : du lundi au dimanche sur toutes les antennes du groupe France T\u00e9l\u00e9visions !", "start_date": "2026-09-02T08:15:00+00:00", "title": "La p'tite librairie"}, {"desc": "\"Dans le r\u00e9tro\" propose un voyage dans le temps de trois minutes, gr\u00e2ce aux archives de l'INA.", "start_date": "2026-09-02T08:25:00+00:00", "title": "\u00c9mission du mercredi 2 septembre 2026"}, {"desc": "Le rendez-vous de la mi-journ\u00e9e des 24 r\u00e9dactions r\u00e9gionales de France T\u00e9l\u00e9visions, avec les journaux locaux, les reportages propres \u00e0 chaque r\u00e9gion, la m\u00e9t\u00e9o, mais aussi un regard de proximit\u00e9 sur l'actualit\u00e9 nationale et internationale.", "start_date": "2026-09-02T08:26:00+00:00", "title": "ICI 12/13 \u00e9dition toutes r\u00e9gions"}, {"desc": "Une \u00e9mission r\u00e9alis\u00e9e par Captain Productions Une production Enibas Productions, A Prime Group, avec la participation de France T\u00e9l\u00e9visions R\u00e9dacteurs en chef : St\u00e9phane Evanno et Laetitia Bouchon Pr\u00e9sent\u00e9e par Marine Vignes et Laurent Romejko En direct \"M\u00e9t\u00e9o \u00e0 la carte.", "start_date": "2026-09-02T08:55:00+00:00", "title": "M\u00e9t\u00e9o \u00e0 la carte"}, {"desc": "Une \u00e9mission r\u00e9alis\u00e9e par Captain Productions Une production Enibas Productions, A Prime Group, avec la participation de France T\u00e9l\u00e9visions R\u00e9dacteurs en chef : St\u00e9phane Evanno et Laetitia Bouchon Pr\u00e9sent\u00e9e par Marine Vignes et Laurent Romejko En direct Ce nouveau format se veut encore plus interactif. Les t\u00e9l\u00e9spectateurs gardent une place importante dans l'\u00e9mission et sur les r\u00e9seaux. Les photos ", "start_date": "2026-09-02T09:55:00+00:00", "title": "M\u00e9t\u00e9o \u00e0 la carte (la suite)"}, {"desc": "L'h\u00f4pital est en effervescence : durant la nuit, une jeune patiente a disparu. Elle a \u00e9t\u00e9 d\u00e9couverte un peu plus tard dans l'ascenseur, \u00e9vanouie. La directrice de l'h\u00f4pital ordonne une enqu\u00eate mais, le lendemain, elle est retrouv\u00e9e morte dans son bureau, assassin\u00e9e. Le commissaire Marc Hoffmann enqu\u00eate parmi le personnel de l'h\u00f4pital, mais n'obtient aucun r\u00e9sultat. Lorsqu'une agression sexuelle es", "start_date": "2026-09-02T10:40:00+00:00", "title": "Rex, chien flic"}, {"desc": "Le cadavre d'un serveur, pr\u00e9nomm\u00e9 Serge, a \u00e9t\u00e9 d\u00e9couvert dans sa propre maison. Une importante somme d'argent, que le malheureux avait cach\u00e9e, est mise au jour \u00e0 cette occasion. Bien qu'il semble \u00e9vident que la petite amie de Serge ne soit pas \u00e9trang\u00e8re \u00e0 sa mort, la police s'acharne \u00e0 chercher d'autres indices. C'est ainsi que les enqu\u00eateurs rencontrent Doris, l'ex-compagne de Serge...", "start_date": "2026-09-02T11:35:00+00:00", "title": "Rex, chien flic"}, {"desc": "En route pour son travail, une jeune femme avale un cachet de vitamines. Peu apr\u00e8s, la malheureuse est retrouv\u00e9e morte. Un homme d\u00e9c\u00e8de \u00e9galement dans les m\u00eames circonstances. Dans les deux cas, les vitamines ont \u00e9t\u00e9 empoisonn\u00e9es. Marc est convaincu qu'il s'agit d'un moyen de faire pression sur la firme qui distribue le produit et de tenter de le faire interdire. Il m\u00e8ne son enqu\u00eate sur les soci\u00e9t", "start_date": "2026-09-02T12:35:00+00:00", "title": "Rex, chien flic"}, {"desc": "Les Fran\u00e7ais connaissent-ils bien leurs r\u00e9gions ? Deux familles de quatre personnes s'opposent pour remporter des sommes pouvant atteindre plusieurs milliers d'euros. Elles devront trouver les r\u00e9ponses aux questions de Cyril F\u00e9raud sur des sujets concernant leurs r\u00e9gions respectives.", "start_date": "2026-09-02T13:25:00+00:00", "title": "Duels en familles"}, {"desc": "Accessible \u00e0 tous les publics, \"Slam\" est un jeu de lettres 100% original qui fait la joie des amoureux des mots, des f\u00e9rus de quiz et des adeptes des mots fl\u00e9ch\u00e9s, en mixant tous les genres, de la g\u00e9ographie aux math\u00e9matiques, en passant par la chimie...et bien s\u00fbr le fran\u00e7ais. Au menu: vivacit\u00e9 d'esprit, humour, vocabulaire, orthographe et bien s\u00fbr culture g\u00e9n\u00e9rale!", "start_date": "2026-09-02T14:00:00+00:00", "title": "Slam"}, {"desc": "Programme Court Parrain\u00e9 avec FTP Annonceur GMF Production VML.", "start_date": "2026-09-02T14:34:00+00:00", "title": "R\u00e9flexe !"}, {"desc": "Un point quotidien sur l'actualit\u00e9 m\u00e9t\u00e9o et climatique, avec des reportages et des interviews d'experts.", "start_date": "2026-09-02T14:50:00+00:00", "title": "Journal M\u00e9t\u00e9o Climat"}, {"desc": "\"Dans le r\u00e9tro\" propose un voyage dans le temps de trois minutes, gr\u00e2ce aux archives de l'INA.", "start_date": "2026-09-02T15:00:00+00:00", "title": "\u00c9mission du mercredi 2 septembre 2026"}, {"desc": "Un magazine d'information consacr\u00e9 aux personnes talentueuses et aux h\u00e9ros du quotidien en r\u00e9gion.", "start_date": "2026-09-02T15:10:00+00:00", "title": "Le journal des talents"}, {"desc": "Le rendez-vous vesp\u00e9ral des 24 r\u00e9dactions r\u00e9gionales de France T\u00e9l\u00e9visions, avec les journaux locaux, les reportages propres \u00e0 chaque r\u00e9gion, la m\u00e9t\u00e9o, mais aussi un regard de proximit\u00e9 sur l'actualit\u00e9 nationale et internationale.", "start_date": "2026-09-02T15:15:00+00:00", "title": "ICI 19/20 \u00e9dition toutes r\u00e9gions"}, {"desc": "Chaque jour, l'\u00e9mission prend le temps de raconter un territoire, et de s'arr\u00eater dans un site remarquable ou un lieu embl\u00e9matique \u00e0 d\u00e9couvrir.", "start_date": "2026-09-02T15:50:00+00:00", "title": "On vous emm\u00e8ne ici"}, {"desc": "Le magazine qui va au-del\u00e0 du seul r\u00e9sultat sportif : histoires humaines, enjeux soci\u00e9taux, innovations, culture sport, inclusion, environnement\u2026 Un regard moderne et ouvert sur le sport d'aujourd'hui.", "start_date": "2026-09-02T16:00:00+00:00", "title": "Stade 2 la quotidienne"}, {"desc": "Page quotidienne in\u00e9dite enti\u00e8rement d\u00e9di\u00e9e \u00e0 la Ligue 1 de football, offrant une immersion totale au c\u0153ur du championnat de France : derni\u00e8res actualit\u00e9s, r\u00e9sultats, informations sur les clubs et joueurs du championnat de France de football.", "start_date": "2026-09-02T16:10:00+00:00", "title": "Stade 2 Ligue 1"}, {"desc": "Un bulletin m\u00e9t\u00e9orologique propre \u00e0 chaque r\u00e9gion.", "start_date": "2026-09-02T16:20:00+00:00", "title": "M\u00e9t\u00e9o r\u00e9gionale"}, {"desc": "Un magazine d'information consacr\u00e9 aux personnes talentueuses et aux h\u00e9ros du quotidien en r\u00e9gion.", "start_date": "2026-09-02T16:21:00+00:00", "title": "Le journal des talents"}, {"desc": "Sabine comprend qu'une fois de plus, Claudine l'a manipul\u00e9e pour obtenir ce qu'elle voulait. C\u00f4t\u00e9 enqu\u00eate, Manu se heurte \u00e0 un suspect mutique.", "start_date": "2026-09-02T16:25:00+00:00", "title": "Un si grand soleil"}, {"desc": "Florent d\u00e9couvre un autre visage de C\u00e9cile. Quant \u00e0 Sabine, elle appr\u00e9hende le retour de C\u00e9leste, sa belle-m\u00e8re.", "start_date": "2026-09-02T16:45:00+00:00", "title": "Un si grand soleil"}, {"desc": "Florent d\u00e9couvre un autre visage de C\u00e9cile. Quant \u00e0 Sabine, elle appr\u00e9hende le retour de C\u00e9leste, sa belle-m\u00e8re.", "start_date": "2026-09-02T16:50:00+00:00", "title": "Un si grand soleil"}, {"desc": "De Belle-\u00cele-en-Mer \u00e0 Noyal-Muzillac, en passant par Plouharnel, des hommes et des femmes unissent leurs forces pour sauver leur terroir, ressusciter leur histoire et faire battre le c\u0153ur de leurs campagnes. Au sommaire : \"Belle-\u00cele-en-Mer : Le pari fou d'un festival gastronomique 100% local\" A Belle-Ile-en Mer, Julia Hammer une jeune femme de 25 ans a d\u00e9cid\u00e9 de sauver le patrimoine gastronomique ", "start_date": "2026-09-02T17:10:00+00:00", "title": "La France des villages"}, {"desc": "Au sommaire : \"Rieux-Volvestre : Le tir au Papogaye, une tradition m\u00e9di\u00e9vale au coeur du village\". La cit\u00e9 m\u00e9di\u00e9vale de Rieux-Volvestre vibre au rythme d'un rituel unique et ancien : faire tomber un perroquet de bois et de fer perch\u00e9 \u00e0 45 m\u00e8tres de haut pour d\u00e9signer le nouveau roi du village. - \"Aguessac : une ma\u00eetre verrier au chevet des petites \u00e9glises de village\". Derri\u00e8re le clocher de l'\u00e9gli", "start_date": "2026-09-02T18:10:00+00:00", "title": "La France des villages"}, {"desc": "Louis, Marie, L\u00e9o et Mathieu ont de 26 A 34 ans. Producteur de noisettes, vigneronne, chef, ostr\u00e9iculteur, ils incarnent cette g\u00e9n\u00e9ration qui construit son univers professionnel sur de nouveaux \u00e9quilibres. En filigrane de leurs parcours individuels, une transformation collective appara\u00eet : celle d'une g\u00e9n\u00e9ration qui ne fuit pas les territoires ruraux mais les revitalise, qui ne renie pas l'h\u00e9ritag", "start_date": "2026-09-02T19:00:00+00:00", "title": "La France en vrai"}, {"desc": "Pour son deuxi\u00e8me voyage dans \"Nos terres inconnues.", "start_date": "2026-09-02T20:00:00+00:00", "title": "Nos terres inconnues"}, {"desc": "Un point quotidien sur l'actualit\u00e9 m\u00e9t\u00e9o et climatique, avec des reportages et des interviews d'experts.", "start_date": "2026-09-02T21:35:00+00:00", "title": "Journal M\u00e9t\u00e9o Climat"}, {"desc": "Dans la France des ann\u00e9es 50, avant le temps des ind\u00e9pendances, ma m\u00e8re, blonde aux yeux bleus, a aim\u00e9 un beau S\u00e9n\u00e9galais. Il a disparu avant ma naissance. De lui ne me restent que la couleur de ma peau et les rencontres hostiles ou amicales qu'elle a suscit\u00e9es. C'est dans ce commerce social que mon regard s'est form\u00e9, et que mon imaginaire s'est nourri. Ce qui reste des amours de nos m\u00e8res est un", "start_date": "2026-09-02T21:40:00+00:00", "title": "La France en Vrai - Bretagne"}, {"desc": "Romans, essais, classiques ou encore bandes dessin\u00e9es, Fran\u00e7ois Busnel vous propose chaque jour de d\u00e9couvrir ou red\u00e9couvrir une \u0153uvre fran\u00e7aise ou \u00e9trang\u00e8re : du lundi au dimanche sur toutes les antennes du groupe France T\u00e9l\u00e9visions !", "start_date": "2026-09-02T22:45:00+00:00", "title": "La p'tite librairie"}, {"desc": "Le Gala de l'humour Juste pour rire est un rendez-vous incontournable pour tous les amateurs d'humour. Anim\u00e9 par Mehdi Bousaidan, il r\u00e9unit cette ann\u00e9e les ma\u00eetres Jamel Debbouze, Gad Elmaleh et Jarry, des humoristes \u00e0 l'\u00e9nergie contagieuse comme Rachid Badouri, des voix f\u00e9minines percutantes comme Caroline Vigneaux et Katherine Levac, mais aussi des artistes coups de c\u0153ur du public : Sarah Lele, ", "start_date": "2026-09-02T22:50:00+00:00", "title": "Le gala de l'humour - juste pour rire"}, {"desc": "Programme de musique classique pour se r\u00e9veiller en douceur.", "start_date": "2026-09-03T00:40:00+00:00", "title": "Les matinales"}, {"desc": "Les Fran\u00e7ais connaissent-ils bien leurs r\u00e9gions ? Deux familles de quatre personnes s'opposent pour remporter des sommes pouvant atteindre plusieurs milliers d'euros. Elles devront trouver les r\u00e9ponses aux questions de Cyril F\u00e9raud sur des sujets concernant leurs r\u00e9gions respectives.", "start_date": "2026-09-03T00:45:00+00:00", "title": "Duels en familles"}, {"desc": "Accessible \u00e0 tous les publics, \"Slam\" est un jeu de lettres 100% original qui fait la joie des amoureux des mots, des f\u00e9rus de quiz et des adeptes des mots fl\u00e9ch\u00e9s, en mixant tous les genres, de la g\u00e9ographie aux math\u00e9matiques, en passant par la chimie...et bien s\u00fbr le fran\u00e7ais. Au menu: vivacit\u00e9 d'esprit, humour, vocabulaire, orthographe et bien s\u00fbr culture g\u00e9n\u00e9rale!", "start_date": "2026-09-03T01:20:00+00:00", "title": "Slam"}, {"desc": "Quelques exercices de mobilit\u00e9 \u00e0 mettre en place de fa\u00e7on r\u00e9guli\u00e8re ,afin de renforcer le bas du corps tout en le rendant plus mobile. Vous am\u00e9liorerez votre \u00e9quilibre et votre stabilit\u00e9 en renfor\u00e7ant votre ancrage au sol. Niveau interm\u00e9diaire.", "start_date": "2026-09-03T02:01:00+00:00", "title": "Alors on bouge en r\u00e9gion"}, {"desc": "De 6h30 \u00e0 9h, \\\" Ici Matin \\\" est votre premier rendez-vous de la journ\u00e9e avec l'information de proximit\u00e9. Elle ouvre les matin\u00e9es 100 % r\u00e9gionales de France 3. Au programme, des journaux d'information en hyper proximit\u00e9 tous les quarts d'heure, des points m\u00e9t\u00e9o et trafic r\u00e9guliers, de l'interactivit\u00e9 avec les auditeurs et t\u00e9l\u00e9spectateurs, et surtout une grande bouff\u00e9e de bonne humeur pour d\u00e9marre", "start_date": "2026-09-03T02:30:00+00:00", "title": "\u00c9mission du jeudi 3 septembre 2026"}, {"desc": "Des magazines ou documentaires propos\u00e9s par votre antenne r\u00e9gionale.", "start_date": "2026-09-03T05:05:00+00:00", "title": "\u00c9mission du jeudi 3 septembre 2026"}, {"desc": "Romans, essais, classiques ou encore bandes dessin\u00e9es, Fran\u00e7ois Busnel vous propose chaque jour de d\u00e9couvrir ou red\u00e9couvrir une \u0153uvre fran\u00e7aise ou \u00e9trang\u00e8re : du lundi au dimanche sur toutes les antennes du groupe France T\u00e9l\u00e9visions !", "start_date": "2026-09-03T06:25:00+00:00", "title": "La p'tite librairie"}, {"desc": "Ce magazine va nous faire d\u00e9couvrir les r\u00e9gions fran\u00e7aises en plongeant le t\u00e9l\u00e9spectateur au c\u0153ur d'une ville, d'un d\u00e9partement fran\u00e7ais, d'une r\u00e9gion, et lui fera d\u00e9couvrir son histoire, ses richesses patrimoniales, ses sp\u00e9cialit\u00e9s gastronomiques et ses lieux incontournables\u2026 Escales en France va \u00e0 la rencontre de ces fran\u00e7ais agriculteurs, marins p\u00eacheurs, artisans, restaurateurs, \u00e9leveurs, guid", "start_date": "2026-09-03T06:30:00+00:00", "title": "Escales en France"}, {"desc": "C'est A l'ombre des aiguilles de Bavella et non loin du plateau du Cuscionu que le chef Romual Royer va installer son c\u00e9l\u00e8bre camion bleu. Dans le village de Quenza r\u00e9put\u00e9 pour sa cuisine traditionnelle, nous irons saluer F\u00e9licien Balesi, un des pionniers de l'accueil touristique dans la Corse de l'int\u00e9rieur. Nous ferons connaissance avec sa ni\u00e8ce Estelle, qui avec sa sA\"ur Elodie perp\u00e9tue les tra", "start_date": "2026-09-03T07:00:00+00:00", "title": "Tamantu Cucinaru"}, {"desc": "Le\u00efla Albert re\u00e7oit dans sa cuisine Alexandra Retion, di\u00e9t\u00e9ticienne-nutritionniste et grande gourmande. Ensemble, elles cuisinent un cheesecake sal\u00e9 aux asperges, au cresson et au fromage de ch\u00e8vre, une alliance fra\u00eeche et savoureuse ! Pour r\u00e9unir les meilleurs ingr\u00e9dients, Le\u00efla nous emm\u00e8ne \u00e0 la d\u00e9couverte de la cressonni\u00e8re familiale de Mika\u00ebl, du fromage de ch\u00e8vre extra-frais de Tifaine, produc", "start_date": "2026-09-03T07:30:00+00:00", "title": "C'est Succulent !"}, {"desc": "Bulletin m\u00e9t\u00e9orologique du service de presse de France 3-M\u00e9t\u00e9o France.", "start_date": "2026-09-03T08:00:00+00:00", "title": "M\u00e9t\u00e9o (en wallisien)"}, {"desc": "Pr\u00e9par\u00e9 et propos\u00e9 par la R\u00e9daction du P\u00f4le Outre-mer Une production France T\u00e9l\u00e9visions Pr\u00e9sent\u00e9 en alternance par Kessi Weishaupt et Laurence Theatin Le journal d'information qui vous emm\u00e8ne au c\u0153ur des Outre-mer et de leur actualit\u00e9.", "start_date": "2026-09-03T08:05:00+00:00", "title": "Outremer.l'info"}, {"desc": "Romans, essais, classiques ou encore bandes dessin\u00e9es, Fran\u00e7ois Busnel vous propose chaque jour de d\u00e9couvrir ou red\u00e9couvrir une \u0153uvre fran\u00e7aise ou \u00e9trang\u00e8re : du lundi au dimanche sur toutes les antennes du groupe France T\u00e9l\u00e9visions !", "start_date": "2026-09-03T08:15:00+00:00", "title": "La p'tite librairie"}, {"desc": "\"Dans le r\u00e9tro\" propose un voyage dans le temps de trois minutes, gr\u00e2ce aux archives de l'INA.", "start_date": "2026-09-03T08:25:00+00:00", "title": "\u00c9mission du jeudi 3 septembre 2026"}, {"desc": "Le rendez-vous de la mi-journ\u00e9e des 24 r\u00e9dactions r\u00e9gionales de France T\u00e9l\u00e9visions, avec les journaux locaux, les reportages propres \u00e0 chaque r\u00e9gion, la m\u00e9t\u00e9o, mais aussi un regard de proximit\u00e9 sur l'actualit\u00e9 nationale et internationale.", "start_date": "2026-09-03T08:26:00+00:00", "title": "ICI 12/13 \u00e9dition toutes r\u00e9gions"}, {"desc": "Une \u00e9mission r\u00e9alis\u00e9e par Captain Productions Une production Enibas Productions, A Prime Group, avec la participation de France T\u00e9l\u00e9visions R\u00e9dacteurs en chef : St\u00e9phane Evanno et Laetitia Bouchon Pr\u00e9sent\u00e9e par Marine Vignes et Laurent Romejko En direct \"M\u00e9t\u00e9o \u00e0 la carte.", "start_date": "2026-09-03T08:55:00+00:00", "title": "M\u00e9t\u00e9o \u00e0 la carte"}, {"desc": "Une \u00e9mission r\u00e9alis\u00e9e par Captain Productions Une production Enibas Productions, A Prime Group, avec la participation de France T\u00e9l\u00e9visions R\u00e9dacteurs en chef : St\u00e9phane Evanno et Laetitia Bouchon Pr\u00e9sent\u00e9e par Marine Vignes et Laurent Romejko En direct Ce nouveau format se veut encore plus interactif. Les t\u00e9l\u00e9spectateurs gardent une place importante dans l'\u00e9mission et sur les r\u00e9seaux. Les photos ", "start_date": "2026-09-03T09:55:00+00:00", "title": "M\u00e9t\u00e9o \u00e0 la carte (la suite)"}, {"desc": "Thomas, 18 ans, et Lisa, encore mineure, s'aiment en secret. Personne ne sait que la jeune fille est enceinte de sept mois. Apr\u00e8s une petite f\u00eate organis\u00e9e entre amis, Manuel, le meilleur ami de Thomas, est retrouv\u00e9 assassin\u00e9. Le policier Marc Hoffmann est convaincu que le coupable n'est autre que l'un des invit\u00e9s de la f\u00eate. Cependant, il ne trouve aucune preuve, ni m\u00eame le motif de ce crime odie", "start_date": "2026-09-03T10:40:00+00:00", "title": "Rex, chien flic"}, {"desc": "Elmar Baumann, un vieil homme fortun\u00e9, a \u00e9t\u00e9 agress\u00e9 par des voleurs dans sa propri\u00e9t\u00e9. Sur place, Marc Hoffmann et Rex constatent que la victime est encore en vie. Fait \u00e9trange, rien n'a \u00e9t\u00e9 d\u00e9rob\u00e9 et il semblerait m\u00eame que la maison ne contienne aucun objet de valeur. L'enqu\u00eate remonte jusqu'\u00e0 deux ouvriers qui effectuent des travaux de peinture non loin du lieu de l'agression. Ces deux-l\u00e0 sembl", "start_date": "2026-09-03T11:35:00+00:00", "title": "Rex, chien flic"}, {"desc": "Plac\u00e9 dans une maison de retraite, monsieur Walter se comporte en v\u00e9ritable tyran avec le personnel soignant et les personnes \u00e2g\u00e9es qui l'entourent. Lorsqu'il est retrouv\u00e9 mort, assassin\u00e9, Marc Hoffmann soup\u00e7onne aussit\u00f4t deux personnes : Robert, son fils h\u00e9ritier, et Faerber, lequel poussait la chaise roulante de monsieur Walter. Mais tous les autres pensionnaires sont aussi sur la liste des susp", "start_date": "2026-09-03T12:35:00+00:00", "title": "Rex, chien flic"}, {"desc": "Les Fran\u00e7ais connaissent-ils bien leurs r\u00e9gions ? Deux familles de quatre personnes s'opposent pour remporter des sommes pouvant atteindre plusieurs milliers d'euros. Elles devront trouver les r\u00e9ponses aux questions de Cyril F\u00e9raud sur des sujets concernant leurs r\u00e9gions respectives.", "start_date": "2026-09-03T13:25:00+00:00", "title": "Duels en familles"}, {"desc": "Accessible \u00e0 tous les publics, \"Slam\" est un jeu de lettres 100% original qui fait la joie des amoureux des mots, des f\u00e9rus de quiz et des adeptes des mots fl\u00e9ch\u00e9s, en mixant tous les genres, de la g\u00e9ographie aux math\u00e9matiques, en passant par la chimie...et bien s\u00fbr le fran\u00e7ais. Au menu: vivacit\u00e9 d'esprit, humour, vocabulaire, orthographe et bien s\u00fbr culture g\u00e9n\u00e9rale!", "start_date": "2026-09-03T14:00:00+00:00", "title": "Slam"}, {"desc": "Programme Court Parrain\u00e9 avec FTP Annonceur GMF Production VML.", "start_date": "2026-09-03T14:33:00+00:00", "title": "R\u00e9flexe !"}, {"desc": "Un point quotidien sur l'actualit\u00e9 m\u00e9t\u00e9o et climatique, avec des reportages et des interviews d'experts.", "start_date": "2026-09-03T14:50:00+00:00", "title": "Journal M\u00e9t\u00e9o Climat"}, {"desc": "\"Dans le r\u00e9tro\" propose un voyage dans le temps de trois minutes, gr\u00e2ce aux archives de l'INA.", "start_date": "2026-09-03T15:00:00+00:00", "title": "\u00c9mission du jeudi 3 septembre 2026"}, {"desc": "Un magazine d'information consacr\u00e9 aux personnes talentueuses et aux h\u00e9ros du quotidien en r\u00e9gion.", "start_date": "2026-09-03T15:10:00+00:00", "title": "Le journal des talents"}, {"desc": "Le rendez-vous vesp\u00e9ral des 24 r\u00e9dactions r\u00e9gionales de France T\u00e9l\u00e9visions, avec les journaux locaux, les reportages propres \u00e0 chaque r\u00e9gion, la m\u00e9t\u00e9o, mais aussi un regard de proximit\u00e9 sur l'actualit\u00e9 nationale et internationale.", "start_date": "2026-09-03T15:15:00+00:00", "title": "ICI 19/20 \u00e9dition toutes r\u00e9gions"}, {"desc": "Chaque jour, l'\u00e9mission prend le temps de raconter un territoire, et de s'arr\u00eater dans un site remarquable ou un lieu embl\u00e9matique \u00e0 d\u00e9couvrir.", "start_date": "2026-09-03T15:50:00+00:00", "title": "On vous emm\u00e8ne ici"}, {"desc": "Le magazine qui va au-del\u00e0 du seul r\u00e9sultat sportif : histoires humaines, enjeux soci\u00e9taux, innovations, culture sport, inclusion, environnement\u2026 Un regard moderne et ouvert sur le sport d'aujourd'hui.", "start_date": "2026-09-03T16:00:00+00:00", "title": "Stade 2 la quotidienne"}, {"desc": "Page quotidienne in\u00e9dite enti\u00e8rement d\u00e9di\u00e9e \u00e0 la Ligue 1 de football, offrant une immersion totale au c\u0153ur du championnat de France : derni\u00e8res actualit\u00e9s, r\u00e9sultats, informations sur les clubs et joueurs du championnat de France de football.", "start_date": "2026-09-03T16:10:00+00:00", "title": "Stade 2 Ligue 1"}, {"desc": "Un bulletin m\u00e9t\u00e9orologique propre \u00e0 chaque r\u00e9gion.", "start_date": "2026-09-03T16:20:00+00:00", "title": "M\u00e9t\u00e9o r\u00e9gionale"}, {"desc": "Un magazine d'information consacr\u00e9 aux personnes talentueuses et aux h\u00e9ros du quotidien en r\u00e9gion.", "start_date": "2026-09-03T16:21:00+00:00", "title": "Le journal des talents"}, {"desc": "Florent d\u00e9couvre un autre visage de C\u00e9cile. Quant \u00e0 Sabine, elle appr\u00e9hende le retour de C\u00e9leste, sa belle-m\u00e8re.", "start_date": "2026-09-03T16:25:00+00:00", "title": "Un si grand soleil"}, {"desc": "Alors que Yann se d\u00e9voile sur sa nouvelle relation aupr\u00e8s de ses coll\u00e8gues, la rencontre entre C\u00e9leste et Claudine promet de faire des \u00e9tincelles.", "start_date": "2026-09-03T16:45:00+00:00", "title": "Un si grand soleil"}, {"desc": "Alors que Yann se d\u00e9voile sur sa nouvelle relation aupr\u00e8s de ses coll\u00e8gues, la rencontre entre C\u00e9leste et Claudine promet de faire des \u00e9tincelles.", "start_date": "2026-09-03T16:50:00+00:00", "title": "Un si grand soleil"}, {"desc": "Alors que se d\u00e9roule le traditionnel Festival du cin\u00e9ma britannique organis\u00e9 tous les ans dans la station baln\u00e9aire de Dinard, un drame vient soudain g\u00e2cher cet \u00e9v\u00e9nement tr\u00e8s attendu. En effet, des badauds rep\u00e8rent un corps dans l'eau et alertent les secours, qui ne tardent pas \u00e0 d\u00e9couvrir l'identit\u00e9 de la victime, un r\u00e9alisateur anglais en lice pour un prix. Fait intrigant, les enqu\u00eateurs d\u00e9couv", "start_date": "2026-09-03T17:10:00+00:00", "title": "Lame de fond"}, {"desc": "A chaque r\u00e9gion ses documentaires.", "start_date": "2026-09-03T18:50:00+00:00", "title": "La France en vrai"}, {"desc": "Cette collection documentaire traite les grands sujets de soci\u00e9t\u00e9 d'un point de vue local, \u00e0 travers les treize antennes r\u00e9gionales du r\u00e9seau de France 3. Ainsi, chaque sujet est-il racont\u00e9 de plusieurs points de vue compl\u00e9mentaires. De quoi d\u00e9couvrir une France plurielle et riche, qui s'interroge et qui s'oppose, au coeur des territoires. De quoi, \u00e9galement, permettre aux acteurs de la vie locale", "start_date": "2026-09-03T19:42:00+00:00", "title": "La France en vrai"}, {"desc": "Un point quotidien sur l'actualit\u00e9 m\u00e9t\u00e9o et climatique, avec des reportages et des interviews d'experts.", "start_date": "2026-09-03T20:35:00+00:00", "title": "Journal M\u00e9t\u00e9o Climat"}, {"desc": "A l'occasion des 40 ans de la Fondation Brigitte Bardot, cr\u00e9\u00e9e en 1986, et quelques mois apr\u00e8s la disparition de l'ic\u00f4ne le 28 d\u00e9cembre 2025, cette \u00e9mission raconte le v\u00e9ritable h\u00e9ritage de BB. Entour\u00e9 de nombreux invit\u00e9s, St\u00e9phane Bern dresse le portrait d'une femme qui a transform\u00e9 sa c\u00e9l\u00e9brit\u00e9 en levier d'action, de lois, de sauvetages et de mobilisation populaire au profit de la cause animale.", "start_date": "2026-09-03T20:40:00+00:00", "title": "Brigitte Bardot, le combat en h\u00e9ritage"}, {"desc": "Romans, essais, classiques ou encore bandes dessin\u00e9es, Fran\u00e7ois Busnel vous propose chaque jour de d\u00e9couvrir ou red\u00e9couvrir une \u0153uvre fran\u00e7aise ou \u00e9trang\u00e8re : du lundi au dimanche sur toutes les antennes du groupe France T\u00e9l\u00e9visions !", "start_date": "2026-09-03T22:55:00+00:00", "title": "La p'tite librairie"}, {"desc": "Mon p\u00e8re, \u00c9tienne Godart, partage sa vie entre son \u00e9levage de volailles et sa passion pour la course de moto. Quand j'avais 5 ans, il m'inspirait l'admiration et la crainte. Quand j'avais 15 ans, sa duret\u00e9 envers moi m'a pouss\u00e9e \u00e0 le fuir. \u00c0 30 ans aujourd'hui, alors que la fin de la ferme se pr\u00e9cise, je reviens pour tenter de renouer avec lui tant qu'il est encore temps. Entre poulets et motos, l", "start_date": "2026-09-03T22:56:00+00:00", "title": "La France en Vrai - Nouvelle-Aquitaine"}], "offset": "+00:00", "timezone": "UTC", "error_code": -1, "start_date": "2026-09-02", "icon": ""}