{"end_date": "2026-09-05", "name": "France 3 ", "info_url": "https://epg.pw/channels/549020/20260904.html", "country": "France", "description": null, "error_message": "", "provider": "", "source_url": "https://epg.pw/api/epg.json?channel_id=549020&date=20260904&timezone=None", "epg_list": [{"desc": "Chaque semaine, une r\u00e9daction r\u00e9gionale propose une enqu\u00eate, un portrait, une r\u00e9v\u00e9lation sur la soci\u00e9t\u00e9, l'\u00e9conomie, l'environnement ou la sant\u00e9, au c\u0153ur d'un territoire.", "start_date": "2026-09-04T00:20:00+00:00", "title": "Enqu\u00eates de r\u00e9gion le mag"}, {"desc": "Programme de musique classique pour se r\u00e9veiller en douceur.", "start_date": "2026-09-04T00:35:00+00:00", "title": "Les matinales"}, {"desc": "Les Fran\u00e7ais connaissent-ils bien leurs r\u00e9gions ? Deux familles de quatre personnes s'opposent pour remporter des sommes pouvant atteindre plusieurs milliers d'euros. Elles devront trouver les r\u00e9ponses aux questions de Cyril F\u00e9raud sur des sujets concernant leurs r\u00e9gions respectives.", "start_date": "2026-09-04T00:45:00+00:00", "title": "Duels en familles"}, {"desc": "Accessible \u00e0 tous les publics, \"Slam\" est un jeu de lettres 100% original qui fait la joie des amoureux des mots, des f\u00e9rus de quiz et des adeptes des mots fl\u00e9ch\u00e9s, en mixant tous les genres, de la g\u00e9ographie aux math\u00e9matiques, en passant par la chimie...et bien s\u00fbr le fran\u00e7ais. Au menu: vivacit\u00e9 d'esprit, humour, vocabulaire, orthographe et bien s\u00fbr culture g\u00e9n\u00e9rale!", "start_date": "2026-09-04T01:20:00+00:00", "title": "Slam"}, {"desc": "Sport et bien-\u00eatre sur un plateau. Sophie Roulaud, professeure de fitness et Val\u00e9rie Copin, professeure de yoga, se succ\u00e8dent sur le plateau \"fond vert\" de France 3 Nouvelle-Aquitaine. Avec pour d\u00e9cor les plus beaux paysages de la r\u00e9gion, les deux coaches d\u00e9ploient leur savoir-faire pour garder la forme et l'esprit serein.", "start_date": "2026-09-04T02:01:00+00:00", "title": "Alors on bouge en r\u00e9gion"}, {"desc": "De 6h30 \u00e0 9h, \\\" Ici Matin \\\" est votre premier rendez-vous de la journ\u00e9e avec l'information de proximit\u00e9. Elle ouvre les matin\u00e9es 100 % r\u00e9gionales de France 3. Au programme, des journaux d'information en hyper proximit\u00e9 tous les quarts d'heure, des points m\u00e9t\u00e9o et trafic r\u00e9guliers, de l'interactivit\u00e9 avec les auditeurs et t\u00e9l\u00e9spectateurs, et surtout une grande bouff\u00e9e de bonne humeur pour d\u00e9marre", "start_date": "2026-09-04T02:30:00+00:00", "title": "ICI Matin - Poitou"}, {"desc": "Des magazines ou documentaires propos\u00e9s par votre antenne r\u00e9gionale.", "start_date": "2026-09-04T05:05:00+00:00", "title": "\u00c9mission du vendredi 4 septembre 2026"}, {"desc": "Une \u00e9mission propos\u00e9e et \u00e9crite par Fran\u00e7ois Busnel Produite par Rosebud Productions avec la participation de France T\u00e9l\u00e9visions Fran\u00e7ois Busnel propose chaque jour de vous faire d\u00e9couvrir ou red\u00e9couvrir une \u0153uvre fran\u00e7aise ou \u00e9trang\u00e8re : roman, essai, grand classique ou encore bande dessin\u00e9e.", "start_date": "2026-09-04T06:25:00+00:00", "title": "La p'tite librairie"}, {"desc": "Ce magazine va nous faire d\u00e9couvrir les r\u00e9gions fran\u00e7aises en plongeant le t\u00e9l\u00e9spectateur au c\u0153ur d'une ville, d'un d\u00e9partement fran\u00e7ais, d'une r\u00e9gion, et lui fera d\u00e9couvrir son histoire, ses richesses patrimoniales, ses sp\u00e9cialit\u00e9s gastronomiques et ses lieux incontournables\u2026 Escales en France va \u00e0 la rencontre de ces fran\u00e7ais agriculteurs, marins p\u00eacheurs, artisans, restaurateurs, \u00e9leveurs, guid", "start_date": "2026-09-04T06:30:00+00:00", "title": "Escales en France"}, {"desc": "Romuald Royer fait escale dans la vall\u00e9e du Prunelli pour une \u00e9mission exceptionnelle sur les rives du lac de Tolla. Au menu, les perches p\u00each\u00e9es au sein m\u00eame de la fameuse retenue d'eau cuisin\u00e9es par Viviane Bujoli, avec un challenge : utiliser les huiles essentielles de la distillerie de Paul et Jean-Pierre Caux, Corsica Pam, dans sa recette. Apr\u00e8s un d\u00e9tour chez le chef \u00e9toil\u00e9 de marseillais S\u00e9", "start_date": "2026-09-04T07:00:00+00:00", "title": "Tamantu Cucinaru"}, {"desc": "Le\u00efla Albert re\u00e7oit dans sa cuisine Peggy Gadiou qui, en plus de la danse, de la couture et du v\u00e9lo, est passionn\u00e9e de cuisine ! Cette Troyenne nous propose une volaille marin\u00e9e au miel et au citron, accompagn\u00e9e de carottes \u00e0 la sauce yaourt et d'un pesto d'herbes. Monsieur et madame Lecoq, \u00e9leveurs de volaille, Val\u00e9rie Beaugrand, son amie mara\u00eech\u00e8re, et Pascale Gombault et Antoine Gauthier qui re", "start_date": "2026-09-04T07:30:00+00:00", "title": "C'est Succulent !"}, {"desc": "Bulletin m\u00e9t\u00e9orologique du service de presse de France 3-M\u00e9t\u00e9o France.", "start_date": "2026-09-04T08:00:00+00:00", "title": "M\u00e9t\u00e9o (en wallisien)"}, {"desc": "Pr\u00e9par\u00e9 et propos\u00e9 par la R\u00e9daction du P\u00f4le Outre-mer Une production France T\u00e9l\u00e9visions Pr\u00e9sent\u00e9 en alternance par Kessi Weishaupt et Laurence Theatin Le journal d'information qui vous emm\u00e8ne au c\u0153ur des Outre-mer et de leur actualit\u00e9.", "start_date": "2026-09-04T08:05:00+00:00", "title": "Outremer.l'info"}, {"desc": "Le rendez-vous de la mi-journ\u00e9e des 24 r\u00e9dactions r\u00e9gionales de France T\u00e9l\u00e9visions, avec les journaux locaux, les reportages propres \u00e0 chaque r\u00e9gion, la m\u00e9t\u00e9o, mais aussi un regard de proximit\u00e9 sur l'actualit\u00e9 nationale et internationale.", "start_date": "2026-09-04T08:15:00+00:00", "title": "ICI 12/13 \u00e9dition toutes r\u00e9gions"}, {"desc": "Une \u00e9mission r\u00e9alis\u00e9e par Captain Productions Une production Enibas Productions, A Prime Group, avec la participation de France T\u00e9l\u00e9visions R\u00e9dacteurs en chef : St\u00e9phane Evanno et Laetitia Bouchon Pr\u00e9sent\u00e9e par Marine Vignes et Laurent Romejko En direct \"M\u00e9t\u00e9o \u00e0 la carte.", "start_date": "2026-09-04T08:55:00+00:00", "title": "M\u00e9t\u00e9o \u00e0 la carte"}, {"desc": "Une \u00e9mission r\u00e9alis\u00e9e par Captain Productions Une production Enibas Productions, A Prime Group, avec la participation de France T\u00e9l\u00e9visions R\u00e9dacteurs en chef : St\u00e9phane Evanno et Laetitia Bouchon Pr\u00e9sent\u00e9e par Marine Vignes et Laurent Romejko En direct Ce nouveau format se veut encore plus interactif. Les t\u00e9l\u00e9spectateurs gardent une place importante dans l'\u00e9mission et sur les r\u00e9seaux. Les photos ", "start_date": "2026-09-04T09:55:00+00:00", "title": "M\u00e9t\u00e9o \u00e0 la carte (la suite)"}, {"desc": "Un apprenti cuisinier, Manuel Kaiser, 19 ans, est retrouv\u00e9 mort par sa s\u0153ur. Le jeune homme a \u00e9t\u00e9 \u00e9trangl\u00e9 puis poignard\u00e9. L'enqu\u00eate se tourne vers l'entourage scolaire de la victime. Il s'av\u00e8re que la veille il avait invit\u00e9 cinq de ses amis \u00e0 venir faire la f\u00eate \u00e0 son domicile. L'une des participantes, Lisa, avait quitt\u00e9 la f\u00eate avant tous les autres...", "start_date": "2026-09-04T10:40:00+00:00", "title": "Rex, chien flic"}, {"desc": "Le procureur, Monsieur Fried, est menac\u00e9 par Klaus Metzel, l'ex-mari de sa petite amie Claudia, qui veut la r\u00e9cup\u00e9rer \u00e0 tout prix. Un soir, ce dernier rend une petite visite \u00e0 Fried... Peu de temps apr\u00e8s, le procureur, qui a perdu la m\u00e9moire, est aper\u00e7u dans le parc, alors que dans sa demeure, Metzel est \u00e9tendu sur le sol, raide mort.", "start_date": "2026-09-04T11:35:00+00:00", "title": "Rex, chien flic"}, {"desc": "Un important match de hockey tourne au drame. Les joueurs se prennent violemment \u00e0 partie et la comp\u00e9tition se termine en bagarre g\u00e9n\u00e9rale. Un des joueurs est pass\u00e9 \u00e0 tabac. Mais certains trouvent que sa r\u00e9sistance aux coups est fort suspecte...", "start_date": "2026-09-04T12:35:00+00:00", "title": "Rex, chien flic"}, {"desc": "Les Fran\u00e7ais connaissent-ils bien leurs r\u00e9gions ? Deux familles de quatre personnes s'opposent pour remporter des sommes pouvant atteindre plusieurs milliers d'euros. Elles devront trouver les r\u00e9ponses aux questions de Cyril F\u00e9raud sur des sujets concernant leurs r\u00e9gions respectives.", "start_date": "2026-09-04T13:25:00+00:00", "title": "Duels en familles"}, {"desc": "Accessible \u00e0 tous les publics, \"Slam\" est un jeu de lettres 100% original qui fait la joie des amoureux des mots, des f\u00e9rus de quiz et des adeptes des mots fl\u00e9ch\u00e9s, en mixant tous les genres, de la g\u00e9ographie aux math\u00e9matiques, en passant par la chimie...et bien s\u00fbr le fran\u00e7ais. Au menu: vivacit\u00e9 d'esprit, humour, vocabulaire, orthographe et bien s\u00fbr culture g\u00e9n\u00e9rale!", "start_date": "2026-09-04T14:00:00+00:00", "title": "Slam"}, {"desc": "Un point quotidien sur l'actualit\u00e9 m\u00e9t\u00e9o et climatique, avec des reportages et des interviews d'experts.", "start_date": "2026-09-04T14:50:00+00:00", "title": "Journal M\u00e9t\u00e9o Climat"}, {"desc": "19:05 19/20 METEO REGIONALE 19:07 ICI 19/20 EDITION LOCALE 19:15 ICI 19/20.", "start_date": "2026-09-04T15:00:00+00:00", "title": "ICI 19/20 \u00e9dition toutes r\u00e9gions"}, {"desc": "Le magazine qui va au-del\u00e0 du seul r\u00e9sultat sportif : histoires humaines, enjeux soci\u00e9taux, innovations, culture sport, inclusion, environnement\u2026 Un regard moderne et ouvert sur le sport d'aujourd'hui.", "start_date": "2026-09-04T16:00:00+00:00", "title": "Stade 2 la quotidienne"}, {"desc": "Page quotidienne in\u00e9dite enti\u00e8rement d\u00e9di\u00e9e \u00e0 la Ligue 1 de football, offrant une immersion totale au c\u0153ur du championnat de France : derni\u00e8res actualit\u00e9s, r\u00e9sultats, informations sur les clubs et joueurs du championnat de France de football.", "start_date": "2026-09-04T16:10:00+00:00", "title": "Stade 2 Ligue 1"}, {"desc": "Un bulletin m\u00e9t\u00e9orologique propre \u00e0 chaque r\u00e9gion.", "start_date": "2026-09-04T16:20:00+00:00", "title": "M\u00e9t\u00e9o r\u00e9gionale"}, {"desc": "Alors que Yann se d\u00e9voile sur sa nouvelle relation aupr\u00e8s de ses coll\u00e8gues, la rencontre entre C\u00e9leste et Claudine promet de faire des \u00e9tincelles.", "start_date": "2026-09-04T16:25:00+00:00", "title": "Un si grand soleil"}, {"desc": "Au r\u00e9veil, Salom\u00e9 a une mauvaise surprise. De son c\u00f4t\u00e9, Muriel accepte \u00e0 contrecoeur de confier Toma \u00e0 Eve.", "start_date": "2026-09-04T16:45:00+00:00", "title": "Un si grand soleil"}, {"desc": "Au r\u00e9veil, Salom\u00e9 a une mauvaise surprise. De son c\u00f4t\u00e9, Muriel accepte \u00e0 contrecoeur de confier Toma \u00e0 Eve.", "start_date": "2026-09-04T16:50:00+00:00", "title": "Un si grand soleil"}, {"desc": "Cette semaine, St\u00e9phane Bern part \u00e0 la d\u00e9couverte du Val de Cher et de la Sologne, un territoire o\u00f9 la douceur des paysages, les chefs-d'oeuvre de la Renaissance et les grands espaces naturels composent un d\u00e9cor unique. Le terrain de jeu s'\u00e9tire le long du Cher, de Bl\u00e9r\u00e9, \u00e0 l'ouest, jusqu'\u00e0 Lamotte-Beuvron, \u00e0 l'est, en passant par Montrichard, Saint-Aignan, Cheverny et Selles-sur-Cher. Entre rivi\u00e8", "start_date": "2026-09-04T17:10:00+00:00", "title": "La carte aux tr\u00e9sors"}, {"desc": "Les plus belles voix corses d\u00e9barquent \u00e0 Marseille pour rencontrer les grands noms de la chanson fran\u00e7aise. Les artistes insulaires et les grandes voix du continent se retrouvent au stade V\u00e9lodrome pour un show hors norme avec 5000 choristes. Sur sc\u00e8ne, une centaine d'artistes corses et continentaux. Bien plus qu'un concert, c'est une soir\u00e9e plac\u00e9e sous le signe du partage et de l'\u00e9motion, une c\u00e9l", "start_date": "2026-09-04T19:25:00+00:00", "title": "Corsu Mezu Mezu, un soir au V\u00e9lodrome avec Patrick Fiori"}, {"desc": "Avec \"Vivantes.", "start_date": "2026-09-04T21:50:00+00:00", "title": "Vivantes"}, {"desc": "Un point quotidien sur l'actualit\u00e9 m\u00e9t\u00e9o et climatique, avec des reportages et des interviews d'experts.", "start_date": "2026-09-04T22:45:00+00:00", "title": "Journal M\u00e9t\u00e9o Climat"}, {"desc": "Initi\u00e9 par la chanteuse basque Anne Etchegoyen, A\u011e Nos r\u00e9gions en chansons A\u011f est le premier projet musical en langues r\u00e9gionales qui r\u00e9unit sur une m\u00eame sc\u00e8ne, des artistes comme Dan Ar Braz, Francine Massiani, Patxi Garat ou Val\u00e9rie Louri, s'exprimant en corse, breton, occitan, catalan, alsacien, galicien, cr\u00e9ole et basque. Mais aussi Francis Cabrel, Cali et Claire Keim, des artistes invit\u00e9s, se", "start_date": "2026-09-04T22:50:00+00:00", "title": "KCanta, nos r\u00e9gions en chansons"}, {"desc": "Fran\u00e7ois Busnel propose chaque jour de d\u00e9couvrir ou red\u00e9couvrir une oeuvre fran\u00e7aise ou \u00e9trang\u00e8re : roman, essai, grand classique ou encore bande dessin\u00e9e.", "start_date": "2026-09-05T00:10:00+00:00", "title": "La p'tite librairie"}, {"desc": "Chaque semaine, une r\u00e9daction r\u00e9gionale propose une enqu\u00eate, un portrait, une r\u00e9v\u00e9lation sur la soci\u00e9t\u00e9, l'\u00e9conomie, l'environnement ou la sant\u00e9, au c\u0153ur d'un territoire.", "start_date": "2026-09-05T00:15:00+00:00", "title": "Enqu\u00eates de r\u00e9gion le mag"}, {"desc": "Programme de musique classique pour se r\u00e9veiller en douceur.", "start_date": "2026-09-05T00:30:00+00:00", "title": "Les matinales"}, {"desc": "Les Fran\u00e7ais connaissent-ils bien leurs r\u00e9gions ? Deux familles de quatre personnes s'opposent pour remporter des sommes pouvant atteindre plusieurs milliers d'euros. Elles devront trouver les r\u00e9ponses aux questions de Cyril F\u00e9raud sur des sujets concernant leurs r\u00e9gions respectives.", "start_date": "2026-09-05T00:45:00+00:00", "title": "Duels en familles"}, {"desc": "Accessible \u00e0 tous les publics, \"Slam\" est un jeu de lettres 100% original qui fait la joie des amoureux des mots, des f\u00e9rus de quiz et des adeptes des mots fl\u00e9ch\u00e9s, en mixant tous les genres, de la g\u00e9ographie aux math\u00e9matiques, en passant par la chimie...et bien s\u00fbr le fran\u00e7ais. Au menu: vivacit\u00e9 d'esprit, humour, vocabulaire, orthographe et bien s\u00fbr culture g\u00e9n\u00e9rale!", "start_date": "2026-09-05T01:20:00+00:00", "title": "Slam"}, {"desc": "Le Refuge re\u00e7oit la visite de Charlie, un journaliste qui vient faire un reportage sur Rina, un b\u00e9b\u00e9 rhinoc\u00e9ros de Sumatra arriv\u00e9 r\u00e9cemment.", "start_date": "2026-09-05T02:01:00+00:00", "title": "Le refuge d'Audrey"}, {"desc": "Le Refuge fait face \u00e0 une coupure d'eau alors que des fortes chaleurs s\u00e9vissent. Tout le monde se met en quatre pour rafra\u00eechir les animaux.", "start_date": "2026-09-05T02:16:00+00:00", "title": "Le refuge d'Audrey"}, {"desc": "Tommy est content de pouvoir filmer les animaux du Refuge, gr\u00e2ce au drone que lui ont pr\u00eat\u00e9 ses parents. Mais Perle la panth\u00e8re n\u00e9buleuse lui vole l'appareil.", "start_date": "2026-09-05T02:27:00+00:00", "title": "Le refuge d'Audrey"}, {"desc": "Pour donner une le\u00e7on \u00e0 une camarade de classe qui ne respecte pas les animaux, Audrey et Tommy lui font croire que le refuge abrite un Ch\u00e9pakoa, une cr\u00e9ature dangereuse.", "start_date": "2026-09-05T02:38:00+00:00", "title": "Le refuge d'Audrey"}, {"desc": "Hops, un b\u00e9b\u00e9 wallaby tr\u00e8s craintif, vient d\u2019arriver au Refuge. Contre toute attente, la seule personne qui peut l\u2019approcher est Tommy. Un lien tr\u00e8s fort se noue entre lui et le wallaby\u2026 un peu trop fort, m\u00eame. Tommy est rapidement d\u00e9bord\u00e9, alors qu\u2019Audrey se sent un peu d\u00e9laiss\u00e9e par son ami. Ce n\u2019est pas une solution viable \u00e0 long terme, Hops risque de devenir d\u00e9pendant \u00e0 Tommy ! Les enfants von", "start_date": "2026-09-05T02:49:00+00:00", "title": "Le refuge d'Audrey"}, {"desc": "Motiv\u00e9 par sa nouvelle montre hi-tech qui chronom\u00e8tre tous ses mouvements, Paul encha\u00eene les t\u00e2ches domestiques \u00e0 la vitesse de la lumi\u00e8re. Mais Lucette d\u00e9couvre que le travail est b\u00e2cl\u00e9... Envoy\u00e9 dans les ann\u00e9es 50, Paul aide Lucette \u00e0 pr\u00e9parer une f\u00eate surprise pour l'anniversaire de Frida. M\u00eame si le temps presse, il la pousse \u00e0 faire les choses en grand : en se chronom\u00e9trant, il est persuad\u00e9 q", "start_date": "2026-09-05T02:55:00+00:00", "title": "Moi \u00e0 ton \u00e2ge"}, {"desc": "Paul utilise sans autorisation un robot prototype con\u00e7u par Primrose\u2026 mais celui-ci saccage toute la maison. Quand Primrose d\u00e9couvre les d\u00e9g\u00e2ts, Paul accuse leur chien Bisou. Envoy\u00e9 dans les ann\u00e9es 80, Paul accompagne Primrose qui pr\u00e9sente sa nouvelle invention \u00e0 un concours. Mais la d\u00e9monstration vire \u00e0 la catastrophe...", "start_date": "2026-09-05T03:11:00+00:00", "title": "Moi \u00e0 ton \u00e2ge"}, {"desc": "Apr\u00e8s une chute ridicule au skate-park, Paul pr\u00e9f\u00e8re s'\u00e9clipser plut\u00f4t que d'\u00e9couter les conseils de Yanissa. Envoy\u00e9 dans les ann\u00e9es 50, Paul aide Maurice \u00e0 s'affirmer face \u00e0 ceux qui le consid\u00e8rent comme une poule mouill\u00e9e. Pour cela, il le pousse \u00e0 participer \u00e0 une course de caisses \u00e0 savon.", "start_date": "2026-09-05T03:22:00+00:00", "title": "Moi \u00e0 ton \u00e2ge"}, {"desc": "Trop occup\u00e9 \u00e0 regarder sa s\u00e9rie pr\u00e9f\u00e9r\u00e9e, Paul ignore Albert qui lui propose d'assister \u00e0 l'ouverture d'une fleur dans la serre de Lucette. Envoy\u00e9 dans les ann\u00e9es 80, Paul assiste Albert qui participe \u00e0 un concours photo. Mais ce dernier n'est jamais assez satisfait pour appuyer sur le d\u00e9clencheur.", "start_date": "2026-09-05T03:24:00+00:00", "title": "Moi \u00e0 ton \u00e2ge"}, {"desc": "Paul est le seul de l'\u00e9cole \u00e0 ne pas porter le dernier tee-shirt \u00e0 la mode. Maurice propose alors de lui acheter, mais il se trompe de mod\u00e8le. Envoy\u00e9 dans les ann\u00e9es 50, Paul aide Maurice \u00e0 s\u00e9duire Solange, mais celle-ci ne semble pas \u00eatre int\u00e9ress\u00e9e.", "start_date": "2026-09-05T03:45:00+00:00", "title": "Moi \u00e0 ton \u00e2ge"}, {"desc": "Obs\u00e9d\u00e9 par les jeux vid\u00e9o, Paul n\u00e9glige tous ceux qui l'entourent, si bien que Primrose lui confisque sa console. Envoy\u00e9 dans les ann\u00e9es 80, Paul pousse Primrose \u00e0 aller \u00e0 l'anniversaire de sa meilleure amie dans l'espoir de jouer \u00e0 Pac-Man sur place.", "start_date": "2026-09-05T03:46:00+00:00", "title": "Moi \u00e0 ton \u00e2ge"}, {"desc": "Anatole emprunte le serpent de Myl\u00e8ne pour pimenter un jeu d'\u00e9preuves chez lui, mais il dispara\u00eet. Une course contre la montre commence pour le retrouver.", "start_date": "2026-09-05T04:00:00+00:00", "title": "Anatole Latuile"}, {"desc": "Anatole d\u00e9couvre une fus\u00e9e dans le jardin de Marjane. Jason pense que le Grand Gluant l'a enlev\u00e9e, mais Anatole pense que c'est pour un tournage de pub.", "start_date": "2026-09-05T04:10:00+00:00", "title": "Anatole Latuile"}, {"desc": "Anatole emprunte la tortue d'Achille pour la rendre plus rapide, mais elle dispara\u00eet. Il d\u00e9couvre qu'Ange Mafiolo et Sidonie sont responsables du kidnapping.", "start_date": "2026-09-05T04:33:00+00:00", "title": "Anatole Latuile"}, {"desc": "Jason doit trouver des astuces pour assister au spectacle malgr\u00e9 les v\u00e9rifications r\u00e9guli\u00e8res des Bombix et les appels r\u00e9p\u00e9t\u00e9s de Madame Latuile.", "start_date": "2026-09-05T04:36:00+00:00", "title": "Anatole Latuile"}, {"desc": "Les Jeunes Titans se rendent \u00e0 la c\u00e9r\u00e9monie de la 20e \u00e9dition du prix de l'Opinion des enfants o\u00f9 ils sont nomin\u00e9s face \u00e0 leur h\u00e9ros pr\u00e9f\u00e9r\u00e9 : Louie L'Eponge.", "start_date": "2026-09-05T04:45:00+00:00", "title": "Teen Titans Go !"}, {"desc": "Les Teen Titans s'affrontent pour savoir qui d'entre eux fait la meilleure m\u00e8re du groupe et m\u00e9rite donc de remporter les cadeaux de la f\u00eate des m\u00e8res.", "start_date": "2026-09-05T04:59:00+00:00", "title": "Teen Titans Go !"}, {"desc": "Sticky Joe perd sa chaussure et sa recherche l'entra\u00eene dans une nouvelle et grande aventure.", "start_date": "2026-09-05T05:10:00+00:00", "title": "Teen Titans Go !"}, {"desc": "D\u00e9couvre les toutes nouvelles aventures de Robin, Cyborg, Starfire, Raven, Changelin dans Teen Titans Go !", "start_date": "2026-09-05T05:20:00+00:00", "title": "Teen Titans Go !"}, {"desc": "Pour prouver que l'homme descend du bison, le professeur Darwin a besoin d'assistants. Les Dalton sont volontaires...", "start_date": "2026-09-05T05:25:00+00:00", "title": "Les Dalton"}, {"desc": "Les Dalton s'\u00e9vadent, mais, d\u00e8s leur sortie, leurs corps se couvrent de boutons et ils ont du mal \u00e0 respirer. Vrai Faucon diagnostique le \"mal du p\u00e9nitencier\".", "start_date": "2026-09-05T05:38:00+00:00", "title": "Les Dalton"}, {"desc": "Dans un journal, Joe d\u00e9couvre une nouvelle invention : la bicyclette...", "start_date": "2026-09-05T05:46:00+00:00", "title": "Les Dalton"}, {"desc": "Un nouveau d\u00e9tenu arrive au p\u00e9nitencier. C'est un pal\u00e9ontologue. Les Dalton voient l\u00e0 un nouveau moyen de s'\u00e9chapper...", "start_date": "2026-09-05T06:03:00+00:00", "title": "Les Dalton"}, {"desc": "Un envoy\u00e9 du gouvernement d\u00e9barque au p\u00e9nitencier avec une machine capable de choisir parmi des milliers de candidats le meilleur \u00e9l\u00e9ment pour un poste donn\u00e9.", "start_date": "2026-09-05T06:11:00+00:00", "title": "Les Dalton"}, {"desc": "Le directeur a d\u00e9cid\u00e9 de participer au concours des p\u00e9nitenciers fleuris. Joe voudrait utiliser les caract\u00e9ristiques des plantes grimpantes pour s'\u00e9vader.", "start_date": "2026-09-05T06:12:00+00:00", "title": "Les Dalton"}, {"desc": "Maestro emm\u00e8ne petite Psi \u00e0 travers les \u00e2ges afin de lui trouver le cartable id\u00e9al pour sa premi\u00e8re rentr\u00e9e des classes, qu'elle appr\u00e9hende beaucoup.", "start_date": "2026-09-05T06:13:00+00:00", "title": "Il \u00e9tait une fois... ces dr\u00f4les d'objets"}, {"desc": "Ayant d\u00e9couvert les joies de la trottinette, Maestro part \u00e0 la d\u00e9couverte des diff\u00e9rents mod\u00e8les de cet objet qui a d'abord \u00e9t\u00e9 un jouet avant de devenir un moyen de locomotion.", "start_date": "2026-09-05T06:23:00+00:00", "title": "Il \u00e9tait une fois... ces dr\u00f4les d'objets"}, {"desc": "Maestro croise Psi qui essaie de dessiner un personnage, mais \u00e0 force de gommer, sa gomme est minuscule ! Maestro la conduit \u00e0 travers les \u00e2ges sur les traces des premi\u00e8res gommes.", "start_date": "2026-09-05T06:40:00+00:00", "title": "Il \u00e9tait une fois... ces dr\u00f4les d'objets"}, {"desc": "Deux p\u00e2tissiers talentueux en Guyane et \u00e0 La R\u00e9union ainsi que la cheffe Le\u00efla Albert donnent leurs conseils pour r\u00e9ussir des desserts a\u00e9riens et caf\u00e9in\u00e9s.", "start_date": "2026-09-05T06:42:00+00:00", "title": "Chef pays"}, {"desc": "Valentine Sled parcourt la r\u00e9gion Nouvelle-Aquitaine, \u00e0 la rencontre des habitants inspirants qui c\u00e9l\u00e8brent le terroir, la convivialit\u00e9 et le go\u00fbt du partage.", "start_date": "2026-09-05T07:15:00+00:00", "title": "Le go\u00fbt des rencontres Nouvelle-Aquitaine"}, {"desc": "Bulletin m\u00e9t\u00e9orologique du service de presse de France 3-M\u00e9t\u00e9o France.", "start_date": "2026-09-05T07:45:00+00:00", "title": "M\u00e9t\u00e9o (en wallisien)"}, {"desc": "Pr\u00e9par\u00e9 et propos\u00e9 par la R\u00e9daction du P\u00f4le Outre-mer Une production France T\u00e9l\u00e9visions Pr\u00e9sent\u00e9 en alternance par Kessi Weishaupt et Laurence Theatin Le journal d'information qui vous emm\u00e8ne au c\u0153ur des Outre-mer et de leur actualit\u00e9.", "start_date": "2026-09-05T07:50:00+00:00", "title": "Outremer.l'info"}, {"desc": "Chaque semaine, une r\u00e9daction r\u00e9gionale propose au c\u0153ur d'un territoire une enqu\u00eate, un portrait, une r\u00e9v\u00e9lation sur la soci\u00e9t\u00e9, l'\u00e9conomie, l'environnement ou la sant\u00e9.", "start_date": "2026-09-05T08:00:00+00:00", "title": "Enqu\u00eates de r\u00e9gion le mag"}, {"desc": "Le rendez-vous de la mi-journ\u00e9e des 24 r\u00e9dactions r\u00e9gionales de France T\u00e9l\u00e9visions, avec les journaux locaux, les reportages propres \u00e0 chaque r\u00e9gion, la m\u00e9t\u00e9o, mais aussi un regard de proximit\u00e9 sur l'actualit\u00e9 nationale et internationale.", "start_date": "2026-09-05T08:15:00+00:00", "title": "ICI 12/13 \u00e9dition toutes r\u00e9gions"}, {"desc": "D\u00e9couverte de deux territoires voisins aussi sublimes que diff\u00e9rents : la Bretagne, sa c\u00f4te de granit rose et ses villes fortifi\u00e9es, et la Normandie, ses falaises calcaires et ses stations baln\u00e9aires. Entre paysages grandioses et identit\u00e9s fortes, \u00e9vasion dans ces deux r\u00e9gions contrast\u00e9es.", "start_date": "2026-09-05T08:55:00+00:00", "title": "Bretagne et Normandie, deux identit\u00e9s fortes et contrast\u00e9es"}, {"desc": "Septi\u00e8me saison pour Samedi d'en rire. Samedi d'en rire est un retrotainement en plateau, qui m\u00eale humour, musique, bonne humeur et jeux. Samedi d'en rire est incarn\u00e9 par Jean Luc Lemoine. Chaque semaine, un invit\u00e9 se joindra \u00e0 \u00e0 lui pour partager ses souvenirs les plus surprenants. Entre humour et bonne humeur, nous retrouverons en magn\u00e9to le meilleur des sketches culte de nos grands humoristes, ", "start_date": "2026-09-05T09:30:00+00:00", "title": "Samedi d'en rire"}, {"desc": "Une production R&G Productions.", "start_date": "2026-09-05T10:35:00+00:00", "title": "Samedi d'en rire"}, {"desc": "Une production R&G Productions.", "start_date": "2026-09-05T11:30:00+00:00", "title": "Samedi d'en rire"}, {"desc": "Une production R&G Productions Jean-Luc Lemoine, entour\u00e9 de ses trois acolytes, vous donne rendez-vous pour toujours plus d'humour et de tubes l\u00e9gendaires ! Dans une ambiance chaleureuse et conviviale, ils nous font revivre les moments cultes de l'humour et les tubes mythiques qui ont rythm\u00e9 nos vies tout en nous faisant jouer avec notre culture musicale et humoristique.", "start_date": "2026-09-05T12:30:00+00:00", "title": "Samedi d'en rire"}, {"desc": "Organisations syndicales, partis politiques, mais aussi mouvements d'entrepreneurs prennent la parole.", "start_date": "2026-09-05T13:20:00+00:00", "title": "Expression directe"}, {"desc": "Une coproduction M\u00e9dicis Productions et Radio France Anim\u00e9 par Nicolas Stoufflet et Carinne Teyssandier Apr\u00e8s une saison 2023-2024 pl\u00e9biscit\u00e9 par les t\u00e9l\u00e9spectateurs de France 3, \"Le Jeu des 1000 Euros\" revient \u00e0 la rentr\u00e9e tous les week-ends, le samedi comme le dimanche. Ce jeu de cr\u00e9ation in\u00e9dite du service public est l'occasion de d\u00e9couvrir en plateau les meilleurs candidats venus de toutes les", "start_date": "2026-09-05T13:25:00+00:00", "title": "Le jeu des 1000 euros"}, {"desc": "Un jeu r\u00e9alis\u00e9 par Olivier Baudoin et Karl Grosse Produit par Fremantle, avec la participation de France 3 Anim\u00e9 par Samuel Etienne Jeu embl\u00e9matique construit autour de la culture g\u00e9n\u00e9rale, l'\u00e9mission culte \"Questions pour un champion\" se d\u00e9roule en trois manches : - Le \"9 points gagnants\" lors de laquelle la rapidit\u00e9 est de mise. - Le \"4 \u00e0 la suite\" o\u00f9 dans un temps de 40 secondes maximum, le but", "start_date": "2026-09-05T14:05:00+00:00", "title": "Questions pour un champion"}, {"desc": "Des conseils pratiques, concrets et imm\u00e9diatement applicables dans la vie quotidienne. Il s'agit d'un format ultra\u2011court, centr\u00e9 sur un th\u00e8me pr\u00e9cis \u00e0 chaque \u00e9pisode.", "start_date": "2026-09-05T14:50:00+00:00", "title": "R\u00e9flexe !"}, {"desc": "19:00 LE JOURNAL DES TALENTS 19:10 19/20 METEO REGIONALE 19:15 ICI 19/20.", "start_date": "2026-09-05T15:00:00+00:00", "title": "ICI 19/20 \u00e9dition toutes r\u00e9gions"}, {"desc": "Un point quotidien sur l'actualit\u00e9 m\u00e9t\u00e9o et climatique, avec des reportages et des interviews d'experts.", "start_date": "2026-09-05T15:45:00+00:00", "title": "Journal M\u00e9t\u00e9o Climat"}, {"desc": "Le magazine qui va au-del\u00e0 du seul r\u00e9sultat sportif : histoires humaines, enjeux soci\u00e9taux, innovations, culture sport, inclusion, environnement\u2026 Un regard moderne et ouvert sur le sport d'aujourd'hui.", "start_date": "2026-09-05T15:55:00+00:00", "title": "Stade 2 la quotidienne"}, {"desc": "Rencontres \u00e0 XV vous propose chaque samedi un reportage long format autour du rugby amateur ancr\u00e9 dans tous les territoires, suivi d'un portrait de joueurs actuels ou d'anciens joueurs, d'un sujet d'archives sur les grandes heures du XV de France ou d'un grand club fran\u00e7ais.", "start_date": "2026-09-05T16:20:00+00:00", "title": "Rencontres \u00e0 XV"}, {"desc": "Un bulletin m\u00e9t\u00e9orologique propre \u00e0 chaque r\u00e9gion.", "start_date": "2026-09-05T16:30:00+00:00", "title": "M\u00e9t\u00e9o r\u00e9gionale"}, {"desc": "Chaque ann\u00e9e, la Braderie de LILLE transforme la ville en une grand f\u00eate chaleureuse oA\u0131 tr\u00f4ne la bonne humeur et l'envie de faire la f\u00eate. Plus de deux millions de chineurs, de curieux et de f\u00eatards envahissent les rues pour c\u00e9l\u00e9brer l'un des plus grands rassemblements populaires de France. Mais si la Braderie a ses odeurs de moules-frites, ses kilom\u00e8tres de stands et son \u00e9nergie inimitable... el", "start_date": "2026-09-05T16:35:00+00:00", "title": "La braderie cherche son hymne"}, {"desc": "La lieutenant Marion Cazale, 35 ans, se rend en pleine nuit dans la cath\u00e9drale pour faire un voeu sur la \"Pierre des Fi\u00e8vres.", "start_date": "2026-09-05T17:10:00+00:00", "title": "Meurtres \u00e0..."}, {"desc": "Sur le cadavre retrouv\u00e9 crucifi\u00e9 dans la crypte de la Cath\u00e9drale Saint-Sauveur d'Aix-en-Provence, la commandante Anne Giudicelli, charg\u00e9e de l'enqu\u00eate, d\u00e9couvre un morceau de vieux parchemin r\u00e9dig\u00e9 comme une proph\u00e9tie de Nostradamus. Anne comprend bien vite que pour r\u00e9soudre cette affaire, elle est oblig\u00e9e de faire appel \u00e0 Pauline, sa demi-soeur. Les deux femmes ne se parlent plus depuis dix ans. ", "start_date": "2026-09-05T18:40:00+00:00", "title": "Meurtres \u00e0..."}, {"desc": "Pour la premi\u00e8re fois depuis un an, Manon retourne \u00e0 Figeac pour un bref s\u00e9jour. Apr\u00e8s la disparition d'Alexandre, son mari, dans un accident de la route, elle a pr\u00e9f\u00e9r\u00e9 s'installer \u00e0 Toulouse et poursuivre son activit\u00e9 de lieutenant de police dans la ville rose. Le temps d'une journ\u00e9e, pour comm\u00e9morer le souvenir d'Alexandre, Manon retrouve ceux qui l'avaient presque adopt\u00e9e. Et les retrouvailles", "start_date": "2026-09-05T20:15:00+00:00", "title": "Meurtres \u00e0..."}, {"desc": "Sarah Cortes est issue d'une famille de manadiers qui \u00e9l\u00e8ve des taureaux depuis plusieurs g\u00e9n\u00e9rations. Sarah doit se marier \u00e0 la fin de la semaine avec Louis, qu'elle conna\u00eet depuis toujours. Le commandant Lucas Pujol est un jeune officier mod\u00e8le surdipl\u00f4m\u00e9. Entre Sarah et Lucas, une amiti\u00e9 est n\u00e9e comme une \u00e9vidence, entre le feu et la glace. Dans les gradins des ar\u00e8nes d'Arles, c'est l'\u00e9lection ", "start_date": "2026-09-05T21:50:00+00:00", "title": "Meurtres \u00e0..."}, {"desc": "Le corps de Yann Privat, restaurateur r\u00e9put\u00e9, est retrouv\u00e9 empoisonn\u00e9 et flottant dans un lac du C\u00e9zallier. L'homme \u00e9tait magouilleur en affaire et les suspects ne manquent pas. Mais ici les locaux pr\u00e9f\u00e8rent dire que c'est un m\u00e9fait du Drac, un lutin malfaisant qui empoisonne la vie des gens. Quand un second chef est lui aussi victime d'un empoisonnement fatal, les gendarmes, les capitaines Fr\u00e9d\u00e9r", "start_date": "2026-09-05T23:20:00+00:00", "title": "Meurtres \u00e0..."}], "offset": "+00:00", "timezone": "UTC", "error_code": -1, "start_date": "2026-09-04", "icon": ""}