{"end_date": "2026-09-02", "name": "Arte  ", "info_url": "https://epg.pw/channels/549021/20260901.html", "country": "France", "description": null, "error_message": "", "provider": "", "source_url": "https://epg.pw/api/epg.json?channel_id=549021&date=20260901&timezone=None", "epg_list": [{"desc": "Mi\u00e9 Kohiyama, en France, et Miguel Hurtado, en Espagne, ont transform\u00e9 leur histoire en combat. Ensemble, ils portent la voix de milliers de victimes aupr\u00e8s des institutions europ\u00e9ennes afin que l'abolition de la prescription des crimes sexuels sur des mineurs soit inscrite dans le droit europ\u00e9en.", "start_date": "2026-09-01T00:05:00+00:00", "title": "ARTE Regards"}, {"desc": "Un couple d'\u00e9l\u00e9phants s'installe paisiblement au parc, mais leur \u00e9l\u00e9phanteau ne tient pas en place...", "start_date": "2026-09-01T00:37:00+00:00", "title": "Saison 3"}, {"desc": null, "start_date": "2026-09-01T00:39:00+00:00", "title": "Pause"}, {"desc": "Face au b\u00e9ton et \u00e0 l'acier, stars de l'architecture moderne, le bois retrouve progressivement ses lettres de noblesse. Principal mat\u00e9riau de construction pendant des mill\u00e9naires, il a \u00e9t\u00e9 progressivement \u00e9cart\u00e9, notamment en raison de son caract\u00e8re inflammable. Quant au bambou, qui pousse dans une grande partie du monde, son potentiel reste encore largement ignor\u00e9. L'utilisation de ces mat\u00e9riaux o", "start_date": "2026-09-01T01:15:00+00:00", "title": "Mat\u00e9riaux d\u2019hier & de demain"}, {"desc": "Animal embl\u00e9matique du Canada, le caribou est en danger d'extinction dans le sud du pays. Les peuples autochtones en mis en place un plan de sauvegarde.", "start_date": "2026-09-01T02:10:00+00:00", "title": "\u00c0 la reconqu\u00eate des Rocheuses"}, {"desc": "A mains nues, \u00e0 cesta punta, \u00e0 chistera, en trinquet : la pelote basque constitue l'un des piliers de l'identit\u00e9 d'un territoire \u00e0 l'histoire mouvement\u00e9e.", "start_date": "2026-09-01T02:55:00+00:00", "title": "360\u00b0 Reportage"}, {"desc": "Voyage \u00e0 la d\u00e9couverte des recettes traditionnelles de la Sicile. Les boulettes de riz siciliennes : les arancine - \u00c0 Palerme, Antoine Leclaire fait ses emplettes dans les commerces qui se sont ligu\u00e9s contre la mafia.", "start_date": "2026-09-01T03:50:00+00:00", "title": "Voyage en cuisine"}, {"desc": "Au Cambodge, un artiste en fusion avec la nature\\n\\nAu Cambodge, Khvay Samnang est l\u2019un des artistes contemporains les plus en vogue. Quand il s\u2019approprie la mythologie khm\u00e8re, cela donne lieu \u00e0 une \u00e9pop\u00e9e d\u00e9jant\u00e9e. M\u00e9taphore du d\u00e9r\u00e8glement climatique, Calling for Rain est une s\u00e9rie de vid\u00e9os et photos. Alors que le dragon de feu menace de br\u00fbler la for\u00eat, les animaux s\u2019unissent pour d\u00e9jouer le da", "start_date": "2026-09-01T04:20:00+00:00", "title": "Invitation au voyage"}, {"desc": "Au Japon, les bulles nostalgiques de Taniguchi\\n\\nL\u2019auteur et dessinateur japonais, Jir\u014d Taniguchi, disparu en 2017, envo\u00fbte les lecteurs depuis les ann\u00e9es 1970. L\u2019artiste se d\u00e9marque par ses histoires intimistes, son univers onirique, la subtilit\u00e9 de son trait. Ses deux \u0153uvres les plus autobiographiques, Le Journal de mon p\u00e8re, sorti en 1994 et Quartier lointain, qu\u2019il \u00e9crit quatre ans plus tard,", "start_date": "2026-09-01T05:05:00+00:00", "title": "Invitation au voyage"}, {"desc": "Ce cataclysme, longtemps consid\u00e9r\u00e9 comme l\u2019\u00e9l\u00e9ment d\u00e9clencheur de l\u2019effondrement de la civilisation minoenne, soul\u00e8ve encore bien des interrogations, auxquelles tente de r\u00e9pondre un vaste projet international de forage en eaux profondes. Pr\u00e9par\u00e9e pendant six ans, l\u2019exp\u00e9dition\u00a0398 a r\u00e9uni une \u00e9quipe de scientifiques de huit pays \u00e0 bord d\u2019un navire de recherche \u00e9quip\u00e9 des technologies les plus moder", "start_date": "2026-09-01T05:55:00+00:00", "title": "Les myst\u00e8res de Santorin"}, {"desc": "De Cassis \u00e0 la fronti\u00e8re italienne, sur la M\u00e9diterran\u00e9e, la beaut\u00e9 idyllique des paysages, la douceur de vivre et le soleil de la C\u00f4te d\u2019Azur attirent la haute soci\u00e9t\u00e9 europ\u00e9enne d\u00e8s les balbutiements du tourisme.\u00a0Mais c\u2019est au XXe si\u00e8cle, \u00e0 partir des ann\u00e9es 1950, que ce pan de littoral acquiert une renomm\u00e9e mondiale. N\u00e9 en 1939 pour s\u2019interrompre aussit\u00f4t, le Festival de Cannes attire le gratin ", "start_date": "2026-09-01T07:20:00+00:00", "title": "La C\u00f4te d\u2019Azur, mythique et l\u00e9gendaire"}, {"desc": "A Tul\u00e9ar, l'\u00e9quipe d\u00e9couvre l'une des richesses malgaches, la spiruline, algue utilis\u00e9e comme compl\u00e9ment alimentaire notamment chez les enfants malnutris.", "start_date": "2026-09-01T08:15:00+00:00", "title": "Nomade des mers, les escales de l'innovation"}, {"desc": "Un poulet sur cinq consomm\u00e9 dans l\u2019Union europ\u00e9enne provient de Pologne. Premier producteur de volailles d\u2019Europe, le pays mise sur de vastes exploitations d\u2019\u00e9levage intensif. \u00c0 Kode\u0144, pr\u00e8s d\u2019un million de poulets sont \u00e9lev\u00e9s \u00e0 c\u00f4t\u00e9 de la propri\u00e9t\u00e9 de Barbara Bil, qui s\u2019oppose \u00e0 cette exploitation. Cette retrait\u00e9e ne supporte plus les nuisances olfactives et craint pour sa qualit\u00e9 de vie.", "start_date": "2026-09-01T09:00:00+00:00", "title": "ARTE Regards"}, {"desc": "Apr\u00e8s son s\u00e9jour en cure de d\u00e9sintoxication, le commissaire Alexander Forsman reprend du service, mais sa d\u00e9pendance aux analg\u00e9siques continue de le tourmenter. Rien ne semble l\u2019aider, ni sa nouvelle psychologue, ni la proposition de Nora qu'il emm\u00e9nage chez elle. Il pr\u00e9f\u00e8re se plonger dans une nouvelle affaire : le violent passage \u00e0 tabac d\u2019un concessionnaire de bateaux de luxe, qui se trouve d\u00e9s", "start_date": "2026-09-01T09:35:00+00:00", "title": "Meurtres \u00e0 Sandhamn"}, {"desc": "Dans le nord-ouest du Canada, quelque 5000 loups hantent les grands espaces du Yukon. Contre toute attente, ces redoutables pr\u00e9dateurs, longtemps consid\u00e9r\u00e9s comme les responsables de la rar\u00e9faction des caribous, se retrouvent d\u00e9sormais au coeur d'une politique \u00e9cologique de r\u00e9conciliation : hommes et loups apprennent \u00e0 coexister et construisent un avenir commun.", "start_date": "2026-09-01T11:05:00+00:00", "title": "\u00c0 la reconqu\u00eate des Rocheuses"}, {"desc": "De Chicago au golfe du Mexique en passant principalement par le Mississippi, la suite de l'aventure permet de traverser Saint-Louis, Memphis et La Nouvelle-Orl\u00e9ans.", "start_date": "2026-09-01T11:50:00+00:00", "title": "Les Etats-Unis sur les flots"}, {"desc": "Partant de la \"Forgotten Coast.", "start_date": "2026-09-01T12:35:00+00:00", "title": "Les Etats-Unis sur les flots"}, {"desc": "\u00c0 N\u00eemes, la palette color\u00e9e de Claude Viallat\\n\\nDepuis soixante ans, Claude Viallat peint la m\u00eame forme, sa signature, lui qui ne signe pas ses toiles et ne leur donne aucun titre. Son \u0153uvre, abstraite, porte en elle la r\u00e9gion de N\u00eemes, terre d\u2019origine de l\u2019artiste : les couleurs, les tissus, la tauromachie, les gestes des artisans ont rythm\u00e9 son enfance et l\u2019habitent toujours. \u00c0 la fin des ann\u00e9e", "start_date": "2026-09-01T13:20:00+00:00", "title": "Invitation au voyage"}, {"desc": "Gary Shteyngart, un bon \u00e0 rien \u00e0 New York\\n\\nL'\u00e9crivain Gary Shteyngart n\u2019a que 7 ans lorsqu\u2019il d\u00e9barque \u00e0 New York. Issu d\u2019une famille juive originaire d\u2019URSS, ce gar\u00e7on ch\u00e9tif et maladroit ne parle pas un mot d\u2019anglais. En 2014, il publie M\u00e9moires d\u2019un bon \u00e0 rien, une autobiographie qui signe sa r\u00e9ussite litt\u00e9raire aux \u00c9tats-Unis. Adolescent, le gar\u00e7on solitaire va \u00e0 l\u2019\u00e9cole h\u00e9bra\u00efque et d\u00e9velop", "start_date": "2026-09-01T14:05:00+00:00", "title": "Invitation au voyage"}, {"desc": "La coquille Saint-Jacques est l'un des embl\u00e8mes de la r\u00e9gion de Honfleur. Le chef Julien Lefebvre n'h\u00e9site pas \u00e0 la mettre en avant et l'allie au Livarot.", "start_date": "2026-09-01T14:50:00+00:00", "title": "Voyage en cuisine"}, {"desc": "Sonia Devillers raconte avec passion l'histoire d'une photo, d'une image. De sa construction \u00e0 son impact sur notre vision du monde, comment expliquer sa viralit\u00e9 et ses pouvoirs ?", "start_date": "2026-09-01T15:30:00+00:00", "title": "Le dessous des images"}, {"desc": "Chaque jour \u00e0 19h45, la r\u00e9daction franco-allemande d'ARTE Journal propose une approche europ\u00e9enne et culturelle de l'actualit\u00e9. Un regard original sur le monde.", "start_date": "2026-09-01T15:45:00+00:00", "title": "ARTE Journal"}, {"desc": "Avec curiosit\u00e9, vivacit\u00e9 et humour, \u00c9lisabeth Quin s'empare chaque soir de l'actualit\u00e9, accompagn\u00e9e, du lundi au jeudi, par Benjamin Sportouch, Anna N'Diaye, Marie Bonnisseau et Xavier Mauduit. Au programme, les rubriques \"Le profil id\u00e9al\" de Ga\u00ebl Legras, \"Mise au point\" de Sandrine Le Calvez et \"Entendu\" de Thibaut Nolte. Le week-end, Renaud D\u00e9ly reprend le flambeau pour \"Le club\" du vendredi, av", "start_date": "2026-09-01T16:05:00+00:00", "title": "28 minutes"}, {"desc": "Du lundi au jeudi, Le dessous des cartes - L'essentiel met son expertise g\u00e9opolitique au service d'un d\u00e9cryptage, en quatre minutes, des grands \u00e9v\u00e9nements qui secouent le monde contemporain.", "start_date": "2026-09-01T16:50:00+00:00", "title": "Le dessous des cartes : l'essentiel"}, {"desc": "L'histoire de la paysannerie europ\u00e9enne d\u00e9bute dans les ruines de Rome. Reconnue sous l'Antiquit\u00e9, la figure de l'agriculteur, ce citoyen qui poss\u00e8de des terres, s'efface peu \u00e0 peu avec le temps. Le paysan devient un semi-nomade proche des chasseurs-cueilleurs de la pr\u00e9histoire. Mais cette \u00e9conomie peu productive nourrit efficacement l'humanit\u00e9. Au IXe si\u00e8cle, religieux et la\u00efcs s'allient pour met", "start_date": "2026-09-01T16:55:00+00:00", "title": "Le temps des paysans"}, {"desc": "Vers l'an mille, la croissance reprend vie en Europe gr\u00e2ce au travail paysan, alors seule source de richesse. L'agriculture commerciale, surtout c\u00e9r\u00e9ali\u00e8re, prend ainsi son essor. Pour conqu\u00e9rir de nouvelles terres \u00e0 bl\u00e9, on d\u00e9truit for\u00eats et zones humides. Mais l'arr\u00eat de la croissance au XIVe si\u00e8cle et une longue succession de famines, d'\u00e9pid\u00e9mies et de guerres d\u00e9ciment l'Europe paysanne et prov", "start_date": "2026-09-01T17:50:00+00:00", "title": "Le temps des paysans"}, {"desc": "Au XVIIe si\u00e8cle, certains paysans commencent \u00e0 savoir lire et \u00e9crire, au grand d\u00e9plaisir des ma\u00eetres, les m\u00eames qui criminalisent les superstitions rurales et font la chasse aux sorci\u00e8res de village. En Angleterre, l'aristocratie s'empare des terres communales au nom du progr\u00e8s. Pour survivre, les paysans se font ouvriers agricoles ou vagabonds. La France suit un autre chemin. Sa paysannerie se ma", "start_date": "2026-09-01T18:50:00+00:00", "title": "Le temps des paysans"}, {"desc": "Au XIXe si\u00e8cle, la r\u00e9volution industrielle bouleverse le monde paysan. Les anciennes solidarit\u00e9s villageoises sont d\u00e9mantel\u00e9es, la population agricole chute. L'heure est \u00e0 l'exode rural. Mais lorsque les nationalismes explosent, le paysan, oppos\u00e9 \u00e0 l'ouvrier, est promu premier d\u00e9fenseur de la patrie. Apr\u00e8s les deux guerres mondiales, le mod\u00e8le productiviste s'impose partout.", "start_date": "2026-09-01T19:40:00+00:00", "title": "Le temps des paysans"}, {"desc": "\u00c0 l'\u00e9t\u00e9 1900, le nord de la Chine est secou\u00e9 par une s\u00e9rie de soul\u00e8vements paysans. Alors que le pouvoir imp\u00e9rial vacille, les Boxeurs, un mouvement populaire orchestr\u00e9 par une soci\u00e9t\u00e9 secr\u00e8te, se dressent contre l'influence croissante des puissances \u00e9trang\u00e8res, avant de prendre pour cible les chr\u00e9tiens chinois, puis les missionnaires et les \u00e9trangers. En r\u00e9ponse, une coalition r\u00e9unissant la Franc", "start_date": "2026-09-01T20:40:00+00:00", "title": "La fin de l\u2019Empire chinois"}, {"desc": "Mao Zedong na\u00eet en 1893 dans une Chine rurale en proie \u00e0 l'instabilit\u00e9 politique et aux bouleversements sociaux. Apr\u00e8s la r\u00e9volution de 1911, qui pr\u00e9cipite la chute de l'Empire, le pays est domin\u00e9 par des puissances imp\u00e9rialistes. Le jeune Mao, dont la conscience politique s'\u00e9veille, r\u00eave alors de voir la Chine renouer avec sa grandeur pass\u00e9e. Marqu\u00e9 par la r\u00e9volution russe d'octobre 1917 et ralli", "start_date": "2026-09-01T21:35:00+00:00", "title": "Mao, l\u2019empereur rouge"}, {"desc": "Apr\u00e8s la proclamation de la R\u00e9publique populaire de Chine, l'heure est \u00e0 la r\u00e9organisation du pays. Environ un million de nationalistes se r\u00e9fugient sur l'\u00eele de Ta\u00efwan, en qu\u00eate d'ind\u00e9pendance - un conflit auquel le pr\u00e9sident Xi Jinping ambitionne aujourd'hui de mettre un terme, en s'inspirant du r\u00eave d'unification de Mao. En 1950, la guerre de Cor\u00e9e constitue pour le leader chinois une premi\u00e8re ", "start_date": "2026-09-01T22:25:00+00:00", "title": "Mao, l\u2019empereur rouge"}, {"desc": "Apr\u00e8s le d\u00e9sastre du \"Grand Bond en avant.", "start_date": "2026-09-01T23:20:00+00:00", "title": "Mao, l\u2019empereur rouge"}, {"desc": "Le Land de Saxe-Anhalt avant les \u00e9lections r\u00e9gionales : Max, 17 ans, se bat pour une soci\u00e9t\u00e9 ouverte ; Hannes, \u00e9tudiant en droit, documente le virage politique \u00e0 droite de sa r\u00e9gion natale tandis qu'Alexandra, esth\u00e9ticienne, mesure chaque jour la fracture politique au sein de sa client\u00e8le. Portrait de trois jeunes \u00e0 l'approche d'un scrutin suivi de pr\u00e8s par tout le pays.", "start_date": "2026-09-02T00:15:00+00:00", "title": "De jeunes Allemands engag\u00e9s pour la d\u00e9mocratie"}, {"desc": "Un serveur \u00e9l\u00e9phant participe \u00e0 une course de gar\u00e7ons de caf\u00e9 pour soigner sa maladresse...", "start_date": "2026-09-02T00:46:00+00:00", "title": "Saison 3"}, {"desc": null, "start_date": "2026-09-02T00:48:00+00:00", "title": "Pause"}, {"desc": null, "start_date": "2026-09-02T00:49:00+00:00", "title": "Pause"}, {"desc": "Si les nouveaux modes de construction \u00e0 base de bois, de bambou ou de myc\u00e9lium font flor\u00e8s, certains vont plus loin en s'inspirant directement de structures organiques. Au nord-est de l'Inde, dans l'\u00c9tat du Meghalaya, le peuple khasi construit depuis des si\u00e8cles des \"ponts vivants.", "start_date": "2026-09-02T01:15:00+00:00", "title": "Mat\u00e9riaux d\u2019hier & de demain"}, {"desc": "Du bord du lac de Constance, dans le sud-ouest de l\u2019Allemagne, aux rives du K\u00f6nigssee, dans l\u2019extr\u00eame sud-est du pays, cap sur les Alpes bavaroises pour un p\u00e9riple de pr\u00e8s de 500\u00a0kilom\u00e8tres \u00e0 travers les massifs montagneux. Jalonn\u00e9e de parcs nationaux et de ch\u00e2teaux majestueux, la route allie d\u00e9lices gastronomiques, aventures alpines et d\u00e9couvertes culturelles.", "start_date": "2026-09-02T02:10:00+00:00", "title": "Une f\u00e9\u00e9rie de lacs et de ch\u00e2teaux"}, {"desc": "Les marais du Cotentin, qui s'\u00e9tendent sur 30 000 hectares, constituent un refuge pour les oiseaux migrateurs et un r\u00e9servoir de diversit\u00e9 biologique.", "start_date": "2026-09-02T02:55:00+00:00", "title": "Cotentin, des marais entre terre et mer"}, {"desc": "La coquille Saint-Jacques est l'un des embl\u00e8mes de la r\u00e9gion de Honfleur. Le chef Julien Lefebvre n'h\u00e9site pas \u00e0 la mettre en avant et l'allie au Livarot.", "start_date": "2026-09-02T03:50:00+00:00", "title": "Voyage en cuisine"}, {"desc": "Gary Shteyngart, un bon \u00e0 rien \u00e0 New York\\n\\nL'\u00e9crivain Gary Shteyngart n\u2019a que 7 ans lorsqu\u2019il d\u00e9barque \u00e0 New York. Issu d\u2019une famille juive originaire d\u2019URSS, ce gar\u00e7on ch\u00e9tif et maladroit ne parle pas un mot d\u2019anglais. En 2014, il publie M\u00e9moires d\u2019un bon \u00e0 rien, une autobiographie qui signe sa r\u00e9ussite litt\u00e9raire aux \u00c9tats-Unis. Adolescent, le gar\u00e7on solitaire va \u00e0 l\u2019\u00e9cole h\u00e9bra\u00efque et d\u00e9velop", "start_date": "2026-09-02T04:20:00+00:00", "title": "Invitation au voyage"}, {"desc": "\u00c0 N\u00eemes, la palette color\u00e9e de Claude Viallat\\n\\nDepuis soixante ans, Claude Viallat peint la m\u00eame forme, sa signature, lui qui ne signe pas ses toiles et ne leur donne aucun titre. Son \u0153uvre, abstraite, porte en elle la r\u00e9gion de N\u00eemes, terre d\u2019origine de l\u2019artiste : les couleurs, les tissus, la tauromachie, les gestes des artisans ont rythm\u00e9 son enfance et l\u2019habitent toujours. \u00c0 la fin des ann\u00e9e", "start_date": "2026-09-02T05:05:00+00:00", "title": "Invitation au voyage"}, {"desc": "Partout sur le globe, les animaux ont appris \u00e0 puiser dans la pharmacop\u00e9e de la nature pour se soigner\u00a0: les fourmis pr\u00e9parent des rem\u00e8des antibact\u00e9riens, les singes capucins utilisent des plantes pour se prot\u00e9ger des insectes, tandis que les hippopotames produisent une protection solaire naturelle. Mais comment les animaux identifient-ils ce qui est bon pour eux\u00a0? En se penchant sur l\u2019art de l\u2019au", "start_date": "2026-09-02T05:55:00+00:00", "title": "Jeunesse de Wang Bing"}, {"desc": "Pour assurer et optimiser leur reproduction, les animaux ont recours \u00e0 des strat\u00e9gies naturelles extr\u00eamement cr\u00e9atives. Les abeilles \u00e0 orchid\u00e9es m\u00e2les collectent les essences aromatiques de plantes qui favorisent l\u2019accouplement, les \u00e9l\u00e9phantes gestantes recherchent des arbres m\u00e9dicinaux qui d\u00e9clenchent le travail, tandis que les femelles de plusieurs esp\u00e8ces de mammif\u00e8res provoquent des fausses co", "start_date": "2026-09-02T06:40:00+00:00", "title": "Jeunesse de Wang Bing"}, {"desc": "Que ce soit pour se soigner, soulager le stress ou simplement en \u00e9prouver l'ivresse, les animaux ne rechignent pas \u00e0 consommer les substances psychotropes qu'offre la nature.", "start_date": "2026-09-02T07:25:00+00:00", "title": "Jeunesse de Wang Bing"}, {"desc": "Pour g\u00e9rer les tensions, les macaques du Japon se baignent dans des sources chaudes, les \u00e9l\u00e9phants s'octroient des pauses pour barboter, et les reptiles, des bains de soleil.", "start_date": "2026-09-02T08:10:00+00:00", "title": "Jeunesse de Wang Bing"}, {"desc": "En France, de plus en plus d'adultes revendiquent une vie sans enfant. Yasmine, Lou et Chlo\u00e9 assument ce choix malgr\u00e9 les injonctions sociales. Entre qu\u00eate de libert\u00e9, inqui\u00e9tudes pour l'avenir et combat pour faire respecter leur d\u00e9cision, ce reportage donne \u00e0 voir des parcours encore souvent incompris.", "start_date": "2026-09-02T09:00:00+00:00", "title": "France : g\u00e9n\u00e9ration \"no kids\""}, {"desc": "Au volant de son poids lourd, Jean Chape, chauffeur routier auvergnat, sillonne les routes de France. Un matin, il voit un homme tomber de la voiture qui le pr\u00e9c\u00e8de. Jean, qui n'a pas le temps de freiner, le heurte. Il est boulevers\u00e9 \u00e0 l'id\u00e9e d'avoir tu\u00e9 le malheureux. Sur les conseils de son amie Alice, institutrice dans la r\u00e9gion parisienne, il pr\u00e9vient la police. Au cours de l'enqu\u00eate, les insp", "start_date": "2026-09-02T09:35:00+00:00", "title": "Gas-oil"}, {"desc": "A peine parti de Madagascar, le Nomade des mers subit une nouvelle avarie. Dans une nuit noire sans lune, un coup de vent a brutalement cass\u00e9 le m\u00e2t. Heureusement, le bateau approche des Seychelles et met le cap sur la capitale, Victoria. Mais \u00e0 l'arriv\u00e9e, une autre d\u00e9convenue attend Corentin et son \u00e9quipage. Loin d'\u00eatre d\u00e9courag\u00e9s, les marins reprennent espoir et partent \u00e0 la rencontre de ceux qu", "start_date": "2026-09-02T11:25:00+00:00", "title": "Nomade des mers, les escales de l'innovation"}, {"desc": "Sur les rivages de Bretagne, le long de ses c\u00f4tes de granit, un huis clos aquatique se r\u00e9p\u00e8te \u00e0 chaque mar\u00e9e basse. Sur l\u2019estran m\u00e9lancolique, les flaques d\u2019eau sal\u00e9e se transforment en ar\u00e8nes \u00e9ph\u00e9m\u00e8res miniatures, o\u00f9 habitants r\u00e9guliers et visiteurs pi\u00e9g\u00e9s tentent de survivre. Les pr\u00e9dateurs deviennent des proies, r\u00e9v\u00e9lant des vuln\u00e9rabilit\u00e9s inattendues, des alliances \u00e9tonnantes se forment et des", "start_date": "2026-09-02T11:50:00+00:00", "title": "Pi\u00e8ge \u00e0 mar\u00e9e basse"}, {"desc": "Quand la femelle crabe vert mue, le m\u00e2le tente une approche amoureuse\u2026 Les balanes, incapables de se d\u00e9placer, trouveraient difficilement un partenaire si ces crustac\u00e9s hermaphrodites n\u2019\u00e9taient pas dot\u00e9s du plus long p\u00e9nis du r\u00e8gne animal : huit fois leur taille ! Au-dessus de la surface, plus de 700 esp\u00e8ces d\u2019algues \u00e9voluent diff\u00e9remment pour se partager de maigres ressources. Sous l\u2019eau, une lim", "start_date": "2026-09-02T12:35:00+00:00", "title": "Pi\u00e8ge \u00e0 mar\u00e9e basse"}, {"desc": "\u00d6zge Samanci met en bulles son enfance turque\\n\\nC\u2019est l\u2019histoire d\u2019une jeune fille \u00e0 laquelle on apprenait \u00e0 nager bien droit. En suivant une ligne toute trac\u00e9e. Mais dans cet oc\u00e9an agit\u00e9 qu\u2019\u00e9tait la Turquie des ann\u00e9es 1980, \u00d6zge Samanci a choisi de nager \u201c\u00c0 contre-courant\u201d, comme sa bande-dessin\u00e9e autobiographique publi\u00e9e en 2015 aux \u00c9tats-Unis. L\u2019artiste et autrice turco-am\u00e9ricaine y dessine so", "start_date": "2026-09-02T13:20:00+00:00", "title": "Invitation au voyage"}, {"desc": "En Argentine, les portraits sublim\u00e9s d'Annemarie Heinrich\\n\\nEn Argentine, au XXe si\u00e8cle, Annemarie Heinrich a r\u00e9volutionn\u00e9 l\u2019art du portrait photographique\u00a0dans l\u2019obscurit\u00e9 de son studio \u00e0 Buenos Aires.\u00a0En cherchant \u00e0 ma\u00eetriser l\u2019ombre et la lumi\u00e8re, l\u2019artiste a consacr\u00e9 sa vie \u00e0 r\u00e9v\u00e9ler les corps et les visages. N\u00e9e en Allemagne dans une famille modeste, l\u2019Argentine devient sa terre d\u2019adoption. ", "start_date": "2026-09-02T14:10:00+00:00", "title": "Invitation au voyage"}, {"desc": "Les grandes plaines canadiennes sont truff\u00e9es de lacs et de rivi\u00e8res. La cheffe Karine Beauchamp met en avant la richesse des produits de qualit\u00e9 qui s'y trouvent.", "start_date": "2026-09-02T14:55:00+00:00", "title": "Voyage en cuisine"}, {"desc": "Publi\u00e9e sur TikTok le 12 f\u00e9vrier 2026 par le droniste qui a film\u00e9 la sc\u00e8ne, cette vid\u00e9o a \u00e9t\u00e9 aim\u00e9e plus de 2 millions de fois. Elle met en sc\u00e8ne une touriste depuis un toit de la plus grande favela de Rio de Janeiro, au Br\u00e9sil. Le drone s\u2019\u00e9loigne progressivement de la protagoniste pour d\u00e9voiler un panorama urbain tr\u00e8s concentr\u00e9. Camila Maria dos Santos Moraes, professeure de tourisme \u00e0 l\u2019universi", "start_date": "2026-09-02T15:30:00+00:00", "title": "Le dessous des images"}, {"desc": "Chaque jour \u00e0 19h45, la r\u00e9daction franco-allemande d'ARTE Journal propose une approche europ\u00e9enne et culturelle de l'actualit\u00e9. Un regard original sur le monde.", "start_date": "2026-09-02T15:45:00+00:00", "title": "ARTE Journal"}, {"desc": "Avec curiosit\u00e9, vivacit\u00e9 et humour, \u00c9lisabeth Quin s'empare chaque soir de l'actualit\u00e9, accompagn\u00e9e, du lundi au jeudi, par Benjamin Sportouch, Anna N'Diaye, Marie Bonnisseau et Xavier Mauduit. Au programme, les rubriques \"Le profil id\u00e9al\" de Ga\u00ebl Legras, \"Mise au point\" de Sandrine Le Calvez et \"Entendu\" de Thibaut Nolte. Le week-end, Renaud D\u00e9ly reprend le flambeau pour \"Le club\" du vendredi, av", "start_date": "2026-09-02T16:05:00+00:00", "title": "28 minutes"}, {"desc": "Du lundi au jeudi, Le dessous des cartes - L'essentiel met son expertise g\u00e9opolitique au service d'un d\u00e9cryptage, en quatre minutes, des grands \u00e9v\u00e9nements qui secouent le monde contemporain.", "start_date": "2026-09-02T16:50:00+00:00", "title": "Le dessous des cartes : l'essentiel"}, {"desc": "Souleymane, un jeune sans-papiers de 20 ans originaire de Guin\u00e9e, travaille ill\u00e9galement pour une plateforme de livraison de repas. Tandis qu'il p\u00e9dale dans les rues bond\u00e9es de Paris pour livrer des commandes, il r\u00e9p\u00e8te inlassablement son histoire, ou plut\u00f4t celle, fabriqu\u00e9e, qui sera susceptible de convenir \u00e0 l'administration. Dans deux jours, en effet, il doit passer \u00e0 l'OFPRA son entretien de d", "start_date": "2026-09-02T17:00:00+00:00", "title": "L'histoire de Souleymane"}, {"desc": "Lena Schneider, 19 ans, part en vacances en Tha\u00eflande avec sa m\u00e8re, Doris. Bien qu'il s'agisse d'une destination de r\u00eave, elle est loin d'\u00eatre ravie. Le voyage se r\u00e9v\u00e8le catastrophique. Leur avion doit effectuer un amerrissage en catastrophe au milieu de l'oc\u00e9an Indien. Alors que sa m\u00e8re est sauv\u00e9e directement, Lena se retrouve sur une \u00eele d\u00e9serte. Y trouvent \u00e9galement refuge Cem \u00d6zt\u00fcrk et sa soeu", "start_date": "2026-09-02T18:30:00+00:00", "title": "Family Mix"}, {"desc": "Trois courts m\u00e9trages, trois d\u00e9sillusions amoureuses : \"Dernier printemps\" de Mathilde Bedouet, \"Mon sucre d'amour\" de C\u00e9leste Fournet et \"Malo fait du v\u00e9lo\" de Yannick M\u00fcller - Tran Anh Hung revient sur ses premiers courts m\u00e9trages.", "start_date": "2026-09-02T20:15:00+00:00", "title": "Court-circuit"}, {"desc": "La R\u00e9publique f\u00e9d\u00e9rale allemande fait appel \u00e0 l'immigration turque d\u00e8s 1955, mais c'est seulement \u00e0 partir de 1961, avec la signature d'un accord de recrutement bipartite, que celle-ci devient massive. Parmi ces Gastarbeiter (\"ouvriers invit\u00e9s\") assign\u00e9s \u00e0 des conditions de vie difficiles malgr\u00e9 leur contribution importante au miracle \u00e9conomique, de nombreux asik, des po\u00e8tes chanteurs, vont avec l", "start_date": "2026-09-02T21:15:00+00:00", "title": "L'amour, le Deutsche Mark et la mort"}, {"desc": "Les Hoffmann ont tout d'une famille soud\u00e9e. M\u00e9decin \u00e0 la retraite et veuf, Rainer a laiss\u00e9 dix ans auparavant la maison qu'il occupait \u00e0 la famille de son fils Andreas, pour s'installer dans la petite d\u00e9pendance o\u00f9 il recevait ses patients. Alors qu'Andreas et sa femme Bibi ont lanc\u00e9 les invitations pour c\u00e9l\u00e9brer le 80e anniversaire du patriarche, Rainer met brutalement fin \u00e0 ses jours. Le drame f", "start_date": "2026-09-02T22:50:00+00:00", "title": "Tir crois\u00e9"}], "offset": "+00:00", "timezone": "UTC", "error_code": -1, "start_date": "2026-09-01", "icon": ""}