{"end_date": "2026-09-03", "name": "Arte  ", "info_url": "https://epg.pw/channels/549021/20260902.html", "country": "France", "description": null, "error_message": "", "provider": "", "source_url": "https://epg.pw/api/epg.json?channel_id=549021&date=20260902&timezone=None", "epg_list": [{"desc": "Le Land de Saxe-Anhalt avant les \u00e9lections r\u00e9gionales : Max, 17 ans, se bat pour une soci\u00e9t\u00e9 ouverte ; Hannes, \u00e9tudiant en droit, documente le virage politique \u00e0 droite de sa r\u00e9gion natale tandis qu'Alexandra, esth\u00e9ticienne, mesure chaque jour la fracture politique au sein de sa client\u00e8le. Portrait de trois jeunes \u00e0 l'approche d'un scrutin suivi de pr\u00e8s par tout le pays.", "start_date": "2026-09-02T00:15:00+00:00", "title": "De jeunes Allemands engag\u00e9s pour la d\u00e9mocratie"}, {"desc": "Un serveur \u00e9l\u00e9phant participe \u00e0 une course de gar\u00e7ons de caf\u00e9 pour soigner sa maladresse...", "start_date": "2026-09-02T00:46:00+00:00", "title": "Saison 3"}, {"desc": null, "start_date": "2026-09-02T00:48:00+00:00", "title": "Pause"}, {"desc": null, "start_date": "2026-09-02T00:49:00+00:00", "title": "Pause"}, {"desc": "Si les nouveaux modes de construction \u00e0 base de bois, de bambou ou de myc\u00e9lium font flor\u00e8s, certains vont plus loin en s'inspirant directement de structures organiques. Au nord-est de l'Inde, dans l'\u00c9tat du Meghalaya, le peuple khasi construit depuis des si\u00e8cles des \"ponts vivants.", "start_date": "2026-09-02T01:15:00+00:00", "title": "Mat\u00e9riaux d\u2019hier & de demain"}, {"desc": "Du bord du lac de Constance, dans le sud-ouest de l\u2019Allemagne, aux rives du K\u00f6nigssee, dans l\u2019extr\u00eame sud-est du pays, cap sur les Alpes bavaroises pour un p\u00e9riple de pr\u00e8s de 500\u00a0kilom\u00e8tres \u00e0 travers les massifs montagneux. Jalonn\u00e9e de parcs nationaux et de ch\u00e2teaux majestueux, la route allie d\u00e9lices gastronomiques, aventures alpines et d\u00e9couvertes culturelles.", "start_date": "2026-09-02T02:10:00+00:00", "title": "Une f\u00e9\u00e9rie de lacs et de ch\u00e2teaux"}, {"desc": "Les marais du Cotentin, qui s'\u00e9tendent sur 30 000 hectares, constituent un refuge pour les oiseaux migrateurs et un r\u00e9servoir de diversit\u00e9 biologique.", "start_date": "2026-09-02T02:55:00+00:00", "title": "Cotentin, des marais entre terre et mer"}, {"desc": "La coquille Saint-Jacques est l'un des embl\u00e8mes de la r\u00e9gion de Honfleur. Le chef Julien Lefebvre n'h\u00e9site pas \u00e0 la mettre en avant et l'allie au Livarot.", "start_date": "2026-09-02T03:50:00+00:00", "title": "Voyage en cuisine"}, {"desc": "Gary Shteyngart, un bon \u00e0 rien \u00e0 New York\\n\\nL'\u00e9crivain Gary Shteyngart n\u2019a que 7 ans lorsqu\u2019il d\u00e9barque \u00e0 New York. Issu d\u2019une famille juive originaire d\u2019URSS, ce gar\u00e7on ch\u00e9tif et maladroit ne parle pas un mot d\u2019anglais. En 2014, il publie M\u00e9moires d\u2019un bon \u00e0 rien, une autobiographie qui signe sa r\u00e9ussite litt\u00e9raire aux \u00c9tats-Unis. Adolescent, le gar\u00e7on solitaire va \u00e0 l\u2019\u00e9cole h\u00e9bra\u00efque et d\u00e9velop", "start_date": "2026-09-02T04:20:00+00:00", "title": "Invitation au voyage"}, {"desc": "\u00c0 N\u00eemes, la palette color\u00e9e de Claude Viallat\\n\\nDepuis soixante ans, Claude Viallat peint la m\u00eame forme, sa signature, lui qui ne signe pas ses toiles et ne leur donne aucun titre. Son \u0153uvre, abstraite, porte en elle la r\u00e9gion de N\u00eemes, terre d\u2019origine de l\u2019artiste : les couleurs, les tissus, la tauromachie, les gestes des artisans ont rythm\u00e9 son enfance et l\u2019habitent toujours. \u00c0 la fin des ann\u00e9e", "start_date": "2026-09-02T05:05:00+00:00", "title": "Invitation au voyage"}, {"desc": "Partout sur le globe, les animaux ont appris \u00e0 puiser dans la pharmacop\u00e9e de la nature pour se soigner\u00a0: les fourmis pr\u00e9parent des rem\u00e8des antibact\u00e9riens, les singes capucins utilisent des plantes pour se prot\u00e9ger des insectes, tandis que les hippopotames produisent une protection solaire naturelle. Mais comment les animaux identifient-ils ce qui est bon pour eux\u00a0? En se penchant sur l\u2019art de l\u2019au", "start_date": "2026-09-02T05:55:00+00:00", "title": "Jeunesse de Wang Bing"}, {"desc": "Pour assurer et optimiser leur reproduction, les animaux ont recours \u00e0 des strat\u00e9gies naturelles extr\u00eamement cr\u00e9atives. Les abeilles \u00e0 orchid\u00e9es m\u00e2les collectent les essences aromatiques de plantes qui favorisent l\u2019accouplement, les \u00e9l\u00e9phantes gestantes recherchent des arbres m\u00e9dicinaux qui d\u00e9clenchent le travail, tandis que les femelles de plusieurs esp\u00e8ces de mammif\u00e8res provoquent des fausses co", "start_date": "2026-09-02T06:40:00+00:00", "title": "Jeunesse de Wang Bing"}, {"desc": "Que ce soit pour se soigner, soulager le stress ou simplement en \u00e9prouver l'ivresse, les animaux ne rechignent pas \u00e0 consommer les substances psychotropes qu'offre la nature.", "start_date": "2026-09-02T07:25:00+00:00", "title": "Jeunesse de Wang Bing"}, {"desc": "Pour g\u00e9rer les tensions, les macaques du Japon se baignent dans des sources chaudes, les \u00e9l\u00e9phants s'octroient des pauses pour barboter, et les reptiles, des bains de soleil.", "start_date": "2026-09-02T08:10:00+00:00", "title": "Jeunesse de Wang Bing"}, {"desc": "En France, de plus en plus d'adultes revendiquent une vie sans enfant. Yasmine, Lou et Chlo\u00e9 assument ce choix malgr\u00e9 les injonctions sociales. Entre qu\u00eate de libert\u00e9, inqui\u00e9tudes pour l'avenir et combat pour faire respecter leur d\u00e9cision, ce reportage donne \u00e0 voir des parcours encore souvent incompris.", "start_date": "2026-09-02T09:00:00+00:00", "title": "France : g\u00e9n\u00e9ration \"no kids\""}, {"desc": "Au volant de son poids lourd, Jean Chape, chauffeur routier auvergnat, sillonne les routes de France. Un matin, il voit un homme tomber de la voiture qui le pr\u00e9c\u00e8de. Jean, qui n'a pas le temps de freiner, le heurte. Il est boulevers\u00e9 \u00e0 l'id\u00e9e d'avoir tu\u00e9 le malheureux. Sur les conseils de son amie Alice, institutrice dans la r\u00e9gion parisienne, il pr\u00e9vient la police. Au cours de l'enqu\u00eate, les insp", "start_date": "2026-09-02T09:35:00+00:00", "title": "Gas-oil"}, {"desc": "A peine parti de Madagascar, le Nomade des mers subit une nouvelle avarie. Dans une nuit noire sans lune, un coup de vent a brutalement cass\u00e9 le m\u00e2t. Heureusement, le bateau approche des Seychelles et met le cap sur la capitale, Victoria. Mais \u00e0 l'arriv\u00e9e, une autre d\u00e9convenue attend Corentin et son \u00e9quipage. Loin d'\u00eatre d\u00e9courag\u00e9s, les marins reprennent espoir et partent \u00e0 la rencontre de ceux qu", "start_date": "2026-09-02T11:25:00+00:00", "title": "Nomade des mers, les escales de l'innovation"}, {"desc": "Sur les rivages de Bretagne, le long de ses c\u00f4tes de granit, un huis clos aquatique se r\u00e9p\u00e8te \u00e0 chaque mar\u00e9e basse. Sur l\u2019estran m\u00e9lancolique, les flaques d\u2019eau sal\u00e9e se transforment en ar\u00e8nes \u00e9ph\u00e9m\u00e8res miniatures, o\u00f9 habitants r\u00e9guliers et visiteurs pi\u00e9g\u00e9s tentent de survivre. Les pr\u00e9dateurs deviennent des proies, r\u00e9v\u00e9lant des vuln\u00e9rabilit\u00e9s inattendues, des alliances \u00e9tonnantes se forment et des", "start_date": "2026-09-02T11:50:00+00:00", "title": "Pi\u00e8ge \u00e0 mar\u00e9e basse"}, {"desc": "Quand la femelle crabe vert mue, le m\u00e2le tente une approche amoureuse\u2026 Les balanes, incapables de se d\u00e9placer, trouveraient difficilement un partenaire si ces crustac\u00e9s hermaphrodites n\u2019\u00e9taient pas dot\u00e9s du plus long p\u00e9nis du r\u00e8gne animal : huit fois leur taille ! Au-dessus de la surface, plus de 700 esp\u00e8ces d\u2019algues \u00e9voluent diff\u00e9remment pour se partager de maigres ressources. Sous l\u2019eau, une lim", "start_date": "2026-09-02T12:35:00+00:00", "title": "Pi\u00e8ge \u00e0 mar\u00e9e basse"}, {"desc": "\u00d6zge Samanci met en bulles son enfance turque\\n\\nC\u2019est l\u2019histoire d\u2019une jeune fille \u00e0 laquelle on apprenait \u00e0 nager bien droit. En suivant une ligne toute trac\u00e9e. Mais dans cet oc\u00e9an agit\u00e9 qu\u2019\u00e9tait la Turquie des ann\u00e9es 1980, \u00d6zge Samanci a choisi de nager \u201c\u00c0 contre-courant\u201d, comme sa bande-dessin\u00e9e autobiographique publi\u00e9e en 2015 aux \u00c9tats-Unis. L\u2019artiste et autrice turco-am\u00e9ricaine y dessine so", "start_date": "2026-09-02T13:20:00+00:00", "title": "Invitation au voyage"}, {"desc": "En Argentine, les portraits sublim\u00e9s d'Annemarie Heinrich\\n\\nEn Argentine, au XXe si\u00e8cle, Annemarie Heinrich a r\u00e9volutionn\u00e9 l\u2019art du portrait photographique\u00a0dans l\u2019obscurit\u00e9 de son studio \u00e0 Buenos Aires.\u00a0En cherchant \u00e0 ma\u00eetriser l\u2019ombre et la lumi\u00e8re, l\u2019artiste a consacr\u00e9 sa vie \u00e0 r\u00e9v\u00e9ler les corps et les visages. N\u00e9e en Allemagne dans une famille modeste, l\u2019Argentine devient sa terre d\u2019adoption. ", "start_date": "2026-09-02T14:10:00+00:00", "title": "Invitation au voyage"}, {"desc": "Les grandes plaines canadiennes sont truff\u00e9es de lacs et de rivi\u00e8res. La cheffe Karine Beauchamp met en avant la richesse des produits de qualit\u00e9 qui s'y trouvent.", "start_date": "2026-09-02T14:55:00+00:00", "title": "Voyage en cuisine"}, {"desc": "Publi\u00e9e sur TikTok le 12 f\u00e9vrier 2026 par le droniste qui a film\u00e9 la sc\u00e8ne, cette vid\u00e9o a \u00e9t\u00e9 aim\u00e9e plus de 2 millions de fois. Elle met en sc\u00e8ne une touriste depuis un toit de la plus grande favela de Rio de Janeiro, au Br\u00e9sil. Le drone s\u2019\u00e9loigne progressivement de la protagoniste pour d\u00e9voiler un panorama urbain tr\u00e8s concentr\u00e9. Camila Maria dos Santos Moraes, professeure de tourisme \u00e0 l\u2019universi", "start_date": "2026-09-02T15:30:00+00:00", "title": "Le dessous des images"}, {"desc": "Chaque jour \u00e0 19h45, la r\u00e9daction franco-allemande d'ARTE Journal propose une approche europ\u00e9enne et culturelle de l'actualit\u00e9. Un regard original sur le monde.", "start_date": "2026-09-02T15:45:00+00:00", "title": "ARTE Journal"}, {"desc": "Avec curiosit\u00e9, vivacit\u00e9 et humour, \u00c9lisabeth Quin s'empare chaque soir de l'actualit\u00e9, accompagn\u00e9e, du lundi au jeudi, par Benjamin Sportouch, Anna N'Diaye, Marie Bonnisseau et Xavier Mauduit. Au programme, les rubriques \"Le profil id\u00e9al\" de Ga\u00ebl Legras, \"Mise au point\" de Sandrine Le Calvez et \"Entendu\" de Thibaut Nolte. Le week-end, Renaud D\u00e9ly reprend le flambeau pour \"Le club\" du vendredi, av", "start_date": "2026-09-02T16:05:00+00:00", "title": "28 minutes"}, {"desc": "Du lundi au jeudi, Le dessous des cartes - L'essentiel met son expertise g\u00e9opolitique au service d'un d\u00e9cryptage, en quatre minutes, des grands \u00e9v\u00e9nements qui secouent le monde contemporain.", "start_date": "2026-09-02T16:50:00+00:00", "title": "Le dessous des cartes : l'essentiel"}, {"desc": "Souleymane, un jeune sans-papiers de 20 ans originaire de Guin\u00e9e, travaille ill\u00e9galement pour une plateforme de livraison de repas. Tandis qu'il p\u00e9dale dans les rues bond\u00e9es de Paris pour livrer des commandes, il r\u00e9p\u00e8te inlassablement son histoire, ou plut\u00f4t celle, fabriqu\u00e9e, qui sera susceptible de convenir \u00e0 l'administration. Dans deux jours, en effet, il doit passer \u00e0 l'OFPRA son entretien de d", "start_date": "2026-09-02T17:00:00+00:00", "title": "L'histoire de Souleymane"}, {"desc": "Lena Schneider, 19 ans, part en vacances en Tha\u00eflande avec sa m\u00e8re, Doris. Bien qu'il s'agisse d'une destination de r\u00eave, elle est loin d'\u00eatre ravie. Le voyage se r\u00e9v\u00e8le catastrophique. Leur avion doit effectuer un amerrissage en catastrophe au milieu de l'oc\u00e9an Indien. Alors que sa m\u00e8re est sauv\u00e9e directement, Lena se retrouve sur une \u00eele d\u00e9serte. Y trouvent \u00e9galement refuge Cem \u00d6zt\u00fcrk et sa soeu", "start_date": "2026-09-02T18:30:00+00:00", "title": "Family Mix"}, {"desc": "Trois courts m\u00e9trages, trois d\u00e9sillusions amoureuses : \"Dernier printemps\" de Mathilde Bedouet, \"Mon sucre d'amour\" de C\u00e9leste Fournet et \"Malo fait du v\u00e9lo\" de Yannick M\u00fcller - Tran Anh Hung revient sur ses premiers courts m\u00e9trages.", "start_date": "2026-09-02T20:15:00+00:00", "title": "Court-circuit"}, {"desc": "La R\u00e9publique f\u00e9d\u00e9rale allemande fait appel \u00e0 l'immigration turque d\u00e8s 1955, mais c'est seulement \u00e0 partir de 1961, avec la signature d'un accord de recrutement bipartite, que celle-ci devient massive. Parmi ces Gastarbeiter (\"ouvriers invit\u00e9s\") assign\u00e9s \u00e0 des conditions de vie difficiles malgr\u00e9 leur contribution importante au miracle \u00e9conomique, de nombreux asik, des po\u00e8tes chanteurs, vont avec l", "start_date": "2026-09-02T21:15:00+00:00", "title": "L'amour, le Deutsche Mark et la mort"}, {"desc": "Les Hoffmann ont tout d'une famille soud\u00e9e. M\u00e9decin \u00e0 la retraite et veuf, Rainer a laiss\u00e9 dix ans auparavant la maison qu'il occupait \u00e0 la famille de son fils Andreas, pour s'installer dans la petite d\u00e9pendance o\u00f9 il recevait ses patients. Alors qu'Andreas et sa femme Bibi ont lanc\u00e9 les invitations pour c\u00e9l\u00e9brer le 80e anniversaire du patriarche, Rainer met brutalement fin \u00e0 ses jours. Le drame f", "start_date": "2026-09-02T22:50:00+00:00", "title": "Tir crois\u00e9"}, {"desc": "Un girafon et un \u00e9l\u00e9phanteau inventent un nouveau mode ludique de mobilit\u00e9 urbaine.", "start_date": "2026-09-03T00:21:00+00:00", "title": "Saison 3"}, {"desc": null, "start_date": "2026-09-03T00:23:00+00:00", "title": "Pause"}, {"desc": "Fille de Fran\u00e7ois II de Habsbourg-Lorraine, dernier empereur romain germanique et premier empereur d'Autriche (sous le nom de Fran\u00e7ois Ier), Marie L\u00e9opoldine embarque pour le Br\u00e9sil apr\u00e8s une enfance pass\u00e9e \u00e0 la cour de Vienne. Elle doit y \u00e9pouser Pierre de Bragance, fils a\u00een\u00e9 du roi du Portugal, r\u00e9fugi\u00e9 avec sa famille en Am\u00e9rique du Sud depuis l'invasion de Napol\u00e9on. Riche en ressources naturell", "start_date": "2026-09-03T01:25:00+00:00", "title": "La naissance du Br\u00e9sil moderne"}, {"desc": "En\u00a0962 \u00e0 Rome, le pape couronne Otton le Grand, consid\u00e9r\u00e9 comme le fondateur du Saint Empire romain germanique. Apr\u00e8s deux si\u00e8cles d\u2019expansion, ce sacre signe l\u2019apog\u00e9e de la civilisation saxonne, magnifi\u00e9e par les l\u00e9gendes mais dont les origines historiques restent floues. Qui \u00e9taient ces grands rivaux des Francs qui finiront, sous les coups de boutoir des arm\u00e9es de Charlemagne, par se convertir e", "start_date": "2026-09-03T02:15:00+00:00", "title": "Les Saxons, grands rivaux des Francs"}, {"desc": "Les grandes plaines canadiennes sont truff\u00e9es de lacs et de rivi\u00e8res. La cheffe Karine Beauchamp met en avant la richesse des produits de qualit\u00e9 qui s'y trouvent. Elle sublime la truite des eaux douces locales avec des ar\u00f4mes bor\u00e9aux, tandis que le g\u00e9ographe Pierre Raffard d\u00e9crypte l'importance de la p\u00eache et du sirop d'\u00e9rable. A Paris, Etienne, un expatri\u00e9 canadien, pr\u00e9pare un pouding ch\u00f4meur.", "start_date": "2026-09-03T03:50:00+00:00", "title": "Voyage en cuisine"}, {"desc": "En Argentine, les portraits sublim\u00e9s d'Annemarie Heinrich\\n\\nEn Argentine, au XXe si\u00e8cle, Annemarie Heinrich a r\u00e9volutionn\u00e9 l\u2019art du portrait photographique\u00a0dans l\u2019obscurit\u00e9 de son studio \u00e0 Buenos Aires.\u00a0En cherchant \u00e0 ma\u00eetriser l\u2019ombre et la lumi\u00e8re, l\u2019artiste a consacr\u00e9 sa vie \u00e0 r\u00e9v\u00e9ler les corps et les visages. N\u00e9e en Allemagne dans une famille modeste, l\u2019Argentine devient sa terre d\u2019adoption. ", "start_date": "2026-09-03T04:20:00+00:00", "title": "Invitation au voyage"}, {"desc": "\u00d6zge Samanci met en bulles son enfance turque\\n\\nC\u2019est l\u2019histoire d\u2019une jeune fille \u00e0 laquelle on apprenait \u00e0 nager bien droit. En suivant une ligne toute trac\u00e9e. Mais dans cet oc\u00e9an agit\u00e9 qu\u2019\u00e9tait la Turquie des ann\u00e9es 1980, \u00d6zge Samanci a choisi de nager \u201c\u00c0 contre-courant\u201d, comme sa bande-dessin\u00e9e autobiographique publi\u00e9e en 2015 aux \u00c9tats-Unis. L\u2019artiste et autrice turco-am\u00e9ricaine y dessine so", "start_date": "2026-09-03T05:05:00+00:00", "title": "Invitation au voyage"}, {"desc": "Dans le nord-ouest du Canada, quelque 5000 loups hantent les grands espaces du Yukon. Contre toute attente, ces redoutables pr\u00e9dateurs, longtemps consid\u00e9r\u00e9s comme les responsables de la rar\u00e9faction des caribous, se retrouvent d\u00e9sormais au coeur d'une politique \u00e9cologique de r\u00e9conciliation : hommes et loups apprennent \u00e0 coexister et construisent un avenir commun.", "start_date": "2026-09-03T05:55:00+00:00", "title": "\u00c0 la reconqu\u00eate des Rocheuses"}, {"desc": "Animal embl\u00e9matique du Canada, le caribou est en danger d'extinction dans le sud du pays. Les peuples autochtones en mis en place un plan de sauvegarde.", "start_date": "2026-09-03T06:40:00+00:00", "title": "\u00c0 la reconqu\u00eate des Rocheuses"}, {"desc": "Dans les Rocheuses, les grizzlis sont menac\u00e9s de disparition. Ces g\u00e9ants \u00e0 fourrure ont besoin de se d\u00e9placer librement afin de trouver des partenaires pour se reproduire.", "start_date": "2026-09-03T07:25:00+00:00", "title": "\u00c0 la reconqu\u00eate des Rocheuses"}, {"desc": "Avec ses d\u00e9cors grandioses, la cha\u00eene des Rocheuses a longtemps offert un refuge \u00e0 une biodiversit\u00e9 remarquable, avant de subir la pression des activit\u00e9s humaines. Depuis plus de trente ans, du parc de Yellowstone, aux Etats-Unis, au territoire canadien du Yukon, d\u00e9fenseurs de l'environnement, populations locales et scientifiques travaillent main dans la main pour tenter de restaurer cet \u00e9cosyst\u00e8m", "start_date": "2026-09-03T08:10:00+00:00", "title": "\u00c0 la reconqu\u00eate des Rocheuses"}, {"desc": "\u00c0 la fronti\u00e8re de l'Ukraine, le delta du Danube, principalement roumain,\u00a0vit au rythme d'une guerre qui a transform\u00e9 son quotidien. P\u00eacheurs, transporteurs fluviaux, professionnels du tourisme et Russes lipov\u00e8nes t\u00e9moignent des cons\u00e9quences d'un conflit qui d\u00e9passe largement la ligne de front. Portrait sensible d'un territoire o\u00f9 la guerre s'invite dans chaque aspect de la vie.", "start_date": "2026-09-03T09:00:00+00:00", "title": "ARTE Regards"}, {"desc": "Birgitta, c\u00e9l\u00e8bre autrice de romans policiers, est retrouv\u00e9e morte empoisonn\u00e9e \u00e0 son domicile. Plusieurs invit\u00e9s \u00e9taient pr\u00e9sents : ses quatre amies d'enfance et son assistant personnel. L\u2019\u00e9quipe du commissaire Forsman s\u2019efforce de reconstituer les \u00e9v\u00e9nements de la nuit qui a pr\u00e9c\u00e9d\u00e9 l\u2019\u00e9v\u00e9nement. Quelle \u00e9tait la v\u00e9ritable raison de cette r\u00e9union chez Birgitta\u00a0? Nora Linde apprend qu\u2019elle doit se t", "start_date": "2026-09-03T09:35:00+00:00", "title": "Meurtres \u00e0 Sandhamn"}, {"desc": "Pendant que le \"Nomade des mers\" reste \u00e0 quai, Corentin s'aventure dans les terres pour visiter Auroville, la cit\u00e9 exp\u00e9rimentale fond\u00e9e en 1968.", "start_date": "2026-09-03T11:25:00+00:00", "title": "Nomade des mers, les escales de l'innovation"}, {"desc": "Dans le Hubei, la r\u00e9serve naturelle de Shennongjia et ses for\u00eats abritent une esp\u00e8ce menac\u00e9e : les rhinopith\u00e8ques de Roxellane, aussi appel\u00e9s singes dor\u00e9s.", "start_date": "2026-09-03T11:50:00+00:00", "title": "Saison 1"}, {"desc": "Chaque ann\u00e9e, au printemps, des milliers d'antilopes du Tibet femelles, appel\u00e9es \"chiru.", "start_date": "2026-09-03T12:35:00+00:00", "title": "Saison 1"}, {"desc": "\u00c0 la cha\u00eene et \u00e0 la ligne, la Bretagne prol\u00e9taire de Joseph Ponthus\\n\\nEn 2019, Joseph Ponthus publie \u00c0 la ligne, le r\u00e9cit de sa vie d\u2019ouvrier dans les usines agro-alimentaires du sud de la Bretagne. L\u2019auteur a alors 40 ans et c\u2019est son premier livre. Joseph Ponthus conna\u00eet un vif succ\u00e8s, remporte des prix litt\u00e9raires, est traduit dans plusieurs langues. Sans respiration, sans ponctuation, les mot", "start_date": "2026-09-03T13:20:00+00:00", "title": "Invitation au voyage"}, {"desc": "L\u2019Inde courrouc\u00e9e d\u2019Ananda Devi\\n\\nLaur\u00e9ate de l\u2019Acad\u00e9mie fran\u00e7aise, Ananda Devi est une autrice mauricienne d\u2019origine indienne. Au fil de ses ouvrages traduits en plusieurs langues, elle ne cesse de d\u00e9noncer la domination masculine sous toutes ses formes. Dans des textes tels que Le rire des d\u00e9esses, Ananda Devi r\u00e9pare ces corps que l\u2019on outrage. Chant de r\u00e9volte contre l\u2019objectivation f\u00e9minine, ", "start_date": "2026-09-03T14:10:00+00:00", "title": "Invitation au voyage"}, {"desc": "Un voyage culinaire en C\u00f4te d'Ivoire, \u00e0 la d\u00e9couverte de l'atti\u00e9k\u00e9, le c\u00e9l\u00e8bre couscous de manioc. A Abidjan, ce plat embl\u00e9matique se d\u00e9guste \u00e0 toute heure. Le film explore l'histoire de cet ingr\u00e9dient, devenu un symbole national et un vecteur d'\u00e9mancipation pour les femmes. Ensuite, rencontre avec Deca, une exil\u00e9e en Ile-de-France, qui raconte son adaptation \u00e0 la culture fran\u00e7aise.", "start_date": "2026-09-03T14:55:00+00:00", "title": "Voyage en cuisine"}, {"desc": "Le 27 avril 2026, Vladimir Poutine s'est rendu au centre sportif Rakhlin \u00e0 Saint-P\u00e9tersbourg. Au programme : \u00e9change avec de jeunes gymnastes devant les objectifs de la presse russe. Une proximit\u00e9 affich\u00e9e au service d'une communication politique, dont Veronika Dorman, grand reporter \u00e0 Lib\u00e9ration et ancienne correspondante \u00e0 Moscou, analyse les ressorts. Nicolas Hub\u00e9, professeur en sciences de l'i", "start_date": "2026-09-03T15:30:00+00:00", "title": "Le dessous des images"}, {"desc": "Chaque jour \u00e0 19h45, la r\u00e9daction franco-allemande d'ARTE Journal propose une approche europ\u00e9enne et culturelle de l'actualit\u00e9. Un regard original sur le monde.", "start_date": "2026-09-03T15:45:00+00:00", "title": "ARTE Journal"}, {"desc": "Avec curiosit\u00e9, vivacit\u00e9 et humour, \u00c9lisabeth Quin s'empare chaque soir de l'actualit\u00e9, accompagn\u00e9e, du lundi au jeudi, par Benjamin Sportouch, Anna N'Diaye, Marie Bonnisseau et Xavier Mauduit. Au programme, les rubriques \"Le profil id\u00e9al\" de Ga\u00ebl Legras, \"Mise au point\" de Sandrine Le Calvez et \"Entendu\" de Thibaut Nolte. Le week-end, Renaud D\u00e9ly reprend le flambeau pour \"Le club\" du vendredi, av", "start_date": "2026-09-03T16:05:00+00:00", "title": "28 minutes"}, {"desc": "Du lundi au jeudi, Le dessous des cartes - L'essentiel met son expertise g\u00e9opolitique au service d'un d\u00e9cryptage, en quatre minutes, des grands \u00e9v\u00e9nements qui secouent le monde contemporain.", "start_date": "2026-09-03T16:50:00+00:00", "title": "Le dessous des cartes : l'essentiel"}, {"desc": "Manuela, 13 ans, fait partie de la colla castellera Menuts de Santa V\u00e8nia, une \u00e9quipe soud\u00e9e compos\u00e9e de femmes, d\u2019hommes et d\u2019enfants qui \u00e9rigent des tours humaines appel\u00e9es castells, une tradition r\u00e9gionale en Catalogne. Deux semaines apr\u00e8s la nuit de la Saint-Jean, l\u2019adolescente est interrog\u00e9e par des enqu\u00eateurs au sujet d'une agression sexuelle dont elle aurait \u00e9t\u00e9 victime et qui impliquerait ", "start_date": "2026-09-03T16:55:00+00:00", "title": "Les secrets de la Saint-Jean"}, {"desc": "Au sein d\u2019une troupe de \"castellers\" catalans, une accusation d'agression sexuelle entre adolescents vient fissurer une communaut\u00e9. Un thriller psychologique puissant sur la responsabilit\u00e9 de tous dans une soci\u00e9t\u00e9 patriarcale. Deuxi\u00e8me \u00e9pisode : quelques jours apr\u00e8s la Saint-Jean, Julia donne une conf\u00e9rence sur le consentement qui semble perturber Manuela.", "start_date": "2026-09-03T17:40:00+00:00", "title": "Les secrets de la Saint-Jean"}, {"desc": "Une accusation d'agression sexuelle entre adolescents vient fissurer une troupe de \"castellers\" catalans.\u00a0Un thriller psychologique puissant\u00a0de\u00a0Leticia Dolera. Troisi\u00e8me \u00e9pisode : la d\u00e9nonciation des faits d\u2019agression sexuelle contre Manuela s\u00e8me le trouble parmi les membres de la colla.", "start_date": "2026-09-03T18:25:00+00:00", "title": "Les secrets de la Saint-Jean"}, {"desc": "En 2021, Steffy, 24 ans, publie une vid\u00e9o dans laquelle elle raconte l'histoire de son petit fr\u00e8re Carl, victime d'inceste tout comme elle, et pointe les d\u00e9faillances du syst\u00e8me de protection de l'enfance. Celui-ci se suicide \u00e0 l'\u00e2ge de 12 ans, apr\u00e8s que Steffy s'est battue en vain pour le pr\u00e9server de leur bourreau. La jeune femme donne ensuite son pr\u00e9nom \u00e0 l'association qu'elle fonde. Celle-ci a", "start_date": "2026-09-03T19:10:00+00:00", "title": "Inceste, le combat d'une vie"}, {"desc": "En 2021, Steffy, 24 ans, publie une vid\u00e9o dans laquelle elle raconte l'histoire de son petit fr\u00e8re Carl, victime d'inceste tout comme elle, et pointe les d\u00e9faillances du syst\u00e8me de protection de l'enfance. Celui-ci se suicide \u00e0 l'\u00e2ge de 12 ans, apr\u00e8s que Steffy s'est battue en vain pour le pr\u00e9server de leur bourreau. La jeune femme donne ensuite son pr\u00e9nom \u00e0 l'association qu'elle fonde. Celle-ci a", "start_date": "2026-09-03T19:15:00+00:00", "title": "Inceste, le combat d'une vie"}, {"desc": "D\u00e9j\u00e0 maman de Nicolina, 9 ans, Wiebke, une dresseuse de chevaux, adopte une deuxi\u00e8me petite fille. Mais, rapidement, elle d\u00e9couvre que Raya, \u00e2g\u00e9e de 5 ans, pr\u00e9sente d'inqui\u00e9tants troubles du comportement. Des tests c\u00e9r\u00e9braux r\u00e9v\u00e8lent qu'elle ne ressent ni empathie ni peur, en raison d'un traumatisme pr\u00e9coce. Alors que son entourage consid\u00e8re Raya comme une menace, Wiebke croit fermement \u00e0 la force", "start_date": "2026-09-03T20:05:00+00:00", "title": "Le sang du pelican"}, {"desc": "\u00c9t\u00e9 1866. La Prusse, sous l'\u00e9gide du chancelier Otto von Bismarck, et l'Autriche, dirig\u00e9e par l'empereur Fran\u00e7ois-Joseph\u00a0Ier, fourbissent leurs armes pour une bataille qui fa\u00e7onnera l'avenir de l'Europe et pr\u00e9sidera \u00e0 l'unification de l'Allemagne. Face \u00e0 face, deux ogres du continent, alli\u00e9s jusqu'\u00e0 peu au sein de la Conf\u00e9d\u00e9ration germanique\u00a0: la Prusse, puissance industrielle sans \u00e9gale, et l'Aut", "start_date": "2026-09-03T22:10:00+00:00", "title": "Sadowa, 1866"}, {"desc": "En France, de plus en plus d'adultes revendiquent une vie sans enfant. Yasmine, Lou et Chlo\u00e9 assument ce choix malgr\u00e9 les injonctions sociales. Entre qu\u00eate de libert\u00e9, inqui\u00e9tudes pour l'avenir et combat pour faire respecter leur d\u00e9cision, ce reportage\u00a0donne \u00e0 voir des parcours encore souvent incompris.", "start_date": "2026-09-03T23:40:00+00:00", "title": "ARTE Regards"}], "offset": "+00:00", "timezone": "UTC", "error_code": -1, "start_date": "2026-09-02", "icon": ""}