{"end_date": "2026-09-04", "name": "Arte  ", "info_url": "https://epg.pw/channels/549021/20260903.html", "country": "France", "description": null, "error_message": "", "provider": "", "source_url": "https://epg.pw/api/epg.json?channel_id=549021&date=20260903&timezone=None", "epg_list": [{"desc": "Un girafon et un \u00e9l\u00e9phanteau inventent un nouveau mode ludique de mobilit\u00e9 urbaine.", "start_date": "2026-09-03T00:21:00+00:00", "title": "Saison 3"}, {"desc": null, "start_date": "2026-09-03T00:23:00+00:00", "title": "Pause"}, {"desc": "Fille de Fran\u00e7ois II de Habsbourg-Lorraine, dernier empereur romain germanique et premier empereur d'Autriche (sous le nom de Fran\u00e7ois Ier), Marie L\u00e9opoldine embarque pour le Br\u00e9sil apr\u00e8s une enfance pass\u00e9e \u00e0 la cour de Vienne. Elle doit y \u00e9pouser Pierre de Bragance, fils a\u00een\u00e9 du roi du Portugal, r\u00e9fugi\u00e9 avec sa famille en Am\u00e9rique du Sud depuis l'invasion de Napol\u00e9on. Riche en ressources naturell", "start_date": "2026-09-03T01:25:00+00:00", "title": "La naissance du Br\u00e9sil moderne"}, {"desc": "En\u00a0962 \u00e0 Rome, le pape couronne Otton le Grand, consid\u00e9r\u00e9 comme le fondateur du Saint Empire romain germanique. Apr\u00e8s deux si\u00e8cles d\u2019expansion, ce sacre signe l\u2019apog\u00e9e de la civilisation saxonne, magnifi\u00e9e par les l\u00e9gendes mais dont les origines historiques restent floues. Qui \u00e9taient ces grands rivaux des Francs qui finiront, sous les coups de boutoir des arm\u00e9es de Charlemagne, par se convertir e", "start_date": "2026-09-03T02:15:00+00:00", "title": "Les Saxons, grands rivaux des Francs"}, {"desc": "Les grandes plaines canadiennes sont truff\u00e9es de lacs et de rivi\u00e8res. La cheffe Karine Beauchamp met en avant la richesse des produits de qualit\u00e9 qui s'y trouvent. Elle sublime la truite des eaux douces locales avec des ar\u00f4mes bor\u00e9aux, tandis que le g\u00e9ographe Pierre Raffard d\u00e9crypte l'importance de la p\u00eache et du sirop d'\u00e9rable. A Paris, Etienne, un expatri\u00e9 canadien, pr\u00e9pare un pouding ch\u00f4meur.", "start_date": "2026-09-03T03:50:00+00:00", "title": "Voyage en cuisine"}, {"desc": "En Argentine, les portraits sublim\u00e9s d'Annemarie Heinrich\\n\\nEn Argentine, au XXe si\u00e8cle, Annemarie Heinrich a r\u00e9volutionn\u00e9 l\u2019art du portrait photographique\u00a0dans l\u2019obscurit\u00e9 de son studio \u00e0 Buenos Aires.\u00a0En cherchant \u00e0 ma\u00eetriser l\u2019ombre et la lumi\u00e8re, l\u2019artiste a consacr\u00e9 sa vie \u00e0 r\u00e9v\u00e9ler les corps et les visages. N\u00e9e en Allemagne dans une famille modeste, l\u2019Argentine devient sa terre d\u2019adoption. ", "start_date": "2026-09-03T04:20:00+00:00", "title": "Invitation au voyage"}, {"desc": "\u00d6zge Samanci met en bulles son enfance turque\\n\\nC\u2019est l\u2019histoire d\u2019une jeune fille \u00e0 laquelle on apprenait \u00e0 nager bien droit. En suivant une ligne toute trac\u00e9e. Mais dans cet oc\u00e9an agit\u00e9 qu\u2019\u00e9tait la Turquie des ann\u00e9es 1980, \u00d6zge Samanci a choisi de nager \u201c\u00c0 contre-courant\u201d, comme sa bande-dessin\u00e9e autobiographique publi\u00e9e en 2015 aux \u00c9tats-Unis. L\u2019artiste et autrice turco-am\u00e9ricaine y dessine so", "start_date": "2026-09-03T05:05:00+00:00", "title": "Invitation au voyage"}, {"desc": "Dans le nord-ouest du Canada, quelque 5000 loups hantent les grands espaces du Yukon. Contre toute attente, ces redoutables pr\u00e9dateurs, longtemps consid\u00e9r\u00e9s comme les responsables de la rar\u00e9faction des caribous, se retrouvent d\u00e9sormais au coeur d'une politique \u00e9cologique de r\u00e9conciliation : hommes et loups apprennent \u00e0 coexister et construisent un avenir commun.", "start_date": "2026-09-03T05:55:00+00:00", "title": "\u00c0 la reconqu\u00eate des Rocheuses"}, {"desc": "Animal embl\u00e9matique du Canada, le caribou est en danger d'extinction dans le sud du pays. Les peuples autochtones en mis en place un plan de sauvegarde.", "start_date": "2026-09-03T06:40:00+00:00", "title": "\u00c0 la reconqu\u00eate des Rocheuses"}, {"desc": "Dans les Rocheuses, les grizzlis sont menac\u00e9s de disparition. Ces g\u00e9ants \u00e0 fourrure ont besoin de se d\u00e9placer librement afin de trouver des partenaires pour se reproduire.", "start_date": "2026-09-03T07:25:00+00:00", "title": "\u00c0 la reconqu\u00eate des Rocheuses"}, {"desc": "Avec ses d\u00e9cors grandioses, la cha\u00eene des Rocheuses a longtemps offert un refuge \u00e0 une biodiversit\u00e9 remarquable, avant de subir la pression des activit\u00e9s humaines. Depuis plus de trente ans, du parc de Yellowstone, aux Etats-Unis, au territoire canadien du Yukon, d\u00e9fenseurs de l'environnement, populations locales et scientifiques travaillent main dans la main pour tenter de restaurer cet \u00e9cosyst\u00e8m", "start_date": "2026-09-03T08:10:00+00:00", "title": "\u00c0 la reconqu\u00eate des Rocheuses"}, {"desc": "\u00c0 la fronti\u00e8re de l'Ukraine, le delta du Danube, principalement roumain,\u00a0vit au rythme d'une guerre qui a transform\u00e9 son quotidien. P\u00eacheurs, transporteurs fluviaux, professionnels du tourisme et Russes lipov\u00e8nes t\u00e9moignent des cons\u00e9quences d'un conflit qui d\u00e9passe largement la ligne de front. Portrait sensible d'un territoire o\u00f9 la guerre s'invite dans chaque aspect de la vie.", "start_date": "2026-09-03T09:00:00+00:00", "title": "ARTE Regards"}, {"desc": "Birgitta, c\u00e9l\u00e8bre autrice de romans policiers, est retrouv\u00e9e morte empoisonn\u00e9e \u00e0 son domicile. Plusieurs invit\u00e9s \u00e9taient pr\u00e9sents : ses quatre amies d'enfance et son assistant personnel. L\u2019\u00e9quipe du commissaire Forsman s\u2019efforce de reconstituer les \u00e9v\u00e9nements de la nuit qui a pr\u00e9c\u00e9d\u00e9 l\u2019\u00e9v\u00e9nement. Quelle \u00e9tait la v\u00e9ritable raison de cette r\u00e9union chez Birgitta\u00a0? Nora Linde apprend qu\u2019elle doit se t", "start_date": "2026-09-03T09:35:00+00:00", "title": "Meurtres \u00e0 Sandhamn"}, {"desc": "Pendant que le \"Nomade des mers\" reste \u00e0 quai, Corentin s'aventure dans les terres pour visiter Auroville, la cit\u00e9 exp\u00e9rimentale fond\u00e9e en 1968.", "start_date": "2026-09-03T11:25:00+00:00", "title": "Nomade des mers, les escales de l'innovation"}, {"desc": "Dans le Hubei, la r\u00e9serve naturelle de Shennongjia et ses for\u00eats abritent une esp\u00e8ce menac\u00e9e : les rhinopith\u00e8ques de Roxellane, aussi appel\u00e9s singes dor\u00e9s.", "start_date": "2026-09-03T11:50:00+00:00", "title": "Saison 1"}, {"desc": "Chaque ann\u00e9e, au printemps, des milliers d'antilopes du Tibet femelles, appel\u00e9es \"chiru.", "start_date": "2026-09-03T12:35:00+00:00", "title": "Saison 1"}, {"desc": "\u00c0 la cha\u00eene et \u00e0 la ligne, la Bretagne prol\u00e9taire de Joseph Ponthus\\n\\nEn 2019, Joseph Ponthus publie \u00c0 la ligne, le r\u00e9cit de sa vie d\u2019ouvrier dans les usines agro-alimentaires du sud de la Bretagne. L\u2019auteur a alors 40 ans et c\u2019est son premier livre. Joseph Ponthus conna\u00eet un vif succ\u00e8s, remporte des prix litt\u00e9raires, est traduit dans plusieurs langues. Sans respiration, sans ponctuation, les mot", "start_date": "2026-09-03T13:20:00+00:00", "title": "Invitation au voyage"}, {"desc": "L\u2019Inde courrouc\u00e9e d\u2019Ananda Devi\\n\\nLaur\u00e9ate de l\u2019Acad\u00e9mie fran\u00e7aise, Ananda Devi est une autrice mauricienne d\u2019origine indienne. Au fil de ses ouvrages traduits en plusieurs langues, elle ne cesse de d\u00e9noncer la domination masculine sous toutes ses formes. Dans des textes tels que Le rire des d\u00e9esses, Ananda Devi r\u00e9pare ces corps que l\u2019on outrage. Chant de r\u00e9volte contre l\u2019objectivation f\u00e9minine, ", "start_date": "2026-09-03T14:10:00+00:00", "title": "Invitation au voyage"}, {"desc": "Un voyage culinaire en C\u00f4te d'Ivoire, \u00e0 la d\u00e9couverte de l'atti\u00e9k\u00e9, le c\u00e9l\u00e8bre couscous de manioc. A Abidjan, ce plat embl\u00e9matique se d\u00e9guste \u00e0 toute heure. Le film explore l'histoire de cet ingr\u00e9dient, devenu un symbole national et un vecteur d'\u00e9mancipation pour les femmes. Ensuite, rencontre avec Deca, une exil\u00e9e en Ile-de-France, qui raconte son adaptation \u00e0 la culture fran\u00e7aise.", "start_date": "2026-09-03T14:55:00+00:00", "title": "Voyage en cuisine"}, {"desc": "Le 27 avril 2026, Vladimir Poutine s'est rendu au centre sportif Rakhlin \u00e0 Saint-P\u00e9tersbourg. Au programme : \u00e9change avec de jeunes gymnastes devant les objectifs de la presse russe. Une proximit\u00e9 affich\u00e9e au service d'une communication politique, dont Veronika Dorman, grand reporter \u00e0 Lib\u00e9ration et ancienne correspondante \u00e0 Moscou, analyse les ressorts. Nicolas Hub\u00e9, professeur en sciences de l'i", "start_date": "2026-09-03T15:30:00+00:00", "title": "Le dessous des images"}, {"desc": "Chaque jour \u00e0 19h45, la r\u00e9daction franco-allemande d'ARTE Journal propose une approche europ\u00e9enne et culturelle de l'actualit\u00e9. Un regard original sur le monde.", "start_date": "2026-09-03T15:45:00+00:00", "title": "ARTE Journal"}, {"desc": "Avec curiosit\u00e9, vivacit\u00e9 et humour, \u00c9lisabeth Quin s'empare chaque soir de l'actualit\u00e9, accompagn\u00e9e, du lundi au jeudi, par Benjamin Sportouch, Anna N'Diaye, Marie Bonnisseau et Xavier Mauduit. Au programme, les rubriques \"Le profil id\u00e9al\" de Ga\u00ebl Legras, \"Mise au point\" de Sandrine Le Calvez et \"Entendu\" de Thibaut Nolte. Le week-end, Renaud D\u00e9ly reprend le flambeau pour \"Le club\" du vendredi, av", "start_date": "2026-09-03T16:05:00+00:00", "title": "28 minutes"}, {"desc": "Du lundi au jeudi, Le dessous des cartes - L'essentiel met son expertise g\u00e9opolitique au service d'un d\u00e9cryptage, en quatre minutes, des grands \u00e9v\u00e9nements qui secouent le monde contemporain.", "start_date": "2026-09-03T16:50:00+00:00", "title": "Le dessous des cartes : l'essentiel"}, {"desc": "Manuela, 13 ans, fait partie de la colla castellera Menuts de Santa V\u00e8nia, une \u00e9quipe soud\u00e9e compos\u00e9e de femmes, d\u2019hommes et d\u2019enfants qui \u00e9rigent des tours humaines appel\u00e9es castells, une tradition r\u00e9gionale en Catalogne. Deux semaines apr\u00e8s la nuit de la Saint-Jean, l\u2019adolescente est interrog\u00e9e par des enqu\u00eateurs au sujet d'une agression sexuelle dont elle aurait \u00e9t\u00e9 victime et qui impliquerait ", "start_date": "2026-09-03T16:55:00+00:00", "title": "Les secrets de la Saint-Jean"}, {"desc": "Au sein d\u2019une troupe de \"castellers\" catalans, une accusation d'agression sexuelle entre adolescents vient fissurer une communaut\u00e9. Un thriller psychologique puissant sur la responsabilit\u00e9 de tous dans une soci\u00e9t\u00e9 patriarcale. Deuxi\u00e8me \u00e9pisode : quelques jours apr\u00e8s la Saint-Jean, Julia donne une conf\u00e9rence sur le consentement qui semble perturber Manuela.", "start_date": "2026-09-03T17:40:00+00:00", "title": "Les secrets de la Saint-Jean"}, {"desc": "Une accusation d'agression sexuelle entre adolescents vient fissurer une troupe de \"castellers\" catalans.\u00a0Un thriller psychologique puissant\u00a0de\u00a0Leticia Dolera. Troisi\u00e8me \u00e9pisode : la d\u00e9nonciation des faits d\u2019agression sexuelle contre Manuela s\u00e8me le trouble parmi les membres de la colla.", "start_date": "2026-09-03T18:25:00+00:00", "title": "Les secrets de la Saint-Jean"}, {"desc": "En 2021, Steffy, 24 ans, publie une vid\u00e9o dans laquelle elle raconte l'histoire de son petit fr\u00e8re Carl, victime d'inceste tout comme elle, et pointe les d\u00e9faillances du syst\u00e8me de protection de l'enfance. Celui-ci se suicide \u00e0 l'\u00e2ge de 12 ans, apr\u00e8s que Steffy s'est battue en vain pour le pr\u00e9server de leur bourreau. La jeune femme donne ensuite son pr\u00e9nom \u00e0 l'association qu'elle fonde. Celle-ci a", "start_date": "2026-09-03T19:10:00+00:00", "title": "Inceste, le combat d'une vie"}, {"desc": "En 2021, Steffy, 24 ans, publie une vid\u00e9o dans laquelle elle raconte l'histoire de son petit fr\u00e8re Carl, victime d'inceste tout comme elle, et pointe les d\u00e9faillances du syst\u00e8me de protection de l'enfance. Celui-ci se suicide \u00e0 l'\u00e2ge de 12 ans, apr\u00e8s que Steffy s'est battue en vain pour le pr\u00e9server de leur bourreau. La jeune femme donne ensuite son pr\u00e9nom \u00e0 l'association qu'elle fonde. Celle-ci a", "start_date": "2026-09-03T19:15:00+00:00", "title": "Inceste, le combat d'une vie"}, {"desc": "D\u00e9j\u00e0 maman de Nicolina, 9 ans, Wiebke, une dresseuse de chevaux, adopte une deuxi\u00e8me petite fille. Mais, rapidement, elle d\u00e9couvre que Raya, \u00e2g\u00e9e de 5 ans, pr\u00e9sente d'inqui\u00e9tants troubles du comportement. Des tests c\u00e9r\u00e9braux r\u00e9v\u00e8lent qu'elle ne ressent ni empathie ni peur, en raison d'un traumatisme pr\u00e9coce. Alors que son entourage consid\u00e8re Raya comme une menace, Wiebke croit fermement \u00e0 la force", "start_date": "2026-09-03T20:05:00+00:00", "title": "Le sang du pelican"}, {"desc": "\u00c9t\u00e9 1866. La Prusse, sous l'\u00e9gide du chancelier Otto von Bismarck, et l'Autriche, dirig\u00e9e par l'empereur Fran\u00e7ois-Joseph\u00a0Ier, fourbissent leurs armes pour une bataille qui fa\u00e7onnera l'avenir de l'Europe et pr\u00e9sidera \u00e0 l'unification de l'Allemagne. Face \u00e0 face, deux ogres du continent, alli\u00e9s jusqu'\u00e0 peu au sein de la Conf\u00e9d\u00e9ration germanique\u00a0: la Prusse, puissance industrielle sans \u00e9gale, et l'Aut", "start_date": "2026-09-03T22:10:00+00:00", "title": "Sadowa, 1866"}, {"desc": "En France, de plus en plus d'adultes revendiquent une vie sans enfant. Yasmine, Lou et Chlo\u00e9 assument ce choix malgr\u00e9 les injonctions sociales. Entre qu\u00eate de libert\u00e9, inqui\u00e9tudes pour l'avenir et combat pour faire respecter leur d\u00e9cision, ce reportage\u00a0donne \u00e0 voir des parcours encore souvent incompris.", "start_date": "2026-09-03T23:40:00+00:00", "title": "ARTE Regards"}, {"desc": "Une otarie ex\u00e9cute un impressionnant saut au-dessus de trois hippopotames lors d'une exhibition. Pour battre son record, elle choisit un flamant comme cobaye dans le public.", "start_date": "2026-09-04T00:10:00+00:00", "title": "Saison 3"}, {"desc": "Apr\u00e8s avoir long\u00e9 les c\u00f4tes du Sahara, le navire mouille \u00e0 Dakar : Corentin et ses amis ont l'objectif d'\u00e9quiper le bateau d'une source d'\u00e9nergie \u00e9lectrique.", "start_date": "2026-09-04T00:20:00+00:00", "title": "Nomade des mers, les escales de l'innovation"}, {"desc": null, "start_date": "2026-09-04T00:46:00+00:00", "title": "Pause"}, {"desc": "Guillaume (1859-1941) et Rodolphe (1858-1889) ont 14 ans lorsqu'ils se rencontrent pour la premi\u00e8re fois \u00e0 l'Exposition universelle de Vienne, en 1873. Les deux gar\u00e7ons, dont l'amiti\u00e9 est encourag\u00e9e dans le cadre du rapprochement entre l'Allemagne et l'Autriche-Hongrie, ont en commun d'avoir v\u00e9cu une enfance difficile. N\u00e9 avec une atrophie du bras gauche, le petit-fils de Guillaume Ier n'a pas su ", "start_date": "2026-09-04T01:25:00+00:00", "title": "La brouille des princes imp\u00e9riaux : L'Autriche-Hongrie face \u00e0 l'Allemagne"}, {"desc": "Bord\u00e9s par la mer du Nord et travers\u00e9s par de nombreux cours d'eau, les paysages n\u00e9erlandais d\u00e9voilent une \u00e9tendue de canaux o\u00f9 se succ\u00e8dent ports et moulins de polder, con\u00e7us pour ass\u00e9cher les terres. En passant par Rotterdam, Dordrecht et Lelystad, on navigue de chantier naval en chantier naval, o\u00f9 sont construits des bateaux-maisons, et parfois m\u00eame des r\u00e9pliques de navires historiques. Plus lo", "start_date": "2026-09-04T02:15:00+00:00", "title": "A la crois\u00e9e des fleuves"}, {"desc": "Au d\u00e9but du p\u00e9riple, il passe devant le ch\u00e2teau de D\u00fcrnstein, o\u00f9 fut jadis emprisonn\u00e9 Richard Coeur de Lion. La croisi\u00e8re traverse quatre capitales europ\u00e9ennes : Vienne, Bratislava, Budapest et Belgrade, porte des Balkans. Apr\u00e8s une \u00e9tape \u00e0 la d\u00e9couverte de la grotte orn\u00e9e de Magoura, en Bulgarie, le voyage prend fin dans le delta du Danube, la plus vaste zone humide d'Europe. Dans ce paysage \u00e0 la", "start_date": "2026-09-04T03:05:00+00:00", "title": "A la crois\u00e9e des fleuves"}, {"desc": "Un voyage culinaire en C\u00f4te d'Ivoire, \u00e0 la d\u00e9couverte de l'atti\u00e9k\u00e9, le c\u00e9l\u00e8bre couscous de manioc. A Abidjan, ce plat embl\u00e9matique se d\u00e9guste \u00e0 toute heure. Le film explore l'histoire de cet ingr\u00e9dient, devenu un symbole national et un vecteur d'\u00e9mancipation pour les femmes. Ensuite, rencontre avec Deca, une exil\u00e9e en Ile-de-France, qui raconte son adaptation \u00e0 la culture fran\u00e7aise.", "start_date": "2026-09-04T03:50:00+00:00", "title": "Voyage en cuisine"}, {"desc": "L\u2019Inde courrouc\u00e9e d\u2019Ananda Devi\\n\\nLaur\u00e9ate de l\u2019Acad\u00e9mie fran\u00e7aise, Ananda Devi est une autrice mauricienne d\u2019origine indienne. Au fil de ses ouvrages traduits en plusieurs langues, elle ne cesse de d\u00e9noncer la domination masculine sous toutes ses formes. Dans des textes tels que Le rire des d\u00e9esses, Ananda Devi r\u00e9pare ces corps que l\u2019on outrage. Chant de r\u00e9volte contre l\u2019objectivation f\u00e9minine, ", "start_date": "2026-09-04T04:20:00+00:00", "title": "Invitation au voyage"}, {"desc": "\u00c0 la cha\u00eene et \u00e0 la ligne, la Bretagne prol\u00e9taire de Joseph Ponthus\\n\\nEn 2019, Joseph Ponthus publie \u00c0 la ligne, le r\u00e9cit de sa vie d\u2019ouvrier dans les usines agro-alimentaires du sud de la Bretagne. L\u2019auteur a alors 40 ans et c\u2019est son premier livre. Joseph Ponthus conna\u00eet un vif succ\u00e8s, remporte des prix litt\u00e9raires, est traduit dans plusieurs langues. Sans respiration, sans ponctuation, les mot", "start_date": "2026-09-04T05:05:00+00:00", "title": "Invitation au voyage"}, {"desc": "D\u2019une superficie de 505 kilom\u00e8tres carr\u00e9s \u00e0 peine, le parc national des Lacs-Waterton est le plus petit des Rocheuses canadiennes. Avec celui, voisin, de Glacier, il forme un \"parc international de la paix.", "start_date": "2026-09-04T07:25:00+00:00", "title": "Les parcs nationaux canadiens"}, {"desc": "Au total, plus de deux mille esp\u00e8ces ont pu y \u00eatre observ\u00e9es. Parmi elles, le beluga, le rorqual bleu ou encore le garrot d\u2019Islande, toutes gravement menac\u00e9es d\u2019extinction. Face \u00e0 l\u2019intensification du trafic fluvial, scientifiques et gardiens du parc travaillent \u00e0 prot\u00e9ger durablement leur habitat.", "start_date": "2026-09-04T08:10:00+00:00", "title": "Les parcs nationaux canadiens"}, {"desc": "Depuis des semaines, des milliers d'Albanais manifestent contre un projet immobilier soutenu par leur gouvernement : la construction d'un luxueux complexe touristique sur l'\u00eele de Sazan et dans le delta de Vjosa-Narta, une halte migratoire essentielle pour de nombreux oiseaux. Derri\u00e8re ce projet : Jared Kushner et Ivanka Trump.", "start_date": "2026-09-04T09:00:00+00:00", "title": "Albanie : zone naturelle ou tourisme de luxe"}, {"desc": "Gangsters plus ou moins rang\u00e9s, Clavet, Jabeke, Paoli et Valoti g\u00e8rent ensemble un cercle de jeux. Un jour, ils d\u00e9cident de tenter un gros coup dans le trafic de stup\u00e9fiants. Il leur faut alors r\u00e9unir quelque 500\u00a0000\u00a0dollars pour acheter une cargaison de drogue d\u00e9barqu\u00e9e \u00e0 Marseille. Doyen de la bande, Valoti charge un cinqui\u00e8me comparse, Moreau, en qui il a toute confiance, de convoyer le pactole", "start_date": "2026-09-04T09:35:00+00:00", "title": "Symphonie pour un massacre"}, {"desc": "Priya Adhikari survole r\u00e9guli\u00e8rement l'Himalaya en h\u00e9licopt\u00e8re, pour une petite compagnie a\u00e9rienne. \u00c0 38 ans, seule N\u00e9palaise \u00e0 s'aventurer aux alentours du toit du monde, elle vole fr\u00e9quemment au secours d'alpinistes en danger. Si Priya aime son m\u00e9tier, ses exp\u00e9ditions ne sont pas de tout repos : dans ces r\u00e9gions montagneuses, la m\u00e9t\u00e9o peut varier en quelques minutes.", "start_date": "2026-09-04T11:20:00+00:00", "title": "Aviatrices du bout du monde"}, {"desc": "Dans le Yunnan, aux portes de l'Himalaya, s'\u00e9tend la r\u00e9serve naturelle de Xishuangbanna, territoire des derniers \u00e9l\u00e9phants sauvages de Chine.", "start_date": "2026-09-04T11:50:00+00:00", "title": "Saison 1"}, {"desc": "Regroup\u00e9s en trois genres distincts \u2013 Furcifer, Brookesia et Calumma \u2013 et appartenant au groupe des l\u00e9zards, les cam\u00e9l\u00e9ons qui prosp\u00e8rent en nombre \u00e0 Madagascar sont d\u2019une incroyable vari\u00e9t\u00e9 de couleurs, de tailles et d\u2019aspects. Ils auraient foul\u00e9 pour la premi\u00e8re fois le sol de l\u2019\u00eele rouge il y a quelque 65 millions d\u2019ann\u00e9es, arrivant par la mer depuis le sud-est de l\u2019Afrique. L\u2019observation rappr", "start_date": "2026-09-04T12:35:00+00:00", "title": "Madagascar ou le grand carnaval des cam\u00e9l\u00e9ons"}, {"desc": "L\u2019ode \u00e0 la Finlande d\u2019Albert Edelfelt\\n Peintre historique et portraitiste de g\u00e9nie, le Finlandais Albert Edelfelt a immortalis\u00e9 \u00e0 la fin du XIXe si\u00e8cle les plus grands hommes de son \u00e9poque, comme Louis Pasteur ou le tsar Nicolas II. Acclam\u00e9 \u00e0 Paris et dans toute l\u2019Europe, ce visionnaire n\u2019a jamais perdu de vue sa Finlande natale. Les tableaux qu\u2019il y peint chaque \u00e9t\u00e9 illustrent et d\u00e9fendent \u00e0 mer", "start_date": "2026-09-04T13:20:00+00:00", "title": "Invitation au voyage"}, {"desc": "Au Vietnam, l\u2019architecte du peuple\\n\\nPenser l\u2019habitat comme un doux foyer protecteur, c\u2019est l\u2019ambition de l\u2019architecte vietnamien Do\u00e0n Thanh H\u00e0. Au d\u00e9but des ann\u00e9es 2000, il est parmi les premiers \u00e0 questionner les conditions de vie et le vivre-ensemble dans un Vietnam communiste. Do\u00e0n Thanh H\u00e0 veut r\u00e9pondre \u00e0 la fragilit\u00e9 de son pays et s\u2019inspire des capacit\u00e9s d\u2019adaptation de certaines minorit\u00e9s", "start_date": "2026-09-04T14:05:00+00:00", "title": "Invitation au voyage"}, {"desc": "En cuisine, Lucie pr\u00e9pare un beurre maison, l'aromatise au miso, le fouette au sumac et sublime un grand classique de la cuisine fran\u00e7aise : les pommes Anna.", "start_date": "2026-09-04T14:50:00+00:00", "title": "Voyage gourmand"}, {"desc": "La guerre hybride, par opposition \u00e0 la guerre qui se livre sur le front avec des armes, est une nouvelle mani\u00e8re de rentrer en conflit, que ma\u00eetrise Vladimir Poutine. Avant l\u2019invasion russe \u00e0 grande \u00e9chelle de l\u2019Ukraine, il menait d\u00e9j\u00e0 ce genre d\u2019actions contre les Ukrainiens, avant de cibler aujourd\u2019hui, l\u2019ensemble du continent europ\u00e9en. Tour d\u2019horizon de la guerre hybride selon Poutine.", "start_date": "2026-09-04T15:30:00+00:00", "title": "Le dessous des cartes"}, {"desc": "Chaque jour \u00e0 19h45, la r\u00e9daction franco-allemande d'ARTE Journal propose une approche europ\u00e9enne et culturelle de l'actualit\u00e9. Un regard original sur le monde.", "start_date": "2026-09-04T15:45:00+00:00", "title": "ARTE Journal"}, {"desc": "Avec curiosit\u00e9, vivacit\u00e9 et humour, \u00c9lisabeth Quin s'empare chaque soir de l'actualit\u00e9, accompagn\u00e9e, du lundi au jeudi, par Benjamin Sportouch, Anna N'Diaye, Marie Bonnisseau et Xavier Mauduit. Au programme, les rubriques \"Le profil id\u00e9al\" de Ga\u00ebl Legras, \"Mise au point\" de Sandrine Le Calvez et \"Entendu\" de Thibaut Nolte. Le week-end, Renaud D\u00e9ly reprend le flambeau pour \"Le club\" du vendredi, av", "start_date": "2026-09-04T16:05:00+00:00", "title": "28 minutes"}, {"desc": "\u00c9pid\u00e9mie de taramavirus qui vaut \u00e0 l\u2019Olympe un confinement, Odyss\u00e9e en distanciel, assaut de youtubeurs et d\u2019influenceuses en folie ou coupables d\u00e9rives des locations Hom\u00e8re-bnb : rien n\u2019\u00e9chappe \u00e0 la sagacit\u00e9 de Jul, observateur malicieux des grandeurs et petitesses divines, miroirs de la condition humaine. Puisant, une fois encore, dans notre mythologie mill\u00e9naire pour mieux croquer notre \u00e9poque ", "start_date": "2026-09-04T16:52:00+00:00", "title": "Saison 3"}, {"desc": "La perte tragique de leur fille Linnea dans l'explosion d'un bateau plonge Sven et Catharina, un couple ais\u00e9 de l'\u00eele de Sandhamn, dans une crise. Deux ans plus tard, s\u00e9par\u00e9 de son \u00e9pouse, Sven d\u00e9cide de cr\u00e9er une fondation au nom de Linnea, financ\u00e9e par la vente de son entreprise. Mais lors d'une c\u00e9r\u00e9monie comm\u00e9morative, alors que les querelles avec Catharina resurgissent, il s'effondre, mort, de", "start_date": "2026-09-04T16:55:00+00:00", "title": "Meurtres \u00e0 Sandhamn"}, {"desc": "Il y a quarante ans, pour se lancer dans l'\u00e9criture de fiction, Fr\u00e9d\u00e9rique Audoin-Rouzeau, jeune arch\u00e9ozoologue \u00e0 l'aube de sa carri\u00e8re, s'essaie au roman policier. Soucieuse de ne pas nuire par ce genre souvent jug\u00e9 frivole \u00e0 sa jeune carri\u00e8re scientifique, elle emprunte \u00e0 sa soeur jumelle, artiste peintre, la moiti\u00e9 de son pseudo, inspir\u00e9 d'un personnage de cin\u00e9ma qui les fascine toutes les deux", "start_date": "2026-09-04T18:30:00+00:00", "title": "Queens of Crime"}, {"desc": "Pour c\u00e9l\u00e9brer l\u2019ouverture de la 60e \u00e9dition du festival suisse, l\u2019autrice, compositrice et interpr\u00e8te britannique Raye (Rachel Keen de son vrai nom) donne un concert unique \u00e0 l\u2019Auditorium Stravinski, m\u00e9tamorphos\u00e9 dans une configuration sc\u00e9nique jamais vue \u00e0 Montreux. Pour son troisi\u00e8me passage au bord du lac L\u00e9man, l\u2019artiste de 28 ans, qui idol\u00e2tre Nina Simone, m\u00eale h\u00e9ritage jazz, frissons soul et", "start_date": "2026-09-04T19:20:00+00:00", "title": "Raye : live at Montreux Jazz Festival 2026"}, {"desc": "C'est une histoire qui para\u00eet aujourd'hui totalement incongrue : comment C\u00e9line Dion, star plan\u00e9taire devenue la Qu\u00e9b\u00e9coise la plus c\u00e9l\u00e8bre du monde, s'est-elle retrouv\u00e9e, \u00e0 la fin des ann\u00e9es 80, \u00e0 d\u00e9fendre les couleurs de la Suisse lors de l'\u00e9dition la plus m\u00e9morable du concours de l'Eurovision ? A travers le prisme de ce concours au finish haletant, c'est le portrait d'une comp\u00e9titrice qui se de", "start_date": "2026-09-04T21:20:00+00:00", "title": "C\u00e9line Dion \u00e0 l'Eurovision : La note parfaite"}, {"desc": "Auteur tardif d\u2019un premier roman \u00e0 succ\u00e8s, Adrien Winckler est dos au mur. Il peine \u00e0 accoucher d\u2019un second opus, au grand dam de sa compagne Nora qui souhaite fonder une famille et s\u2019exasp\u00e8re de le voir pi\u00e9tiner. Englu\u00e9 dans des boulots de pr\u00eate-plume, il accepte de r\u00e9diger les m\u00e9moires d\u2019Albert, un vieil homme atrabilaire et redoutablement intelligent. Son client se r\u00e9v\u00e8le un ancien tueur en s\u00e9r", "start_date": "2026-09-04T22:15:00+00:00", "title": "Saison 1"}, {"desc": "Il tourne en rond comme un lion en cage, crie dans son oreiller, cherche de quoi manger et finit par cuisiner des mixtures peu engageantes, fait les cent pas, passe l'aspirateur, se met au travail, enfin. Il d\u00e9coupe patiemment des morceaux de papier, les colle et les filme dans son petit bureau pour un projet en stop-motion, tandis qu'en arri\u00e8re-plan sonore d\u00e9filent de longs romans russes. Et puis", "start_date": "2026-09-04T23:20:00+00:00", "title": "In Bed with Michel Gondry"}], "offset": "+00:00", "timezone": "UTC", "error_code": -1, "start_date": "2026-09-03", "icon": ""}