{"end_date": "2026-08-31", "name": "NOVO19 ", "info_url": "https://epg.pw/channels/549023/20260830.html", "country": "France", "description": null, "error_message": "", "provider": "", "source_url": "https://epg.pw/api/epg.json?channel_id=549023&date=20260830&timezone=None", "epg_list": [{"desc": "En plein hiver, au coeur de la temp\u00eate, Rapha\u00ebl de Casabianca part \u00e0 la rencontre de celles et ceux qui ont choisi de vivre sur cette petite \u00eele aux airs de bout du monde. Sur place, il rencontre Diane, qui r\u00eave d'ouvrir un centre d'\u00e9quith\u00e9rapie sur l'\u00eele, Marie, fondatrice de l'unique fanfare ouessantine, ou encore Christian, le \"dernier enfant du phare du Cr\u00e9ac'h\".", "start_date": "2026-08-30T19:09:00+00:00", "title": "De bonnes ondes"}, {"desc": "Jamy explore des lieux et des territoires en fusion, dont les secrets, les myst\u00e8res et les l\u00e9gendes sont r\u00e9v\u00e9l\u00e9s par ceux qui les connaissent le mieux.", "start_date": "2026-08-30T20:10:00+00:00", "title": "Le monde de Jamy"}, {"desc": "Toujours attentif \u00e0 rendre simple et intelligible les ph\u00e9nom\u00e8nes les plus complexes, Jamy Gourmaud ne craint pas de s'approcher au plus pr\u00e8s de la lave.", "start_date": "2026-08-30T21:15:00+00:00", "title": "Le monde de Jamy"}, {"desc": "Des constructions antiques aux temples d'Angkor, des cath\u00e9drales gothiques aux gratte-ciels new-yorkais, les b\u00e2tisseurs cherchent depuis toujours \u00e0 repousser les limites.", "start_date": "2026-08-30T22:20:00+00:00", "title": "Le monde de Jamy"}, {"desc": "Pour raconter l'aventure des b\u00e2tisseurs, Jamy Gourmaud a choisi six destinations qui l'am\u00e8nent \u00e0 la rencontre d'ing\u00e9nieurs, d'artistes, d'architectes et d'arch\u00e9ologues.", "start_date": "2026-08-30T23:25:00+00:00", "title": "Le monde de Jamy"}, {"desc": "Situ\u00e9e entre l'Allemagne et la France, l'Alsace est une terre fronti\u00e8re \u00e0 la cuisine singuli\u00e8re, o\u00f9 les saucisses allemandes c\u00f4toient les cuisses de grenouilles fran\u00e7aises.", "start_date": "2026-08-31T00:15:00+00:00", "title": "Eva Longoria : voyage culinaire en France"}, {"desc": "Comment Nordahl Lelandais est-il devenu l'un des tueurs en s\u00e9rie les plus violents mais aussi l'un des plus complexes que la France ait connu ?", "start_date": "2026-08-31T04:25:00+00:00", "title": "Les visages du crime"}, {"desc": "Le 11 janvier 2002, les pompiers d'Amiens re\u00e7oivent un appel en pleine nuit. A l'autre bout du fil, des cris de terreur : Elodie Kulik hurle face \u00e0 ceux qui vont lui donner la mort. Jacky Kulik, le p\u00e8re de la jeune femme, raconte son combat pour retrouver et faire condamner le bourreau de sa fille.", "start_date": "2026-08-31T05:25:00+00:00", "title": "Les visages du crime"}, {"desc": null, "start_date": "2026-08-31T06:24:00+00:00", "title": "Les visages du crime en r\u00e9gion"}, {"desc": null, "start_date": "2026-08-31T08:00:00+00:00", "title": "Les visages du crime en r\u00e9gion"}, {"desc": null, "start_date": "2026-08-31T09:39:00+00:00", "title": "Les visages du crime en r\u00e9gion"}, {"desc": "Au sommaire : \"Relation toxique \u00e0 Aoste\". Novembre 2007, en Is\u00e8re, le corps sans vie d'Alain est retrouv\u00e9 br\u00fbl\u00e9 dans sa voiture \u00e0 trente kilom\u00e8tres de son domicile. - \"Le trio barbare d'Echirolles\". Un couple de trentenaires se fait violemment agresser pr\u00e8s de Grenoble. Ils d\u00e9clarent avoir \u00e9t\u00e9 victimes d'une s\u00e9questration \u00e0 leur domicile, notamment.", "start_date": "2026-08-31T11:20:00+00:00", "title": "Les visages du crime en r\u00e9gion"}, {"desc": "Plongez au c\u0153ur du quotidien de ceux qui veillent sur notre s\u00e9curit\u00e9 et notre sant\u00e9 : policiers, gendarmes, pompiers, \u00e9quipes du SAMU, etc. \u00c0 travers la r\u00e9alit\u00e9 des interventions, cette s\u00e9rie met en lumi\u00e8re leur engagement, leur sang-froid face \u00e0 l'urgence, et les d\u00e9fis humains auxquels ils sont confront\u00e9s chaque jour. Une immersion saisissante dans le quotidien de femmes et d'hommes d'exception, ", "start_date": "2026-08-31T13:00:00+00:00", "title": "Nos h\u00e9ros du quotidien"}, {"desc": "Avec pr\u00e8s de deux millions et demi de visiteurs pendant l'\u00e9t\u00e9, le Morbihan est la premi\u00e8re destination touristique de Bretagne gr\u00e2ce \u00e0 ses 900 kilom\u00e8tres de c\u00f4tes et de nombreuses \u00eeles. Mais ces particularit\u00e9s g\u00e9ographiques compliquent l'intervention des services de secours, surtout par mauvais temps.", "start_date": "2026-08-31T14:05:00+00:00", "title": "Nos h\u00e9ros du quotidien"}, {"desc": "Quatre ans apr\u00e8s la disparition de Jessica Raab, Vivian trouve une empreinte, identique \u00e0 celle trouv\u00e9e sur les lieux o\u00f9 avait disparu la jeune femme.", "start_date": "2026-08-31T15:05:00+00:00", "title": "FBI : port\u00e9s disparus"}, {"desc": "Un soldat am\u00e9ricain bless\u00e9 en Irak et fra\u00eechement rapatri\u00e9 aux Etats-Unis dispara\u00eet. L'enqu\u00eate de Jack et Danny les m\u00e8ne jusque sur les lieux des combats.", "start_date": "2026-08-31T16:00:00+00:00", "title": "FBI : port\u00e9s disparus"}, {"desc": "Un ch\u00f4meur a disparu en rentrant d'une banque o\u00f9 il effectuait des op\u00e9rations pour le compte du salon de coiffure tenu par son \u00e9pouse. Le FBI le recherche.", "start_date": "2026-08-31T16:54:00+00:00", "title": "FBI : port\u00e9s disparus"}, {"desc": "Les agents du FBI enqu\u00eatent sur le petit ami d'une femme port\u00e9e disparue. Ils d\u00e9couvrent que l'homme en question a un jumeau, avec lequel la disparue a flirt\u00e9.", "start_date": "2026-08-31T17:49:00+00:00", "title": "FBI : port\u00e9s disparus"}, {"desc": "\u00c0 20h45, du lundi au vendredi, pendant 15 minutes, on a de l'info pr\u00e8s de chez vous, et pour vous. Depuis Rennes, la R\u00e9daction travaille avec ses reporters partout dans nos territoires, dans l'Hexagone et en Outre-Mer. Un regard de proximit\u00e9 sur l'actualit\u00e9, o\u00f9 que vous viviez... pour savoir, agir et se rassembler !", "start_date": "2026-08-31T18:45:00+00:00", "title": "On a de l'info"}, {"desc": "Au coeur de la Champagne, Provins est l'une des cit\u00e9s m\u00e9di\u00e9vales les mieux conserv\u00e9es d'Europe. Retour sur son histoire, entre g\u00e9nie architectural et audace \u00e9conomique.", "start_date": "2026-08-31T19:10:00+00:00", "title": "Cit\u00e9s m\u00e9di\u00e9vales"}, {"desc": "Au coeur de la Bretagne m\u00e9di\u00e9vale, Nantes se transforme sous l'impulsion des ducs de Bretagne, notamment Fran\u00e7ois II et sa fille Anne de Bretagne.", "start_date": "2026-08-31T20:10:00+00:00", "title": "Cit\u00e9s m\u00e9di\u00e9vales"}, {"desc": "A Aigues-Mortes, au XIIIe si\u00e8cle, Louis IX fait b\u00e2tir un port fortifi\u00e9 au coeur des mar\u00e9cages sal\u00e9s du sud de la France, destin\u00e9 au d\u00e9part des croisades vers la Terre Sainte.", "start_date": "2026-08-31T21:15:00+00:00", "title": "Cit\u00e9s m\u00e9di\u00e9vales"}, {"desc": "Perch\u00e9e au-dessus de la vall\u00e9e de la Rance, Dinan est l'une des cit\u00e9s fortifi\u00e9es les mieux pr\u00e9serv\u00e9es d'Europe. Au XIV\u1d49 si\u00e8cle, ses remparts deviennent un enjeu strat\u00e9gique majeur.", "start_date": "2026-08-31T22:20:00+00:00", "title": "Cit\u00e9s m\u00e9di\u00e9vales"}, {"desc": "Perch\u00e9e sur une falaise dominant la Vienne, la forteresse du ch\u00e2teau de Chinon est r\u00e9put\u00e9e imprenable. Coup de projecteur sur son histoire et ses caract\u00e9ristiques architecturales.", "start_date": "2026-08-31T23:20:00+00:00", "title": "Forteresses assi\u00e9g\u00e9es"}], "offset": "+00:00", "timezone": "UTC", "error_code": -1, "start_date": "2026-08-30", "icon": ""}