{"end_date": "2026-09-02", "name": "NOVO19 ", "info_url": "https://epg.pw/channels/549023/20260901.html", "country": "France", "description": null, "error_message": "", "provider": "", "source_url": "https://epg.pw/api/epg.json?channel_id=549023&date=20260901&timezone=None", "epg_list": [{"desc": "On a de l'info, c'est tous les soirs du lundi au vendredi, \u00e0 20h45. Avec Martin Cangelosi depuis Rennes, et toute la bande d'On a de l'info, on se demande comment la journ\u00e9e s'est pass\u00e9e ! Un regard d\u00e9cal\u00e9 sur l'actualit\u00e9\u2026 au bout de la rue et au bout du monde. Le tout en 19 minutes sur NOVO19 !", "start_date": "2026-09-01T00:11:00+00:00", "title": "On a de l'info"}, {"desc": "Les aventures de trois couples de g\u00e9rants de camping : Paloma et Jonathan Llinares quittent Saint-Tropez pour leur premi\u00e8re saison, tandis que Sylvie et Mick Veron cherchent \u00e0 justifier leur quatri\u00e8me \u00e9toile nouvellement acquise. Enfin, Sylvie et Lionel Michel g\u00e8rent un camping au concept spectaculaire. Leur quotidien est riche en d\u00e9fis et en \u00e9motions.", "start_date": "2026-09-01T00:31:00+00:00", "title": "Camping family : notre vie au camping"}, {"desc": "Dans un camping \u00e0 th\u00e8me savane, la famille Goubet, men\u00e9e par Jean-Pierre et ses filles Alison, Ang\u00e9lique et Jade, dirige l'\u00e9tablissement. Pendant ce temps, la famille Michel pr\u00e9pare son premier grand spectacle de la saison sur le th\u00e8me de 'La guerre des \u00e9toiles'. Ailleurs, Alix et Marc Prieto Bagarry g\u00e8rent un camping nature, offrant une ambiance paisible \u00e0 leurs visiteurs.", "start_date": "2026-09-01T01:00:00+00:00", "title": "Camping family : notre vie au camping"}, {"desc": "Alice est venue en brousse afin d'obtenir le nom d'une tribu qui pourra lui confier ses l\u00e9gendes...", "start_date": "2026-09-01T01:26:00+00:00", "title": "Foudre"}, {"desc": "Maxine et L\u00e9o voient d\u00e9barquer Victoria qui affirme \u00eatre la petite amie de Sam. Mais L\u00e9o en doute et ne veut plus \u00eatre manipul\u00e9...", "start_date": "2026-09-01T01:48:00+00:00", "title": "Foudre"}, {"desc": "Dans la tribu de Tchamba, la tension est \u00e0 son comble : Maxine, L\u00e9o, Clara et Victoria ont d\u00e9barqu\u00e9. Le spectacle de Victoria avec Sam a d\u00e9vast\u00e9 Alice...", "start_date": "2026-09-01T02:10:00+00:00", "title": "Foudre"}, {"desc": "Sur les conseils d'Umba, Alice a pr\u00e9cipitamment quitt\u00e9 la tribu avec Guiloux. Elle est partie attendre, sur les terres de son enfance, l'arriv\u00e9e d'un objet coutumier : \"un animal magique, vivant et mort \u00e0 la fois\"...", "start_date": "2026-09-01T02:33:00+00:00", "title": "Foudre"}, {"desc": "Sam et Maxine font irruption au ranch Watson. Imm\u00e9diatement, Sam clame son amour \u00e0 Alice et lui jure que son aventure avec Victoria est termin\u00e9e...", "start_date": "2026-09-01T02:55:00+00:00", "title": "Foudre"}, {"desc": "Une plong\u00e9e dans le crime de Gianni D. \u00e9cope de 25 ans de prison pour le meurtre d'A\u00efssatou en 2016, et deux cambrioleurs sont condamn\u00e9s pour le meurtre de l'\u00e9lu Alain Ghozland.", "start_date": "2026-09-01T03:17:00+00:00", "title": "Les visages du crime en r\u00e9gion"}, {"desc": "Le 11 janvier 2002, les pompiers d'Amiens re\u00e7oivent un appel en pleine nuit. A l'autre bout du fil, des cris de terreur : Elodie Kulik hurle face \u00e0 ceux qui vont lui donner la mort. Jacky Kulik, le p\u00e8re de la jeune femme, raconte son combat pour retrouver et faire condamner le bourreau de sa fille.", "start_date": "2026-09-01T04:25:00+00:00", "title": "Les visages du crime"}, {"desc": "Monique Olivier, ancienne \u00e9pouse de Michel Fourniret, a d\u00e9clar\u00e9 qu'il \u00e9tait impliqu\u00e9 dans l'enl\u00e8vement et la mort de la jeune Estelle Mouzin, en 2003 \u00e0 Guermantes.", "start_date": "2026-09-01T05:25:00+00:00", "title": "Les visages du crime"}, {"desc": null, "start_date": "2026-09-01T06:19:00+00:00", "title": "Les visages du crime en r\u00e9gion"}, {"desc": "Au sommaire : \"Relation toxique \u00e0 Aoste\". Novembre 2007, en Is\u00e8re, le corps sans vie d'Alain est retrouv\u00e9 br\u00fbl\u00e9 dans sa voiture \u00e0 trente kilom\u00e8tres de son domicile. - \"Le trio barbare d'Echirolles\". Un couple de trentenaires se fait violemment agresser pr\u00e8s de Grenoble. Ils d\u00e9clarent avoir \u00e9t\u00e9 victimes d'une s\u00e9questration \u00e0 leur domicile, notamment.", "start_date": "2026-09-01T08:00:00+00:00", "title": "Les visages du crime en r\u00e9gion"}, {"desc": "Retour sur deux affaires criminelles en Savoie : une m\u00e8re de famille qui d\u00e9nonce un inceste \u00e0 Thonon-les-Bains en 2001 et des agressions \u00e0 Chamb\u00e9ry.", "start_date": "2026-09-01T09:34:00+00:00", "title": "Les visages du crime en r\u00e9gion"}, {"desc": "Au sommaire : \"Poker meurtrier\". Un p\u00e8re de famille est aux abonn\u00e9s absents alors qu'il a rendez-vous avec sa fille. - \"Mort pour une moto\". - \"Relation mortelle\".", "start_date": "2026-09-01T11:10:00+00:00", "title": "Les visages du crime en r\u00e9gion"}, {"desc": "La grande braderie de Lille, comme le veut la tradition depuis le XIIe si\u00e8cle, a lieu le premier week-end de septembre : 5000 exposants, 600 agents municipaux et deux millions de visiteurs sont attendus. Plong\u00e9s dans les coulisses de l'\u00e9v\u00e8nement le plus populaire de la rentr\u00e9e.", "start_date": "2026-09-01T12:55:00+00:00", "title": "Nos h\u00e9ros du quotidien"}, {"desc": "Plongez au c\u0153ur du quotidien de ceux qui veillent sur notre s\u00e9curit\u00e9 et notre sant\u00e9 : policiers, gendarmes, pompiers, \u00e9quipes du SAMU, etc. \u00c0 travers la r\u00e9alit\u00e9 des interventions, cette s\u00e9rie met en lumi\u00e8re leur engagement, leur sang-froid face \u00e0 l'urgence, et les d\u00e9fis humains auxquels ils sont confront\u00e9s chaque jour. Une immersion saisissante dans le quotidien de femmes et d'hommes d'exception, ", "start_date": "2026-09-01T14:00:00+00:00", "title": "Nos h\u00e9ros du quotidien"}, {"desc": "Un soldat am\u00e9ricain bless\u00e9 en Irak et fra\u00eechement rapatri\u00e9 aux Etats-Unis dispara\u00eet. L'enqu\u00eate de Jack et Danny les m\u00e8ne jusque sur les lieux des combats.", "start_date": "2026-09-01T15:05:00+00:00", "title": "FBI : port\u00e9s disparus"}, {"desc": "Un ch\u00f4meur a disparu en rentrant d'une banque o\u00f9 il effectuait des op\u00e9rations pour le compte du salon de coiffure tenu par son \u00e9pouse. Le FBI le recherche.", "start_date": "2026-09-01T16:00:00+00:00", "title": "FBI : port\u00e9s disparus"}, {"desc": "Les agents du FBI enqu\u00eatent sur le petit ami d'une femme port\u00e9e disparue. Ils d\u00e9couvrent que l'homme en question a un jumeau, avec lequel la disparue a flirt\u00e9.", "start_date": "2026-09-01T16:54:00+00:00", "title": "FBI : port\u00e9s disparus"}, {"desc": "Sam aide Martin \u00e0 rechercher sa tante qui a disparu. Jack apprend que son p\u00e8re est atteint de la maladie d'Alzheimer et d\u00e9cide de faire la paix avec lui.", "start_date": "2026-09-01T17:49:00+00:00", "title": "FBI : port\u00e9s disparus"}, {"desc": "\u00c0 20h45, du lundi au vendredi, pendant 15 minutes, on a de l'info pr\u00e8s de chez vous, et pour vous. Depuis Rennes, la R\u00e9daction travaille avec ses reporters partout dans nos territoires, dans l'Hexagone et en Outre-Mer. Un regard de proximit\u00e9 sur l'actualit\u00e9, o\u00f9 que vous viviez... pour savoir, agir et se rassembler !", "start_date": "2026-09-01T18:45:00+00:00", "title": "On a de l'info"}, {"desc": "Le Mont-Saint-Michel fascine autant par sa beaut\u00e9 que par ses myst\u00e8res. Derri\u00e8re les fa\u00e7ades que tout le monde conna\u00eet se cache un autre Mont, m\u00e9connu du grand public.", "start_date": "2026-09-01T19:10:00+00:00", "title": "Mont-Saint-Michel : les derni\u00e8res \u00e9nigmes de l'abbaye"}, {"desc": "D\u00e9fendant l'entr\u00e9e en Provence depuis plus de 400 ans, la citadelle de Sisteron est une forteresse \u00e0 la silhouette unique, qui ne fait qu'un avec le roc.", "start_date": "2026-09-01T20:10:00+00:00", "title": "Sisteron : citadelle de tous les d\u00e9fis"}, {"desc": "Les cathares, chr\u00e9tiens fondamentalistes, furent pers\u00e9cut\u00e9s par l'Inquisition aux XIIIe et XIVe si\u00e8cles lors des croisades \"des Albigeois\", \u00e0 partir de 1209.", "start_date": "2026-09-01T21:15:00+00:00", "title": "La France des myst\u00e8res"}, {"desc": "A Chinon, en 1429, Jeanne d'Arc parvient \u00e0 convaincre Charles VII de la laisser combattre les Anglais ; en 1944, les Allemands esp\u00e8rent d\u00e9couvrir le Graal en Normandie.", "start_date": "2026-09-01T23:00:00+00:00", "title": "La France des myst\u00e8res"}, {"desc": null, "start_date": "2026-09-02T00:30:00+00:00", "title": "Programmes de la nuit"}, {"desc": "Monique Olivier, ancienne \u00e9pouse de Michel Fourniret, a d\u00e9clar\u00e9 qu'il \u00e9tait impliqu\u00e9 dans l'enl\u00e8vement et la mort de la jeune Estelle Mouzin, en 2003 \u00e0 Guermantes.", "start_date": "2026-09-02T04:30:00+00:00", "title": "Les visages du crime"}, {"desc": "La disparition de Magalie Part, 19 ans, est signal\u00e9e en 2001 dans le Pays de Gex. Depuis 2024, le p\u00f4le des crimes s\u00e9riels ou non \u00e9lucid\u00e9s de Nanterre s'est empar\u00e9 de ce cold case.", "start_date": "2026-09-02T05:25:00+00:00", "title": "Les visages du crime"}, {"desc": null, "start_date": "2026-09-02T06:19:00+00:00", "title": "Les visages du crime en r\u00e9gion"}, {"desc": null, "start_date": "2026-09-02T08:00:00+00:00", "title": "Les visages du crime en r\u00e9gion"}, {"desc": "A Durrenbach, un incendie permet de retrouver un cadavre mutil\u00e9. A Laxou, un jeune homme d\u00e9couvre sa m\u00e8re assassin\u00e9e alors qu'il vient de renouer avec elle.", "start_date": "2026-09-02T09:34:00+00:00", "title": "Les visages du crime en r\u00e9gion"}, {"desc": null, "start_date": "2026-09-02T11:10:00+00:00", "title": "Les visages du crime en r\u00e9gion"}, {"desc": "Chaque ann\u00e9e, 4000 automobilistes sont tu\u00e9s sur les routes. Si la vitesse reste un facteur connu des accidents, il existe \u00e9galement d'autres causes. Ainsi, les tron\u00e7ons rectilignes des routes nationales peuvent occasionner des chocs frontaux. Les d\u00e9passements sont eux aussi \u00e0 l'origine de nombreux carambolages.", "start_date": "2026-09-02T12:50:00+00:00", "title": "Nos h\u00e9ros du quotidien"}, {"desc": "Le 27 octobre 2003, les automobilistes fran\u00e7ais ont vu fleurir le premier radar automatique au bord d'une nationale. Il a \u00e9t\u00e9 fracass\u00e9 \u00e0 coups de masse deux jours plus tard ! Dix ans apr\u00e8s, cela n'a pas emp\u00each\u00e9 le pays tout entier de s'\u00e9quiper en masse : \u00e0 la fin de l'ann\u00e9e 2013, la France comptera 6 000 radars sur l'ensemble de son r\u00e9seau routier.", "start_date": "2026-09-02T14:05:00+00:00", "title": "Nos h\u00e9ros du quotidien"}, {"desc": "Un ch\u00f4meur a disparu en rentrant d'une banque o\u00f9 il effectuait des op\u00e9rations pour le compte du salon de coiffure tenu par son \u00e9pouse. Le FBI le recherche.", "start_date": "2026-09-02T15:05:00+00:00", "title": "FBI : port\u00e9s disparus"}, {"desc": "Les agents du FBI enqu\u00eatent sur le petit ami d'une femme port\u00e9e disparue. Ils d\u00e9couvrent que l'homme en question a un jumeau, avec lequel la disparue a flirt\u00e9.", "start_date": "2026-09-02T16:00:00+00:00", "title": "FBI : port\u00e9s disparus"}, {"desc": "Sam aide Martin \u00e0 rechercher sa tante qui a disparu. Jack apprend que son p\u00e8re est atteint de la maladie d'Alzheimer et d\u00e9cide de faire la paix avec lui.", "start_date": "2026-09-02T16:54:00+00:00", "title": "FBI : port\u00e9s disparus"}, {"desc": "L'\u00e9quipe enqu\u00eate sur la disparition d'un homme qui a pass\u00e9 les onze derni\u00e8res ann\u00e9es de sa vie \u00e0 essayer de prouver l'innocence de son fils, condamn\u00e9 \u00e0 mort.", "start_date": "2026-09-02T17:49:00+00:00", "title": "FBI : port\u00e9s disparus"}, {"desc": "\u00c0 20h45, du lundi au vendredi, pendant 15 minutes, on a de l'info pr\u00e8s de chez vous, et pour vous. Depuis Rennes, la R\u00e9daction travaille avec ses reporters partout dans nos territoires, dans l'Hexagone et en Outre-Mer. Un regard de proximit\u00e9 sur l'actualit\u00e9, o\u00f9 que vous viviez... pour savoir, agir et se rassembler !", "start_date": "2026-09-02T18:45:00+00:00", "title": "On a de l'info"}, {"desc": "A Torcy, derri\u00e8re les murs d'une \u00e9tonnante copropri\u00e9t\u00e9 familiale, se cache une v\u00e9ritable caverne d'Ali Baba. Depuis plus de 30 ans, Didier, serrurier-chaudronnier passionn\u00e9 de mobilier urbain, y accumule bancs, plaques anciennes, fontaines parisiennes et objets insolites. Faute de place, ses enfants Aur\u00e9lie, Beno\u00eet et Thierry acceptent aujourd'hui de s'en s\u00e9parer.", "start_date": "2026-09-02T19:10:00+00:00", "title": "Vos objets valent de l'or"}, {"desc": "A Liffr\u00e9, pr\u00e8s de Rennes, Louis, 77 ans, com\u00e9dien passionn\u00e9, vit dans un duplex o\u00f9 chaque objet raconte une histoire. Aux c\u00f4t\u00e9s d'Adeline et de l'expert breton Pierre-Guillaume Klein, il va devoir faire un choix : conserver les souvenirs auxquels il tient tant et laisser partir ceux qui pourraient susciter de belles surprises aux ench\u00e8res.", "start_date": "2026-09-02T20:00:00+00:00", "title": "Vos objets valent de l'or"}, {"desc": "A Verri\u00e8res, \u00e0 quelques kilom\u00e8tres de Troyes, dans l'Aube, Laure et R\u00e9mi, passionn\u00e9s de restauration et de brocante, ont ouvert un g\u00eete il y a deux ans. Aujourd'hui, ils souhaitent faire un peu de tri dans les objets qu'ils ont accumul\u00e9. Le but : en acheter de nouveaux pour renouveler leur d\u00e9co et satisfaire leur client\u00e8le toujours plus exigeante.", "start_date": "2026-09-02T21:00:00+00:00", "title": "Vos objets valent de l'or"}, {"desc": "Adeline Toniutti et le commissaire-priseur L\u00e9onard Pomez se rendent pr\u00e8s de Troyes, dans l'Aube, o\u00f9 Diane et Marine leur ouvrent les portes de la maison de leur grand-m\u00e8re.", "start_date": "2026-09-02T22:10:00+00:00", "title": "Vos objets valent de l'or"}, {"desc": null, "start_date": "2026-09-02T23:20:00+00:00", "title": "Programmes de la nuit"}, {"desc": "Dans un camping, Sylvie et Lionel inspectent les nouveaux mobil-homes. La famille Veron se pr\u00e9pare pour sa premi\u00e8re soir\u00e9e dans un camping 4 \u00e9toiles en Loire-Atlantique. Chez les Prieto Bagarry, Alix et Marc confient leurs enfants aux grands-parents avant le service, tandis que leur fille Lou participe avec enthousiasme.", "start_date": "2026-09-02T23:34:00+00:00", "title": "Camping family : notre vie au camping"}, {"desc": "Dans un camping 4 \u00e9toiles, la famille Veron organise une soir\u00e9e Quiz pour cr\u00e9er des liens entre vacanciers. Pendant ce temps, les pr\u00e9paratifs du spectacle aquatique XXL battent leur plein pour \u00eatre pr\u00eats dans trois semaines. Au camping savane, Jean-Pierre, le g\u00e9rant, veille au bon fonctionnement de l'\u00e9tablissement depuis l'aube.", "start_date": "2026-09-02T23:59:00+00:00", "title": "Camping family : notre vie au camping"}], "offset": "+00:00", "timezone": "UTC", "error_code": -1, "start_date": "2026-09-01", "icon": ""}