{"end_date": "2026-09-03", "name": "NOVO19 ", "info_url": "https://epg.pw/channels/549023/20260902.html", "country": "France", "description": null, "error_message": "", "provider": "", "source_url": "https://epg.pw/api/epg.json?channel_id=549023&date=20260902&timezone=None", "epg_list": [{"desc": null, "start_date": "2026-09-02T00:30:00+00:00", "title": "Programmes de la nuit"}, {"desc": "Monique Olivier, ancienne \u00e9pouse de Michel Fourniret, a d\u00e9clar\u00e9 qu'il \u00e9tait impliqu\u00e9 dans l'enl\u00e8vement et la mort de la jeune Estelle Mouzin, en 2003 \u00e0 Guermantes.", "start_date": "2026-09-02T04:30:00+00:00", "title": "Les visages du crime"}, {"desc": "La disparition de Magalie Part, 19 ans, est signal\u00e9e en 2001 dans le Pays de Gex. Depuis 2024, le p\u00f4le des crimes s\u00e9riels ou non \u00e9lucid\u00e9s de Nanterre s'est empar\u00e9 de ce cold case.", "start_date": "2026-09-02T05:25:00+00:00", "title": "Les visages du crime"}, {"desc": null, "start_date": "2026-09-02T06:19:00+00:00", "title": "Les visages du crime en r\u00e9gion"}, {"desc": null, "start_date": "2026-09-02T08:00:00+00:00", "title": "Les visages du crime en r\u00e9gion"}, {"desc": "A Durrenbach, un incendie permet de retrouver un cadavre mutil\u00e9. A Laxou, un jeune homme d\u00e9couvre sa m\u00e8re assassin\u00e9e alors qu'il vient de renouer avec elle.", "start_date": "2026-09-02T09:34:00+00:00", "title": "Les visages du crime en r\u00e9gion"}, {"desc": null, "start_date": "2026-09-02T11:10:00+00:00", "title": "Les visages du crime en r\u00e9gion"}, {"desc": "Chaque ann\u00e9e, 4000 automobilistes sont tu\u00e9s sur les routes. Si la vitesse reste un facteur connu des accidents, il existe \u00e9galement d'autres causes. Ainsi, les tron\u00e7ons rectilignes des routes nationales peuvent occasionner des chocs frontaux. Les d\u00e9passements sont eux aussi \u00e0 l'origine de nombreux carambolages.", "start_date": "2026-09-02T12:50:00+00:00", "title": "Nos h\u00e9ros du quotidien"}, {"desc": "Le 27 octobre 2003, les automobilistes fran\u00e7ais ont vu fleurir le premier radar automatique au bord d'une nationale. Il a \u00e9t\u00e9 fracass\u00e9 \u00e0 coups de masse deux jours plus tard ! Dix ans apr\u00e8s, cela n'a pas emp\u00each\u00e9 le pays tout entier de s'\u00e9quiper en masse : \u00e0 la fin de l'ann\u00e9e 2013, la France comptera 6 000 radars sur l'ensemble de son r\u00e9seau routier.", "start_date": "2026-09-02T14:05:00+00:00", "title": "Nos h\u00e9ros du quotidien"}, {"desc": "Un ch\u00f4meur a disparu en rentrant d'une banque o\u00f9 il effectuait des op\u00e9rations pour le compte du salon de coiffure tenu par son \u00e9pouse. Le FBI le recherche.", "start_date": "2026-09-02T15:05:00+00:00", "title": "FBI : port\u00e9s disparus"}, {"desc": "Les agents du FBI enqu\u00eatent sur le petit ami d'une femme port\u00e9e disparue. Ils d\u00e9couvrent que l'homme en question a un jumeau, avec lequel la disparue a flirt\u00e9.", "start_date": "2026-09-02T16:00:00+00:00", "title": "FBI : port\u00e9s disparus"}, {"desc": "Sam aide Martin \u00e0 rechercher sa tante qui a disparu. Jack apprend que son p\u00e8re est atteint de la maladie d'Alzheimer et d\u00e9cide de faire la paix avec lui.", "start_date": "2026-09-02T16:54:00+00:00", "title": "FBI : port\u00e9s disparus"}, {"desc": "L'\u00e9quipe enqu\u00eate sur la disparition d'un homme qui a pass\u00e9 les onze derni\u00e8res ann\u00e9es de sa vie \u00e0 essayer de prouver l'innocence de son fils, condamn\u00e9 \u00e0 mort.", "start_date": "2026-09-02T17:49:00+00:00", "title": "FBI : port\u00e9s disparus"}, {"desc": "\u00c0 20h45, du lundi au vendredi, pendant 15 minutes, on a de l'info pr\u00e8s de chez vous, et pour vous. Depuis Rennes, la R\u00e9daction travaille avec ses reporters partout dans nos territoires, dans l'Hexagone et en Outre-Mer. Un regard de proximit\u00e9 sur l'actualit\u00e9, o\u00f9 que vous viviez... pour savoir, agir et se rassembler !", "start_date": "2026-09-02T18:45:00+00:00", "title": "On a de l'info"}, {"desc": "A Torcy, derri\u00e8re les murs d'une \u00e9tonnante copropri\u00e9t\u00e9 familiale, se cache une v\u00e9ritable caverne d'Ali Baba. Depuis plus de 30 ans, Didier, serrurier-chaudronnier passionn\u00e9 de mobilier urbain, y accumule bancs, plaques anciennes, fontaines parisiennes et objets insolites. Faute de place, ses enfants Aur\u00e9lie, Beno\u00eet et Thierry acceptent aujourd'hui de s'en s\u00e9parer.", "start_date": "2026-09-02T19:10:00+00:00", "title": "Vos objets valent de l'or"}, {"desc": "A Liffr\u00e9, pr\u00e8s de Rennes, Louis, 77 ans, com\u00e9dien passionn\u00e9, vit dans un duplex o\u00f9 chaque objet raconte une histoire. Aux c\u00f4t\u00e9s d'Adeline et de l'expert breton Pierre-Guillaume Klein, il va devoir faire un choix : conserver les souvenirs auxquels il tient tant et laisser partir ceux qui pourraient susciter de belles surprises aux ench\u00e8res.", "start_date": "2026-09-02T20:00:00+00:00", "title": "Vos objets valent de l'or"}, {"desc": "A Verri\u00e8res, \u00e0 quelques kilom\u00e8tres de Troyes, dans l'Aube, Laure et R\u00e9mi, passionn\u00e9s de restauration et de brocante, ont ouvert un g\u00eete il y a deux ans. Aujourd'hui, ils souhaitent faire un peu de tri dans les objets qu'ils ont accumul\u00e9. Le but : en acheter de nouveaux pour renouveler leur d\u00e9co et satisfaire leur client\u00e8le toujours plus exigeante.", "start_date": "2026-09-02T21:00:00+00:00", "title": "Vos objets valent de l'or"}, {"desc": "Adeline Toniutti et le commissaire-priseur L\u00e9onard Pomez se rendent pr\u00e8s de Troyes, dans l'Aube, o\u00f9 Diane et Marine leur ouvrent les portes de la maison de leur grand-m\u00e8re.", "start_date": "2026-09-02T22:10:00+00:00", "title": "Vos objets valent de l'or"}, {"desc": null, "start_date": "2026-09-02T23:20:00+00:00", "title": "Programmes de la nuit"}, {"desc": "Dans un camping, Sylvie et Lionel inspectent les nouveaux mobil-homes. La famille Veron se pr\u00e9pare pour sa premi\u00e8re soir\u00e9e dans un camping 4 \u00e9toiles en Loire-Atlantique. Chez les Prieto Bagarry, Alix et Marc confient leurs enfants aux grands-parents avant le service, tandis que leur fille Lou participe avec enthousiasme.", "start_date": "2026-09-02T23:34:00+00:00", "title": "Camping family : notre vie au camping"}, {"desc": "Dans un camping 4 \u00e9toiles, la famille Veron organise une soir\u00e9e Quiz pour cr\u00e9er des liens entre vacanciers. Pendant ce temps, les pr\u00e9paratifs du spectacle aquatique XXL battent leur plein pour \u00eatre pr\u00eats dans trois semaines. Au camping savane, Jean-Pierre, le g\u00e9rant, veille au bon fonctionnement de l'\u00e9tablissement depuis l'aube.", "start_date": "2026-09-02T23:59:00+00:00", "title": "Camping family : notre vie au camping"}, {"desc": "Dans le camping de la famille Goubet, Pierrette, m\u00e8re de Jean-Pierre, conserve ses habitudes de g\u00e9rante en effectuant une ronde matinale. Mick et Sylvie partagent un caf\u00e9 pour planifier leur journ\u00e9e. Chez les Michel, dans les Pyr\u00e9n\u00e9es-Orientales, les mascottes d\u00e9filent quotidiennement pour c\u00e9l\u00e9brer les anniversaires des campeurs.", "start_date": "2026-09-03T00:24:00+00:00", "title": "Camping family : notre vie au camping"}, {"desc": "Gr\u00e2ce aux pouvoirs d'Emile, Sam a voyag\u00e9 de Noum\u00e9a jusqu'\u00e0 Tanna, dans la tribu des Trois Mondes. Les sages du clan refusent d'indiquer \u00e0 Alice le chemin pour rallier les Inconsolables...", "start_date": "2026-09-03T01:00:00+00:00", "title": "Foudre"}, {"desc": "Ile du Vent. Alice parvient \u00e0 convaincre les Inconsolables de la laisser entrer en contact avec l'animal magique. Elle esp\u00e8re oublier ses souffrances li\u00e9es \u00e0 la perte d'Alex...", "start_date": "2026-09-03T01:24:00+00:00", "title": "Foudre"}, {"desc": "Un homme hagard et barbu erre dans le bush australien : c'est Alex, en vie ! Il est recueilli par Soleil, un jeune du pacifique Sud. Il l'emm\u00e8ne chez Alkira, un aborig\u00e8ne qui ma\u00eetrise le mentalisme et qui donc pourrait l'aider...", "start_date": "2026-09-03T01:48:00+00:00", "title": "Foudre"}, {"desc": "Apr\u00e8s un voyage mystique et l'\u00e9preuve de la malle vide, Alex se reconnecte \u00e0 la r\u00e9alit\u00e9. Curieusement, il n'arrive pas \u00e0 joindre Alice pour lui dire qu'il a surv\u00e9cu au crash...", "start_date": "2026-09-03T02:13:00+00:00", "title": "Foudre"}, {"desc": "Alex retrouve enfin Noum\u00e9a et la Nouvelle-Cal\u00e9donie. Les personnes qu'il croise le prennent pour un fant\u00f4me. Alice reste introuvable. L\u00e9o lui cachant ce qu'il sait, Alex se doute que quelque chose de grave s'est produit...", "start_date": "2026-09-03T02:37:00+00:00", "title": "Foudre"}, {"desc": "La disparition de Magalie Part, 19 ans, est signal\u00e9e en 2001 dans le Pays de Gex. Depuis 2024, le p\u00f4le des crimes s\u00e9riels ou non \u00e9lucid\u00e9s de Nanterre s'est empar\u00e9 de ce cold case.", "start_date": "2026-09-03T04:25:00+00:00", "title": "Les visages du crime"}, {"desc": "Le 5 juillet 1994, le corps sans vie de St\u00e9phane Dieterich est retrouv\u00e9 sur un chemin forestier pr\u00e8s de Belfort. Dix ans apr\u00e8s le meurtre, un t\u00e9moignage bouleverse l'enqu\u00eate.", "start_date": "2026-09-03T05:20:00+00:00", "title": "Les visages du crime"}, {"desc": "A Durrenbach, un incendie permet de retrouver un cadavre mutil\u00e9. A Laxou, un jeune homme d\u00e9couvre sa m\u00e8re assassin\u00e9e alors qu'il vient de renouer avec elle.", "start_date": "2026-09-03T06:09:00+00:00", "title": "Les visages du crime en r\u00e9gion"}, {"desc": "Au sommaire : \"Poker meurtrier\". Un p\u00e8re de famille est aux abonn\u00e9s absents alors qu'il a rendez-vous avec sa fille. - \"Mort pour une moto\". - \"Relation mortelle\".", "start_date": "2026-09-03T07:45:00+00:00", "title": "Les visages du crime en r\u00e9gion"}, {"desc": "Au sommaire : \"Relation toxique \u00e0 Aoste\". Novembre 2007, en Is\u00e8re, le corps sans vie d'Alain est retrouv\u00e9 br\u00fbl\u00e9 dans sa voiture \u00e0 trente kilom\u00e8tres de son domicile. - \"Le trio barbare d'Echirolles\". Un couple de trentenaires se fait violemment agresser pr\u00e8s de Grenoble. Ils d\u00e9clarent avoir \u00e9t\u00e9 victimes d'une s\u00e9questration \u00e0 leur domicile, notamment.", "start_date": "2026-09-03T09:24:00+00:00", "title": "Les visages du crime en r\u00e9gion"}, {"desc": null, "start_date": "2026-09-03T11:05:00+00:00", "title": "Les visages du crime en r\u00e9gion"}, {"desc": "Le travail de la police consiste aussi \u00e0 traiter une succession de petites histoires en apparence anodines, o\u00f9 l'accueil et la prise en charge des victimes sont d\u00e9terminants.", "start_date": "2026-09-03T12:50:00+00:00", "title": "Nos h\u00e9ros du quotidien"}, {"desc": "Les 250 hommes et femmes de l'Institut de Recherche criminelle de la Gendarmerie nationale (IRCGN) sont au coeur des affaires les plus sensibles de la gendarmerie.", "start_date": "2026-09-03T14:00:00+00:00", "title": "Nos h\u00e9ros du quotidien"}, {"desc": "Les agents du FBI enqu\u00eatent sur le petit ami d'une femme port\u00e9e disparue. Ils d\u00e9couvrent que l'homme en question a un jumeau, avec lequel la disparue a flirt\u00e9.", "start_date": "2026-09-03T15:05:00+00:00", "title": "FBI : port\u00e9s disparus"}, {"desc": "Sam aide Martin \u00e0 rechercher sa tante qui a disparu. Jack apprend que son p\u00e8re est atteint de la maladie d'Alzheimer et d\u00e9cide de faire la paix avec lui.", "start_date": "2026-09-03T16:00:00+00:00", "title": "FBI : port\u00e9s disparus"}, {"desc": "L'\u00e9quipe enqu\u00eate sur la disparition d'un homme qui a pass\u00e9 les onze derni\u00e8res ann\u00e9es de sa vie \u00e0 essayer de prouver l'innocence de son fils, condamn\u00e9 \u00e0 mort.", "start_date": "2026-09-03T16:54:00+00:00", "title": "FBI : port\u00e9s disparus"}, {"desc": "Jack Malone recherche un entra\u00eeneur de football, qui a disparu juste apr\u00e8s avoir \u00e9t\u00e9 renvoy\u00e9. Il apprend qu'on offre \u00e0 sa femme un poste \u00e0 Chicago.", "start_date": "2026-09-03T17:49:00+00:00", "title": "FBI : port\u00e9s disparus"}, {"desc": "On a de l'info, c'est tous les soirs du lundi au vendredi, \u00e0 20h45. Avec Martin Cangelosi depuis Rennes, et toute la bande d'On a de l'info, on se demande comment la journ\u00e9e s'est pass\u00e9e ! Un regard d\u00e9cal\u00e9 sur l'actualit\u00e9\u2026 au bout de la rue et au bout du monde. Le tout en 19 minutes sur NOVO19 !", "start_date": "2026-09-03T18:45:00+00:00", "title": "On a de l'info"}, {"desc": "Marcel Pagnol grandit entre ses parents, son jeune fr\u00e8re et ses oncle et tante. Il s'\u00e9veille au coeur d'un paradis : la maison de vacances dans la montagne.", "start_date": "2026-09-03T19:10:00+00:00", "title": "La gloire de mon p\u00e8re"}, {"desc": "D\u00e9but d'\u00e9t\u00e9 1905. Un adolescent de Marseille souhaite profiter pleinement de ses trois mois de vacances scolaires avant sa rentr\u00e9e prochaine au lyc\u00e9e.", "start_date": "2026-09-03T21:15:00+00:00", "title": "Le temps des secrets"}, {"desc": "On a de l'info, c'est tous les soirs du lundi au vendredi, \u00e0 20h45. Avec Martin Cangelosi depuis Rennes, et toute la bande d'On a de l'info, on se demande comment la journ\u00e9e s'est pass\u00e9e ! Un regard d\u00e9cal\u00e9 sur l'actualit\u00e9\u2026 au bout de la rue et au bout du monde. Le tout en 19 minutes sur NOVO19 !", "start_date": "2026-09-03T23:13:00+00:00", "title": "On a de l'info"}, {"desc": null, "start_date": "2026-09-03T23:35:00+00:00", "title": "Les visages du crime en r\u00e9gion"}], "offset": "+00:00", "timezone": "UTC", "error_code": -1, "start_date": "2026-09-02", "icon": ""}