{"end_date": "2026-09-04", "name": "NOVO19 ", "info_url": "https://epg.pw/channels/549023/20260903.html", "country": "France", "description": null, "error_message": "", "provider": "", "source_url": "https://epg.pw/api/epg.json?channel_id=549023&date=20260903&timezone=None", "epg_list": [{"desc": "Dans le camping de la famille Goubet, Pierrette, m\u00e8re de Jean-Pierre, conserve ses habitudes de g\u00e9rante en effectuant une ronde matinale. Mick et Sylvie partagent un caf\u00e9 pour planifier leur journ\u00e9e. Chez les Michel, dans les Pyr\u00e9n\u00e9es-Orientales, les mascottes d\u00e9filent quotidiennement pour c\u00e9l\u00e9brer les anniversaires des campeurs.", "start_date": "2026-09-03T00:24:00+00:00", "title": "Camping family : notre vie au camping"}, {"desc": "Gr\u00e2ce aux pouvoirs d'Emile, Sam a voyag\u00e9 de Noum\u00e9a jusqu'\u00e0 Tanna, dans la tribu des Trois Mondes. Les sages du clan refusent d'indiquer \u00e0 Alice le chemin pour rallier les Inconsolables...", "start_date": "2026-09-03T01:00:00+00:00", "title": "Foudre"}, {"desc": "Ile du Vent. Alice parvient \u00e0 convaincre les Inconsolables de la laisser entrer en contact avec l'animal magique. Elle esp\u00e8re oublier ses souffrances li\u00e9es \u00e0 la perte d'Alex...", "start_date": "2026-09-03T01:24:00+00:00", "title": "Foudre"}, {"desc": "Un homme hagard et barbu erre dans le bush australien : c'est Alex, en vie ! Il est recueilli par Soleil, un jeune du pacifique Sud. Il l'emm\u00e8ne chez Alkira, un aborig\u00e8ne qui ma\u00eetrise le mentalisme et qui donc pourrait l'aider...", "start_date": "2026-09-03T01:48:00+00:00", "title": "Foudre"}, {"desc": "Apr\u00e8s un voyage mystique et l'\u00e9preuve de la malle vide, Alex se reconnecte \u00e0 la r\u00e9alit\u00e9. Curieusement, il n'arrive pas \u00e0 joindre Alice pour lui dire qu'il a surv\u00e9cu au crash...", "start_date": "2026-09-03T02:13:00+00:00", "title": "Foudre"}, {"desc": "Alex retrouve enfin Noum\u00e9a et la Nouvelle-Cal\u00e9donie. Les personnes qu'il croise le prennent pour un fant\u00f4me. Alice reste introuvable. L\u00e9o lui cachant ce qu'il sait, Alex se doute que quelque chose de grave s'est produit...", "start_date": "2026-09-03T02:37:00+00:00", "title": "Foudre"}, {"desc": "La disparition de Magalie Part, 19 ans, est signal\u00e9e en 2001 dans le Pays de Gex. Depuis 2024, le p\u00f4le des crimes s\u00e9riels ou non \u00e9lucid\u00e9s de Nanterre s'est empar\u00e9 de ce cold case.", "start_date": "2026-09-03T04:25:00+00:00", "title": "Les visages du crime"}, {"desc": "Le 5 juillet 1994, le corps sans vie de St\u00e9phane Dieterich est retrouv\u00e9 sur un chemin forestier pr\u00e8s de Belfort. Dix ans apr\u00e8s le meurtre, un t\u00e9moignage bouleverse l'enqu\u00eate.", "start_date": "2026-09-03T05:20:00+00:00", "title": "Les visages du crime"}, {"desc": "A Durrenbach, un incendie permet de retrouver un cadavre mutil\u00e9. A Laxou, un jeune homme d\u00e9couvre sa m\u00e8re assassin\u00e9e alors qu'il vient de renouer avec elle.", "start_date": "2026-09-03T06:09:00+00:00", "title": "Les visages du crime en r\u00e9gion"}, {"desc": "Au sommaire : \"Poker meurtrier\". Un p\u00e8re de famille est aux abonn\u00e9s absents alors qu'il a rendez-vous avec sa fille. - \"Mort pour une moto\". - \"Relation mortelle\".", "start_date": "2026-09-03T07:45:00+00:00", "title": "Les visages du crime en r\u00e9gion"}, {"desc": "Au sommaire : \"Relation toxique \u00e0 Aoste\". Novembre 2007, en Is\u00e8re, le corps sans vie d'Alain est retrouv\u00e9 br\u00fbl\u00e9 dans sa voiture \u00e0 trente kilom\u00e8tres de son domicile. - \"Le trio barbare d'Echirolles\". Un couple de trentenaires se fait violemment agresser pr\u00e8s de Grenoble. Ils d\u00e9clarent avoir \u00e9t\u00e9 victimes d'une s\u00e9questration \u00e0 leur domicile, notamment.", "start_date": "2026-09-03T09:24:00+00:00", "title": "Les visages du crime en r\u00e9gion"}, {"desc": null, "start_date": "2026-09-03T11:05:00+00:00", "title": "Les visages du crime en r\u00e9gion"}, {"desc": "Le travail de la police consiste aussi \u00e0 traiter une succession de petites histoires en apparence anodines, o\u00f9 l'accueil et la prise en charge des victimes sont d\u00e9terminants.", "start_date": "2026-09-03T12:50:00+00:00", "title": "Nos h\u00e9ros du quotidien"}, {"desc": "Les 250 hommes et femmes de l'Institut de Recherche criminelle de la Gendarmerie nationale (IRCGN) sont au coeur des affaires les plus sensibles de la gendarmerie.", "start_date": "2026-09-03T14:00:00+00:00", "title": "Nos h\u00e9ros du quotidien"}, {"desc": "Les agents du FBI enqu\u00eatent sur le petit ami d'une femme port\u00e9e disparue. Ils d\u00e9couvrent que l'homme en question a un jumeau, avec lequel la disparue a flirt\u00e9.", "start_date": "2026-09-03T15:05:00+00:00", "title": "FBI : port\u00e9s disparus"}, {"desc": "Sam aide Martin \u00e0 rechercher sa tante qui a disparu. Jack apprend que son p\u00e8re est atteint de la maladie d'Alzheimer et d\u00e9cide de faire la paix avec lui.", "start_date": "2026-09-03T16:00:00+00:00", "title": "FBI : port\u00e9s disparus"}, {"desc": "L'\u00e9quipe enqu\u00eate sur la disparition d'un homme qui a pass\u00e9 les onze derni\u00e8res ann\u00e9es de sa vie \u00e0 essayer de prouver l'innocence de son fils, condamn\u00e9 \u00e0 mort.", "start_date": "2026-09-03T16:54:00+00:00", "title": "FBI : port\u00e9s disparus"}, {"desc": "Jack Malone recherche un entra\u00eeneur de football, qui a disparu juste apr\u00e8s avoir \u00e9t\u00e9 renvoy\u00e9. Il apprend qu'on offre \u00e0 sa femme un poste \u00e0 Chicago.", "start_date": "2026-09-03T17:49:00+00:00", "title": "FBI : port\u00e9s disparus"}, {"desc": "On a de l'info, c'est tous les soirs du lundi au vendredi, \u00e0 20h45. Avec Martin Cangelosi depuis Rennes, et toute la bande d'On a de l'info, on se demande comment la journ\u00e9e s'est pass\u00e9e ! Un regard d\u00e9cal\u00e9 sur l'actualit\u00e9\u2026 au bout de la rue et au bout du monde. Le tout en 19 minutes sur NOVO19 !", "start_date": "2026-09-03T18:45:00+00:00", "title": "On a de l'info"}, {"desc": "Marcel Pagnol grandit entre ses parents, son jeune fr\u00e8re et ses oncle et tante. Il s'\u00e9veille au coeur d'un paradis : la maison de vacances dans la montagne.", "start_date": "2026-09-03T19:10:00+00:00", "title": "La gloire de mon p\u00e8re"}, {"desc": "D\u00e9but d'\u00e9t\u00e9 1905. Un adolescent de Marseille souhaite profiter pleinement de ses trois mois de vacances scolaires avant sa rentr\u00e9e prochaine au lyc\u00e9e.", "start_date": "2026-09-03T21:15:00+00:00", "title": "Le temps des secrets"}, {"desc": "On a de l'info, c'est tous les soirs du lundi au vendredi, \u00e0 20h45. Avec Martin Cangelosi depuis Rennes, et toute la bande d'On a de l'info, on se demande comment la journ\u00e9e s'est pass\u00e9e ! Un regard d\u00e9cal\u00e9 sur l'actualit\u00e9\u2026 au bout de la rue et au bout du monde. Le tout en 19 minutes sur NOVO19 !", "start_date": "2026-09-03T23:13:00+00:00", "title": "On a de l'info"}, {"desc": null, "start_date": "2026-09-03T23:35:00+00:00", "title": "Les visages du crime en r\u00e9gion"}, {"desc": "Le 5 juillet 1994, le corps sans vie de St\u00e9phane Dieterich est retrouv\u00e9 sur un chemin forestier pr\u00e8s de Belfort. Dix ans apr\u00e8s le meurtre, un t\u00e9moignage bouleverse l'enqu\u00eate.", "start_date": "2026-09-04T04:40:00+00:00", "title": "Les visages du crime"}, {"desc": "Le 21 septembre 2017, le corps carbonis\u00e9 de Sophie Lionnet, une jeune Fran\u00e7aise de 21 ans, est retrouv\u00e9 dans le jardin d'une maison hupp\u00e9e de Londres. La police britannique arr\u00eate imm\u00e9diatement les occupants, le couple expatri\u00e9 Sabrina Kouider et Ouissem M\u00e9douni. Au fil de l'enqu\u00eate, Scotland Yard met au jour l'impensable.", "start_date": "2026-09-04T05:30:00+00:00", "title": "Les visages du crime"}, {"desc": null, "start_date": "2026-09-04T06:24:00+00:00", "title": "Les visages du crime en r\u00e9gion"}, {"desc": "Retour sur deux affaires criminelles en Savoie : une m\u00e8re de famille qui d\u00e9nonce un inceste \u00e0 Thonon-les-Bains en 2001 et des agressions \u00e0 Chamb\u00e9ry.", "start_date": "2026-09-04T08:00:00+00:00", "title": "Les visages du crime en r\u00e9gion"}, {"desc": "Au sommaire : \"Poker meurtrier\". Un p\u00e8re de famille est aux abonn\u00e9s absents alors qu'il a rendez-vous avec sa fille. - \"Mort pour une moto\". - \"Relation mortelle\".", "start_date": "2026-09-04T09:34:00+00:00", "title": "Les visages du crime en r\u00e9gion"}, {"desc": null, "start_date": "2026-09-04T11:15:00+00:00", "title": "Les visages du crime en r\u00e9gion"}, {"desc": "Un homme a braqu\u00e9 un supermarch\u00e9 de Gennevilliers avant de prendre la fuite, laissant ses empreintes dans le v\u00e9hicule ; les policiers veulent l'interpeller avant une r\u00e9cidive.", "start_date": "2026-09-04T12:55:00+00:00", "title": "Nos h\u00e9ros du quotidien"}, {"desc": "Plongez au c\u0153ur du quotidien de ceux qui veillent sur notre s\u00e9curit\u00e9 et notre sant\u00e9 : policiers, gendarmes, pompiers, \u00e9quipes du SAMU, etc. \u00c0 travers la r\u00e9alit\u00e9 des interventions, cette s\u00e9rie met en lumi\u00e8re leur engagement, leur sang-froid face \u00e0 l'urgence, et les d\u00e9fis humains auxquels ils sont confront\u00e9s chaque jour. Une immersion saisissante dans le quotidien de femmes et d'hommes d'exception, ", "start_date": "2026-09-04T14:05:00+00:00", "title": "Nos h\u00e9ros du quotidien"}, {"desc": "Sam aide Martin \u00e0 rechercher sa tante qui a disparu. Jack apprend que son p\u00e8re est atteint de la maladie d'Alzheimer et d\u00e9cide de faire la paix avec lui.", "start_date": "2026-09-04T15:10:00+00:00", "title": "FBI : port\u00e9s disparus"}, {"desc": "L'\u00e9quipe enqu\u00eate sur la disparition d'un homme qui a pass\u00e9 les onze derni\u00e8res ann\u00e9es de sa vie \u00e0 essayer de prouver l'innocence de son fils, condamn\u00e9 \u00e0 mort.", "start_date": "2026-09-04T16:05:00+00:00", "title": "FBI : port\u00e9s disparus"}, {"desc": "Jack Malone recherche un entra\u00eeneur de football, qui a disparu juste apr\u00e8s avoir \u00e9t\u00e9 renvoy\u00e9. Il apprend qu'on offre \u00e0 sa femme un poste \u00e0 Chicago.", "start_date": "2026-09-04T16:59:00+00:00", "title": "FBI : port\u00e9s disparus"}, {"desc": "Jack Malone est confront\u00e9 \u00e0 une adolescente adopt\u00e9e \u00e2g\u00e9e de 16 ans, qui a l'intime conviction d'avoir \u00e9t\u00e9 kidnapp\u00e9e toute petite par ses parents adoptifs.", "start_date": "2026-09-04T17:49:00+00:00", "title": "FBI : port\u00e9s disparus"}, {"desc": "\u00c0 20h45, du lundi au vendredi, pendant 15 minutes, on a de l'info pr\u00e8s de chez vous, et pour vous. Depuis Rennes, la R\u00e9daction travaille avec ses reporters partout dans nos territoires, dans l'Hexagone et en Outre-Mer. Un regard de proximit\u00e9 sur l'actualit\u00e9, o\u00f9 que vous viviez... pour savoir, agir et se rassembler !", "start_date": "2026-09-04T18:45:00+00:00", "title": "On a de l'info"}, {"desc": "A Barcelone, au Havre, en mer de Chine ou \u00e0 Marseille, Les \u00e9l\u00e8ves de l'ENSM explorent les diff\u00e9rentes r\u00e9alit\u00e9s de la marine marchande \u00e0 travers stages et entra\u00eenements.", "start_date": "2026-09-04T19:10:00+00:00", "title": "Aux commandes des g\u00e9ants des mers : les officiers et ing\u00e9nieurs de demain"}, {"desc": "Heeva\u00ef embarque pour une mission en mer du Nord. Ana prend la barre \u00e0 Marseille. Oriane d\u00e9couvre Singapour. A Saint-Malo, Ya\u00eblle se forme \u00e0 la lutte contre les incendies.", "start_date": "2026-09-04T20:10:00+00:00", "title": "Aux commandes des g\u00e9ants des mers : les officiers et ing\u00e9nieurs de demain"}, {"desc": "Oriane, 25 ans, Heeva\u00ef, 20 ans, Isaac, 23 ans, Ana, 19 ans, Ya\u00eblle et Nicolas sont en formation pour devenir les futurs officiers ou ing\u00e9nieurs maritimes de demain.", "start_date": "2026-09-04T21:15:00+00:00", "title": "Aux commandes des g\u00e9ants des mers : les officiers et ing\u00e9nieurs de demain"}, {"desc": "A Marseille, Heeva\u00ef, 20 ans, vit son premier embarquement lors d'un week-end d\u00e9couverte. Isaac, 23 ans, 5e ann\u00e9e, valide au Havre un certificat m\u00e9dical cl\u00e9 pour devenir officier.", "start_date": "2026-09-04T22:20:00+00:00", "title": "Aux commandes des g\u00e9ants des mers : les officiers et ing\u00e9nieurs de demain"}, {"desc": "A la d\u00e9couverte d'une station scientifique unique au monde, o\u00f9 se joue une aventure humaine et scientifique au service de la connaissance et de la protection de l'Arctique.", "start_date": "2026-09-04T23:20:00+00:00", "title": "Tara Polar Station : mission au coeur de l'Arctique"}], "offset": "+00:00", "timezone": "UTC", "error_code": -1, "start_date": "2026-09-03", "icon": ""}