{"end_date": "2026-09-05", "name": "NOVO19 ", "info_url": "https://epg.pw/channels/549023/20260904.html", "country": "France", "description": null, "error_message": "", "provider": "", "source_url": "https://epg.pw/api/epg.json?channel_id=549023&date=20260904&timezone=None", "epg_list": [{"desc": "Le 5 juillet 1994, le corps sans vie de St\u00e9phane Dieterich est retrouv\u00e9 sur un chemin forestier pr\u00e8s de Belfort. Dix ans apr\u00e8s le meurtre, un t\u00e9moignage bouleverse l'enqu\u00eate.", "start_date": "2026-09-04T04:40:00+00:00", "title": "Les visages du crime"}, {"desc": "Le 21 septembre 2017, le corps carbonis\u00e9 de Sophie Lionnet, une jeune Fran\u00e7aise de 21 ans, est retrouv\u00e9 dans le jardin d'une maison hupp\u00e9e de Londres. La police britannique arr\u00eate imm\u00e9diatement les occupants, le couple expatri\u00e9 Sabrina Kouider et Ouissem M\u00e9douni. Au fil de l'enqu\u00eate, Scotland Yard met au jour l'impensable.", "start_date": "2026-09-04T05:30:00+00:00", "title": "Les visages du crime"}, {"desc": null, "start_date": "2026-09-04T06:24:00+00:00", "title": "Les visages du crime en r\u00e9gion"}, {"desc": "Retour sur deux affaires criminelles en Savoie : une m\u00e8re de famille qui d\u00e9nonce un inceste \u00e0 Thonon-les-Bains en 2001 et des agressions \u00e0 Chamb\u00e9ry.", "start_date": "2026-09-04T08:00:00+00:00", "title": "Les visages du crime en r\u00e9gion"}, {"desc": "Au sommaire : \"Poker meurtrier\". Un p\u00e8re de famille est aux abonn\u00e9s absents alors qu'il a rendez-vous avec sa fille. - \"Mort pour une moto\". - \"Relation mortelle\".", "start_date": "2026-09-04T09:34:00+00:00", "title": "Les visages du crime en r\u00e9gion"}, {"desc": null, "start_date": "2026-09-04T11:15:00+00:00", "title": "Les visages du crime en r\u00e9gion"}, {"desc": "Un homme a braqu\u00e9 un supermarch\u00e9 de Gennevilliers avant de prendre la fuite, laissant ses empreintes dans le v\u00e9hicule ; les policiers veulent l'interpeller avant une r\u00e9cidive.", "start_date": "2026-09-04T12:55:00+00:00", "title": "Nos h\u00e9ros du quotidien"}, {"desc": "Plongez au c\u0153ur du quotidien de ceux qui veillent sur notre s\u00e9curit\u00e9 et notre sant\u00e9 : policiers, gendarmes, pompiers, \u00e9quipes du SAMU, etc. \u00c0 travers la r\u00e9alit\u00e9 des interventions, cette s\u00e9rie met en lumi\u00e8re leur engagement, leur sang-froid face \u00e0 l'urgence, et les d\u00e9fis humains auxquels ils sont confront\u00e9s chaque jour. Une immersion saisissante dans le quotidien de femmes et d'hommes d'exception, ", "start_date": "2026-09-04T14:05:00+00:00", "title": "Nos h\u00e9ros du quotidien"}, {"desc": "Sam aide Martin \u00e0 rechercher sa tante qui a disparu. Jack apprend que son p\u00e8re est atteint de la maladie d'Alzheimer et d\u00e9cide de faire la paix avec lui.", "start_date": "2026-09-04T15:10:00+00:00", "title": "FBI : port\u00e9s disparus"}, {"desc": "L'\u00e9quipe enqu\u00eate sur la disparition d'un homme qui a pass\u00e9 les onze derni\u00e8res ann\u00e9es de sa vie \u00e0 essayer de prouver l'innocence de son fils, condamn\u00e9 \u00e0 mort.", "start_date": "2026-09-04T16:05:00+00:00", "title": "FBI : port\u00e9s disparus"}, {"desc": "Jack Malone recherche un entra\u00eeneur de football, qui a disparu juste apr\u00e8s avoir \u00e9t\u00e9 renvoy\u00e9. Il apprend qu'on offre \u00e0 sa femme un poste \u00e0 Chicago.", "start_date": "2026-09-04T16:59:00+00:00", "title": "FBI : port\u00e9s disparus"}, {"desc": "Jack Malone est confront\u00e9 \u00e0 une adolescente adopt\u00e9e \u00e2g\u00e9e de 16 ans, qui a l'intime conviction d'avoir \u00e9t\u00e9 kidnapp\u00e9e toute petite par ses parents adoptifs.", "start_date": "2026-09-04T17:49:00+00:00", "title": "FBI : port\u00e9s disparus"}, {"desc": "\u00c0 20h45, du lundi au vendredi, pendant 15 minutes, on a de l'info pr\u00e8s de chez vous, et pour vous. Depuis Rennes, la R\u00e9daction travaille avec ses reporters partout dans nos territoires, dans l'Hexagone et en Outre-Mer. Un regard de proximit\u00e9 sur l'actualit\u00e9, o\u00f9 que vous viviez... pour savoir, agir et se rassembler !", "start_date": "2026-09-04T18:45:00+00:00", "title": "On a de l'info"}, {"desc": "A Barcelone, au Havre, en mer de Chine ou \u00e0 Marseille, Les \u00e9l\u00e8ves de l'ENSM explorent les diff\u00e9rentes r\u00e9alit\u00e9s de la marine marchande \u00e0 travers stages et entra\u00eenements.", "start_date": "2026-09-04T19:10:00+00:00", "title": "Aux commandes des g\u00e9ants des mers : les officiers et ing\u00e9nieurs de demain"}, {"desc": "Heeva\u00ef embarque pour une mission en mer du Nord. Ana prend la barre \u00e0 Marseille. Oriane d\u00e9couvre Singapour. A Saint-Malo, Ya\u00eblle se forme \u00e0 la lutte contre les incendies.", "start_date": "2026-09-04T20:10:00+00:00", "title": "Aux commandes des g\u00e9ants des mers : les officiers et ing\u00e9nieurs de demain"}, {"desc": "Oriane, 25 ans, Heeva\u00ef, 20 ans, Isaac, 23 ans, Ana, 19 ans, Ya\u00eblle et Nicolas sont en formation pour devenir les futurs officiers ou ing\u00e9nieurs maritimes de demain.", "start_date": "2026-09-04T21:15:00+00:00", "title": "Aux commandes des g\u00e9ants des mers : les officiers et ing\u00e9nieurs de demain"}, {"desc": "A Marseille, Heeva\u00ef, 20 ans, vit son premier embarquement lors d'un week-end d\u00e9couverte. Isaac, 23 ans, 5e ann\u00e9e, valide au Havre un certificat m\u00e9dical cl\u00e9 pour devenir officier.", "start_date": "2026-09-04T22:20:00+00:00", "title": "Aux commandes des g\u00e9ants des mers : les officiers et ing\u00e9nieurs de demain"}, {"desc": "A la d\u00e9couverte d'une station scientifique unique au monde, o\u00f9 se joue une aventure humaine et scientifique au service de la connaissance et de la protection de l'Arctique.", "start_date": "2026-09-04T23:20:00+00:00", "title": "Tara Polar Station : mission au coeur de l'Arctique"}, {"desc": "On a de l'info, c'est tous les soirs du lundi au vendredi, \u00e0 20h45. Avec Martin Cangelosi depuis Rennes, et toute la bande d'On a de l'info, on se demande comment la journ\u00e9e s'est pass\u00e9e ! Un regard d\u00e9cal\u00e9 sur l'actualit\u00e9\u2026 au bout de la rue et au bout du monde. Le tout en 19 minutes sur NOVO19 !", "start_date": "2026-09-05T00:10:00+00:00", "title": "On a de l'info"}, {"desc": null, "start_date": "2026-09-05T00:30:00+00:00", "title": "On a du nouveau"}, {"desc": "Alice cherche la v\u00e9rit\u00e9 sur son p\u00e8re qui, selon le parrain de Soleil, serait un usurpateur. Son propre secret, qu'elle n'a toujours pas os\u00e9 d\u00e9voiler \u00e0 Alex, la met de plus en plus mal \u00e0 l'aise...", "start_date": "2026-09-05T01:40:00+00:00", "title": "Foudre"}, {"desc": "Alex d\u00e9couvre la v\u00e9rit\u00e9 sur Alice et Sam. C'est un choc insupportable. Malgr\u00e9 son amour pour Alice, il n'arrive pas \u00e0 lui pardonner. Il veut partir \u00e0 la recherche de Sam, \u00e0 Vanuatu...", "start_date": "2026-09-05T02:04:00+00:00", "title": "Foudre"}, {"desc": "Alex laisse une chance \u00e0 Alice de faire revivre leur amour aussi fort qu'au premier jour. Mais la nature s'y oppose...", "start_date": "2026-09-05T02:28:00+00:00", "title": "Foudre"}, {"desc": "Alice ne se console pas du d\u00e9part d'Alex, m\u00eame si la pr\u00e9sence de Soleil la r\u00e9conforte. Alors qu'elle s'est d\u00e9cid\u00e9e \u00e0 le rejoindre, elle r\u00e9alise que son p\u00e8re a besoin d'elle au ranch. En effet, une menace p\u00e8se sur la terre des Watson...", "start_date": "2026-09-05T02:53:00+00:00", "title": "Foudre"}, {"desc": "Alice supplie Soleil de venir sauver un cheval malade du ranch Watson. Soleil h\u00e9site \u00e0 lui venir en aide, au risque d'envenimer le conflit entre Watson et son parrain Wasana...", "start_date": "2026-09-05T03:17:00+00:00", "title": "Foudre"}, {"desc": "Au nom de son amiti\u00e9 avec Soleil, Alice lui demande de lui dire ce qui se trame. Elle sait que Wasana cherche \u00e0 nuire \u00e0 son p\u00e8re en l'expropriant de son ranch.", "start_date": "2026-09-05T03:39:00+00:00", "title": "Foudre"}, {"desc": "En 1940, les troupes allemandes viennent d'envahir la France. Les nazis mettent alors en oeuvre des chantiers gigantesque et s'approprient des sites prestigieux.", "start_date": "2026-09-05T04:05:00+00:00", "title": "La France des myst\u00e8res"}, {"desc": "Plus de 70 ans apr\u00e8s la fin de la Seconde Guerre mondiale et la p\u00e9riode de l'Occupation, des traces de la pr\u00e9sence allemande sont toujours visibles sur le territoire fran\u00e7ais.", "start_date": "2026-09-05T05:40:00+00:00", "title": "La France des myst\u00e8res"}, {"desc": "Les ch\u00e2teaux, les palaces et les cabarets \u00e0 la mode furent les t\u00e9moins muets des extravagances et des frasques de puissants seigneurs, de rois et reines et m\u00eame d'hommes d'\u00e9glise.", "start_date": "2026-09-05T07:25:00+00:00", "title": "La France des myst\u00e8res"}, {"desc": "Le d\u00e9cryptage des crises, de la canicule ou des tensions estivales v\u00e9cues en France au cours de l'\u00e9t\u00e9 2026.", "start_date": "2026-09-05T09:05:00+00:00", "title": "On a de l'info - Le mag"}, {"desc": "Au sommaire : \"Abus sexuels \u00e0 Bourbourg\" . En 2015, Micka\u00ebl, 30 ans, porte plainte pour des viols subis d\u00e8s l'\u00e2ge de 6 ans. - \"Equip\u00e9e barbare \u00e0 Valenciennes\".", "start_date": "2026-09-05T09:30:00+00:00", "title": "Les visages du crime en r\u00e9gion"}, {"desc": null, "start_date": "2026-09-05T11:15:00+00:00", "title": "Les visages du crime en r\u00e9gion"}, {"desc": "Ni\u00e8ce de Marie-France Pisier, Camille Kouchner accuse en 2021 son beau-p\u00e8re d'avoir viol\u00e9 son fr\u00e8re. En 2011 Marie-France Pisier est morte dans des conditions peu claires.", "start_date": "2026-09-05T12:55:00+00:00", "title": "Les visages du crime en r\u00e9gion"}, {"desc": "L'\u00e9quipe enqu\u00eate sur la disparition d'un homme et d\u00e9couvre qu'il y a de tr\u00e8s nombreux suspects, dont le disparu lui-m\u00eame, qui n'est pas ce qu'il para\u00eet \u00eatre.", "start_date": "2026-09-05T14:40:00+00:00", "title": "FBI : port\u00e9s disparus"}, {"desc": "L'\u00e9quipe est charg\u00e9e d'enqu\u00eater sur la disparition d'une ancienne femme policier devenue chasseuse de primes, que Jack a bien connue quelques ann\u00e9es plus t\u00f4t.", "start_date": "2026-09-05T15:35:00+00:00", "title": "FBI : port\u00e9s disparus"}, {"desc": "Un gar\u00e7on de 12 ans dispara\u00eet subitement un jour d'\u00e9cole. Les seuls indices sont un miroir bris\u00e9, un laissez-passer abandonn\u00e9 et du sang sur un mur.", "start_date": "2026-09-05T16:25:00+00:00", "title": "FBI : port\u00e9s disparus"}, {"desc": "Quatre ans apr\u00e8s la disparition de Jessica Raab, Vivian trouve une empreinte, identique \u00e0 celle trouv\u00e9e sur les lieux o\u00f9 avait disparu la jeune femme.", "start_date": "2026-09-05T17:20:00+00:00", "title": "FBI : port\u00e9s disparus"}, {"desc": "Un soldat am\u00e9ricain bless\u00e9 en Irak et fra\u00eechement rapatri\u00e9 aux Etats-Unis dispara\u00eet. L'enqu\u00eate de Jack et Danny les m\u00e8ne jusque sur les lieux des combats.", "start_date": "2026-09-05T18:10:00+00:00", "title": "FBI : port\u00e9s disparus"}, {"desc": "L'agent du FBI Bill Hagmaier interroge Ted Bundy dans le couloir de la mort pour obtenir ses aveux, mais le tueur manipule le profileur qui se croit \u00e0 l'abri.", "start_date": "2026-09-05T19:10:00+00:00", "title": "Inside Ted : Dans la t\u00eate du serial killer"}, {"desc": "Un p\u00e8re exemplaire se retrouve impliqu\u00e9 dans une dangereuse affaire de harc\u00e8lement et de meurtre apr\u00e8s sa rencontre avec une charmante veuve.", "start_date": "2026-09-05T21:00:00+00:00", "title": "Manhattan Nocturne"}, {"desc": null, "start_date": "2026-09-05T22:59:00+00:00", "title": "Les visages du crime en r\u00e9gion"}], "offset": "+00:00", "timezone": "UTC", "error_code": -1, "start_date": "2026-09-04", "icon": ""}