{"end_date": "2026-09-02", "name": "Arte ", "info_url": "https://epg.pw/channels/549025/20260901.html", "country": "France", "description": null, "error_message": "", "provider": "", "source_url": "https://epg.pw/api/epg.json?channel_id=549025&date=20260901&timezone=None", "epg_list": [{"desc": "R\u00e9alis\u00e9e dans les grandes plaines arides du nord du Kenya, cette s\u00e9rie documentaire plonge dans le quotidien de trois femelles \u00e9l\u00e9phant, lycaon et gu\u00e9pard, qui doivent faire face \u00e0 la plus grande s\u00e9cheresse de ces vingt derni\u00e8res ann\u00e9es.", "start_date": "2026-09-01T00:50:00+00:00", "title": "Kenya : au rythme des pluies"}, {"desc": "Corentin de Chatelperron est un ing\u00e9nieur, mais aussi navigateur et aventurier fran\u00e7ais, qui voyage \u00e0 travers le monde sur un catamaran baptis\u00e9 \"Nomade des mers\". A travers cette aventure maritime, il souhaite d\u00e9couvrir diff\u00e9rentes perspectives de la low-tech pr\u00e9sentes dans le monde : des innovations durables, \u00e9cologiques et accessibles \u00e0 tout le monde. Il voyage en mer en totale autonomie, gr\u00e2ce ", "start_date": "2026-09-01T01:35:00+00:00", "title": "Nomade des mers, les escales de l'innovation"}, {"desc": "Des survivants de violences sexuelles se mobilisent pour que l'abolition de la prescription des crimes sexuels sur des mineurs soit inscrite dans le droit europ\u00e9en.", "start_date": "2026-09-01T02:05:00+00:00", "title": "Viols sur mineurs : la fin de la prescription ?"}, {"desc": "Les animaux d'Athleticus utilisent leur personnalit\u00e9 et leur anatomie pour participer aux courses.", "start_date": "2026-09-01T02:37:00+00:00", "title": "Athleticus"}, {"desc": "Nos programmes se terminent pour cette journ\u00e9e, en attendant ceux de demain.", "start_date": "2026-09-01T02:39:00+00:00", "title": "Pause"}, {"desc": "Face au b\u00e9ton et \u00e0 l'acier, stars de l'architecture moderne, le bois retrouve progressivement ses lettres de noblesse. Principal mat\u00e9riau de construction pendant des mill\u00e9naires, il a \u00e9t\u00e9 progressivement \u00e9cart\u00e9, notamment en raison de son caract\u00e8re inflammable. Quant au bambou, qui pousse dans une grande partie du monde, son potentiel reste encore largement ignor\u00e9. L'utilisation de ces mat\u00e9riaux o", "start_date": "2026-09-01T03:15:00+00:00", "title": "Mat\u00e9riaux d'hier et de demain"}, {"desc": "Depuis trois d\u00e9cennies, des d\u00e9fenseurs de l'environnement et des scientifiques se mobilisent aux c\u00f4t\u00e9s des communaut\u00e9s locales pour favoriser le retour de la vie sauvage dans les Rocheuses. Bisons, grizzlis, caribous et loups racontent l'histoire de cette reconqu\u00eate.", "start_date": "2026-09-01T04:10:00+00:00", "title": "A la reconqu\u00eate des Rocheuses"}, {"desc": "A mains nues, \u00e0 cesta punta, \u00e0 chistera, en trinquet : la pelote basque constitue l'un des piliers de l'identit\u00e9 d'un territoire \u00e0 l'histoire mouvement\u00e9e.", "start_date": "2026-09-01T04:55:00+00:00", "title": "Pays basque, l'\u00e2me en pelote"}, {"desc": "Voyage \u00e0 la d\u00e9couverte des recettes traditionnelles de la Sicile. Les boulettes de riz siciliennes : les arancine - \u00c0 Palerme, Antoine Leclaire fait ses emplettes dans les commerces qui se sont ligu\u00e9s contre la mafia.", "start_date": "2026-09-01T05:50:00+00:00", "title": "Voyage en cuisine"}, {"desc": "Au Cambodge, un artiste en fusion avec la nature. - Burle Marx dessine les jardins de Rio. - A Paris, la reine de l'escroquerie.", "start_date": "2026-09-01T06:20:00+00:00", "title": "Invitation au voyage"}, {"desc": "Au Japon, les bulles nostalgiques de Taniguchi. - En Bavi\u00e8re, la ferveur de la bi\u00e8re. - En Estonie, la soupe au poisson de Marten. - En Egypte, l'inventeur \u00e0 id\u00e9es et \u00e0 vapeur.", "start_date": "2026-09-01T07:05:00+00:00", "title": "Invitation au voyage"}, {"desc": "Voil\u00e0 pr\u00e8s de 3600 ans, la M\u00e9diterran\u00e9e orientale a \u00e9t\u00e9 \u00e9branl\u00e9e par l'\u00e9ruption du volcan de Santorin, au nord de la Cr\u00e8te, qui a d\u00e9truit plusieurs cit\u00e9s portuaires et recouvert la r\u00e9gion enti\u00e8re d'une \u00e9paisse couche de cendres. Ce cataclysme, longtemps consid\u00e9r\u00e9 comme l'\u00e9l\u00e9ment d\u00e9clencheur de l'effondrement de la civilisation minoenne, soul\u00e8ve encore bien des interrogations, auxquelles tente de r", "start_date": "2026-09-01T07:55:00+00:00", "title": "Les myst\u00e8res de Santorin"}, {"desc": "De Cassis \u00e0 la fronti\u00e8re italienne, la beaut\u00e9 idyllique des paysages, la douceur de vivre et le soleil de la C\u00f4te d'Azur attirent la haute soci\u00e9t\u00e9 europ\u00e9enne d\u00e8s les balbutiements du tourisme. Mais c'est au XXe si\u00e8cle, \u00e0 partir des ann\u00e9es 1950, que ce pan de littoral acquiert une renomm\u00e9e mondiale. N\u00e9 en 1939 pour s'interrompre aussit\u00f4t, le Festival de Cannes attire le gratin du cin\u00e9ma mondial. Br", "start_date": "2026-09-01T09:20:00+00:00", "title": "La C\u00f4te d'Azur, mythique et l\u00e9gendaire"}, {"desc": "A Tul\u00e9ar, l'\u00e9quipe d\u00e9couvre l'une des richesses malgaches, la spiruline, algue utilis\u00e9e comme compl\u00e9ment alimentaire notamment chez les enfants malnutris.", "start_date": "2026-09-01T10:15:00+00:00", "title": "Nomade des mers, les escales de l'innovation"}, {"desc": "In\u00e9dit. Un poulet sur cinq consomm\u00e9 dans l'Union europ\u00e9enne provient de Pologne. Premier producteur de volailles d'Europe, le pays mise sur de vastes exploitations d'\u00e9levage intensif. \u00c0 Kode\u0144, pr\u00e8s d'un million de poulets sont \u00e9lev\u00e9s \u00e0 c\u00f4t\u00e9 de la propri\u00e9t\u00e9 de Barbara Bil, qui s'oppose \u00e0 cette exploitation. Cette retrait\u00e9e ne supporte plus les nuisances olfactives et craint pour sa qualit\u00e9 de vie.", "start_date": "2026-09-01T11:00:00+00:00", "title": "Un village et un million de poulets"}, {"desc": "Dans le cadre d'une affaire concernant une nouvelle drogue de synth\u00e8se qui a provoqu\u00e9 plusieurs d\u00e9c\u00e8s, Nora fait la connaissance de l'enqu\u00eateur Alexander Forsman. Tous deux s'allient pour tenter de remonter la fili\u00e8re qui serait bas\u00e9e dans une bo\u00eete de nuit. Lorsqu'Anna, la fille de Nora, dispara\u00eet apr\u00e8s une f\u00eate et qu'un sachet de drogue est retrouv\u00e9 dans sa chambre, la procureure et le policier ", "start_date": "2026-09-01T11:35:00+00:00", "title": "Meurtres \u00e0 Sandhamn"}, {"desc": "Depuis trois d\u00e9cennies, des d\u00e9fenseurs de l'environnement et des scientifiques se mobilisent aux c\u00f4t\u00e9s des communaut\u00e9s locales pour favoriser le retour de la vie sauvage dans les Rocheuses. Bisons, grizzlis, caribous et loups racontent l'histoire de cette reconqu\u00eate.", "start_date": "2026-09-01T13:05:00+00:00", "title": "A la reconqu\u00eate des Rocheuses"}, {"desc": "In\u00e9dit. De Chicago au golfe du Mexique en passant principalement par le Mississippi, la suite de l'aventure permet de traverser Saint-Louis, Memphis et La Nouvelle-Orl\u00e9ans.", "start_date": "2026-09-01T13:50:00+00:00", "title": "Les Etats-Unis sur les flots"}, {"desc": "In\u00e9dit. Partant de la \"Forgotten Coast\", le p\u00e9riple se poursuit au large du golfe du Mexique puis le long de l'Intracoastal Waterway avant de s'achever en Caroline du Sud.", "start_date": "2026-09-01T14:35:00+00:00", "title": "Les Etats-Unis sur les flots"}, {"desc": "In\u00e9dit. Linda Lorin nous emm\u00e8ne \u00e0 la d\u00e9couverte de notre patrimoine artistique, culturel et naturel. \u00c0 N\u00eemes, la palette color\u00e9e de Claude Viallat - Les s\u00e9quoias, g\u00e9ants de Californie - Au S\u00e9n\u00e9gal, le riz rouge aux boulettes de poisson de Ndeye - \u00c0 Berlin, une physicienne visionnaire.", "start_date": "2026-09-01T15:20:00+00:00", "title": "Invitation au voyage"}, {"desc": "Gary Shteyngart \u00e0 New York - Kenya, l'\u00eele de Pate se r\u00eave un pass\u00e9 chinois - Pays de Galles, la maladie de la fourchette.", "start_date": "2026-09-01T16:05:00+00:00", "title": "Invitation au voyage"}, {"desc": "In\u00e9dit. La coquille Saint-Jacques est l'un des embl\u00e8mes de la r\u00e9gion de Honfleur. Le chef Julien Lefebvre n'h\u00e9site pas \u00e0 la mettre en avant et l'allie au Livarot.", "start_date": "2026-09-01T16:50:00+00:00", "title": "Voyage en cuisine"}, {"desc": "In\u00e9dit. Sonia Devillers raconte l'histoire d'une photo ou d'une image. De leur construction \u00e0 leur impact, comment expliquer la viralit\u00e9 de certaines images ?", "start_date": "2026-09-01T17:30:00+00:00", "title": "Le dessous des images"}, {"desc": "In\u00e9dit.", "start_date": "2026-09-01T17:45:00+00:00", "title": "Arte journal"}, {"desc": "In\u00e9dit. 28 minutes samedi apporte un \u00e9clairage tout particulier \u00e0 l'actualit\u00e9 soci\u00e9tale et internationale de la semaine \u00e9coul\u00e9e. Renaud D\u00e9ly invite chaque semaine une personnalit\u00e9 connue et reconnue dans son domaine. \u00c0 ses c\u00f4t\u00e9s tout au long de l'\u00e9mission, elle r\u00e9agira aux d\u00e9bats et autres s\u00e9quences de ce rendez-vous hebdomadaire.", "start_date": "2026-09-01T18:05:00+00:00", "title": "28 minutes"}, {"desc": "In\u00e9dit. Du lundi au jeudi, Le dessous des cartes - L'essentiel met son expertise g\u00e9opolitique au service d'un d\u00e9cryptage, en quatre minutes, des grands \u00e9v\u00e9nements qui secouent le monde contemporain.", "start_date": "2026-09-01T18:50:00+00:00", "title": "Le dessous des cartes : l'essentiel"}, {"desc": "Des ruines de l'empire romain \u00e0 l'agriculture industrielle en passant par l'oppression f\u00e9odale, le paysan semble avoir presque toujours subi les pouvoirs en place. Apr\u00e8s \"Le temps des ouvriers\", Stan Neumann retrace en quatre volets l'histoire longue d'une cat\u00e9gorie m\u00e9pris\u00e9e et exploit\u00e9e.", "start_date": "2026-09-01T18:55:00+00:00", "title": "Le temps des paysans"}, {"desc": "Des ruines de l'empire romain \u00e0 l'agriculture industrielle en passant par l'oppression f\u00e9odale, le paysan semble avoir presque toujours subi les pouvoirs en place. Apr\u00e8s \"Le temps des ouvriers\", Stan Neumann retrace en quatre volets l'histoire longue d'une cat\u00e9gorie m\u00e9pris\u00e9e et exploit\u00e9e.", "start_date": "2026-09-01T19:50:00+00:00", "title": "Le temps des paysans"}, {"desc": "Des ruines de l'empire romain \u00e0 l'agriculture industrielle en passant par l'oppression f\u00e9odale, le paysan semble avoir presque toujours subi les pouvoirs en place. Apr\u00e8s \"Le temps des ouvriers\", Stan Neumann retrace en quatre volets l'histoire longue d'une cat\u00e9gorie m\u00e9pris\u00e9e et exploit\u00e9e.", "start_date": "2026-09-01T20:50:00+00:00", "title": "Le temps des paysans"}, {"desc": "Des ruines de l'empire romain \u00e0 l'agriculture industrielle en passant par l'oppression f\u00e9odale, le paysan semble avoir presque toujours subi les pouvoirs en place. Apr\u00e8s \"Le temps des ouvriers\", Stan Neumann retrace en quatre volets l'histoire longue d'une cat\u00e9gorie m\u00e9pris\u00e9e et exploit\u00e9e.", "start_date": "2026-09-01T21:40:00+00:00", "title": "Le temps des paysans"}, {"desc": "In\u00e9dit. \u00c0 l'\u00e9t\u00e9 1900, le soul\u00e8vement des Boxeurs, oppos\u00e9 \u00e0 l'influence \u00e9trang\u00e8re, embrase le nord de la Chine, provoquant l'intervention d'une coalition de huit puissances, dont la France et l'Allemagne. Tournant majeur de l'histoire du pays longtemps oubli\u00e9 en Europe, ce conflit colonial d'une extr\u00eame violence continue de marquer ses relations avec le monde occidental.", "start_date": "2026-09-01T22:40:00+00:00", "title": "La guerre des Boxeurs : la fin de l'Empire chinois"}, {"desc": "Mao Zedong na\u00eet en 1893 dans une Chine rurale en proie \u00e0 l'instabilit\u00e9 politique et aux bouleversements sociaux. Apr\u00e8s la r\u00e9volution de 1911, qui pr\u00e9cipite la chute de l'Empire, le pays est domin\u00e9 par des puissances imp\u00e9rialistes. Le jeune Mao, dont la conscience politique s'\u00e9veille, r\u00eave alors de voir la Chine renouer avec sa grandeur pass\u00e9e. Marqu\u00e9 par la r\u00e9volution russe d'octobre 1917 et ralli", "start_date": "2026-09-01T23:35:00+00:00", "title": "Mao, l'empereur rouge"}, {"desc": "Apr\u00e8s la proclamation de la R\u00e9publique populaire de Chine, l'heure est \u00e0 la r\u00e9organisation du pays. Environ un million de nationalistes se r\u00e9fugient sur l'\u00eele de Ta\u00efwan, en qu\u00eate d'ind\u00e9pendance - un conflit auquel le pr\u00e9sident Xi Jinping ambitionne aujourd'hui de mettre un terme, en s'inspirant du r\u00eave d'unification de Mao. En 1950, la guerre de Cor\u00e9e constitue pour le leader chinois une premi\u00e8re ", "start_date": "2026-09-02T00:25:00+00:00", "title": "Mao, l'empereur rouge"}, {"desc": "Apr\u00e8s le d\u00e9sastre du \"Grand Bond en avant\", Mao, menac\u00e9 par une opposition interne au sein du Parti, se retire dans sa villa. Mais le leader va s'appuyer sur la jeunesse et les \u00e9tudiants - ses \"gardes rouges\", qui traquent inlassablement dans la rue les contre-r\u00e9volutionnaires, pour mettre en \u0153uvre sa redoutable \"r\u00e9volution culturelle\". Entre humiliations et destructions, la Chine plonge dans un c", "start_date": "2026-09-02T01:20:00+00:00", "title": "Mao, l'empereur rouge"}, {"desc": "Le Land de Saxe-Anhalt avant les \u00e9lections r\u00e9gionales : Max, 17 ans, se bat pour une soci\u00e9t\u00e9 ouverte ; Hannes, \u00e9tudiant en droit, documente le virage politique \u00e0 droite de sa r\u00e9gion natale tandis qu'Alexandra, esth\u00e9ticienne, mesure chaque jour la fracture politique au sein de sa client\u00e8le. Portrait de trois jeunes \u00e0 l'approche d'un scrutin suivi de pr\u00e8s par tout le pays.", "start_date": "2026-09-02T02:15:00+00:00", "title": "De jeunes Allemands engag\u00e9s pour la d\u00e9mocratie"}, {"desc": "Les animaux d'Athleticus utilisent leur personnalit\u00e9 et leur anatomie pour participer aux courses.", "start_date": "2026-09-02T02:47:00+00:00", "title": "Athleticus"}, {"desc": "Nos programmes se terminent pour cette journ\u00e9e, en attendant ceux de demain.", "start_date": "2026-09-02T02:49:00+00:00", "title": "Pause"}, {"desc": "Si les nouveaux modes de construction \u00e0 base de bois, de bambou ou de myc\u00e9lium font flor\u00e8s, certains vont plus loin en s'inspirant directement de structures organiques. Au nord-est de l'Inde, dans l'\u00c9tat du Meghalaya, le peuple khasi construit depuis des si\u00e8cles des \"ponts vivants\", dont l'ossature est uniquement constitu\u00e9e de racines a\u00e9riennes de figuiers \u00e0 caoutchouc. Ces ouvrages ne sont pratic", "start_date": "2026-09-02T03:15:00+00:00", "title": "Mat\u00e9riaux d'hier et de demain"}, {"desc": "Du bord du lac de Constance, dans le sud-ouest de l'Allemagne, aux rives du K\u00f6nigssee, dans l'extr\u00eame sud-est du pays, cap sur les Alpes bavaroises pour un p\u00e9riple de pr\u00e8s de 500 kilom\u00e8tres \u00e0 travers les massifs montagneux. Jalonn\u00e9e de parcs nationaux et de ch\u00e2teaux majestueux, la route allie d\u00e9lices gastronomiques, aventures alpines et d\u00e9couvertes culturelles.", "start_date": "2026-09-02T04:10:00+00:00", "title": "Sur le chemin des Alpes bavaroises : Une f\u00e9erie de lacs et de ch\u00e2teaux"}, {"desc": "Les marais du Cotentin, qui s'\u00e9tendent sur 30 000 hectares, constituent un refuge pour les oiseaux migrateurs et un r\u00e9servoir de diversit\u00e9 biologique.", "start_date": "2026-09-02T04:55:00+00:00", "title": "Cotentin, des marais entre terre et mer"}, {"desc": "La coquille Saint-Jacques est l'un des embl\u00e8mes de la r\u00e9gion de Honfleur. Le chef Julien Lefebvre n'h\u00e9site pas \u00e0 la mettre en avant et l'allie au Livarot.", "start_date": "2026-09-02T05:50:00+00:00", "title": "Voyage en cuisine"}, {"desc": "Gary Shteyngart \u00e0 New York - Kenya, l'\u00eele de Pate se r\u00eave un pass\u00e9 chinois - Pays de Galles, la maladie de la fourchette.", "start_date": "2026-09-02T06:20:00+00:00", "title": "Invitation au voyage"}, {"desc": "Linda Lorin nous emm\u00e8ne \u00e0 la d\u00e9couverte de notre patrimoine artistique, culturel et naturel. \u00c0 N\u00eemes, la palette color\u00e9e de Claude Viallat - Les s\u00e9quoias, g\u00e9ants de Californie - Au S\u00e9n\u00e9gal, le riz rouge aux boulettes de poisson de Ndeye - \u00c0 Berlin, une physicienne visionnaire.", "start_date": "2026-09-02T07:05:00+00:00", "title": "Invitation au voyage"}, {"desc": "Usage de plantes m\u00e9dicinales ou de psychotropes, gestion de la reproduction : les animaux sauvages font preuve de comp\u00e9tences m\u00e9dicales. Instinct ou apprentissage social ?", "start_date": "2026-09-02T07:55:00+00:00", "title": "Les animaux gu\u00e9risseurs"}, {"desc": "Pour assurer et optimiser leur reproduction, les abeilles \u00e0 orchid\u00e9es ou les \u00e9l\u00e9phantes ont recours \u00e0 des strat\u00e9gies extr\u00eamement cr\u00e9atives, puis\u00e9es dans la nature.", "start_date": "2026-09-02T08:40:00+00:00", "title": "Les animaux gu\u00e9risseurs"}, {"desc": "Que ce soit pour se soigner, soulager le stress ou simplement en \u00e9prouver l'ivresse, les animaux ne rechignent pas \u00e0 consommer les substances psychotropes qu'offre la nature.", "start_date": "2026-09-02T09:25:00+00:00", "title": "Les animaux gu\u00e9risseurs"}, {"desc": "Pour g\u00e9rer les tensions, les macaques du Japon se baignent dans des sources chaudes, les \u00e9l\u00e9phants s'octroient des pauses pour barboter, et les reptiles, des bains de soleil.", "start_date": "2026-09-02T10:10:00+00:00", "title": "Les animaux gu\u00e9risseurs"}, {"desc": "In\u00e9dit. En France, de plus en plus d'adultes revendiquent une vie sans enfant. Yasmine, Lou et Chlo\u00e9 assument ce choix malgr\u00e9 les injonctions sociales. Entre qu\u00eate de libert\u00e9, inqui\u00e9tudes pour l'avenir et combat pour faire respecter leur d\u00e9cision, ce reportage donne \u00e0 voir des parcours encore souvent incompris.", "start_date": "2026-09-02T11:00:00+00:00", "title": "France : g\u00e9n\u00e9ration \"no kids\""}, {"desc": "Au volant de son poids lourd, Jean Chape, chauffeur routier auvergnat, sillonne les routes de France. Un matin, il voit un homme tomber de la voiture qui le pr\u00e9c\u00e8de. Jean, qui n'a pas le temps de freiner, le heurte. Il est boulevers\u00e9 \u00e0 l'id\u00e9e d'avoir tu\u00e9 le malheureux. Sur les conseils de son amie Alice, institutrice dans la r\u00e9gion parisienne, il pr\u00e9vient la police. Au cours de l'enqu\u00eate, les insp", "start_date": "2026-09-02T11:35:00+00:00", "title": "Gas-oil"}, {"desc": "A peine parti de Madagascar, le Nomade des mers subit une nouvelle avarie. Dans une nuit noire sans lune, un coup de vent a brutalement cass\u00e9 le m\u00e2t. Heureusement, le bateau approche des Seychelles et met le cap sur la capitale, Victoria. Mais \u00e0 l'arriv\u00e9e, une autre d\u00e9convenue attend Corentin et son \u00e9quipage. Loin d'\u00eatre d\u00e9courag\u00e9s, les marins reprennent espoir et partent \u00e0 la rencontre de ceux qu", "start_date": "2026-09-02T13:25:00+00:00", "title": "Nomade des mers, les escales de l'innovation"}, {"desc": "In\u00e9dit. Sur les rivages de Bretagne, le long de ses c\u00f4tes de granit, un huis clos aquatique se r\u00e9p\u00e8te \u00e0 chaque mar\u00e9e basse. Sur l'estran m\u00e9lancolique, les flaques d'eau sal\u00e9e se transforment en ar\u00e8nes \u00e9ph\u00e9m\u00e8res miniatures, o\u00f9 habitants r\u00e9guliers et visiteurs pi\u00e9g\u00e9s tentent de survivre.", "start_date": "2026-09-02T13:50:00+00:00", "title": "Pi\u00e8ge \u00e0 mar\u00e9e basse"}, {"desc": "In\u00e9dit. Apr\u00e8s six heures pi\u00e9g\u00e9es dans la mare r\u00e9siduelle, beaucoup de cr\u00e9atures touchent le fond. L'ing\u00e9niosit\u00e9 devient la cl\u00e9 de la survie, entre synchronisation des chasses, accouplements et naissances adapt\u00e9s au rythme changeant des courants.", "start_date": "2026-09-02T14:35:00+00:00", "title": "Pi\u00e8ge \u00e0 mar\u00e9e basse"}, {"desc": "In\u00e9dit. Linda Lorin nous emm\u00e8ne \u00e0 la d\u00e9couverte de notre patrimoine artistique, culturel et naturel. \u00d6zge Samanci met en bulles son enfance turque - Se loger \u00e0 Madrid, une qu\u00eate cin\u00e9matographique - Au Panama, le poisson frit de Manuel - Aux \u00c9tats-Unis, le roi noir du ring.", "start_date": "2026-09-02T15:20:00+00:00", "title": "Invitation au voyage"}, {"desc": "Argentine, les portraits sublim\u00e9s d'Annemarie Heinrich - Les bistrots, le Paris populaire sur le zinc - Togo, l'appel du froid.", "start_date": "2026-09-02T16:10:00+00:00", "title": "Invitation au voyage"}, {"desc": "In\u00e9dit. Les grandes plaines canadiennes sont truff\u00e9es de lacs et de rivi\u00e8res. La cheffe Karine Beauchamp met en avant la richesse des produits de qualit\u00e9 qui s'y trouvent.", "start_date": "2026-09-02T16:55:00+00:00", "title": "Voyage en cuisine"}, {"desc": "Film\u00e9e par drone dans une favela de Rio, une touriste avance dans un d\u00e9cor jonch\u00e9 de t\u00f4les et de b\u00e9ton. Ces vid\u00e9os virales, pens\u00e9es pour les plateformes, relancent le d\u00e9bat sur le tourisme dans les favelas : entre spectacle de la mis\u00e8re et reflet d'une triste r\u00e9alit\u00e9 sociale.", "start_date": "2026-09-02T17:30:00+00:00", "title": "Le dessous des images"}, {"desc": "In\u00e9dit.", "start_date": "2026-09-02T17:45:00+00:00", "title": "Arte journal"}, {"desc": "In\u00e9dit. 28 minutes samedi apporte un \u00e9clairage tout particulier \u00e0 l'actualit\u00e9 soci\u00e9tale et internationale de la semaine \u00e9coul\u00e9e. Renaud D\u00e9ly invite chaque semaine une personnalit\u00e9 connue et reconnue dans son domaine. \u00c0 ses c\u00f4t\u00e9s tout au long de l'\u00e9mission, elle r\u00e9agira aux d\u00e9bats et autres s\u00e9quences de ce rendez-vous hebdomadaire.", "start_date": "2026-09-02T18:05:00+00:00", "title": "28 minutes"}, {"desc": "In\u00e9dit. Du lundi au jeudi, Le dessous des cartes - L'essentiel met son expertise g\u00e9opolitique au service d'un d\u00e9cryptage, en quatre minutes, des grands \u00e9v\u00e9nements qui secouent le monde contemporain.", "start_date": "2026-09-02T18:50:00+00:00", "title": "Le dessous des cartes : l'essentiel"}, {"desc": "In\u00e9dit. Souleymane, un jeune sans-papiers de 20 ans originaire de Guin\u00e9e, travaille ill\u00e9galement pour une plateforme de livraison de repas. Tandis qu'il p\u00e9dale dans les rues bond\u00e9es de Paris pour livrer des commandes, il r\u00e9p\u00e8te inlassablement son histoire, ou plut\u00f4t celle, fabriqu\u00e9e, qui sera susceptible de convenir \u00e0 l'administration. Dans deux jours, en effet, il doit passer \u00e0 l'OFPRA son entret", "start_date": "2026-09-02T19:00:00+00:00", "title": "L'histoire de Souleymane"}, {"desc": "Lena Schneider, 19 ans, part en vacances en Tha\u00eflande avec sa m\u00e8re, Doris. Bien qu'il s'agisse d'une destination de r\u00eave, elle est loin d'\u00eatre ravie. Le voyage se r\u00e9v\u00e8le catastrophique. Leur avion doit effectuer un amerrissage en catastrophe au milieu de l'oc\u00e9an Indien. Alors que sa m\u00e8re est sauv\u00e9e directement, Lena se retrouve sur une \u00eele d\u00e9serte. Y trouvent \u00e9galement refuge Cem \u00d6zt\u00fcrk et sa soeu", "start_date": "2026-09-02T20:30:00+00:00", "title": "Family Mix"}, {"desc": "In\u00e9dit. Trois courts m\u00e9trages, trois d\u00e9sillusions amoureuses : \"Dernier printemps\" de Mathilde Bedouet, \"Mon sucre d'amour\" de C\u00e9leste Fournet et \"Malo fait du v\u00e9lo\" de Yannick M\u00fcller - Tran Anh Hung revient sur ses premiers courts m\u00e9trages.", "start_date": "2026-09-02T22:15:00+00:00", "title": "Court-circuit"}, {"desc": "La R\u00e9publique f\u00e9d\u00e9rale allemande fait appel \u00e0 l'immigration turque d\u00e8s 1955, mais c'est seulement \u00e0 partir de 1961, avec la signature d'un accord de recrutement bipartite, que celle-ci devient massive. Parmi ces Gastarbeiter (\"ouvriers invit\u00e9s\") assign\u00e9s \u00e0 des conditions de vie difficiles malgr\u00e9 leur contribution importante au miracle \u00e9conomique, de nombreux asik, des po\u00e8tes chanteurs, vont avec l", "start_date": "2026-09-02T23:15:00+00:00", "title": "Chants des travailleurs immigr\u00e9s : L'amour, le Deutsche Mark et la mort"}], "offset": "+00:00", "timezone": "UTC", "error_code": -1, "start_date": "2026-09-01", "icon": ""}