{"end_date": "2026-09-03", "name": "Arte ", "info_url": "https://epg.pw/channels/549025/20260902.html", "country": "France", "description": null, "error_message": "", "provider": "", "source_url": "https://epg.pw/api/epg.json?channel_id=549025&date=20260902&timezone=None", "epg_list": [{"desc": "Apr\u00e8s la proclamation de la R\u00e9publique populaire de Chine, l'heure est \u00e0 la r\u00e9organisation du pays. Environ un million de nationalistes se r\u00e9fugient sur l'\u00eele de Ta\u00efwan, en qu\u00eate d'ind\u00e9pendance - un conflit auquel le pr\u00e9sident Xi Jinping ambitionne aujourd'hui de mettre un terme, en s'inspirant du r\u00eave d'unification de Mao. En 1950, la guerre de Cor\u00e9e constitue pour le leader chinois une premi\u00e8re ", "start_date": "2026-09-02T00:25:00+00:00", "title": "Mao, l'empereur rouge"}, {"desc": "Apr\u00e8s le d\u00e9sastre du \"Grand Bond en avant\", Mao, menac\u00e9 par une opposition interne au sein du Parti, se retire dans sa villa. Mais le leader va s'appuyer sur la jeunesse et les \u00e9tudiants - ses \"gardes rouges\", qui traquent inlassablement dans la rue les contre-r\u00e9volutionnaires, pour mettre en \u0153uvre sa redoutable \"r\u00e9volution culturelle\". Entre humiliations et destructions, la Chine plonge dans un c", "start_date": "2026-09-02T01:20:00+00:00", "title": "Mao, l'empereur rouge"}, {"desc": "Le Land de Saxe-Anhalt avant les \u00e9lections r\u00e9gionales : Max, 17 ans, se bat pour une soci\u00e9t\u00e9 ouverte ; Hannes, \u00e9tudiant en droit, documente le virage politique \u00e0 droite de sa r\u00e9gion natale tandis qu'Alexandra, esth\u00e9ticienne, mesure chaque jour la fracture politique au sein de sa client\u00e8le. Portrait de trois jeunes \u00e0 l'approche d'un scrutin suivi de pr\u00e8s par tout le pays.", "start_date": "2026-09-02T02:15:00+00:00", "title": "De jeunes Allemands engag\u00e9s pour la d\u00e9mocratie"}, {"desc": "Les animaux d'Athleticus utilisent leur personnalit\u00e9 et leur anatomie pour participer aux courses.", "start_date": "2026-09-02T02:47:00+00:00", "title": "Athleticus"}, {"desc": "Nos programmes se terminent pour cette journ\u00e9e, en attendant ceux de demain.", "start_date": "2026-09-02T02:49:00+00:00", "title": "Pause"}, {"desc": "Si les nouveaux modes de construction \u00e0 base de bois, de bambou ou de myc\u00e9lium font flor\u00e8s, certains vont plus loin en s'inspirant directement de structures organiques. Au nord-est de l'Inde, dans l'\u00c9tat du Meghalaya, le peuple khasi construit depuis des si\u00e8cles des \"ponts vivants\", dont l'ossature est uniquement constitu\u00e9e de racines a\u00e9riennes de figuiers \u00e0 caoutchouc. Ces ouvrages ne sont pratic", "start_date": "2026-09-02T03:15:00+00:00", "title": "Mat\u00e9riaux d'hier et de demain"}, {"desc": "Du bord du lac de Constance, dans le sud-ouest de l'Allemagne, aux rives du K\u00f6nigssee, dans l'extr\u00eame sud-est du pays, cap sur les Alpes bavaroises pour un p\u00e9riple de pr\u00e8s de 500 kilom\u00e8tres \u00e0 travers les massifs montagneux. Jalonn\u00e9e de parcs nationaux et de ch\u00e2teaux majestueux, la route allie d\u00e9lices gastronomiques, aventures alpines et d\u00e9couvertes culturelles.", "start_date": "2026-09-02T04:10:00+00:00", "title": "Sur le chemin des Alpes bavaroises : Une f\u00e9erie de lacs et de ch\u00e2teaux"}, {"desc": "Les marais du Cotentin, qui s'\u00e9tendent sur 30 000 hectares, constituent un refuge pour les oiseaux migrateurs et un r\u00e9servoir de diversit\u00e9 biologique.", "start_date": "2026-09-02T04:55:00+00:00", "title": "Cotentin, des marais entre terre et mer"}, {"desc": "La coquille Saint-Jacques est l'un des embl\u00e8mes de la r\u00e9gion de Honfleur. Le chef Julien Lefebvre n'h\u00e9site pas \u00e0 la mettre en avant et l'allie au Livarot.", "start_date": "2026-09-02T05:50:00+00:00", "title": "Voyage en cuisine"}, {"desc": "Gary Shteyngart \u00e0 New York - Kenya, l'\u00eele de Pate se r\u00eave un pass\u00e9 chinois - Pays de Galles, la maladie de la fourchette.", "start_date": "2026-09-02T06:20:00+00:00", "title": "Invitation au voyage"}, {"desc": "Linda Lorin nous emm\u00e8ne \u00e0 la d\u00e9couverte de notre patrimoine artistique, culturel et naturel. \u00c0 N\u00eemes, la palette color\u00e9e de Claude Viallat - Les s\u00e9quoias, g\u00e9ants de Californie - Au S\u00e9n\u00e9gal, le riz rouge aux boulettes de poisson de Ndeye - \u00c0 Berlin, une physicienne visionnaire.", "start_date": "2026-09-02T07:05:00+00:00", "title": "Invitation au voyage"}, {"desc": "Usage de plantes m\u00e9dicinales ou de psychotropes, gestion de la reproduction : les animaux sauvages font preuve de comp\u00e9tences m\u00e9dicales. Instinct ou apprentissage social ?", "start_date": "2026-09-02T07:55:00+00:00", "title": "Les animaux gu\u00e9risseurs"}, {"desc": "Pour assurer et optimiser leur reproduction, les abeilles \u00e0 orchid\u00e9es ou les \u00e9l\u00e9phantes ont recours \u00e0 des strat\u00e9gies extr\u00eamement cr\u00e9atives, puis\u00e9es dans la nature.", "start_date": "2026-09-02T08:40:00+00:00", "title": "Les animaux gu\u00e9risseurs"}, {"desc": "Que ce soit pour se soigner, soulager le stress ou simplement en \u00e9prouver l'ivresse, les animaux ne rechignent pas \u00e0 consommer les substances psychotropes qu'offre la nature.", "start_date": "2026-09-02T09:25:00+00:00", "title": "Les animaux gu\u00e9risseurs"}, {"desc": "Pour g\u00e9rer les tensions, les macaques du Japon se baignent dans des sources chaudes, les \u00e9l\u00e9phants s'octroient des pauses pour barboter, et les reptiles, des bains de soleil.", "start_date": "2026-09-02T10:10:00+00:00", "title": "Les animaux gu\u00e9risseurs"}, {"desc": "In\u00e9dit. En France, de plus en plus d'adultes revendiquent une vie sans enfant. Yasmine, Lou et Chlo\u00e9 assument ce choix malgr\u00e9 les injonctions sociales. Entre qu\u00eate de libert\u00e9, inqui\u00e9tudes pour l'avenir et combat pour faire respecter leur d\u00e9cision, ce reportage donne \u00e0 voir des parcours encore souvent incompris.", "start_date": "2026-09-02T11:00:00+00:00", "title": "France : g\u00e9n\u00e9ration \"no kids\""}, {"desc": "Au volant de son poids lourd, Jean Chape, chauffeur routier auvergnat, sillonne les routes de France. Un matin, il voit un homme tomber de la voiture qui le pr\u00e9c\u00e8de. Jean, qui n'a pas le temps de freiner, le heurte. Il est boulevers\u00e9 \u00e0 l'id\u00e9e d'avoir tu\u00e9 le malheureux. Sur les conseils de son amie Alice, institutrice dans la r\u00e9gion parisienne, il pr\u00e9vient la police. Au cours de l'enqu\u00eate, les insp", "start_date": "2026-09-02T11:35:00+00:00", "title": "Gas-oil"}, {"desc": "A peine parti de Madagascar, le Nomade des mers subit une nouvelle avarie. Dans une nuit noire sans lune, un coup de vent a brutalement cass\u00e9 le m\u00e2t. Heureusement, le bateau approche des Seychelles et met le cap sur la capitale, Victoria. Mais \u00e0 l'arriv\u00e9e, une autre d\u00e9convenue attend Corentin et son \u00e9quipage. Loin d'\u00eatre d\u00e9courag\u00e9s, les marins reprennent espoir et partent \u00e0 la rencontre de ceux qu", "start_date": "2026-09-02T13:25:00+00:00", "title": "Nomade des mers, les escales de l'innovation"}, {"desc": "In\u00e9dit. Sur les rivages de Bretagne, le long de ses c\u00f4tes de granit, un huis clos aquatique se r\u00e9p\u00e8te \u00e0 chaque mar\u00e9e basse. Sur l'estran m\u00e9lancolique, les flaques d'eau sal\u00e9e se transforment en ar\u00e8nes \u00e9ph\u00e9m\u00e8res miniatures, o\u00f9 habitants r\u00e9guliers et visiteurs pi\u00e9g\u00e9s tentent de survivre.", "start_date": "2026-09-02T13:50:00+00:00", "title": "Pi\u00e8ge \u00e0 mar\u00e9e basse"}, {"desc": "In\u00e9dit. Apr\u00e8s six heures pi\u00e9g\u00e9es dans la mare r\u00e9siduelle, beaucoup de cr\u00e9atures touchent le fond. L'ing\u00e9niosit\u00e9 devient la cl\u00e9 de la survie, entre synchronisation des chasses, accouplements et naissances adapt\u00e9s au rythme changeant des courants.", "start_date": "2026-09-02T14:35:00+00:00", "title": "Pi\u00e8ge \u00e0 mar\u00e9e basse"}, {"desc": "In\u00e9dit. Linda Lorin nous emm\u00e8ne \u00e0 la d\u00e9couverte de notre patrimoine artistique, culturel et naturel. \u00d6zge Samanci met en bulles son enfance turque - Se loger \u00e0 Madrid, une qu\u00eate cin\u00e9matographique - Au Panama, le poisson frit de Manuel - Aux \u00c9tats-Unis, le roi noir du ring.", "start_date": "2026-09-02T15:20:00+00:00", "title": "Invitation au voyage"}, {"desc": "Argentine, les portraits sublim\u00e9s d'Annemarie Heinrich - Les bistrots, le Paris populaire sur le zinc - Togo, l'appel du froid.", "start_date": "2026-09-02T16:10:00+00:00", "title": "Invitation au voyage"}, {"desc": "In\u00e9dit. Les grandes plaines canadiennes sont truff\u00e9es de lacs et de rivi\u00e8res. La cheffe Karine Beauchamp met en avant la richesse des produits de qualit\u00e9 qui s'y trouvent.", "start_date": "2026-09-02T16:55:00+00:00", "title": "Voyage en cuisine"}, {"desc": "Film\u00e9e par drone dans une favela de Rio, une touriste avance dans un d\u00e9cor jonch\u00e9 de t\u00f4les et de b\u00e9ton. Ces vid\u00e9os virales, pens\u00e9es pour les plateformes, relancent le d\u00e9bat sur le tourisme dans les favelas : entre spectacle de la mis\u00e8re et reflet d'une triste r\u00e9alit\u00e9 sociale.", "start_date": "2026-09-02T17:30:00+00:00", "title": "Le dessous des images"}, {"desc": "In\u00e9dit.", "start_date": "2026-09-02T17:45:00+00:00", "title": "Arte journal"}, {"desc": "In\u00e9dit. 28 minutes samedi apporte un \u00e9clairage tout particulier \u00e0 l'actualit\u00e9 soci\u00e9tale et internationale de la semaine \u00e9coul\u00e9e. Renaud D\u00e9ly invite chaque semaine une personnalit\u00e9 connue et reconnue dans son domaine. \u00c0 ses c\u00f4t\u00e9s tout au long de l'\u00e9mission, elle r\u00e9agira aux d\u00e9bats et autres s\u00e9quences de ce rendez-vous hebdomadaire.", "start_date": "2026-09-02T18:05:00+00:00", "title": "28 minutes"}, {"desc": "In\u00e9dit. Du lundi au jeudi, Le dessous des cartes - L'essentiel met son expertise g\u00e9opolitique au service d'un d\u00e9cryptage, en quatre minutes, des grands \u00e9v\u00e9nements qui secouent le monde contemporain.", "start_date": "2026-09-02T18:50:00+00:00", "title": "Le dessous des cartes : l'essentiel"}, {"desc": "In\u00e9dit. Souleymane, un jeune sans-papiers de 20 ans originaire de Guin\u00e9e, travaille ill\u00e9galement pour une plateforme de livraison de repas. Tandis qu'il p\u00e9dale dans les rues bond\u00e9es de Paris pour livrer des commandes, il r\u00e9p\u00e8te inlassablement son histoire, ou plut\u00f4t celle, fabriqu\u00e9e, qui sera susceptible de convenir \u00e0 l'administration. Dans deux jours, en effet, il doit passer \u00e0 l'OFPRA son entret", "start_date": "2026-09-02T19:00:00+00:00", "title": "L'histoire de Souleymane"}, {"desc": "Lena Schneider, 19 ans, part en vacances en Tha\u00eflande avec sa m\u00e8re, Doris. Bien qu'il s'agisse d'une destination de r\u00eave, elle est loin d'\u00eatre ravie. Le voyage se r\u00e9v\u00e8le catastrophique. Leur avion doit effectuer un amerrissage en catastrophe au milieu de l'oc\u00e9an Indien. Alors que sa m\u00e8re est sauv\u00e9e directement, Lena se retrouve sur une \u00eele d\u00e9serte. Y trouvent \u00e9galement refuge Cem \u00d6zt\u00fcrk et sa soeu", "start_date": "2026-09-02T20:30:00+00:00", "title": "Family Mix"}, {"desc": "In\u00e9dit. Trois courts m\u00e9trages, trois d\u00e9sillusions amoureuses : \"Dernier printemps\" de Mathilde Bedouet, \"Mon sucre d'amour\" de C\u00e9leste Fournet et \"Malo fait du v\u00e9lo\" de Yannick M\u00fcller - Tran Anh Hung revient sur ses premiers courts m\u00e9trages.", "start_date": "2026-09-02T22:15:00+00:00", "title": "Court-circuit"}, {"desc": "La R\u00e9publique f\u00e9d\u00e9rale allemande fait appel \u00e0 l'immigration turque d\u00e8s 1955, mais c'est seulement \u00e0 partir de 1961, avec la signature d'un accord de recrutement bipartite, que celle-ci devient massive. Parmi ces Gastarbeiter (\"ouvriers invit\u00e9s\") assign\u00e9s \u00e0 des conditions de vie difficiles malgr\u00e9 leur contribution importante au miracle \u00e9conomique, de nombreux asik, des po\u00e8tes chanteurs, vont avec l", "start_date": "2026-09-02T23:15:00+00:00", "title": "Chants des travailleurs immigr\u00e9s : L'amour, le Deutsche Mark et la mort"}, {"desc": "Les Hoffmann ont tout d'une famille soud\u00e9e. M\u00e9decin \u00e0 la retraite et veuf, Rainer a laiss\u00e9 dix ans auparavant la maison qu'il occupait \u00e0 la famille de son fils Andreas, pour s'installer dans la petite d\u00e9pendance o\u00f9 il recevait ses patients. Alors qu'Andreas et sa femme Bibi ont lanc\u00e9 les invitations pour c\u00e9l\u00e9brer le 80e anniversaire du patriarche, Rainer met brutalement fin \u00e0 ses jours. Le drame f", "start_date": "2026-09-03T00:50:00+00:00", "title": "Tir crois\u00e9"}, {"desc": "Les animaux d'Athleticus utilisent leur personnalit\u00e9 et leur anatomie pour participer aux courses.", "start_date": "2026-09-03T02:21:00+00:00", "title": "Athleticus"}, {"desc": "Nos programmes se terminent pour cette journ\u00e9e, en attendant ceux de demain.", "start_date": "2026-09-03T02:23:00+00:00", "title": "Pause"}, {"desc": "Fille de Fran\u00e7ois II de Habsbourg-Lorraine, premier empereur d'Autriche, Marie L\u00e9opoldine embarque pour le Br\u00e9sil apr\u00e8s une enfance pass\u00e9e \u00e0 la cour de Vienne. Elle doit y \u00e9pouser Pierre de Bragance, fils a\u00een\u00e9 du roi du Portugal, r\u00e9fugi\u00e9 avec sa famille en Am\u00e9rique du Sud depuis l'invasion de Napol\u00e9on. Riche en ressources naturelles, le Br\u00e9sil se hisse, en cette aube du XIXe si\u00e8cle, au rang de pui", "start_date": "2026-09-03T03:25:00+00:00", "title": "La naissance du Br\u00e9sil moderne"}, {"desc": "En 962 \u00e0 Rome, le pape couronne Otton le Grand, consid\u00e9r\u00e9 comme le fondateur du Saint Empire romain germanique. Apr\u00e8s deux si\u00e8cles d'expansion, ce sacre signe l'apog\u00e9e de la civilisation saxonne, magnifi\u00e9e par les l\u00e9gendes mais dont les origines historiques restent floues. Qui \u00e9taient ces grands rivaux des Francs qui finiront, sous les coups de boutoir des arm\u00e9es de Charlemagne, par se convertir e", "start_date": "2026-09-03T04:15:00+00:00", "title": "Les Saxons, grands rivaux des Francs"}, {"desc": "Les grandes plaines canadiennes sont truff\u00e9es de lacs et de rivi\u00e8res. La cheffe Karine Beauchamp met en avant la richesse des produits de qualit\u00e9 qui s'y trouvent.", "start_date": "2026-09-03T05:50:00+00:00", "title": "Voyage en cuisine"}, {"desc": "Argentine, les portraits sublim\u00e9s d'Annemarie Heinrich - Les bistrots, le Paris populaire sur le zinc - Togo, l'appel du froid.", "start_date": "2026-09-03T06:20:00+00:00", "title": "Invitation au voyage"}, {"desc": "Linda Lorin nous emm\u00e8ne \u00e0 la d\u00e9couverte de notre patrimoine artistique, culturel et naturel. \u00d6zge Samanci met en bulles son enfance turque - Se loger \u00e0 Madrid, une qu\u00eate cin\u00e9matographique - Au Panama, le poisson frit de Manuel - Aux \u00c9tats-Unis, le roi noir du ring.", "start_date": "2026-09-03T07:05:00+00:00", "title": "Invitation au voyage"}, {"desc": "Depuis trois d\u00e9cennies, des d\u00e9fenseurs de l'environnement et des scientifiques se mobilisent aux c\u00f4t\u00e9s des communaut\u00e9s locales pour favoriser le retour de la vie sauvage dans les Rocheuses. Bisons, grizzlis, caribous et loups racontent l'histoire de cette reconqu\u00eate.", "start_date": "2026-09-03T07:55:00+00:00", "title": "A la reconqu\u00eate des Rocheuses"}, {"desc": "Depuis trois d\u00e9cennies, des d\u00e9fenseurs de l'environnement et des scientifiques se mobilisent aux c\u00f4t\u00e9s des communaut\u00e9s locales pour favoriser le retour de la vie sauvage dans les Rocheuses. Bisons, grizzlis, caribous et loups racontent l'histoire de cette reconqu\u00eate.", "start_date": "2026-09-03T08:40:00+00:00", "title": "A la reconqu\u00eate des Rocheuses"}, {"desc": "Depuis trois d\u00e9cennies, des d\u00e9fenseurs de l'environnement et des scientifiques se mobilisent aux c\u00f4t\u00e9s des communaut\u00e9s locales pour favoriser le retour de la vie sauvage dans les Rocheuses. Bisons, grizzlis, caribous et loups racontent l'histoire de cette reconqu\u00eate.", "start_date": "2026-09-03T09:25:00+00:00", "title": "A la reconqu\u00eate des Rocheuses"}, {"desc": "Depuis trois d\u00e9cennies, des d\u00e9fenseurs de l'environnement et des scientifiques se mobilisent aux c\u00f4t\u00e9s des communaut\u00e9s locales pour favoriser le retour de la vie sauvage dans les Rocheuses. Bisons, grizzlis, caribous et loups racontent l'histoire de cette reconqu\u00eate.", "start_date": "2026-09-03T10:10:00+00:00", "title": "A la reconqu\u00eate des Rocheuses"}, {"desc": "In\u00e9dit. A la fronti\u00e8re de l'Ukraine, le delta du Danube, principalement roumain, vit au rythme d'une guerre qui a transform\u00e9 son quotidien. P\u00eacheurs, transporteurs fluviaux, professionnels du tourisme et Russes lipov\u00e8nes t\u00e9moignent des cons\u00e9quences d'un conflit qui d\u00e9passe largement la ligne de front.", "start_date": "2026-09-03T11:00:00+00:00", "title": "Danube : la guerre sur l'autre rive"}, {"desc": "Dans le cadre d'une affaire concernant une nouvelle drogue de synth\u00e8se qui a provoqu\u00e9 plusieurs d\u00e9c\u00e8s, Nora fait la connaissance de l'enqu\u00eateur Alexander Forsman. Tous deux s'allient pour tenter de remonter la fili\u00e8re qui serait bas\u00e9e dans une bo\u00eete de nuit. Lorsqu'Anna, la fille de Nora, dispara\u00eet apr\u00e8s une f\u00eate et qu'un sachet de drogue est retrouv\u00e9 dans sa chambre, la procureure et le policier ", "start_date": "2026-09-03T11:35:00+00:00", "title": "Meurtres \u00e0 Sandhamn"}, {"desc": "Pendant que le \"Nomade des mers\" reste \u00e0 quai, Corentin s'aventure dans les terres pour visiter Auroville, la cit\u00e9 exp\u00e9rimentale fond\u00e9e en 1968.", "start_date": "2026-09-03T13:25:00+00:00", "title": "Nomade des mers, les escales de l'innovation"}, {"desc": "Dans le Hubei, la r\u00e9serve naturelle de Shennongjia et ses for\u00eats abritent une esp\u00e8ce menac\u00e9e : les rhinopith\u00e8ques de Roxellane, aussi appel\u00e9s singes dor\u00e9s.", "start_date": "2026-09-03T13:50:00+00:00", "title": "Empires sauvages"}, {"desc": "Dans le Hubei, la r\u00e9serve naturelle de Shennongjia et ses for\u00eats abritent une esp\u00e8ce menac\u00e9e : les rhinopith\u00e8ques de Roxellane, aussi appel\u00e9s singes dor\u00e9s.", "start_date": "2026-09-03T14:35:00+00:00", "title": "Empires sauvages"}, {"desc": "In\u00e9dit. Linda Lorin nous emm\u00e8ne \u00e0 la d\u00e9couverte de notre patrimoine artistique, culturel et naturel. \u00c0 la cha\u00eene et \u00e0 la ligne, la Bretagne prol\u00e9taire de Joseph Ponthus - Au Japon, l'art des charpentiers - Au Mont\u00e9n\u00e9gro, le g\u00e2teau dragon de Sanela - Au Danemark, les naufrag\u00e9s des camps nazis.", "start_date": "2026-09-03T15:20:00+00:00", "title": "Invitation au voyage"}, {"desc": "Laur\u00e9ate de l'Acad\u00e9mie fran\u00e7aise, Ananda Devi, auteur mauricien d'origine indienne, ne cesse de d\u00e9noncer la domination masculine sous toutes ses formes.", "start_date": "2026-09-03T16:10:00+00:00", "title": "Invitation au voyage"}, {"desc": "In\u00e9dit. Du poisson, des condiments et de la semoule de manioc : voici les ingr\u00e9dients n\u00e9cessaires pour faire la recette embl\u00e9matique de la C\u00f4te d'Ivoire, l'atti\u00e9k\u00e9.", "start_date": "2026-09-03T16:55:00+00:00", "title": "Voyage en cuisine"}, {"desc": "In\u00e9dit. Sonia Devillers raconte l'histoire d'une photo ou d'une image. De leur construction \u00e0 leur impact, comment expliquer la viralit\u00e9 de certaines images ?", "start_date": "2026-09-03T17:30:00+00:00", "title": "Le dessous des images"}, {"desc": "In\u00e9dit.", "start_date": "2026-09-03T17:45:00+00:00", "title": "Arte journal"}, {"desc": "In\u00e9dit. 28 minutes samedi apporte un \u00e9clairage tout particulier \u00e0 l'actualit\u00e9 soci\u00e9tale et internationale de la semaine \u00e9coul\u00e9e. Renaud D\u00e9ly invite chaque semaine une personnalit\u00e9 connue et reconnue dans son domaine. \u00c0 ses c\u00f4t\u00e9s tout au long de l'\u00e9mission, elle r\u00e9agira aux d\u00e9bats et autres s\u00e9quences de ce rendez-vous hebdomadaire.", "start_date": "2026-09-03T18:05:00+00:00", "title": "28 minutes"}, {"desc": "In\u00e9dit. Du lundi au jeudi, Le dessous des cartes - L'essentiel met son expertise g\u00e9opolitique au service d'un d\u00e9cryptage, en quatre minutes, des grands \u00e9v\u00e9nements qui secouent le monde contemporain.", "start_date": "2026-09-03T18:50:00+00:00", "title": "Le dessous des cartes : l'essentiel"}, {"desc": "In\u00e9dit. Quelques jours apr\u00e8s la Saint-Jean, une publication sur les r\u00e9seaux sociaux \u00e9branle un village catalan. Trois adolescents, tous membres de la m\u00eame colla castellera, sont en effet accus\u00e9s d'agression sexuelle. Les habitants, qui formaient jusqu'ici une communaut\u00e9 soud\u00e9e, se retrouvent contraints de choisir un camp. Les parents des trois accus\u00e9s, eux, oscillent entre d\u00e9ni et peur, et r\u00e9alise", "start_date": "2026-09-03T18:55:00+00:00", "title": "Les secrets de la Saint-Jean"}, {"desc": "In\u00e9dit. Quelques jours apr\u00e8s la Saint-Jean, une publication sur les r\u00e9seaux sociaux \u00e9branle un village catalan. Trois adolescents, tous membres de la m\u00eame colla castellera, sont en effet accus\u00e9s d'agression sexuelle. Les habitants, qui formaient jusqu'ici une communaut\u00e9 soud\u00e9e, se retrouvent contraints de choisir un camp. Les parents des trois accus\u00e9s, eux, oscillent entre d\u00e9ni et peur, et r\u00e9alise", "start_date": "2026-09-03T19:40:00+00:00", "title": "Les secrets de la Saint-Jean"}, {"desc": "In\u00e9dit. Quelques jours apr\u00e8s la Saint-Jean, une publication sur les r\u00e9seaux sociaux \u00e9branle un village catalan. Trois adolescents, tous membres de la m\u00eame colla castellera, sont en effet accus\u00e9s d'agression sexuelle. Les habitants, qui formaient jusqu'ici une communaut\u00e9 soud\u00e9e, se retrouvent contraints de choisir un camp. Les parents des trois accus\u00e9s, eux, oscillent entre d\u00e9ni et peur, et r\u00e9alise", "start_date": "2026-09-03T20:25:00+00:00", "title": "Les secrets de la Saint-Jean"}, {"desc": "In\u00e9dit. Steffy Alexandrian avait 13 ans lorsqu'elle eut le courage de d\u00e9noncer l'inceste dont elle \u00e9tait la victime. Ag\u00e9e aujourd'hui de 26 ans, la jeune femme m\u00e8ne un combat en faveur de la lib\u00e9ration de la parole des victimes. \u00c0 travers des archives personnelles et des r\u00e9cits d'autres enfants abus\u00e9s, le documentaire interroge les limites de nos institutions face \u00e0 l'inceste.", "start_date": "2026-09-03T21:15:00+00:00", "title": "Inceste, le combat d'une vie"}, {"desc": "D\u00e9j\u00e0 maman de Nicolina, 9 ans, Wiebke, une dresseuse de chevaux, adopte une deuxi\u00e8me petite fille. Mais, rapidement, elle d\u00e9couvre que Raya, \u00e2g\u00e9e de 5 ans, pr\u00e9sente d'inqui\u00e9tants troubles du comportement. Des tests c\u00e9r\u00e9braux r\u00e9v\u00e8lent qu'elle ne ressent ni empathie ni peur, en raison d'un traumatisme pr\u00e9coce. Alors que son entourage consid\u00e8re Raya comme une menace, Wiebke croit fermement \u00e0 la force", "start_date": "2026-09-03T22:05:00+00:00", "title": "Le sang du pelican"}], "offset": "+00:00", "timezone": "UTC", "error_code": -1, "start_date": "2026-09-02", "icon": ""}