{"end_date": "2026-09-04", "name": "Arte ", "info_url": "https://epg.pw/channels/549025/20260903.html", "country": "France", "description": null, "error_message": "", "provider": "", "source_url": "https://epg.pw/api/epg.json?channel_id=549025&date=20260903&timezone=None", "epg_list": [{"desc": "Les Hoffmann ont tout d'une famille soud\u00e9e. M\u00e9decin \u00e0 la retraite et veuf, Rainer a laiss\u00e9 dix ans auparavant la maison qu'il occupait \u00e0 la famille de son fils Andreas, pour s'installer dans la petite d\u00e9pendance o\u00f9 il recevait ses patients. Alors qu'Andreas et sa femme Bibi ont lanc\u00e9 les invitations pour c\u00e9l\u00e9brer le 80e anniversaire du patriarche, Rainer met brutalement fin \u00e0 ses jours. Le drame f", "start_date": "2026-09-03T00:50:00+00:00", "title": "Tir crois\u00e9"}, {"desc": "Les animaux d'Athleticus utilisent leur personnalit\u00e9 et leur anatomie pour participer aux courses.", "start_date": "2026-09-03T02:21:00+00:00", "title": "Athleticus"}, {"desc": "Nos programmes se terminent pour cette journ\u00e9e, en attendant ceux de demain.", "start_date": "2026-09-03T02:23:00+00:00", "title": "Pause"}, {"desc": "Fille de Fran\u00e7ois II de Habsbourg-Lorraine, premier empereur d'Autriche, Marie L\u00e9opoldine embarque pour le Br\u00e9sil apr\u00e8s une enfance pass\u00e9e \u00e0 la cour de Vienne. Elle doit y \u00e9pouser Pierre de Bragance, fils a\u00een\u00e9 du roi du Portugal, r\u00e9fugi\u00e9 avec sa famille en Am\u00e9rique du Sud depuis l'invasion de Napol\u00e9on. Riche en ressources naturelles, le Br\u00e9sil se hisse, en cette aube du XIXe si\u00e8cle, au rang de pui", "start_date": "2026-09-03T03:25:00+00:00", "title": "La naissance du Br\u00e9sil moderne"}, {"desc": "En 962 \u00e0 Rome, le pape couronne Otton le Grand, consid\u00e9r\u00e9 comme le fondateur du Saint Empire romain germanique. Apr\u00e8s deux si\u00e8cles d'expansion, ce sacre signe l'apog\u00e9e de la civilisation saxonne, magnifi\u00e9e par les l\u00e9gendes mais dont les origines historiques restent floues. Qui \u00e9taient ces grands rivaux des Francs qui finiront, sous les coups de boutoir des arm\u00e9es de Charlemagne, par se convertir e", "start_date": "2026-09-03T04:15:00+00:00", "title": "Les Saxons, grands rivaux des Francs"}, {"desc": "Les grandes plaines canadiennes sont truff\u00e9es de lacs et de rivi\u00e8res. La cheffe Karine Beauchamp met en avant la richesse des produits de qualit\u00e9 qui s'y trouvent.", "start_date": "2026-09-03T05:50:00+00:00", "title": "Voyage en cuisine"}, {"desc": "Argentine, les portraits sublim\u00e9s d'Annemarie Heinrich - Les bistrots, le Paris populaire sur le zinc - Togo, l'appel du froid.", "start_date": "2026-09-03T06:20:00+00:00", "title": "Invitation au voyage"}, {"desc": "Linda Lorin nous emm\u00e8ne \u00e0 la d\u00e9couverte de notre patrimoine artistique, culturel et naturel. \u00d6zge Samanci met en bulles son enfance turque - Se loger \u00e0 Madrid, une qu\u00eate cin\u00e9matographique - Au Panama, le poisson frit de Manuel - Aux \u00c9tats-Unis, le roi noir du ring.", "start_date": "2026-09-03T07:05:00+00:00", "title": "Invitation au voyage"}, {"desc": "Depuis trois d\u00e9cennies, des d\u00e9fenseurs de l'environnement et des scientifiques se mobilisent aux c\u00f4t\u00e9s des communaut\u00e9s locales pour favoriser le retour de la vie sauvage dans les Rocheuses. Bisons, grizzlis, caribous et loups racontent l'histoire de cette reconqu\u00eate.", "start_date": "2026-09-03T07:55:00+00:00", "title": "A la reconqu\u00eate des Rocheuses"}, {"desc": "Depuis trois d\u00e9cennies, des d\u00e9fenseurs de l'environnement et des scientifiques se mobilisent aux c\u00f4t\u00e9s des communaut\u00e9s locales pour favoriser le retour de la vie sauvage dans les Rocheuses. Bisons, grizzlis, caribous et loups racontent l'histoire de cette reconqu\u00eate.", "start_date": "2026-09-03T08:40:00+00:00", "title": "A la reconqu\u00eate des Rocheuses"}, {"desc": "Depuis trois d\u00e9cennies, des d\u00e9fenseurs de l'environnement et des scientifiques se mobilisent aux c\u00f4t\u00e9s des communaut\u00e9s locales pour favoriser le retour de la vie sauvage dans les Rocheuses. Bisons, grizzlis, caribous et loups racontent l'histoire de cette reconqu\u00eate.", "start_date": "2026-09-03T09:25:00+00:00", "title": "A la reconqu\u00eate des Rocheuses"}, {"desc": "Depuis trois d\u00e9cennies, des d\u00e9fenseurs de l'environnement et des scientifiques se mobilisent aux c\u00f4t\u00e9s des communaut\u00e9s locales pour favoriser le retour de la vie sauvage dans les Rocheuses. Bisons, grizzlis, caribous et loups racontent l'histoire de cette reconqu\u00eate.", "start_date": "2026-09-03T10:10:00+00:00", "title": "A la reconqu\u00eate des Rocheuses"}, {"desc": "In\u00e9dit. A la fronti\u00e8re de l'Ukraine, le delta du Danube, principalement roumain, vit au rythme d'une guerre qui a transform\u00e9 son quotidien. P\u00eacheurs, transporteurs fluviaux, professionnels du tourisme et Russes lipov\u00e8nes t\u00e9moignent des cons\u00e9quences d'un conflit qui d\u00e9passe largement la ligne de front.", "start_date": "2026-09-03T11:00:00+00:00", "title": "Danube : la guerre sur l'autre rive"}, {"desc": "Dans le cadre d'une affaire concernant une nouvelle drogue de synth\u00e8se qui a provoqu\u00e9 plusieurs d\u00e9c\u00e8s, Nora fait la connaissance de l'enqu\u00eateur Alexander Forsman. Tous deux s'allient pour tenter de remonter la fili\u00e8re qui serait bas\u00e9e dans une bo\u00eete de nuit. Lorsqu'Anna, la fille de Nora, dispara\u00eet apr\u00e8s une f\u00eate et qu'un sachet de drogue est retrouv\u00e9 dans sa chambre, la procureure et le policier ", "start_date": "2026-09-03T11:35:00+00:00", "title": "Meurtres \u00e0 Sandhamn"}, {"desc": "Pendant que le \"Nomade des mers\" reste \u00e0 quai, Corentin s'aventure dans les terres pour visiter Auroville, la cit\u00e9 exp\u00e9rimentale fond\u00e9e en 1968.", "start_date": "2026-09-03T13:25:00+00:00", "title": "Nomade des mers, les escales de l'innovation"}, {"desc": "Dans le Hubei, la r\u00e9serve naturelle de Shennongjia et ses for\u00eats abritent une esp\u00e8ce menac\u00e9e : les rhinopith\u00e8ques de Roxellane, aussi appel\u00e9s singes dor\u00e9s.", "start_date": "2026-09-03T13:50:00+00:00", "title": "Empires sauvages"}, {"desc": "Dans le Hubei, la r\u00e9serve naturelle de Shennongjia et ses for\u00eats abritent une esp\u00e8ce menac\u00e9e : les rhinopith\u00e8ques de Roxellane, aussi appel\u00e9s singes dor\u00e9s.", "start_date": "2026-09-03T14:35:00+00:00", "title": "Empires sauvages"}, {"desc": "In\u00e9dit. Linda Lorin nous emm\u00e8ne \u00e0 la d\u00e9couverte de notre patrimoine artistique, culturel et naturel. \u00c0 la cha\u00eene et \u00e0 la ligne, la Bretagne prol\u00e9taire de Joseph Ponthus - Au Japon, l'art des charpentiers - Au Mont\u00e9n\u00e9gro, le g\u00e2teau dragon de Sanela - Au Danemark, les naufrag\u00e9s des camps nazis.", "start_date": "2026-09-03T15:20:00+00:00", "title": "Invitation au voyage"}, {"desc": "Laur\u00e9ate de l'Acad\u00e9mie fran\u00e7aise, Ananda Devi, auteur mauricien d'origine indienne, ne cesse de d\u00e9noncer la domination masculine sous toutes ses formes.", "start_date": "2026-09-03T16:10:00+00:00", "title": "Invitation au voyage"}, {"desc": "In\u00e9dit. Du poisson, des condiments et de la semoule de manioc : voici les ingr\u00e9dients n\u00e9cessaires pour faire la recette embl\u00e9matique de la C\u00f4te d'Ivoire, l'atti\u00e9k\u00e9.", "start_date": "2026-09-03T16:55:00+00:00", "title": "Voyage en cuisine"}, {"desc": "In\u00e9dit. Sonia Devillers raconte l'histoire d'une photo ou d'une image. De leur construction \u00e0 leur impact, comment expliquer la viralit\u00e9 de certaines images ?", "start_date": "2026-09-03T17:30:00+00:00", "title": "Le dessous des images"}, {"desc": "In\u00e9dit.", "start_date": "2026-09-03T17:45:00+00:00", "title": "Arte journal"}, {"desc": "In\u00e9dit. 28 minutes samedi apporte un \u00e9clairage tout particulier \u00e0 l'actualit\u00e9 soci\u00e9tale et internationale de la semaine \u00e9coul\u00e9e. Renaud D\u00e9ly invite chaque semaine une personnalit\u00e9 connue et reconnue dans son domaine. \u00c0 ses c\u00f4t\u00e9s tout au long de l'\u00e9mission, elle r\u00e9agira aux d\u00e9bats et autres s\u00e9quences de ce rendez-vous hebdomadaire.", "start_date": "2026-09-03T18:05:00+00:00", "title": "28 minutes"}, {"desc": "In\u00e9dit. Du lundi au jeudi, Le dessous des cartes - L'essentiel met son expertise g\u00e9opolitique au service d'un d\u00e9cryptage, en quatre minutes, des grands \u00e9v\u00e9nements qui secouent le monde contemporain.", "start_date": "2026-09-03T18:50:00+00:00", "title": "Le dessous des cartes : l'essentiel"}, {"desc": "In\u00e9dit. Quelques jours apr\u00e8s la Saint-Jean, une publication sur les r\u00e9seaux sociaux \u00e9branle un village catalan. Trois adolescents, tous membres de la m\u00eame colla castellera, sont en effet accus\u00e9s d'agression sexuelle. Les habitants, qui formaient jusqu'ici une communaut\u00e9 soud\u00e9e, se retrouvent contraints de choisir un camp. Les parents des trois accus\u00e9s, eux, oscillent entre d\u00e9ni et peur, et r\u00e9alise", "start_date": "2026-09-03T18:55:00+00:00", "title": "Les secrets de la Saint-Jean"}, {"desc": "In\u00e9dit. Quelques jours apr\u00e8s la Saint-Jean, une publication sur les r\u00e9seaux sociaux \u00e9branle un village catalan. Trois adolescents, tous membres de la m\u00eame colla castellera, sont en effet accus\u00e9s d'agression sexuelle. Les habitants, qui formaient jusqu'ici une communaut\u00e9 soud\u00e9e, se retrouvent contraints de choisir un camp. Les parents des trois accus\u00e9s, eux, oscillent entre d\u00e9ni et peur, et r\u00e9alise", "start_date": "2026-09-03T19:40:00+00:00", "title": "Les secrets de la Saint-Jean"}, {"desc": "In\u00e9dit. Quelques jours apr\u00e8s la Saint-Jean, une publication sur les r\u00e9seaux sociaux \u00e9branle un village catalan. Trois adolescents, tous membres de la m\u00eame colla castellera, sont en effet accus\u00e9s d'agression sexuelle. Les habitants, qui formaient jusqu'ici une communaut\u00e9 soud\u00e9e, se retrouvent contraints de choisir un camp. Les parents des trois accus\u00e9s, eux, oscillent entre d\u00e9ni et peur, et r\u00e9alise", "start_date": "2026-09-03T20:25:00+00:00", "title": "Les secrets de la Saint-Jean"}, {"desc": "In\u00e9dit. Steffy Alexandrian avait 13 ans lorsqu'elle eut le courage de d\u00e9noncer l'inceste dont elle \u00e9tait la victime. Ag\u00e9e aujourd'hui de 26 ans, la jeune femme m\u00e8ne un combat en faveur de la lib\u00e9ration de la parole des victimes. \u00c0 travers des archives personnelles et des r\u00e9cits d'autres enfants abus\u00e9s, le documentaire interroge les limites de nos institutions face \u00e0 l'inceste.", "start_date": "2026-09-03T21:15:00+00:00", "title": "Inceste, le combat d'une vie"}, {"desc": "D\u00e9j\u00e0 maman de Nicolina, 9 ans, Wiebke, une dresseuse de chevaux, adopte une deuxi\u00e8me petite fille. Mais, rapidement, elle d\u00e9couvre que Raya, \u00e2g\u00e9e de 5 ans, pr\u00e9sente d'inqui\u00e9tants troubles du comportement. Des tests c\u00e9r\u00e9braux r\u00e9v\u00e8lent qu'elle ne ressent ni empathie ni peur, en raison d'un traumatisme pr\u00e9coce. Alors que son entourage consid\u00e8re Raya comme une menace, Wiebke croit fermement \u00e0 la force", "start_date": "2026-09-03T22:05:00+00:00", "title": "Le sang du pelican"}, {"desc": "\u00c9t\u00e9 1866. La Prusse, sous l'\u00e9gide du chancelier Otto von Bismarck, et l'Autriche, dirig\u00e9e par l'empereur Fran\u00e7ois-Joseph Ier, fourbissent leurs armes pour une bataille qui fa\u00e7onnera l'avenir de l'Europe et pr\u00e9sidera \u00e0 l'unification de l'Allemagne. Face \u00e0 face : deux ogres du continent : la Prusse, puissance industrielle sans \u00e9gale, et l'Autriche des Habsbourg, plus grande force militaire de la r\u00e9g", "start_date": "2026-09-04T00:10:00+00:00", "title": "Sadowa, 1866 : La bataille qui a transform\u00e9 l'Europe"}, {"desc": "En France, de plus en plus d'adultes revendiquent une vie sans enfant. Yasmine, Lou et Chlo\u00e9 assument ce choix malgr\u00e9 les injonctions sociales. Entre qu\u00eate de libert\u00e9, inqui\u00e9tudes pour l'avenir et combat pour faire respecter leur d\u00e9cision, ce reportage donne \u00e0 voir des parcours encore souvent incompris.", "start_date": "2026-09-04T01:40:00+00:00", "title": "France : g\u00e9n\u00e9ration \"no kids\""}, {"desc": "Les animaux d'Athleticus utilisent leur personnalit\u00e9 et leur anatomie pour participer aux courses.", "start_date": "2026-09-04T02:10:00+00:00", "title": "Athleticus"}, {"desc": "Apr\u00e8s avoir long\u00e9 les c\u00f4tes du Sahara, le navire mouille \u00e0 Dakar : Corentin et ses amis ont l'objectif d'\u00e9quiper le bateau d'une source d'\u00e9nergie \u00e9lectrique.", "start_date": "2026-09-04T02:20:00+00:00", "title": "Nomade des mers, les escales de l'innovation"}, {"desc": "Nos programmes se terminent pour cette journ\u00e9e, en attendant ceux de demain.", "start_date": "2026-09-04T02:46:00+00:00", "title": "Pause"}, {"desc": "Guillaume (1859-1941) et Rodolphe (1858-1889) ont 14 ans lorsqu'ils se rencontrent pour la premi\u00e8re fois \u00e0 l'Exposition universelle de Vienne, en 1873. Les deux gar\u00e7ons, dont l'amiti\u00e9 est encourag\u00e9e dans le cadre du rapprochement entre l'Allemagne et l'Autriche-Hongrie, ont en commun d'avoir v\u00e9cu une enfance difficile. N\u00e9 avec une atrophie du bras gauche, le petit-fils de Guillaume Ier n'a pas su ", "start_date": "2026-09-04T03:25:00+00:00", "title": "La brouille des princes imp\u00e9riaux : L'Autriche-Hongrie face \u00e0 l'Allemagne"}, {"desc": "Au fil des fleuves d'Europe, exploration en quatre volets des villes et paysages du continent. Une croisi\u00e8re culturelle et humaine.", "start_date": "2026-09-04T04:15:00+00:00", "title": "A la crois\u00e9e des fleuves"}, {"desc": "Au fil des fleuves d'Europe, exploration en quatre volets des villes et paysages du continent. Une croisi\u00e8re culturelle et humaine.", "start_date": "2026-09-04T05:05:00+00:00", "title": "A la crois\u00e9e des fleuves"}, {"desc": "Du poisson, des condiments et de la semoule de manioc : voici les ingr\u00e9dients n\u00e9cessaires pour faire la recette embl\u00e9matique de la C\u00f4te d'Ivoire, l'atti\u00e9k\u00e9.", "start_date": "2026-09-04T05:50:00+00:00", "title": "Voyage en cuisine"}, {"desc": "Laur\u00e9ate de l'Acad\u00e9mie fran\u00e7aise, Ananda Devi, auteur mauricien d'origine indienne, ne cesse de d\u00e9noncer la domination masculine sous toutes ses formes.", "start_date": "2026-09-04T06:20:00+00:00", "title": "Invitation au voyage"}, {"desc": "Linda Lorin nous emm\u00e8ne \u00e0 la d\u00e9couverte de notre patrimoine artistique, culturel et naturel. \u00c0 la cha\u00eene et \u00e0 la ligne, la Bretagne prol\u00e9taire de Joseph Ponthus - Au Japon, l'art des charpentiers - Au Mont\u00e9n\u00e9gro, le g\u00e2teau dragon de Sanela - Au Danemark, les naufrag\u00e9s des camps nazis.", "start_date": "2026-09-04T07:05:00+00:00", "title": "Invitation au voyage"}, {"desc": "Vagues de froid, pluies diluviennes, chaleurs extr\u00eames : les ph\u00e9nom\u00e8nes m\u00e9t\u00e9orologiques violents se multiplient aux quatre coins du monde. Pour en comprendre les causes, il faut consid\u00e9rer la Terre comme un syst\u00e8me interconnect\u00e9, o\u00f9 courants atmosph\u00e9riques, oc\u00e9aniques et souterrains s'\u00e9quilibrent en permanence. Ces flux d'\u00e9nergie, souvent imperceptibles, fa\u00e7onnent le climat. Or le r\u00e9chauffement de", "start_date": "2026-09-04T07:55:00+00:00", "title": "La Terre en mouvements : Trois \u00e9l\u00e9ments pour une plan\u00e8te"}, {"desc": "Les parcs nationaux canadiens sont - au-del\u00e0 de leur beaut\u00e9 menac\u00e9e aujourd'hui par le tourisme de masse - un v\u00e9ritable terrain de jeu pour les scientifiques qui \u00e9tudient ces \u00e9cosyst\u00e8mes de l'extr\u00eame. Des glaces du Yukon \u00e0 la Nouvelle-\u00c9cosse, entre mer et montagne,\u00a0cette s\u00e9rie documentaire rappelle l'importance et la splendeur du patrimoine naturel du Canada.", "start_date": "2026-09-04T09:25:00+00:00", "title": "Les parcs nationaux canadiens"}, {"desc": "Les parcs nationaux canadiens sont - au-del\u00e0 de leur beaut\u00e9 menac\u00e9e aujourd'hui par le tourisme de masse - un v\u00e9ritable terrain de jeu pour les scientifiques qui \u00e9tudient ces \u00e9cosyst\u00e8mes de l'extr\u00eame. Des glaces du Yukon \u00e0 la Nouvelle-\u00c9cosse, entre mer et montagne,\u00a0cette s\u00e9rie documentaire rappelle l'importance et la splendeur du patrimoine naturel du Canada.", "start_date": "2026-09-04T10:10:00+00:00", "title": "Les parcs nationaux canadiens"}, {"desc": "In\u00e9dit. Depuis des semaines, des milliers d'Albanais manifestent contre un projet immobilier soutenu par leur gouvernement : la construction d'un luxueux complexe touristique sur l'\u00eele de Sazan et dans le delta de Vjosa-Narta, une halte migratoire essentielle pour de nombreux oiseaux. Derri\u00e8re ce projet : Jared Kushner et Ivanka Trump.", "start_date": "2026-09-04T11:00:00+00:00", "title": "Albanie : zone naturelle ou tourisme de luxe"}, {"desc": "Paoli, Clavet, Valoti, Moreau et Jabeke, cinq amis de longue date, sont associ\u00e9s dans un trafic de drogue. Alors qu'une grosse cargaison arrive \u00e0 Marseille, l'un d'eux, Jabeke, d\u00e9cide de s'approprier le stock et les acomptes vers\u00e9s par ses complices habituels. Pour cela, il entreprend d'attiser la haine entre eux et pr\u00e9tend \u00eatre oblig\u00e9 de se rendre en Belgique. Tandis que Moreau, charg\u00e9 de convoye", "start_date": "2026-09-04T11:35:00+00:00", "title": "Symphonie pour un massacre"}, {"desc": "Portraits de femmes pilotes, issues des quatre coins du globe, qui se sont impos\u00e9es dans un univers tr\u00e8s masculin.", "start_date": "2026-09-04T13:20:00+00:00", "title": "Aviatrices du bout du monde"}, {"desc": "Dans le Hubei, la r\u00e9serve naturelle de Shennongjia et ses for\u00eats abritent une esp\u00e8ce menac\u00e9e : les rhinopith\u00e8ques de Roxellane, aussi appel\u00e9s singes dor\u00e9s.", "start_date": "2026-09-04T13:50:00+00:00", "title": "Empires sauvages"}, {"desc": "Si le paradis pour les cam\u00e9l\u00e9ons existe, c'est incontestablement \u00e0 Madagascar qu'il se trouve. L'\u00eele rouge abrite la population la plus vari\u00e9e et la plus extraordinaire de la plan\u00e8te. Casqu\u00e9s, cornus, minuscules ou gigantesques: voici une galerie de portraits color\u00e9e et unique au monde.", "start_date": "2026-09-04T14:35:00+00:00", "title": "Madagascar ou le grand carnaval des cam\u00e9l\u00e9ons"}, {"desc": "In\u00e9dit. L'ode \u00e0 la Finlande d'Albert Edelfelt. - En Finlande, on cueille comme on respire. - En Finlande, le caf\u00e9 au chaga de Stephan. - En Finlande, le P\u00e8re No\u00ebl peut dire \"thank you\".", "start_date": "2026-09-04T15:20:00+00:00", "title": "Invitation au voyage"}, {"desc": "Au Vietnam, l'architecte du peuple. - Madrid, ville arabe. - Au Sri Lanka, le curry de jacquier de Samantha. - En Gr\u00e8ce, une femme revenue d'entre les moines.", "start_date": "2026-09-04T16:05:00+00:00", "title": "Invitation au voyage"}, {"desc": "In\u00e9dit. En cuisine, Lucie pr\u00e9pare un beurre maison, l'aromatise au miso, le fouette au sumac et sublime un grand classique de la cuisine fran\u00e7aise : les pommes Anna.", "start_date": "2026-09-04T16:50:00+00:00", "title": "Voyage gourmand"}, {"desc": "In\u00e9dit. La guerre hybride, par opposition \u00e0 la guerre qui se livre sur le front avec des armes, est une nouvelle mani\u00e8re de rentrer en conflit, que ma\u00eetrise Vladimir Poutine.", "start_date": "2026-09-04T17:30:00+00:00", "title": "Le dessous des cartes"}, {"desc": "In\u00e9dit.", "start_date": "2026-09-04T17:45:00+00:00", "title": "Arte journal"}, {"desc": "In\u00e9dit. 28 minutes samedi apporte un \u00e9clairage tout particulier \u00e0 l'actualit\u00e9 soci\u00e9tale et internationale de la semaine \u00e9coul\u00e9e. Renaud D\u00e9ly invite chaque semaine une personnalit\u00e9 connue et reconnue dans son domaine. \u00c0 ses c\u00f4t\u00e9s tout au long de l'\u00e9mission, elle r\u00e9agira aux d\u00e9bats et autres s\u00e9quences de ce rendez-vous hebdomadaire.", "start_date": "2026-09-04T18:05:00+00:00", "title": "28 minutes"}, {"desc": "Avec le m\u00eame art du d\u00e9tournement humoristique que dans \"Silex and the City\", Jul propulse les h\u00e9ros et dieux de la mythologie grecque dans le monde d'aujourd'hui.", "start_date": "2026-09-04T18:52:00+00:00", "title": "50 nuances de Grecs"}, {"desc": "In\u00e9dit. Sebastian, PDG par int\u00e9rim de l'entreprise familiale Str\u00f6mma Cement, est vex\u00e9 que sa m\u00e8re, clou\u00e9e dans un lit d'h\u00f4pital, ait confi\u00e9 une transaction importante \u00e0 Jonna, sa soeur. Il d\u00e9cide alors de n\u00e9gocier en secret un accord avec le promoteur immobilier Wilhelm Bauer dans l'espoir de r\u00e9gler ses dettes de jeu. Nora Linde est justement en train d'enqu\u00eater sur Bauer, soup\u00e7onn\u00e9 de fraude fisc", "start_date": "2026-09-04T18:55:00+00:00", "title": "Meurtres \u00e0 Sandhamn"}, {"desc": "In\u00e9dit. Il y a quarante ans, pour se lancer dans l'\u00e9criture de fiction, Fr\u00e9d\u00e9rique Audoin-Rouzeau, jeune arch\u00e9ozoologue \u00e0 l'aube de sa carri\u00e8re, s'essaie au roman policier. Soucieuse de ne pas nuire par ce genre souvent jug\u00e9 frivole \u00e0 sa jeune carri\u00e8re scientifique, elle emprunte \u00e0 sa soeur jumelle, artiste peintre, la moiti\u00e9 de son pseudo, inspir\u00e9 d'un personnage de cin\u00e9ma qui les fascine toutes ", "start_date": "2026-09-04T20:30:00+00:00", "title": "Le polar selon Fred Vargas"}, {"desc": "In\u00e9dit. Pour c\u00e9l\u00e9brer l'ouverture de la 60e \u00e9dition, Raye invite plusieurs artistes \u00e0 la rejoindre lors d'une soir\u00e9e unique, cocr\u00e9\u00e9e avec Audemars Piguet. Pour l'occasion, l'Auditorium Stravinski est compl\u00e8tement m\u00e9tamorphos\u00e9 dans une configuration sc\u00e9nique jamais vue \u00e0 Montreux. Entre h\u00e9ritage jazz, frissons soul et \u00e9nergie pop, cette performance pens\u00e9e sur mesure pour le Festival couvrira six d\u00e9", "start_date": "2026-09-04T21:20:00+00:00", "title": "Raye & Guests Live at Montreux Jazz Festival 2026"}, {"desc": "C'est une histoire qui para\u00eet aujourd'hui totalement incongrue : comment C\u00e9line Dion, star plan\u00e9taire devenue la Qu\u00e9b\u00e9coise la plus c\u00e9l\u00e8bre du monde, s'est-elle retrouv\u00e9e, \u00e0 la fin des ann\u00e9es 80, \u00e0 d\u00e9fendre les couleurs de la Suisse lors de l'\u00e9dition la plus m\u00e9morable du concours de l'Eurovision ? A travers le prisme de ce concours au finish haletant, c'est le portrait d'une comp\u00e9titrice qui se de", "start_date": "2026-09-04T23:20:00+00:00", "title": "C\u00e9line Dion \u00e0 l'Eurovision : La note parfaite"}], "offset": "+00:00", "timezone": "UTC", "error_code": -1, "start_date": "2026-09-03", "icon": ""}