{"end_date": "2026-09-05", "name": "Arte ", "info_url": "https://epg.pw/channels/549025/20260904.html", "country": "France", "description": null, "error_message": "", "provider": "", "source_url": "https://epg.pw/api/epg.json?channel_id=549025&date=20260904&timezone=None", "epg_list": [{"desc": "\u00c9t\u00e9 1866. La Prusse, sous l'\u00e9gide du chancelier Otto von Bismarck, et l'Autriche, dirig\u00e9e par l'empereur Fran\u00e7ois-Joseph Ier, fourbissent leurs armes pour une bataille qui fa\u00e7onnera l'avenir de l'Europe et pr\u00e9sidera \u00e0 l'unification de l'Allemagne. Face \u00e0 face : deux ogres du continent : la Prusse, puissance industrielle sans \u00e9gale, et l'Autriche des Habsbourg, plus grande force militaire de la r\u00e9g", "start_date": "2026-09-04T00:10:00+00:00", "title": "Sadowa, 1866 : La bataille qui a transform\u00e9 l'Europe"}, {"desc": "En France, de plus en plus d'adultes revendiquent une vie sans enfant. Yasmine, Lou et Chlo\u00e9 assument ce choix malgr\u00e9 les injonctions sociales. Entre qu\u00eate de libert\u00e9, inqui\u00e9tudes pour l'avenir et combat pour faire respecter leur d\u00e9cision, ce reportage donne \u00e0 voir des parcours encore souvent incompris.", "start_date": "2026-09-04T01:40:00+00:00", "title": "France : g\u00e9n\u00e9ration \"no kids\""}, {"desc": "Les animaux d'Athleticus utilisent leur personnalit\u00e9 et leur anatomie pour participer aux courses.", "start_date": "2026-09-04T02:10:00+00:00", "title": "Athleticus"}, {"desc": "Apr\u00e8s avoir long\u00e9 les c\u00f4tes du Sahara, le navire mouille \u00e0 Dakar : Corentin et ses amis ont l'objectif d'\u00e9quiper le bateau d'une source d'\u00e9nergie \u00e9lectrique.", "start_date": "2026-09-04T02:20:00+00:00", "title": "Nomade des mers, les escales de l'innovation"}, {"desc": "Nos programmes se terminent pour cette journ\u00e9e, en attendant ceux de demain.", "start_date": "2026-09-04T02:46:00+00:00", "title": "Pause"}, {"desc": "Guillaume (1859-1941) et Rodolphe (1858-1889) ont 14 ans lorsqu'ils se rencontrent pour la premi\u00e8re fois \u00e0 l'Exposition universelle de Vienne, en 1873. Les deux gar\u00e7ons, dont l'amiti\u00e9 est encourag\u00e9e dans le cadre du rapprochement entre l'Allemagne et l'Autriche-Hongrie, ont en commun d'avoir v\u00e9cu une enfance difficile. N\u00e9 avec une atrophie du bras gauche, le petit-fils de Guillaume Ier n'a pas su ", "start_date": "2026-09-04T03:25:00+00:00", "title": "La brouille des princes imp\u00e9riaux : L'Autriche-Hongrie face \u00e0 l'Allemagne"}, {"desc": "Au fil des fleuves d'Europe, exploration en quatre volets des villes et paysages du continent. Une croisi\u00e8re culturelle et humaine.", "start_date": "2026-09-04T04:15:00+00:00", "title": "A la crois\u00e9e des fleuves"}, {"desc": "Au fil des fleuves d'Europe, exploration en quatre volets des villes et paysages du continent. Une croisi\u00e8re culturelle et humaine.", "start_date": "2026-09-04T05:05:00+00:00", "title": "A la crois\u00e9e des fleuves"}, {"desc": "Du poisson, des condiments et de la semoule de manioc : voici les ingr\u00e9dients n\u00e9cessaires pour faire la recette embl\u00e9matique de la C\u00f4te d'Ivoire, l'atti\u00e9k\u00e9.", "start_date": "2026-09-04T05:50:00+00:00", "title": "Voyage en cuisine"}, {"desc": "Laur\u00e9ate de l'Acad\u00e9mie fran\u00e7aise, Ananda Devi, auteur mauricien d'origine indienne, ne cesse de d\u00e9noncer la domination masculine sous toutes ses formes.", "start_date": "2026-09-04T06:20:00+00:00", "title": "Invitation au voyage"}, {"desc": "Linda Lorin nous emm\u00e8ne \u00e0 la d\u00e9couverte de notre patrimoine artistique, culturel et naturel. \u00c0 la cha\u00eene et \u00e0 la ligne, la Bretagne prol\u00e9taire de Joseph Ponthus - Au Japon, l'art des charpentiers - Au Mont\u00e9n\u00e9gro, le g\u00e2teau dragon de Sanela - Au Danemark, les naufrag\u00e9s des camps nazis.", "start_date": "2026-09-04T07:05:00+00:00", "title": "Invitation au voyage"}, {"desc": "Vagues de froid, pluies diluviennes, chaleurs extr\u00eames : les ph\u00e9nom\u00e8nes m\u00e9t\u00e9orologiques violents se multiplient aux quatre coins du monde. Pour en comprendre les causes, il faut consid\u00e9rer la Terre comme un syst\u00e8me interconnect\u00e9, o\u00f9 courants atmosph\u00e9riques, oc\u00e9aniques et souterrains s'\u00e9quilibrent en permanence. Ces flux d'\u00e9nergie, souvent imperceptibles, fa\u00e7onnent le climat. Or le r\u00e9chauffement de", "start_date": "2026-09-04T07:55:00+00:00", "title": "La Terre en mouvements : Trois \u00e9l\u00e9ments pour une plan\u00e8te"}, {"desc": "Les parcs nationaux canadiens sont - au-del\u00e0 de leur beaut\u00e9 menac\u00e9e aujourd'hui par le tourisme de masse - un v\u00e9ritable terrain de jeu pour les scientifiques qui \u00e9tudient ces \u00e9cosyst\u00e8mes de l'extr\u00eame. Des glaces du Yukon \u00e0 la Nouvelle-\u00c9cosse, entre mer et montagne,\u00a0cette s\u00e9rie documentaire rappelle l'importance et la splendeur du patrimoine naturel du Canada.", "start_date": "2026-09-04T09:25:00+00:00", "title": "Les parcs nationaux canadiens"}, {"desc": "Les parcs nationaux canadiens sont - au-del\u00e0 de leur beaut\u00e9 menac\u00e9e aujourd'hui par le tourisme de masse - un v\u00e9ritable terrain de jeu pour les scientifiques qui \u00e9tudient ces \u00e9cosyst\u00e8mes de l'extr\u00eame. Des glaces du Yukon \u00e0 la Nouvelle-\u00c9cosse, entre mer et montagne,\u00a0cette s\u00e9rie documentaire rappelle l'importance et la splendeur du patrimoine naturel du Canada.", "start_date": "2026-09-04T10:10:00+00:00", "title": "Les parcs nationaux canadiens"}, {"desc": "In\u00e9dit. Depuis des semaines, des milliers d'Albanais manifestent contre un projet immobilier soutenu par leur gouvernement : la construction d'un luxueux complexe touristique sur l'\u00eele de Sazan et dans le delta de Vjosa-Narta, une halte migratoire essentielle pour de nombreux oiseaux. Derri\u00e8re ce projet : Jared Kushner et Ivanka Trump.", "start_date": "2026-09-04T11:00:00+00:00", "title": "Albanie : zone naturelle ou tourisme de luxe"}, {"desc": "Paoli, Clavet, Valoti, Moreau et Jabeke, cinq amis de longue date, sont associ\u00e9s dans un trafic de drogue. Alors qu'une grosse cargaison arrive \u00e0 Marseille, l'un d'eux, Jabeke, d\u00e9cide de s'approprier le stock et les acomptes vers\u00e9s par ses complices habituels. Pour cela, il entreprend d'attiser la haine entre eux et pr\u00e9tend \u00eatre oblig\u00e9 de se rendre en Belgique. Tandis que Moreau, charg\u00e9 de convoye", "start_date": "2026-09-04T11:35:00+00:00", "title": "Symphonie pour un massacre"}, {"desc": "Portraits de femmes pilotes, issues des quatre coins du globe, qui se sont impos\u00e9es dans un univers tr\u00e8s masculin.", "start_date": "2026-09-04T13:20:00+00:00", "title": "Aviatrices du bout du monde"}, {"desc": "Dans le Hubei, la r\u00e9serve naturelle de Shennongjia et ses for\u00eats abritent une esp\u00e8ce menac\u00e9e : les rhinopith\u00e8ques de Roxellane, aussi appel\u00e9s singes dor\u00e9s.", "start_date": "2026-09-04T13:50:00+00:00", "title": "Empires sauvages"}, {"desc": "Si le paradis pour les cam\u00e9l\u00e9ons existe, c'est incontestablement \u00e0 Madagascar qu'il se trouve. L'\u00eele rouge abrite la population la plus vari\u00e9e et la plus extraordinaire de la plan\u00e8te. Casqu\u00e9s, cornus, minuscules ou gigantesques: voici une galerie de portraits color\u00e9e et unique au monde.", "start_date": "2026-09-04T14:35:00+00:00", "title": "Madagascar ou le grand carnaval des cam\u00e9l\u00e9ons"}, {"desc": "In\u00e9dit. L'ode \u00e0 la Finlande d'Albert Edelfelt. - En Finlande, on cueille comme on respire. - En Finlande, le caf\u00e9 au chaga de Stephan. - En Finlande, le P\u00e8re No\u00ebl peut dire \"thank you\".", "start_date": "2026-09-04T15:20:00+00:00", "title": "Invitation au voyage"}, {"desc": "Au Vietnam, l'architecte du peuple. - Madrid, ville arabe. - Au Sri Lanka, le curry de jacquier de Samantha. - En Gr\u00e8ce, une femme revenue d'entre les moines.", "start_date": "2026-09-04T16:05:00+00:00", "title": "Invitation au voyage"}, {"desc": "In\u00e9dit. En cuisine, Lucie pr\u00e9pare un beurre maison, l'aromatise au miso, le fouette au sumac et sublime un grand classique de la cuisine fran\u00e7aise : les pommes Anna.", "start_date": "2026-09-04T16:50:00+00:00", "title": "Voyage gourmand"}, {"desc": "In\u00e9dit. La guerre hybride, par opposition \u00e0 la guerre qui se livre sur le front avec des armes, est une nouvelle mani\u00e8re de rentrer en conflit, que ma\u00eetrise Vladimir Poutine.", "start_date": "2026-09-04T17:30:00+00:00", "title": "Le dessous des cartes"}, {"desc": "In\u00e9dit.", "start_date": "2026-09-04T17:45:00+00:00", "title": "Arte journal"}, {"desc": "In\u00e9dit. 28 minutes samedi apporte un \u00e9clairage tout particulier \u00e0 l'actualit\u00e9 soci\u00e9tale et internationale de la semaine \u00e9coul\u00e9e. Renaud D\u00e9ly invite chaque semaine une personnalit\u00e9 connue et reconnue dans son domaine. \u00c0 ses c\u00f4t\u00e9s tout au long de l'\u00e9mission, elle r\u00e9agira aux d\u00e9bats et autres s\u00e9quences de ce rendez-vous hebdomadaire.", "start_date": "2026-09-04T18:05:00+00:00", "title": "28 minutes"}, {"desc": "Avec le m\u00eame art du d\u00e9tournement humoristique que dans \"Silex and the City\", Jul propulse les h\u00e9ros et dieux de la mythologie grecque dans le monde d'aujourd'hui.", "start_date": "2026-09-04T18:52:00+00:00", "title": "50 nuances de Grecs"}, {"desc": "In\u00e9dit. Sebastian, PDG par int\u00e9rim de l'entreprise familiale Str\u00f6mma Cement, est vex\u00e9 que sa m\u00e8re, clou\u00e9e dans un lit d'h\u00f4pital, ait confi\u00e9 une transaction importante \u00e0 Jonna, sa soeur. Il d\u00e9cide alors de n\u00e9gocier en secret un accord avec le promoteur immobilier Wilhelm Bauer dans l'espoir de r\u00e9gler ses dettes de jeu. Nora Linde est justement en train d'enqu\u00eater sur Bauer, soup\u00e7onn\u00e9 de fraude fisc", "start_date": "2026-09-04T18:55:00+00:00", "title": "Meurtres \u00e0 Sandhamn"}, {"desc": "In\u00e9dit. Il y a quarante ans, pour se lancer dans l'\u00e9criture de fiction, Fr\u00e9d\u00e9rique Audoin-Rouzeau, jeune arch\u00e9ozoologue \u00e0 l'aube de sa carri\u00e8re, s'essaie au roman policier. Soucieuse de ne pas nuire par ce genre souvent jug\u00e9 frivole \u00e0 sa jeune carri\u00e8re scientifique, elle emprunte \u00e0 sa soeur jumelle, artiste peintre, la moiti\u00e9 de son pseudo, inspir\u00e9 d'un personnage de cin\u00e9ma qui les fascine toutes ", "start_date": "2026-09-04T20:30:00+00:00", "title": "Le polar selon Fred Vargas"}, {"desc": "In\u00e9dit. Pour c\u00e9l\u00e9brer l'ouverture de la 60e \u00e9dition, Raye invite plusieurs artistes \u00e0 la rejoindre lors d'une soir\u00e9e unique, cocr\u00e9\u00e9e avec Audemars Piguet. Pour l'occasion, l'Auditorium Stravinski est compl\u00e8tement m\u00e9tamorphos\u00e9 dans une configuration sc\u00e9nique jamais vue \u00e0 Montreux. Entre h\u00e9ritage jazz, frissons soul et \u00e9nergie pop, cette performance pens\u00e9e sur mesure pour le Festival couvrira six d\u00e9", "start_date": "2026-09-04T21:20:00+00:00", "title": "Raye & Guests Live at Montreux Jazz Festival 2026"}, {"desc": "C'est une histoire qui para\u00eet aujourd'hui totalement incongrue : comment C\u00e9line Dion, star plan\u00e9taire devenue la Qu\u00e9b\u00e9coise la plus c\u00e9l\u00e8bre du monde, s'est-elle retrouv\u00e9e, \u00e0 la fin des ann\u00e9es 80, \u00e0 d\u00e9fendre les couleurs de la Suisse lors de l'\u00e9dition la plus m\u00e9morable du concours de l'Eurovision ? A travers le prisme de ce concours au finish haletant, c'est le portrait d'une comp\u00e9titrice qui se de", "start_date": "2026-09-04T23:20:00+00:00", "title": "C\u00e9line Dion \u00e0 l'Eurovision : La note parfaite"}, {"desc": "Adrien Winckler, un \u00e9crivain en panne d'inspiration, accepte de r\u00e9diger les m\u00e9moires d'Albert Desiderio, un coiffeur retrait\u00e9 aussi intelligent que taciturne. Le romancier est loin de se douter de ce qui l'attend. Albert lui raconte ses relations avec Solange, son grand amour, mais aussi leur \u00e9pop\u00e9e meurtri\u00e8re \u00e0 travers la France des ann\u00e9es 1970. Fascin\u00e9 et r\u00e9vuls\u00e9 par ce r\u00e9cit, Adrien retrouve l'", "start_date": "2026-09-05T00:15:00+00:00", "title": "Les papillons noirs"}, {"desc": "Michel Gondry, r\u00e9alisateur inclassable qui a mis son g\u00e9nie du cin\u00e9ma de bric et de broc au service de nombreux clips, courts m\u00e9trages d'animation et longs m\u00e9trages, ouvre ses nuits sans sommeil aux cam\u00e9ras de Fran\u00e7ois Nemeta.", "start_date": "2026-09-05T01:20:00+00:00", "title": "In Bed with Michel Gondry"}, {"desc": "A la fronti\u00e8re de l'Ukraine, le delta du Danube, principalement roumain, vit au rythme d'une guerre qui a transform\u00e9 son quotidien. P\u00eacheurs, transporteurs fluviaux, professionnels du tourisme et Russes lipov\u00e8nes t\u00e9moignent des cons\u00e9quences d'un conflit qui d\u00e9passe largement la ligne de front.", "start_date": "2026-09-05T02:15:00+00:00", "title": "Danube : la guerre sur l'autre rive"}, {"desc": "Les animaux d'Athleticus utilisent leur personnalit\u00e9 et leur anatomie pour participer aux courses.", "start_date": "2026-09-05T02:47:00+00:00", "title": "Athleticus"}, {"desc": "Nos programmes se terminent pour cette journ\u00e9e, en attendant ceux de demain.", "start_date": "2026-09-05T02:49:00+00:00", "title": "Pause"}, {"desc": "Le buste de N\u00e9fertiti, grande \u00e9pouse royale d'Akhenaton morte aux environs de 1333 av. J.-C., n'a jamais \u00e9t\u00e9 pr\u00e9sent\u00e9 au public dans son pays d'origine. Exhum\u00e9e en 1912 lors de fouilles men\u00e9es par l'\u00e9quipe de l'\u00e9gyptologue allemand Ludwig Borchardt, l'oeuvre a \u00e9t\u00e9 envoy\u00e9e \u00e0 Berlin, avant de devenir l'objet de tractations franco-allemandes interrompues par Adolf Hitler. Elle constitue encore \u00e0 ce j", "start_date": "2026-09-05T03:05:00+00:00", "title": "N\u00e9fertiti : Le buste de la discorde"}, {"desc": "Premier collectif de rap exclusivement f\u00e9minin \u00e0 avoir vu le jour en Inde, Wild Wild Women d\u00e9tonne sur la sc\u00e8ne musicale de Mumbai avec leurs chansons contre le patriarcat.", "start_date": "2026-09-05T04:00:00+00:00", "title": "Inde, le rap au f\u00e9minin"}, {"desc": "Comme l'atteste le dernier rapport du GIEC, le r\u00e9chauffement climatique conna\u00eet une acc\u00e9l\u00e9ration sans pr\u00e9c\u00e9dent. \u00c0 l'heure actuelle, plus de 38 milliards de tonnes de CO2 sont \u00e9mises chaque ann\u00e9e \u00e0 l'\u00e9chelle mondiale. Si les mesures visant \u00e0 r\u00e9duire les \u00e9missions de gaz \u00e0 effet de serre s'av\u00e8rent indispensables, elles ne seront d\u00e9j\u00e0 plus suffisantes. Pour tenter d'endiguer la hausse des temp\u00e9ratur", "start_date": "2026-09-05T04:45:00+00:00", "title": "Capturer le CO2 dans l'air : un moyen de refroidir la Terre ?"}, {"desc": "In\u00e9dit. Albert Einstein, Marie Curie, Isaac Newton, Vincent van Gogh, L\u00e9onard de Vinci : comment se fait-il, que ces personnes soient devenues g\u00e9niales ?", "start_date": "2026-09-05T05:40:00+00:00", "title": "42, la r\u00e9ponse \u00e0 presque tout"}, {"desc": "L'Argentine, pays des chevaux, est aussi celui du polo, sport masculin. Les femmes s'y sont mises. Clarita Cassino est l'une des meilleures joueuses du pays.", "start_date": "2026-09-05T06:10:00+00:00", "title": "Argentine, le polo au f\u00e9minin"}, {"desc": "In\u00e9dit. Au coeur de l'hiver, la Bulgarie vibre au rythme d'une f\u00eate pa\u00efenne ancestrale : le rituel des kukeri, cens\u00e9 porter chance et, surtout, \u00e9loigner les d\u00e9mons.", "start_date": "2026-09-05T07:05:00+00:00", "title": "Bulgarie, les chasseurs de d\u00e9mons"}, {"desc": "Au sud-ouest de la Roumanie, douze ans apr\u00e8s s'\u00eatre lanc\u00e9s dans la culture de figues, Viorel Baias et son \u00e9pouse Mioara poss\u00e8dent d\u00e9sormais 300 arbres.", "start_date": "2026-09-05T08:00:00+00:00", "title": "Cuisines des terroirs"}, {"desc": "Embarquement sur la c\u00f4te Atlantique pour un p\u00e9riple qui passe par la baie de Chesapeake, les canaux de l'Etat de New York et le fleuve Hudson, avant d'atteindre les Grands Lacs.", "start_date": "2026-09-05T08:30:00+00:00", "title": "Les Etats-Unis sur les flots"}, {"desc": "Dans la r\u00e9gion des Grands Lacs, le p\u00e9riple repart du parc national des Mille-\u00celes puis met le cap sur Toronto et les chutes du Niagara, avant d'atteindre Chicago.", "start_date": "2026-09-05T09:15:00+00:00", "title": "Les Etats-Unis sur les flots"}, {"desc": "De Chicago au golfe du Mexique en passant principalement par le Mississippi, la suite de l'aventure permet de traverser Saint-Louis, Memphis et La Nouvelle-Orl\u00e9ans.", "start_date": "2026-09-05T10:00:00+00:00", "title": "Les Etats-Unis sur les flots"}, {"desc": "Partant de la \"Forgotten Coast\", le p\u00e9riple se poursuit au large du golfe du Mexique puis le long de l'Intracoastal Waterway avant de s'achever en Caroline du Sud.", "start_date": "2026-09-05T10:45:00+00:00", "title": "Les Etats-Unis sur les flots"}, {"desc": "Jacques Cournot, un navigateur fran\u00e7ais momentan\u00e9ment \u00e0 quai, coule des jours tranquilles aux Cara\u00efbes. Un jour, un certain Hendrix le contacte et le charge d'estimer un yacht, le \"Dragoon\". Le lendemain, Cournot d\u00e9couvre que Hendrix a disparu et que le bateau a \u00e9t\u00e9 vol\u00e9. La police porte ses soup\u00e7ons sur lui. Rae Osborne, la propri\u00e9taire du \"Dragoon\", une riche veuve am\u00e9ricaine, l'innocente et lui", "start_date": "2026-09-05T11:30:00+00:00", "title": "L'arme \u00e0 gauche"}, {"desc": "Corentin de Chatelperron est un ing\u00e9nieur, mais aussi navigateur et aventurier fran\u00e7ais, qui voyage \u00e0 travers le monde sur un catamaran baptis\u00e9 \"Nomade des mers\". A travers cette aventure maritime, il souhaite d\u00e9couvrir diff\u00e9rentes perspectives de la low-tech pr\u00e9sentes dans le monde : des innovations durables, \u00e9cologiques et accessibles \u00e0 tout le monde. Il voyage en mer en totale autonomie, gr\u00e2ce ", "start_date": "2026-09-05T13:15:00+00:00", "title": "Nomade des mers, les escales de l'innovation"}, {"desc": "Si l'histoire \u00e9gyptienne a conserv\u00e9 les noms des pharaons, ces souverains b\u00e2tisseurs consid\u00e9r\u00e9s comme des dieux vivants, ils occultent parfois un autre aspect de cette civilisation : la place donn\u00e9e aux femmes \u00e0 la t\u00eate de l'Etat. De nouveaux travaux d'\u00e9gyptologie mettent en lumi\u00e8re des rois dont l'existence est longtemps rest\u00e9e une \u00e9nigme et sur des femmes de pouvoir dont les historiens avaient l", "start_date": "2026-09-05T13:45:00+00:00", "title": "Les femmes pharaons, au pouvoir dans l'\u00c9gypte ancienne"}, {"desc": "Edouard Limonov, l'enrag\u00e9 des bas-fonds de New York - Au Vietnam, \u00e0 v\u00e9lo - Au Br\u00e9sil, le rago\u00fbt de poisson d'Andr\u00e9 - En Irlande, des tra\u00eetres \u00e0 la nation.", "start_date": "2026-09-05T15:15:00+00:00", "title": "Invitation au voyage"}, {"desc": "L'Alsace enchant\u00e9e de Gustave Dor\u00e9. - Dans la vall\u00e9e des Amish. - En France, le foie gras et le pain de fruits de Bruno. - Le rhinograde du mus\u00e9e zoologique de Strasbourg.", "start_date": "2026-09-05T16:00:00+00:00", "title": "Invitation au voyage"}, {"desc": "In\u00e9dit. Chaque semaine, le point sur l'actualit\u00e9 internationale \u00e0 travers quelques reportages, compl\u00e9t\u00e9s de rappels historiques, g\u00e9opolitiques, g\u00e9ographiques ou \u00e9conomiques. Pr\u00e9sent\u00e9 en alternance par Andrea Fies et William Irigoyen.", "start_date": "2026-09-05T16:50:00+00:00", "title": "Arte reportage"}, {"desc": "In\u00e9dit.", "start_date": "2026-09-05T17:45:00+00:00", "title": "Arte journal"}, {"desc": "In\u00e9dit. 28 minutes samedi apporte un \u00e9clairage tout particulier \u00e0 l'actualit\u00e9 soci\u00e9tale et internationale de la semaine \u00e9coul\u00e9e. Renaud D\u00e9ly invite chaque semaine une personnalit\u00e9 connue et reconnue dans son domaine. \u00c0 ses c\u00f4t\u00e9s tout au long de l'\u00e9mission, elle r\u00e9agira aux d\u00e9bats et autres s\u00e9quences de ce rendez-vous hebdomadaire.", "start_date": "2026-09-05T18:05:00+00:00", "title": "28 minutes"}, {"desc": "Sublim\u00e9 par Agatha Christie, l'Orient-Express est le train le plus c\u00e9l\u00e8bre du monde. Et pourtant, qui conna\u00eet sa v\u00e9ritable histoire ? De Paris \u00e0 Istanbul, le film part \u00e0 la recherche des voitures perdues du l\u00e9gendaire train avec un arch\u00e9ologue ferroviaire. Relier Paris \u00e0 Constantinople, d\u00e8s 1883, fut le pari insens\u00e9 de l'entrepreneur belge Georges Nagelmackers. Cet illustre inconnu, contemporain d", "start_date": "2026-09-05T18:55:00+00:00", "title": "Orient-Express, le voyage d'une l\u00e9gende"}, {"desc": "C'est en 1830 qu'est inaugur\u00e9e, en Angleterre, la premi\u00e8re ligne de chemin de fer r\u00e9guli\u00e8re. D\u00e8s lors, cette technologie conna\u00eet un d\u00e9veloppement fulgurant qui transforme les paysages et les villes du monde entier, faisant entrer des soci\u00e9t\u00e9s jusqu'alors rurales dans l'\u00e2ge industriel. En r\u00e9volutionnant le transport des marchandises et des personnes, le chemin de fer devient le catalyseur de l'indu", "start_date": "2026-09-05T20:15:00+00:00", "title": "La locomotive du progr\u00e8s : Une histoire des chemins de fer"}], "offset": "+00:00", "timezone": "UTC", "error_code": -1, "start_date": "2026-09-04", "icon": ""}