{"end_date": "2026-09-05", "name": "T18 ", "info_url": "https://epg.pw/channels/549026/20260904.html", "country": "France", "description": null, "error_message": "", "provider": "", "source_url": "https://epg.pw/api/epg.json?channel_id=549026&date=20260904&timezone=None", "epg_list": [{"desc": "De l'expertise, de l'humeur et des convictions : c'est le cocktail de \"Pour tout dire\", un rendez-vous qui permet \u00e0 Matthieu Croissandeau et ses invit\u00e9s de d\u00e9battre des petits et grands sujets qui font l'actualit\u00e9, avec une grande libert\u00e9 de ton. Du lundi au vendredi, en deuxi\u00e8me partie de soir\u00e9e, le journaliste politique anime ce regard pointu sur les r\u00e9alit\u00e9s de l'\u00e9poque actuelle. Un moment d'\u00e9c", "start_date": "2026-09-04T01:10:00+00:00", "title": "Pour tout dire"}, {"desc": "De l'expertise, de l'humeur et des convictions : c'est le cocktail de \"Pour tout dire\", un rendez-vous qui permet \u00e0 Matthieu Croissandeau et ses invit\u00e9s de d\u00e9battre des petits et grands sujets qui font l'actualit\u00e9, avec une grande libert\u00e9 de ton. Du lundi au vendredi, en deuxi\u00e8me partie de soir\u00e9e, le journaliste politique anime ce regard pointu sur les r\u00e9alit\u00e9s de l'\u00e9poque actuelle. Un moment d'\u00e9c", "start_date": "2026-09-04T01:40:00+00:00", "title": "Pour tout dire"}, {"desc": "Trois mois apr\u00e8s sa disparition, le corps d'Ana\u00efs est d\u00e9couvert au bord de la RN 66. La fillette est habill\u00e9e comme le jour de sa disparition mais ne porte ni chaussures, ni manteau. L'autopsie r\u00e9v\u00e8le qu'elle est morte par asphyxie. Le p\u00e8re d'Ana\u00efs va tout faire pour obtenir la r\u00e9ouverture du dossier. D'autant qu'un myst\u00e9rieux corbeau n'a cess\u00e9 de revendiquer l'enl\u00e8vement d'Ana\u00efs en envoyant des l", "start_date": "2026-09-04T02:40:00+00:00", "title": "Non \u00e9lucid\u00e9"}, {"desc": "Le 24 juin 1991, le corps de Ghislaine Marchal est retrouv\u00e9 gisant dans une mare de sang, dans la cave de sa villa de Mougins, pr\u00e8s de Cannes. Sur une porte menant \u00e0 la cave, les gendarmes d\u00e9couvrent une inscription en lettres de sang rest\u00e9e c\u00e9l\u00e8bre : \"Omar m'a tuer\". Ces mots semblent d\u00e9signer Omar Raddad, le jardinier de Ghislaine Marchal depuis trois ans.", "start_date": "2026-09-04T04:20:00+00:00", "title": "Non \u00e9lucid\u00e9"}, {"desc": "Le 18 mars 2015, lorsque Nathalie Tronche, la maman de Lucas, rentre de son travail \u00e0 18h, son fils a disparu et l'adolescent ne r\u00e9pond pas au t\u00e9l\u00e9phone. Le SRPJ de Montpellier est saisi de l'enqu\u00eate. Un avis de recherche est diffus\u00e9. Les enqu\u00eateurs parviennent \u00e0 identifier un homme qui est plac\u00e9 en garde \u00e0 vue.", "start_date": "2026-09-04T06:00:00+00:00", "title": "Non \u00e9lucid\u00e9"}, {"desc": "Nadine Chabert a disparu le 10 juin 2003, le jour m\u00eame de la conciliation du divorce qu'elle souhaitait en se s\u00e9parant de celui qui \u00e9tait alors son mari. Elle n'a rien emmen\u00e9 de ses affaires et ses proches demeurent sans nouvelles d'elle. A-t-elle \u00e9t\u00e9 victime d'un homicide ?", "start_date": "2026-09-04T07:45:00+00:00", "title": "Non \u00e9lucid\u00e9"}, {"desc": "Le mardi 28 f\u00e9vrier 2012, \u00e0 Saint-Malo, le corps d'une adolescente est retrouv\u00e9 en contrebas d'une falaise. La victime, \u00e2g\u00e9e de 16 ans, s'appelle C\u00e9line Giboire. Son autopsie r\u00e9v\u00e8le qu'elle a \u00e9t\u00e9 viol\u00e9e. Les enqu\u00eateurs apprennent que la derni\u00e8re personne \u00e0 avoir vu C\u00e9line en vie est un homme, d\u00e9j\u00e0 condamn\u00e9 dans une affaire d'homicide.", "start_date": "2026-09-04T09:30:00+00:00", "title": "Non \u00e9lucid\u00e9"}, {"desc": "Les fruits d'\u00e9t\u00e9, ceux qui se r\u00e9coltent de juin \u00e0 ao\u00fbt, \u00e0 savoir les p\u00eaches les abricots, les melons, les fraises, les framboises et la figue, apportent leur lot de bonnes recettes sucr\u00e9es. Pour commencer ce p\u00e9riple fruitier, direction l'Ard\u00e8che pour cueillir et go\u00fbter la c\u00e9l\u00e8bre myrtille sauvage. En fin d'\u00e9mission, Julie a donn\u00e9 rendez-vous au chef Arnaud Donckele pour tenter de lui arracher une ", "start_date": "2026-09-04T11:10:00+00:00", "title": "Les carnets de Julie"}, {"desc": "Dans les Pyr\u00e9n\u00e9es-Orientales, Julie d\u00e9couvre la recette du mar y montanya. En Corse, elle go\u00fbte \u00e0 la tourte aux herbes, avant de cueillir des plantes aromatiques dans le Luberon.", "start_date": "2026-09-04T12:15:00+00:00", "title": "Les carnets de Julie"}, {"desc": "En cette fin septembre, c'est encore la saison des vendanges. A cette occasion, Julie Andrieu propose un voyage dans les vignobles fran\u00e7ais. Au sommaire : \"Le poulet au champagne\". - \"Les maquereaux marin\u00e9s\". - \"Le moelleux au Muscat\".", "start_date": "2026-09-04T13:15:00+00:00", "title": "Les carnets de Julie"}, {"desc": "Le pain est peut-\u00eatre l'aliment le plus consomm\u00e9 en France. Julie est partie \u00e0 la rencontre d'artisans boulangers et de meuniers, afin de d\u00e9couvrir des recettes ancestrales \u00e0 base de pain. Au sommaire : \"La mique d'Yvette\". - \"Le kig ha farz de Betty\". - \"La soupe de pain grill\u00e9 de Pascal\".", "start_date": "2026-09-04T14:20:00+00:00", "title": "Les carnets de Julie"}, {"desc": "Brenda Leigh et Fritz apprennent \u00e0 vivre ensemble. Les parents de Brenda Leigh, des gens du Sud tr\u00e8s traditionalistes, insistent pour qu'ils se marient. Paral\u00e8llement, le jeune fr\u00e8re de l'officier Sanchez est abattu en pleine rue. Pour que justice soit rendue, Sanchez se montre pr\u00eat \u00e0 tout, y compris \u00e0 contourner la loi. Enfin, tandis qu'un article du Times s\u00e8me la zizanie dans le service, une jeu", "start_date": "2026-09-04T15:25:00+00:00", "title": "The Closer : L.A. enqu\u00eates prioritaires"}, {"desc": "Brenda Leigh et Fritz apprennent \u00e0 vivre ensemble. Les parents de Brenda Leigh, des gens du Sud tr\u00e8s traditionalistes, insistent pour qu'ils se marient. Paral\u00e8llement, le jeune fr\u00e8re de l'officier Sanchez est abattu en pleine rue. Pour que justice soit rendue, Sanchez se montre pr\u00eat \u00e0 tout, y compris \u00e0 contourner la loi. Enfin, tandis qu'un article du Times s\u00e8me la zizanie dans le service, une jeu", "start_date": "2026-09-04T16:15:00+00:00", "title": "The Closer : L.A. enqu\u00eates prioritaires"}, {"desc": "Brenda Leigh et Fritz apprennent \u00e0 vivre ensemble. Les parents de Brenda Leigh, des gens du Sud tr\u00e8s traditionalistes, insistent pour qu'ils se marient. Paral\u00e8llement, le jeune fr\u00e8re de l'officier Sanchez est abattu en pleine rue. Pour que justice soit rendue, Sanchez se montre pr\u00eat \u00e0 tout, y compris \u00e0 contourner la loi. Enfin, tandis qu'un article du Times s\u00e8me la zizanie dans le service, une jeu", "start_date": "2026-09-04T17:10:00+00:00", "title": "The Closer : L.A. enqu\u00eates prioritaires"}, {"desc": "Brenda Leigh et Fritz apprennent \u00e0 vivre ensemble. Les parents de Brenda Leigh, des gens du Sud tr\u00e8s traditionalistes, insistent pour qu'ils se marient. Paral\u00e8llement, le jeune fr\u00e8re de l'officier Sanchez est abattu en pleine rue. Pour que justice soit rendue, Sanchez se montre pr\u00eat \u00e0 tout, y compris \u00e0 contourner la loi. Enfin, tandis qu'un article du Times s\u00e8me la zizanie dans le service, une jeu", "start_date": "2026-09-04T18:00:00+00:00", "title": "The Closer : L.A. enqu\u00eates prioritaires"}, {"desc": "Philippe Charlier, m\u00e9decin l\u00e9giste et anthropologue reconnu, tente de v\u00e9rifier les preuves disponibles qui attestent du d\u00e9c\u00e8s d'Adolf Hitler. Le dictateur nazi s'est suicid\u00e9 dans son bunker, le 30 avril 1945. Pendant deux ans, avec l'aide du documentariste Jean-Christophe Brisard, il multiplie les investigations aupr\u00e8s des autorit\u00e9s russes. O\u00f9 se trouve la d\u00e9pouille d'Hitler ? Le Kremlin a progres", "start_date": "2026-09-04T18:55:00+00:00", "title": "Le myst\u00e8re de la mort d'Hitler"}, {"desc": "Tout le monde a oubli\u00e9 Hjalmar Schacht. Personnage sulfureux, controvers\u00e9, ha\u00ef et admir\u00e9, il fut pourtant l'un des hommes les plus importants de l'histoire \u00e9conomique du XXe si\u00e8cle, celui qui brisa l'hyperinflation allemande de 1923 et sortit l'Allemagne de la grande crise des ann\u00e9es 1930. Mais cet \u00e9conomiste au destin unique est aussi un homme maudit, marqu\u00e9 \u00e0 tout jamais par sa collaboration ave", "start_date": "2026-09-04T19:55:00+00:00", "title": "L'incroyable banquier d'Hitler"}, {"desc": "De l'expertise, de l'humeur et des convictions : c'est le cocktail de \"Pour tout dire\", un rendez-vous qui permet \u00e0 Matthieu Croissandeau et ses invit\u00e9s de d\u00e9battre des petits et grands sujets qui font l'actualit\u00e9, avec une grande libert\u00e9 de ton. Du lundi au vendredi, en deuxi\u00e8me partie de soir\u00e9e, le journaliste politique anime ce regard pointu sur les r\u00e9alit\u00e9s de l'\u00e9poque actuelle. Un moment d'\u00e9c", "start_date": "2026-09-04T21:00:00+00:00", "title": "Pour tout dire"}, {"desc": "De l'expertise, de l'humeur et des convictions : c'est le cocktail de \"Pour tout dire\", un rendez-vous qui permet \u00e0 Matthieu Croissandeau et ses invit\u00e9s de d\u00e9battre des petits et grands sujets qui font l'actualit\u00e9, avec une grande libert\u00e9 de ton. Du lundi au vendredi, en deuxi\u00e8me partie de soir\u00e9e, le journaliste politique anime ce regard pointu sur les r\u00e9alit\u00e9s de l'\u00e9poque actuelle. Un moment d'\u00e9c", "start_date": "2026-09-04T21:30:00+00:00", "title": "Pour tout dire"}, {"desc": "Le 18 mars 2015, lorsque Nathalie Tronche, la maman de Lucas, rentre de son travail \u00e0 18h, son fils a disparu et l'adolescent ne r\u00e9pond pas au t\u00e9l\u00e9phone. Le SRPJ de Montpellier est saisi de l'enqu\u00eate. Un avis de recherche est diffus\u00e9. Les enqu\u00eateurs parviennent \u00e0 identifier un homme qui est plac\u00e9 en garde \u00e0 vue.", "start_date": "2026-09-04T22:35:00+00:00", "title": "Non \u00e9lucid\u00e9"}, {"desc": "De l'expertise, de l'humeur et des convictions : c'est le cocktail de \"Pour tout dire\", un rendez-vous qui permet \u00e0 Matthieu Croissandeau et ses invit\u00e9s de d\u00e9battre des petits et grands sujets qui font l'actualit\u00e9, avec une grande libert\u00e9 de ton. Du lundi au vendredi, en deuxi\u00e8me partie de soir\u00e9e, le journaliste politique anime ce regard pointu sur les r\u00e9alit\u00e9s de l'\u00e9poque actuelle. Un moment d'\u00e9c", "start_date": "2026-09-05T01:10:00+00:00", "title": "Pour tout dire"}, {"desc": "De l'expertise, de l'humeur et des convictions : c'est le cocktail de \"Pour tout dire\", un rendez-vous qui permet \u00e0 Matthieu Croissandeau et ses invit\u00e9s de d\u00e9battre des petits et grands sujets qui font l'actualit\u00e9, avec une grande libert\u00e9 de ton. Du lundi au vendredi, en deuxi\u00e8me partie de soir\u00e9e, le journaliste politique anime ce regard pointu sur les r\u00e9alit\u00e9s de l'\u00e9poque actuelle. Un moment d'\u00e9c", "start_date": "2026-09-05T01:40:00+00:00", "title": "Pour tout dire"}, {"desc": "Nadine Chabert a disparu le 10 juin 2003, le jour m\u00eame de la conciliation du divorce qu'elle souhaitait en se s\u00e9parant de celui qui \u00e9tait alors son mari. Elle n'a rien emmen\u00e9 de ses affaires et ses proches demeurent sans nouvelles d'elle. A-t-elle \u00e9t\u00e9 victime d'un homicide ?", "start_date": "2026-09-05T02:45:00+00:00", "title": "Non \u00e9lucid\u00e9"}, {"desc": "En 2011, le corps de Patricia Bouchon est d\u00e9couvert \u00e0 Villematier, en Haute-Garonne. Cette m\u00e8re de famille de 49 ans avait disparu depuis le 14 f\u00e9vrier. L'autopsie r\u00e9v\u00e8le qu'elle a \u00e9t\u00e9 battue \u00e0 mort et qu'elle n'a pas subi de violences sexuelles. D\u00e9but 2014, son assassinat demeure non \u00e9lucid\u00e9.", "start_date": "2026-09-05T05:05:00+00:00", "title": "Non \u00e9lucid\u00e9"}, {"desc": "Cap sur Casa Youm, maison d'h\u00f4tes perch\u00e9e sur les hauteurs de l'Estaque \u00e0 Marseille, o\u00f9 se conjuguent charme m\u00e9diterran\u00e9en, savoir-faire artisanal et atmosph\u00e8re chaleureuse. Rencontre ensuite avec Micka\u00ebl Koska, designer qui fa\u00e7onne objets, luminaires et mobilier aux lignes \u00e9pur\u00e9es, en privil\u00e9giant les mat\u00e9riaux recycl\u00e9s. Enfin, immersion \u00e0 la Coutellerie du Panier, o\u00f9 se cr\u00e9ent, pi\u00e8ce apr\u00e8s pi\u00e8ce", "start_date": "2026-09-05T06:40:00+00:00", "title": "M comme Maison"}, {"desc": "Magali Avignon, fondatrice d'Enamoura, ouvre les portes de sa maison au charme singulier. Rencontre ensuite avec B\u00e9atrice Sosna, de l'Atelier Poupe, qui transforme objets marins et cordages en luminaires responsables. Direction \u00e9galement un showroom d\u00e9di\u00e9 au mobilier et aux objets du XXe si\u00e8cle, tenu par deux passionn\u00e9es, avant de dresser le portrait de L\u00e9a Ca\u00efe, jeune c\u00e9ramiste qui mod\u00e8le \u00e0 la ma", "start_date": "2026-09-05T07:40:00+00:00", "title": "M comme Maison"}, {"desc": "Dans un h\u00f4tel de charme situ\u00e9 dans le quartier de Montmartre, les propri\u00e9taires ont mis un point d'honneur \u00e0 avoir une d\u00e9marche \u00e9coresponsable dans les travaux de r\u00e9habilitation, en r\u00e9utilisant les gravats du chantier en terrazzo. Vanessa Faivre a compl\u00e8tement r\u00e9adapt\u00e9 les volumes d'une maison pour une famille et ses enfants.", "start_date": "2026-09-05T08:40:00+00:00", "title": "M comme Maison"}, {"desc": "Daphn\u00e9 Desjeux, Kostia, Olivier Vallaeys ou encore Audrey Chamoret Devergne allient les styles et les \u00e9poques dans la d\u00e9coration et l'am\u00e9nagement.", "start_date": "2026-09-05T09:35:00+00:00", "title": "M comme Maison"}, {"desc": "Thierry Michault a redonn\u00e9 une nouvelle vie contemporaine \u00e0 une ancienne ferme nourrici\u00e8re du ch\u00e2teau de Versailles. Visite d'un h\u00f4tel qui gr\u00e2ce \u00e0 l'architecte Christophe Bachmann a \u00e9t\u00e9 totalement m\u00e9tamorphos\u00e9 et d\u00e9cor\u00e9 avec \u00e9l\u00e9gance dans une ambiance d'atelier d'artiste ch\u00e8re au peintre Camille Corot. Jean Baptiste Martin, restaurateur du patrimoine, sp\u00e9cialiste du papier peint rafle tous les suc", "start_date": "2026-09-05T10:30:00+00:00", "title": "M comme Maison"}, {"desc": "Le plus grand refuge animalier ouvre ses portes et se pr\u00e9pare \u00e0 vivre la p\u00e9riode la plus charg\u00e9e de l'ann\u00e9e. En effet, un chien bless\u00e9 est ramen\u00e9 par les pompiers, suivi quelques heures plus tard de chatons, r\u00e9cup\u00e9r\u00e9s par des passants dans une poubelle. Le personnel accueillera \u00e9galement un propri\u00e9taire contraint d'abandonner son animal. Malgr\u00e9 ces moments forts en \u00e9motion, le personnel du refuge ", "start_date": "2026-09-05T11:30:00+00:00", "title": "Sans collier"}, {"desc": "\"Lulu, le craintif\" est particuli\u00e8rement sensible. Au refuge, Rachel qui a rejoint l'\u00e9quipe il y a quelques mois, profite d'un moment privil\u00e9gi\u00e9 afin de pr\u00e9senter son petit prot\u00e9g\u00e9 aux autres pensionnaires. La jeune animali\u00e8re esp\u00e8re trouver le foyer id\u00e9al pour le petit chien afin qu'il se sente enfin en s\u00e9curit\u00e9. Gangster, un chien sourd au grand coeur, s\u00e9duit lui aussi par son dynamisme et sa jo", "start_date": "2026-09-05T12:30:00+00:00", "title": "Sans collier"}, {"desc": "Alors qu'un \u00e9pisode caniculaire hors du commun s'abat sur toute la France, la situation s'annonce critique pour les centaines de chiens et de chats rest\u00e9s au refuge. La ville de Montpellier est particuli\u00e8rement touch\u00e9e par le ph\u00e9nom\u00e8ne et les temp\u00e9ratures annonc\u00e9es d\u00e9passent largement les 40 degr\u00e9s. A l'occasion de la journ\u00e9e portes-ouvertes, l'air semble un peu plus respirable ce qui rassure l'\u00e9q", "start_date": "2026-09-05T13:35:00+00:00", "title": "Sans collier"}, {"desc": "L'\u00e9quipe du refuge fait face \u00e0 une affaire d\u00e9licate, toujours pr\u00eate \u00e0 d\u00e9fendre la cause animale. Annie et tous ses employ\u00e9s sont d\u00e9termin\u00e9s \u00e0 prendre soin de Prince. A la chatterie, les b\u00e9n\u00e9voles baptis\u00e9es \"les dames chats\" sont toujours fid\u00e8les au poste. Aujourd'hui, elles ont pour mission de faire adopter un des chats les plus \u00e2g\u00e9s. Le refuge de Montpellier compte 300 b\u00e9n\u00e9voles dont 80 tr\u00e8s acti", "start_date": "2026-09-05T14:40:00+00:00", "title": "Sans collier"}, {"desc": "Le refuge situ\u00e9 au c\u0153ur de la garrigue est encercl\u00e9 par un terrible incendie. Toute l'\u00e9quipe se mobilise pour \u00e9vacuer les chiens situ\u00e9s dans les boxes c\u00f4t\u00e9 fourri\u00e8re, trop pr\u00e8s des flammes. Dans la panique, certains animaux vont \u00eatre confi\u00e9s \u00e0 de bonnes \u00e2mes venues porter secours. Mais une fois le feu \u00e9teint, l'\u00e9quipe doit encore d\u00e9barrasser le refuge des stigmates de l'incendie et tout mettre en ", "start_date": "2026-09-05T15:40:00+00:00", "title": "Sans collier"}, {"desc": "Au refuge, Pierrick est missionn\u00e9 pour r\u00e9cup\u00e9r\u00e9 un chien errant sur le bord de la route. L'animal, quasi aveugle, manque clairement de soins. Le vieux chien pourrait avoir \u00e9t\u00e9 abandonn\u00e9 par ses propri\u00e9taires. Puis, le soigneur am\u00e8ne chez le v\u00e9t\u00e9rinaire un jeune braque allemand compl\u00e8tement d\u00e9charn\u00e9 et affaibli, dont la situation inqui\u00e8te particuli\u00e8rement la directrice, Annie, et ses \u00e9quipes. Le v\u00e9", "start_date": "2026-09-05T16:45:00+00:00", "title": "Sans collier"}, {"desc": "Toutes les matin\u00e9es au refuge sont consacr\u00e9es au soin des animaux et Rachel, qui a rejoint l'\u00e9quipe il y a quelques mois, profite de ce moment privil\u00e9gi\u00e9 avec ses pensionnaires pour pr\u00e9senter l'un de ses petits prot\u00e9g\u00e9s : Lulu. La jeune animali\u00e8re arrivera-t-elle \u00e0 trouver le foyer id\u00e9al pour ce petit chien excessivement craintif ? Dans le m\u00eame \u00e9pisode, d\u00e9couvrez \u00e9galement Gangster, un chien sourd", "start_date": "2026-09-05T17:45:00+00:00", "title": "Sans collier"}, {"desc": "Pour obtenir une remise de peine, Tony, Guismo et Nabil, trois d\u00e9tenus que tout oppose, doivent monter une pi\u00e8ce de th\u00e9\u00e2tre classique devant le ministre de la Justice, \u00e0 l'occasion d'une visite de ce dernier dans leur prison. De r\u00e9p\u00e9titions foireuses en tentatives improbables, ils vont nouer une complicit\u00e9 joyeuse et d\u00e9lirante. Les voil\u00e0 en route pour une grande \u00e9vasion artistique. Corneille, Alex", "start_date": "2026-09-05T18:55:00+00:00", "title": "La grande \u00e9vasion"}, {"desc": "En novembre 2008, Jacques Heus\u00e8le, un assureur d'Arras de 59 ans, disparait. Deux mois plus tard, son cadavre est rep\u00each\u00e9 dans une rivi\u00e8re belge. Depuis 2010, une information pour chantage, vol, assassinat est ouverte par le parquet de B\u00e9thune. Mais, pour l'instant, le myst\u00e8re reste entier.", "start_date": "2026-09-05T20:35:00+00:00", "title": "Non \u00e9lucid\u00e9"}, {"desc": "Le lundi 29 janvier 2001, Christian Poucet, syndicaliste engag\u00e9 dans la d\u00e9fense des petits commer\u00e7ants et homme d'affaires de 44 ans, arrive dans les locaux de l'une de ses soci\u00e9t\u00e9s \u00e0 Baillargues, dans l'H\u00e9rault. Quelques minutes plus tard, deux hommes cagoul\u00e9s entrent et l'abattent.", "start_date": "2026-09-05T22:15:00+00:00", "title": "Non \u00e9lucid\u00e9"}, {"desc": "En 2011, le corps de Patricia Bouchon est d\u00e9couvert \u00e0 Villematier, en Haute-Garonne. Cette m\u00e8re de famille de 49 ans avait disparu depuis le 14 f\u00e9vrier. L'autopsie r\u00e9v\u00e8le qu'elle a \u00e9t\u00e9 battue \u00e0 mort et qu'elle n'a pas subi de violences sexuelles. D\u00e9but 2014, son assassinat demeure non \u00e9lucid\u00e9.", "start_date": "2026-09-05T23:55:00+00:00", "title": "Non \u00e9lucid\u00e9"}], "offset": "+00:00", "timezone": "UTC", "error_code": -1, "start_date": "2026-09-04", "icon": ""}