{"end_date": "2026-09-03", "name": "France 2 ", "info_url": "https://epg.pw/channels/549028/20260902.html", "country": "France", "description": null, "error_message": "", "provider": "", "source_url": "https://epg.pw/api/epg.json?channel_id=549028&date=20260902&timezone=None", "epg_list": [{"desc": "Julia Vignali accueillera et accompagnera les propri\u00e9taires d'objets lors de leur expertise par l'un de nos commissaires-priseurs. En accord avec l'estimation de l'expert, Julia Vignali remettra un Pass au propri\u00e9taire, pr\u00e9cieux s\u00e9same pour se pr\u00e9senter en salle des ventes devant nos acheteurs. Le vendeur pourra esp\u00e9rer tirer le meilleur prix de son objet en le vendant aux ench\u00e8res \u00e0 une s\u00e9lection", "start_date": "2026-09-02T00:00:00+00:00", "title": "Affaire conclue, tout le monde a quelque chose \u00e0 vendre"}, {"desc": "A partir de 2008, Eduardo Hermida, s'est mis \u00e0 peindre sur les murs du quartier de Canido \u00e0 Ferro, en Espagne, mettant l'art \u00e0 la port\u00e9e de toutes et tous.", "start_date": "2026-09-02T00:40:00+00:00", "title": "Courant d'art"}, {"desc": "Cam\u00e9raman reporter, Xavier Petit part \u00e0 la d\u00e9couverte d'un pays, d'une ville, d'un peuple et, bien s\u00fbr, d'un march\u00e9 traditionnel et d'une sp\u00e9cialit\u00e9 locale.", "start_date": "2026-09-02T01:00:00+00:00", "title": "Pays et march\u00e9s du monde"}, {"desc": "Quiz de culture g\u00e9n\u00e9rale au cours duquel 6 candidats vont tenter chaque jour de d\u00e9loger le champion en titre (qui accumule les gains d'\u00e9mission en \u00e9mission) et de prendre sa place. Les 2 premi\u00e8res manches, \"les qualifs.", "start_date": "2026-09-02T01:10:00+00:00", "title": "Tout le monde veut prendre sa place"}, {"desc": "Un rendez-vous r\u00e9veil-matin, avec un point sur l'actualit\u00e9 assorti de diff\u00e9rentes rubriques qui permettent d'en explorer certains aspects plus en profondeur.", "start_date": "2026-09-02T02:00:00+00:00", "title": "Le 6h info"}, {"desc": "De l'info et de la bonne humeur, sept jours sur sept : r\u00e9solument dans l'air du temps, la premi\u00e8re matinale de France, forte de sa richesse \u00e9ditoriale et de sa dynamique d'\u00e9quipe, aborde de nombreuses th\u00e9matiques et traite l'actualit\u00e9 avec s\u00e9rieux et sans dramatisation.", "start_date": "2026-09-02T02:30:00+00:00", "title": "T\u00e9l\u00e9matin"}, {"desc": "Pour bien d\u00e9marrer la journ\u00e9e, la r\u00e9daction de France 2 propose un point sur l'actualit\u00e9. Les principales informations nationales et internationales sont pass\u00e9es en revue.", "start_date": "2026-09-02T04:00:00+00:00", "title": "Journal 08h00"}, {"desc": "De l'info et de la bonne humeur, sept jours sur sept : r\u00e9solument dans l'air du temps, la premi\u00e8re matinale de France, forte de sa richesse \u00e9ditoriale et de sa dynamique d'\u00e9quipe, aborde de nombreuses th\u00e9matiques et traite l'actualit\u00e9 avec s\u00e9rieux et sans dramatisation.", "start_date": "2026-09-02T04:30:00+00:00", "title": "T\u00e9l\u00e9matin"}, {"desc": "Agathe et sa bande vous accueillent dans \"T\u00e9l\u00e9matin, la suite.", "start_date": "2026-09-02T05:15:00+00:00", "title": "T\u00e9l\u00e9matin, la suite"}, {"desc": "Un point m\u00e9t\u00e9o complet sur la m\u00e9t\u00e9o dans les Outre-mer, avec les pr\u00e9visions de temp\u00e9ratures et la force des vents.", "start_date": "2026-09-02T06:41:00+00:00", "title": "Journal M\u00e9t\u00e9o climat outre-mer"}, {"desc": "Des participants tir\u00e9s au sort parmi le public doivent r\u00e9pondre \u00e0 des questions de culture g\u00e9n\u00e9rale dans l'espoir de se qualifier pour la deuxi\u00e8me \u00e9preuve\u2009: le billard japonais, un jeu d'adresse qui peut rapporter cadeaux et argent. Les candidats qui perdent leur duel de culture g\u00e9n\u00e9rale r\u00e9int\u00e8grent le public et peuvent donc \u00eatre \u00e0 nouveau tir\u00e9s au sort.", "start_date": "2026-09-02T06:45:00+00:00", "title": "Chacun son Tour"}, {"desc": "Des participants tir\u00e9s au sort parmi le public doivent r\u00e9pondre \u00e0 des questions de culture g\u00e9n\u00e9rale dans l'espoir de se qualifier pour la deuxi\u00e8me \u00e9preuve\u2009: le billard japonais, un jeu d'adresse qui peut rapporter cadeaux et argent. Les candidats qui perdent leur duel de culture g\u00e9n\u00e9rale r\u00e9int\u00e8grent le public et peuvent donc \u00eatre \u00e0 nouveau tir\u00e9s au sort.", "start_date": "2026-09-02T07:25:00+00:00", "title": "Chacun son Tour"}, {"desc": "Quiz de culture g\u00e9n\u00e9rale au cours duquel 6 candidats vont tenter chaque jour de d\u00e9loger le champion en titre (qui accumule les gains d'\u00e9mission en \u00e9mission) et de prendre sa place. Les 2 premi\u00e8res manches, \"les qualifs.", "start_date": "2026-09-02T07:55:00+00:00", "title": "Tout le monde veut prendre sa place"}, {"desc": "Un point quotidien sur l'actualit\u00e9 m\u00e9t\u00e9o et climatique, avec des reportages et des interviews d'experts.", "start_date": "2026-09-02T08:55:00+00:00", "title": "Journal M\u00e9t\u00e9o Climat"}, {"desc": "Tous les jours, \u00e0 13h, la r\u00e9daction propose un point sur l'actualit\u00e9. Les informations nationales et internationales sont pass\u00e9es \u00e0 la loupe et mises en perspective, illustr\u00e9es par des reportages sur le terrain.", "start_date": "2026-09-02T09:00:00+00:00", "title": "Journal 13h00"}, {"desc": "Un point quotidien sur l'actualit\u00e9 m\u00e9t\u00e9o et climatique, avec des reportages et des interviews d'experts.", "start_date": "2026-09-02T09:40:00+00:00", "title": "Journal M\u00e9t\u00e9o Climat"}, {"desc": "Romans, essais, classiques ou encore bandes dessin\u00e9es, Fran\u00e7ois Busnel vous propose chaque jour de d\u00e9couvrir ou red\u00e9couvrir une \u0153uvre fran\u00e7aise ou \u00e9trang\u00e8re : du lundi au dimanche sur toutes les antennes du groupe France T\u00e9l\u00e9visions !", "start_date": "2026-09-02T09:45:00+00:00", "title": "La p'tite librairie"}, {"desc": "Tous les jours, Faustine BOLLAERT accueille sur le plateau de \\\" Ca commence aujourd'hui \\\" des hommes et des femmes qui viennent t\u00e9moigner sur une p\u00e9riode de leur vie, un drame, une \u00e9preuve, un cap \u00e0 passer ou un changement, et qui font souvent \u00e9cho \u00e0 de grands sujets de soci\u00e9t\u00e9. Entour\u00e9e d'experts : psychologues, psychiatres, avocats, gyn\u00e9cologue, Faustine aide les t\u00e9moins et les t\u00e9l\u00e9spectateurs", "start_date": "2026-09-02T09:55:00+00:00", "title": "\u00c7a commence aujourd'hui"}, {"desc": "Pour cette semaine sp\u00e9ciale mensonges et trahisons, Faustine Bollaert re\u00e7oit sur le plateau des m\u00e8res avec une particularit\u00e9 : elles ont plusieurs enfants, de 4 p\u00e8res diff\u00e9rents !\u00c0 43 ans, Romy a 7 enfants : Mia, 23 ans, Emmy, 19 ans, Lenny, 18 ans, M\u00e9lie, 16 ans, Callie, 13 ans, Lily, 11 ans et Maddie, 8 ans. Cette v\u00e9ritable amoureuse de l\u2019amour a connu plusieurs grandes histoires romantiques, se", "start_date": "2026-09-02T11:05:00+00:00", "title": "\u00c7a commence aujourd'hui"}, {"desc": "Julia Vignali accueillera et accompagnera les propri\u00e9taires d'objets lors de leur expertise par l'un de nos commissaires-priseurs. En accord avec l'estimation de l'expert, Julia Vignali remettra un Pass au propri\u00e9taire, pr\u00e9cieux s\u00e9same pour se pr\u00e9senter en salle des ventes devant nos acheteurs. Le vendeur pourra esp\u00e9rer tirer le meilleur prix de son objet en le vendant aux ench\u00e8res \u00e0 une s\u00e9lection", "start_date": "2026-09-02T12:20:00+00:00", "title": "Affaire conclue, tout le monde a quelque chose \u00e0 vendre"}, {"desc": "Julia Vignali accueillera et accompagnera les propri\u00e9taires d'objets lors de leur expertise par l'un de nos commissaires-priseurs. En accord avec l'estimation de l'expert, Julia Vignali remettra un Pass au propri\u00e9taire, pr\u00e9cieux s\u00e9same pour se pr\u00e9senter en salle des ventes devant nos acheteurs. Le vendeur pourra esp\u00e9rer tirer le meilleur prix de son objet en le vendant aux ench\u00e8res \u00e0 une s\u00e9lection", "start_date": "2026-09-02T13:15:00+00:00", "title": "Affaire conclue, tout le monde a quelque chose \u00e0 vendre"}, {"desc": "Mot de passe - Le Duel est un jeu qui consiste \u00e0 faire deviner des mots \u00e0 un partenaire de jeu en donnant des mots indices. Il se joue avec deux candidats face \u00e0 deux c\u00e9l\u00e9brit\u00e9s. Du lundi au jeudi, ce sont les Duels et la Finale se joue en fin de semaine, le vendredi, avec le meilleur des 2 candidats et les deux c\u00e9l\u00e9brit\u00e9s.", "start_date": "2026-09-02T14:01:00+00:00", "title": "Mot de passe : le duel"}, {"desc": "\u00c9mission quotidienne pour jouer avec la langue fran\u00e7aise et enrichir sa culture g\u00e9n\u00e9rale. Autour de Sidonie Bonnec et Bruno Guillon, 2 \u00e9quipes jouent en r\u00e9pondant \u00e0 des questions. Chacune est constitu\u00e9e d'un candidat, \u00e9paul\u00e9 par 2 personnalit\u00e9s : humoristes, com\u00e9diens, journalistes...", "start_date": "2026-09-02T14:05:00+00:00", "title": "Tout le monde a son mot \u00e0 dire"}, {"desc": "Les candidats chantent en karaok\u00e9 accompagn\u00e9s par un orchestre. Quand les mots s'effacent, seuls gagnent ceux qui se souviennent de toutes les paroles.", "start_date": "2026-09-02T14:40:00+00:00", "title": "N'oubliez pas les paroles"}, {"desc": "Les candidats chantent en karaok\u00e9 accompagn\u00e9s par un orchestre. Quand les mots s'effacent, seuls gagnent ceux qui se souviennent de toutes les paroles.", "start_date": "2026-09-02T15:15:00+00:00", "title": "N'oubliez pas les paroles"}, {"desc": "Un point quotidien sur l'actualit\u00e9 m\u00e9t\u00e9o et climatique, avec des reportages et des interviews d'experts.", "start_date": "2026-09-02T15:55:00+00:00", "title": "Journal M\u00e9t\u00e9o Climat"}, {"desc": "Les principales informations nationales et internationales sont pass\u00e9es \u00e0 la loupe et mises en perspective, illustr\u00e9es par des reportages sur le terrain.", "start_date": "2026-09-02T16:00:00+00:00", "title": "Journal 20h00"}, {"desc": "Un point quotidien sur l'actualit\u00e9 m\u00e9t\u00e9o et climatique, avec des reportages et des interviews d'experts.", "start_date": "2026-09-02T16:55:00+00:00", "title": "Journal M\u00e9t\u00e9o Climat"}, {"desc": "Programme Court Parrain\u00e9 avec FTP Annonceur GMF Production VML.", "start_date": "2026-09-02T17:00:00+00:00", "title": "R\u00e9flexe !"}, {"desc": "Une pastille consacr\u00e9e \u00e0 l'actualit\u00e9 musicale, qui braque les projecteurs sur un ou une artiste.", "start_date": "2026-09-02T17:05:00+00:00", "title": "Basique, l'essentiel de la musique"}, {"desc": "La famille Cellier vient d'emm\u00e9nager dans un joli village et s'appr\u00eate \u00e0 passer un dimanche en famille. Apr\u00e8s une altercation avec sa m\u00e8re, leur fille adolescente, Ana\u00efs, claque la porte et part dans la for\u00eat, casque sur les oreilles, alors qu'une battue est en cours pr\u00e8s de chez eux. Elle est gri\u00e8vement bless\u00e9e par le tir accidentel d'Olivier, un chasseur exp\u00e9riment\u00e9, mari\u00e9 et p\u00e8re de famille. Qu", "start_date": "2026-09-02T17:10:00+00:00", "title": "Un dimanche de chasse"}, {"desc": "Veuf depuis deux ans, Joscelin s'\u00e9tourdit dans le travail. Il faut qu'Alice, sa fille de 16 ans, se fasse renvoyer du lyc\u00e9e pour qu'il admette enfin qu'elle aussi va mal. Leurs rapports sont \u00e0 la fois distants et tendus et l'adolescente est envoy\u00e9e contre son gr\u00e9 \u00e0 la campagne. Elle y m\u00e8ne la vie dure \u00e0 ses grands-parents jusqu'\u00e0 ce qu'elle fasse la connaissance de Doucette, une jolie vache dont l", "start_date": "2026-09-02T18:50:00+00:00", "title": "Le combat d'Alice"}, {"desc": "Au coeur d'un village corse, le corps sans vie d'un ancien m\u00e9decin g\u00e9n\u00e9raliste est d\u00e9couvert au c\u00f4t\u00e9 de son \u00e9pouse inconsciente. Marleau soup\u00e7onne leur fille, L\u00e9zia, chirurgienne revenue de Paris pour prendre la suite de son p\u00e8re, de cacher quelque chose. Elle comprend que son retour a cr\u00e9\u00e9 des inimiti\u00e9, dont celle de son ancien fianc\u00e9 qui aurait d\u00fb reprendre le cabinet du d\u00e9funt. Lorsqu'elle sort", "start_date": "2026-09-02T20:20:00+00:00", "title": "Capitaine Marleau"}, {"desc": "C'\u00e9tait une jeune femme de 23 ans, m\u00e8re d'un enfant d'un an, qui menait une vie simple et sans histoire. Pourtant cette nuit d'avril 2012, Ma\u00ebva Rousseau est retrouv\u00e9e sauvagement assassin\u00e9e dans sa petite maison du Val d'Oise. Commence alors une enqu\u00eate aux multiples rebondissements. Elle va mettre au jour une sombre entreprise macabre, aliment\u00e9e par la vengeance, la suspicion et les fantasmes.", "start_date": "2026-09-02T21:55:00+00:00", "title": "Au bout de l'enqu\u00eate, la fin du crime parfait ?"}, {"desc": "Le 8 novembre 1972, s'ouvrait, devant le tribunal correctionnel de Bobigny, le proc\u00e8s de Mich\u00e8le Chevalier, m\u00e8re de la jeune Marie-Claire, jug\u00e9e le mois pr\u00e9c\u00e9dent pour avoir avort\u00e9. Mich\u00e8le Chevalier, qui a assist\u00e9 sa fille, est accus\u00e9e de \"complicit\u00e9 d'avortement\" et jug\u00e9e en m\u00eame temps que deux coll\u00e8gues \u00e0 qui elle a demand\u00e9 de l'aide, ainsi que de l'\"avorteuse\" qui a interrompu la grossesse non", "start_date": "2026-09-02T22:40:00+00:00", "title": "Au bout de l'enqu\u00eate, la fin du crime parfait ?"}, {"desc": "Un point m\u00e9t\u00e9o complet sur la m\u00e9t\u00e9o dans les Outre-mer, avec les pr\u00e9visions de temp\u00e9ratures et la force des vents.", "start_date": "2026-09-02T23:30:00+00:00", "title": "Journal M\u00e9t\u00e9o climat outre-mer"}, {"desc": "Rediffusion des \u00e9missions religieuses du dimanche pr\u00e9c\u00e9dent.", "start_date": "2026-09-02T23:35:00+00:00", "title": "Emissions religieuses"}, {"desc": "Le trafic des tortues alimente le commerce des carapaces ; certaines sont chass\u00e9es pour leur viande, tandis que d'autres deviennent des animaux de compagnie.", "start_date": "2026-09-03T00:30:00+00:00", "title": "Le trafic des tortues"}, {"desc": "Cam\u00e9raman reporter, Xavier Petit part \u00e0 la d\u00e9couverte d'un pays, d'une ville, d'un peuple et, bien s\u00fbr, d'un march\u00e9 traditionnel et d'une sp\u00e9cialit\u00e9 locale.", "start_date": "2026-09-03T00:50:00+00:00", "title": "Pays et march\u00e9s du monde"}, {"desc": "Cam\u00e9raman reporter, Xavier Petit part \u00e0 la d\u00e9couverte d'un pays, d'une ville, d'un peuple et, bien s\u00fbr, d'un march\u00e9 traditionnel et d'une sp\u00e9cialit\u00e9 locale.", "start_date": "2026-09-03T01:00:00+00:00", "title": "Pays et march\u00e9s du monde"}, {"desc": "Quiz de culture g\u00e9n\u00e9rale au cours duquel 6 candidats vont tenter chaque jour de d\u00e9loger le champion en titre (qui accumule les gains d'\u00e9mission en \u00e9mission) et de prendre sa place. Les 2 premi\u00e8res manches, \"les qualifs.", "start_date": "2026-09-03T01:10:00+00:00", "title": "Tout le monde veut prendre sa place"}, {"desc": "Un rendez-vous r\u00e9veil-matin, avec un point sur l'actualit\u00e9 assorti de diff\u00e9rentes rubriques qui permettent d'en explorer certains aspects plus en profondeur.", "start_date": "2026-09-03T02:00:00+00:00", "title": "Le 6h info"}, {"desc": "De l'info et de la bonne humeur, sept jours sur sept : r\u00e9solument dans l'air du temps, la premi\u00e8re matinale de France, forte de sa richesse \u00e9ditoriale et de sa dynamique d'\u00e9quipe, aborde de nombreuses th\u00e9matiques et traite l'actualit\u00e9 avec s\u00e9rieux et sans dramatisation.", "start_date": "2026-09-03T02:30:00+00:00", "title": "T\u00e9l\u00e9matin"}, {"desc": "Pour bien d\u00e9marrer la journ\u00e9e, la r\u00e9daction de France 2 propose un point sur l'actualit\u00e9. Les principales informations nationales et internationales sont pass\u00e9es en revue.", "start_date": "2026-09-03T04:00:00+00:00", "title": "Journal 08h00"}, {"desc": "De l'info et de la bonne humeur, sept jours sur sept : r\u00e9solument dans l'air du temps, la premi\u00e8re matinale de France, forte de sa richesse \u00e9ditoriale et de sa dynamique d'\u00e9quipe, aborde de nombreuses th\u00e9matiques et traite l'actualit\u00e9 avec s\u00e9rieux et sans dramatisation.", "start_date": "2026-09-03T04:30:00+00:00", "title": "T\u00e9l\u00e9matin"}, {"desc": "Agathe et sa bande vous accueillent dans \"T\u00e9l\u00e9matin, la suite.", "start_date": "2026-09-03T05:20:00+00:00", "title": "T\u00e9l\u00e9matin, la suite"}, {"desc": "Un point m\u00e9t\u00e9o complet sur la m\u00e9t\u00e9o dans les Outre-mer, avec les pr\u00e9visions de temp\u00e9ratures et la force des vents.", "start_date": "2026-09-03T06:40:00+00:00", "title": "Journal M\u00e9t\u00e9o climat outre-mer"}, {"desc": "Des participants tir\u00e9s au sort parmi le public doivent r\u00e9pondre \u00e0 des questions de culture g\u00e9n\u00e9rale dans l'espoir de se qualifier pour la deuxi\u00e8me \u00e9preuve\u2009: le billard japonais, un jeu d'adresse qui peut rapporter cadeaux et argent. Les candidats qui perdent leur duel de culture g\u00e9n\u00e9rale r\u00e9int\u00e8grent le public et peuvent donc \u00eatre \u00e0 nouveau tir\u00e9s au sort.", "start_date": "2026-09-03T06:45:00+00:00", "title": "Chacun son Tour"}, {"desc": "Des participants tir\u00e9s au sort parmi le public doivent r\u00e9pondre \u00e0 des questions de culture g\u00e9n\u00e9rale dans l'espoir de se qualifier pour la deuxi\u00e8me \u00e9preuve\u2009: le billard japonais, un jeu d'adresse qui peut rapporter cadeaux et argent. Les candidats qui perdent leur duel de culture g\u00e9n\u00e9rale r\u00e9int\u00e8grent le public et peuvent donc \u00eatre \u00e0 nouveau tir\u00e9s au sort.", "start_date": "2026-09-03T07:25:00+00:00", "title": "Chacun son Tour"}, {"desc": "Quiz de culture g\u00e9n\u00e9rale au cours duquel 6 candidats vont tenter chaque jour de d\u00e9loger le champion en titre (qui accumule les gains d'\u00e9mission en \u00e9mission) et de prendre sa place. Les 2 premi\u00e8res manches, \"les qualifs.", "start_date": "2026-09-03T07:55:00+00:00", "title": "Tout le monde veut prendre sa place"}, {"desc": "Un point quotidien sur l'actualit\u00e9 m\u00e9t\u00e9o et climatique, avec des reportages et des interviews d'experts.", "start_date": "2026-09-03T08:55:00+00:00", "title": "Journal M\u00e9t\u00e9o Climat"}, {"desc": "Tous les jours, \u00e0 13h, la r\u00e9daction propose un point sur l'actualit\u00e9. Les informations nationales et internationales sont pass\u00e9es \u00e0 la loupe et mises en perspective, illustr\u00e9es par des reportages sur le terrain.", "start_date": "2026-09-03T09:00:00+00:00", "title": "Journal 13h00"}, {"desc": "Un point quotidien sur l'actualit\u00e9 m\u00e9t\u00e9o et climatique, avec des reportages et des interviews d'experts.", "start_date": "2026-09-03T09:40:00+00:00", "title": "Journal M\u00e9t\u00e9o Climat"}, {"desc": "Romans, essais, classiques ou encore bandes dessin\u00e9es, Fran\u00e7ois Busnel vous propose chaque jour de d\u00e9couvrir ou red\u00e9couvrir une \u0153uvre fran\u00e7aise ou \u00e9trang\u00e8re : du lundi au dimanche sur toutes les antennes du groupe France T\u00e9l\u00e9visions !", "start_date": "2026-09-03T09:45:00+00:00", "title": "La p'tite librairie"}, {"desc": "Tous les jours, Faustine BOLLAERT accueille sur le plateau de \\\" Ca commence aujourd'hui \\\" des hommes et des femmes qui viennent t\u00e9moigner sur une p\u00e9riode de leur vie, un drame, une \u00e9preuve, un cap \u00e0 passer ou un changement, et qui font souvent \u00e9cho \u00e0 de grands sujets de soci\u00e9t\u00e9. Entour\u00e9e d'experts : psychologues, psychiatres, avocats, gyn\u00e9cologue, Faustine aide les t\u00e9moins et les t\u00e9l\u00e9spectateurs", "start_date": "2026-09-03T09:55:00+00:00", "title": "\u00c7a commence aujourd'hui"}, {"desc": "Faustine Bollaert re\u00e7oit 2 femmes qui ont pass\u00e9 la moiti\u00e9 de leur vie dans une secte sous l'emprise d'un gourou.Suzanne a fait la connaissance de son bourreau \u00e0 l'\u00e2ge de 3 ans, et ce, jusqu'\u00e0 ses 21 ans. Il a su s\u00e9duire sa m\u00e8re et est devenu son \"beau-p\u00e8re\". Il fait 30 enfants avec 4 femmes diff\u00e9rentes et vivent tous ensemble soumis \u00e0 cet homme et ses r\u00e8gles. Elle raconte son exp\u00e9rience et comment", "start_date": "2026-09-03T11:05:00+00:00", "title": "\u00c7a commence aujourd'hui"}, {"desc": "Julia Vignali accueillera et accompagnera les propri\u00e9taires d'objets lors de leur expertise par l'un de nos commissaires-priseurs. En accord avec l'estimation de l'expert, Julia Vignali remettra un Pass au propri\u00e9taire, pr\u00e9cieux s\u00e9same pour se pr\u00e9senter en salle des ventes devant nos acheteurs. Le vendeur pourra esp\u00e9rer tirer le meilleur prix de son objet en le vendant aux ench\u00e8res \u00e0 une s\u00e9lection", "start_date": "2026-09-03T12:20:00+00:00", "title": "Affaire conclue, tout le monde a quelque chose \u00e0 vendre"}, {"desc": "Julia Vignali accueillera et accompagnera les propri\u00e9taires d'objets lors de leur expertise par l'un de nos commissaires-priseurs. En accord avec l'estimation de l'expert, Julia Vignali remettra un Pass au propri\u00e9taire, pr\u00e9cieux s\u00e9same pour se pr\u00e9senter en salle des ventes devant nos acheteurs. Le vendeur pourra esp\u00e9rer tirer le meilleur prix de son objet en le vendant aux ench\u00e8res \u00e0 une s\u00e9lection", "start_date": "2026-09-03T13:15:00+00:00", "title": "Affaire conclue, tout le monde a quelque chose \u00e0 vendre"}, {"desc": "Mot de passe - Le Duel est un jeu qui consiste \u00e0 faire deviner des mots \u00e0 un partenaire de jeu en donnant des mots indices. Il se joue avec deux candidats face \u00e0 deux c\u00e9l\u00e9brit\u00e9s. Du lundi au jeudi, ce sont les Duels et la Finale se joue en fin de semaine, le vendredi, avec le meilleur des 2 candidats et les deux c\u00e9l\u00e9brit\u00e9s.", "start_date": "2026-09-03T14:01:00+00:00", "title": "Mot de passe : le duel"}, {"desc": "\u00c9mission quotidienne pour jouer avec la langue fran\u00e7aise et enrichir sa culture g\u00e9n\u00e9rale. Autour de Sidonie Bonnec et Bruno Guillon, 2 \u00e9quipes jouent en r\u00e9pondant \u00e0 des questions. Chacune est constitu\u00e9e d'un candidat, \u00e9paul\u00e9 par 2 personnalit\u00e9s : humoristes, com\u00e9diens, journalistes...", "start_date": "2026-09-03T14:05:00+00:00", "title": "Tout le monde a son mot \u00e0 dire"}, {"desc": "Les candidats chantent en karaok\u00e9 accompagn\u00e9s par un orchestre. Quand les mots s'effacent, seuls gagnent ceux qui se souviennent de toutes les paroles.", "start_date": "2026-09-03T14:40:00+00:00", "title": "N'oubliez pas les paroles"}, {"desc": "Les candidats chantent en karaok\u00e9 accompagn\u00e9s par un orchestre. Quand les mots s'effacent, seuls gagnent ceux qui se souviennent de toutes les paroles.", "start_date": "2026-09-03T15:15:00+00:00", "title": "N'oubliez pas les paroles"}, {"desc": "Un point quotidien sur l'actualit\u00e9 m\u00e9t\u00e9o et climatique, avec des reportages et des interviews d'experts.", "start_date": "2026-09-03T15:55:00+00:00", "title": "Journal M\u00e9t\u00e9o Climat"}, {"desc": "Les principales informations nationales et internationales sont pass\u00e9es \u00e0 la loupe et mises en perspective, illustr\u00e9es par des reportages sur le terrain.", "start_date": "2026-09-03T16:00:00+00:00", "title": "Journal 20h00"}, {"desc": "Un point quotidien sur l'actualit\u00e9 m\u00e9t\u00e9o et climatique, avec des reportages et des interviews d'experts.", "start_date": "2026-09-03T16:55:00+00:00", "title": "Journal M\u00e9t\u00e9o Climat"}, {"desc": "Programme Court Parrain\u00e9 avec FTP Annonceur GMF Production VML.", "start_date": "2026-09-03T17:00:00+00:00", "title": "R\u00e9flexe !"}, {"desc": "Une pastille consacr\u00e9e \u00e0 l'actualit\u00e9 musicale, qui braque les projecteurs sur un ou une artiste.", "start_date": "2026-09-03T17:05:00+00:00", "title": "Basique, l'essentiel de la musique"}, {"desc": "Au sommaire : \"Pompiers volontaires, l'engagement \u00e0 l'\u00e9preuve\". Chaque ann\u00e9e, les pompiers volontaires r\u00e9alisent 80% des interventions, mais depuis plusieurs ann\u00e9es partout en France, les casernes craquent en silence. Durant plusieurs mois, \"Envoy\u00e9 Sp\u00e9cial\" a suivi le quotidien de ces volontaires qui jonglent entre vie personnelle, vie professionnelle et une vie d'engagement au sein de leur casern", "start_date": "2026-09-03T17:10:00+00:00", "title": "Envoy\u00e9 sp\u00e9cial"}, {"desc": "C'est un sujet hautement inflammable : la r\u00e9introduction de certains pesticides interdits en France depuis 2018. L'un d'eux, l'ac\u00e9tamipride, a \u00e9t\u00e9 au coeur d'une bataille m\u00e9diatique et politique entre les soutiens d'un mod\u00e8le agricole en crise et les partisans d'un monde sans pesticides. Pour permettre le retour de cet insecticide qualifi\u00e9 de \"tueur d'abeilles.", "start_date": "2026-09-03T19:00:00+00:00", "title": "Compl\u00e9ment d'enqu\u00eate"}, {"desc": "Propos\u00e9 par la R\u00e9daction Nationale de France T\u00e9l\u00e9visions R\u00e9daction en chef : Jean-Fran\u00e7ois Gringoire et El\u00e9onore Gay L'Europe est au c\u0153ur de l'actualit\u00e9, et \"Nous, les Europ\u00e9ens\" en d\u00e9crypte les enjeux. Face \u00e0 des pr\u00e9occupations, des questions communes aux 450 millions d'Europ\u00e9ens, l'\u00e9mission part \u00e0 la rencontre de nos voisins. pour comprendre comment ils appr\u00e9hendent les d\u00e9fis, les actualit\u00e9s, qu", "start_date": "2026-09-03T20:10:00+00:00", "title": "Nous, les Europ\u00e9ens"}, {"desc": "Pendant la Seconde Guerre mondiale, la r\u00e9sistante Rose Valland a discr\u00e8tement espionn\u00e9 les nazis au mus\u00e9e du Jeu de Paume, o\u00f9 \u00e9taient stock\u00e9es les \u0153uvres d'art spoli\u00e9es. H\u00e9ro\u00efne m\u00e9connue, son action a permis de r\u00e9cup\u00e9rer plus de 60 000 tableaux.", "start_date": "2026-09-03T20:45:00+00:00", "title": "13h15, le dimanche"}, {"desc": "Des images, des \u00e9motions, une \u00e9criture sensible aux aventures humaines : le week-end, imm\u00e9diatement apr\u00e8s le journal de 13h, \"13h15\" propose des histoires fran\u00e7aises, le feuilleton de la politique, les coulisses de la vie de tous les jours, les sagas familiales et les confidences des grands t\u00e9moins. Une fa\u00e7on de mieux comprendre les r\u00e9alit\u00e9s de l'\u00e9poque actuelle, parfois \u00e9clair\u00e9es par des \u00e9l\u00e9ments", "start_date": "2026-09-03T21:30:00+00:00", "title": "13h15, le dimanche"}, {"desc": "Le magazine a suivi le fr\u00e8re de Thiphaine V\u00e9ron jusqu'au Japon, o\u00f9 elle a disparu en 2018. Sa famille tente d\u00e9sesp\u00e9r\u00e9ment de relancer les investigations apr\u00e8s la d\u00e9couverte de nouveaux indices. Qu\u2019est devenue Tiphaine V\u00e9ron ? Cette touriste fran\u00e7aise de 36 ans, assistante de vie scolaire \u00e0 Poitiers, a disparu en juillet 2018 au Japon.Elle avait fait \u00e9tape \u00e0 Nikko, ville connue pour ses temples et ", "start_date": "2026-09-03T22:15:00+00:00", "title": "13h15, le samedi"}, {"desc": "Un point m\u00e9t\u00e9o complet sur la m\u00e9t\u00e9o dans les Outre-mer, avec les pr\u00e9visions de temp\u00e9ratures et la force des vents.", "start_date": "2026-09-03T22:45:00+00:00", "title": "Journal M\u00e9t\u00e9o climat outre-mer"}, {"desc": "Tous les jours, Faustine BOLLAERT accueille sur le plateau de \\\" Ca commence aujourd'hui \\\" des hommes et des femmes qui viennent t\u00e9moigner sur une p\u00e9riode de leur vie, un drame, une \u00e9preuve, un cap \u00e0 passer ou un changement, et qui font souvent \u00e9cho \u00e0 de grands sujets de soci\u00e9t\u00e9. Entour\u00e9e d'experts : psychologues, psychiatres, avocats, gyn\u00e9cologue, Faustine aide les t\u00e9moins et les t\u00e9l\u00e9spectateurs", "start_date": "2026-09-03T22:50:00+00:00", "title": "\u00c7a commence aujourd'hui"}, {"desc": "Julia Vignali accueillera et accompagnera les propri\u00e9taires d'objets lors de leur expertise par l'un de nos commissaires-priseurs. En accord avec l'estimation de l'expert, Julia Vignali remettra un Pass au propri\u00e9taire, pr\u00e9cieux s\u00e9same pour se pr\u00e9senter en salle des ventes devant nos acheteurs. Le vendeur pourra esp\u00e9rer tirer le meilleur prix de son objet en le vendant aux ench\u00e8res \u00e0 une s\u00e9lection", "start_date": "2026-09-03T23:50:00+00:00", "title": "Affaire conclue, tout le monde a quelque chose \u00e0 vendre"}], "offset": "+00:00", "timezone": "UTC", "error_code": -1, "start_date": "2026-09-02", "icon": ""}