{"end_date": "2026-09-05", "name": "France 2 ", "info_url": "https://epg.pw/channels/549028/20260904.html", "country": "France", "description": null, "error_message": "", "provider": "", "source_url": "https://epg.pw/api/epg.json?channel_id=549028&date=20260904&timezone=None", "epg_list": [{"desc": "Retour sur certains m\u00e9tiers, souvent m\u00e9connus, mais toujours indispensables.", "start_date": "2026-09-04T00:30:00+00:00", "title": "Les travailleurs de l'ombre"}, {"desc": "Cam\u00e9raman reporter, Xavier Petit part \u00e0 la d\u00e9couverte d'un pays, d'une ville, d'un peuple et, bien s\u00fbr, d'un march\u00e9 traditionnel et d'une sp\u00e9cialit\u00e9 locale.", "start_date": "2026-09-04T01:00:00+00:00", "title": "Pays et march\u00e9s du monde"}, {"desc": "Quiz de culture g\u00e9n\u00e9rale au cours duquel 6 candidats vont tenter chaque jour de d\u00e9loger le champion en titre (qui accumule les gains d'\u00e9mission en \u00e9mission) et de prendre sa place. Les 2 premi\u00e8res manches, \"les qualifs.", "start_date": "2026-09-04T01:10:00+00:00", "title": "Tout le monde veut prendre sa place"}, {"desc": "Un rendez-vous r\u00e9veil-matin, avec un point sur l'actualit\u00e9 assorti de diff\u00e9rentes rubriques qui permettent d'en explorer certains aspects plus en profondeur.", "start_date": "2026-09-04T02:00:00+00:00", "title": "Le 6h info"}, {"desc": "De l'info et de la bonne humeur, sept jours sur sept : r\u00e9solument dans l'air du temps, la premi\u00e8re matinale de France, forte de sa richesse \u00e9ditoriale et de sa dynamique d'\u00e9quipe, aborde de nombreuses th\u00e9matiques et traite l'actualit\u00e9 avec s\u00e9rieux et sans dramatisation.", "start_date": "2026-09-04T02:30:00+00:00", "title": "T\u00e9l\u00e9matin"}, {"desc": "Pour bien d\u00e9marrer la journ\u00e9e, la r\u00e9daction de France 2 propose un point sur l'actualit\u00e9. Les principales informations nationales et internationales sont pass\u00e9es en revue.", "start_date": "2026-09-04T04:00:00+00:00", "title": "Journal 08h00"}, {"desc": "De l'info et de la bonne humeur, sept jours sur sept : r\u00e9solument dans l'air du temps, la premi\u00e8re matinale de France, forte de sa richesse \u00e9ditoriale et de sa dynamique d'\u00e9quipe, aborde de nombreuses th\u00e9matiques et traite l'actualit\u00e9 avec s\u00e9rieux et sans dramatisation.", "start_date": "2026-09-04T04:30:00+00:00", "title": "T\u00e9l\u00e9matin"}, {"desc": "En septembre : un rendez-vous premium chaque semaine sur France 2 Au programme : t\u00e9moignages, d\u00e9cryptages, conseils pratiques, experts et grandes conversations autour de tous les sujets qui traversent la vie des familles.", "start_date": "2026-09-04T05:30:00+00:00", "title": "La maison des Maternelles"}, {"desc": "Un point m\u00e9t\u00e9o complet sur la m\u00e9t\u00e9o dans les Outre-mer, avec les pr\u00e9visions de temp\u00e9ratures et la force des vents.", "start_date": "2026-09-04T06:40:00+00:00", "title": "Journal M\u00e9t\u00e9o climat outre-mer"}, {"desc": "Des participants tir\u00e9s au sort parmi le public doivent r\u00e9pondre \u00e0 des questions de culture g\u00e9n\u00e9rale dans l'espoir de se qualifier pour la deuxi\u00e8me \u00e9preuve\u2009: le billard japonais, un jeu d'adresse qui peut rapporter cadeaux et argent. Les candidats qui perdent leur duel de culture g\u00e9n\u00e9rale r\u00e9int\u00e8grent le public et peuvent donc \u00eatre \u00e0 nouveau tir\u00e9s au sort.", "start_date": "2026-09-04T06:45:00+00:00", "title": "Chacun son Tour"}, {"desc": "Des participants tir\u00e9s au sort parmi le public doivent r\u00e9pondre \u00e0 des questions de culture g\u00e9n\u00e9rale dans l'espoir de se qualifier pour la deuxi\u00e8me \u00e9preuve\u2009: le billard japonais, un jeu d'adresse qui peut rapporter cadeaux et argent. Les candidats qui perdent leur duel de culture g\u00e9n\u00e9rale r\u00e9int\u00e8grent le public et peuvent donc \u00eatre \u00e0 nouveau tir\u00e9s au sort.", "start_date": "2026-09-04T07:25:00+00:00", "title": "Chacun son Tour"}, {"desc": "Quiz de culture g\u00e9n\u00e9rale au cours duquel 6 candidats vont tenter chaque jour de d\u00e9loger le champion en titre (qui accumule les gains d'\u00e9mission en \u00e9mission) et de prendre sa place. Les 2 premi\u00e8res manches, \"les qualifs.", "start_date": "2026-09-04T07:55:00+00:00", "title": "Tout le monde veut prendre sa place"}, {"desc": "Un point quotidien sur l'actualit\u00e9 m\u00e9t\u00e9o et climatique, avec des reportages et des interviews d'experts.", "start_date": "2026-09-04T08:55:00+00:00", "title": "Journal M\u00e9t\u00e9o Climat"}, {"desc": "Tous les jours, \u00e0 13h, la r\u00e9daction propose un point sur l'actualit\u00e9. Les informations nationales et internationales sont pass\u00e9es \u00e0 la loupe et mises en perspective, illustr\u00e9es par des reportages sur le terrain.", "start_date": "2026-09-04T09:00:00+00:00", "title": "Journal 13h00"}, {"desc": "Un point quotidien sur l'actualit\u00e9 m\u00e9t\u00e9o et climatique, avec des reportages et des interviews d'experts.", "start_date": "2026-09-04T09:40:00+00:00", "title": "Journal M\u00e9t\u00e9o Climat"}, {"desc": "Romans, essais, classiques ou encore bandes dessin\u00e9es, Fran\u00e7ois Busnel vous propose chaque jour de d\u00e9couvrir ou red\u00e9couvrir une \u0153uvre fran\u00e7aise ou \u00e9trang\u00e8re : du lundi au dimanche sur toutes les antennes du groupe France T\u00e9l\u00e9visions !", "start_date": "2026-09-04T09:45:00+00:00", "title": "La p'tite librairie"}, {"desc": "Tous les jours, Faustine BOLLAERT accueille sur le plateau de \\\" Ca commence aujourd'hui \\\" des hommes et des femmes qui viennent t\u00e9moigner sur une p\u00e9riode de leur vie, un drame, une \u00e9preuve, un cap \u00e0 passer ou un changement, et qui font souvent \u00e9cho \u00e0 de grands sujets de soci\u00e9t\u00e9. Entour\u00e9e d'experts : psychologues, psychiatres, avocats, gyn\u00e9cologue, Faustine aide les t\u00e9moins et les t\u00e9l\u00e9spectateurs", "start_date": "2026-09-04T09:55:00+00:00", "title": "\u00c7a commence aujourd'hui"}, {"desc": "Faustine Bollaert re\u00e7oit sur le plateau de \u201c\u00c7a commence aujourd\u2019hui\u201d des invit\u00e9es dont le conjoint a \u00e9t\u00e9 infid\u00e8le au pire moment : grossesse, accouchement, ou encore en lune de miel !Marine \u00e9tait en couple depuis 10 ans lorsqu\u2019elle est tomb\u00e9e enceinte. Pour suivre sa grossesse, elle \u00e9tait accompagn\u00e9e par une parente, sage-femme, dont elle \u00e9tait tr\u00e8s proche. Juste apr\u00e8s l\u2019accouchement, son ex-conjo", "start_date": "2026-09-04T11:05:00+00:00", "title": "\u00c7a commence aujourd'hui"}, {"desc": "Chaque jour, revenons sur l'histoire d'un objet embl\u00e9matique de l'\u00e9mission, acquis par l'un de nos acheteurs.", "start_date": "2026-09-04T12:10:00+00:00", "title": "Affaire conclue : la vie des objets"}, {"desc": "Julia Vignali accueillera et accompagnera les propri\u00e9taires d'objets lors de leur expertise par l'un de nos commissaires-priseurs. En accord avec l'estimation de l'expert, Julia Vignali remettra un Pass au propri\u00e9taire, pr\u00e9cieux s\u00e9same pour se pr\u00e9senter en salle des ventes devant nos acheteurs. Le vendeur pourra esp\u00e9rer tirer le meilleur prix de son objet en le vendant aux ench\u00e8res \u00e0 une s\u00e9lection", "start_date": "2026-09-04T12:20:00+00:00", "title": "Affaire conclue, tout le monde a quelque chose \u00e0 vendre"}, {"desc": "Julia Vignali accueillera et accompagnera les propri\u00e9taires d'objets lors de leur expertise par l'un de nos commissaires-priseurs. En accord avec l'estimation de l'expert, Julia Vignali remettra un Pass au propri\u00e9taire, pr\u00e9cieux s\u00e9same pour se pr\u00e9senter en salle des ventes devant nos acheteurs. Le vendeur pourra esp\u00e9rer tirer le meilleur prix de son objet en le vendant aux ench\u00e8res \u00e0 une s\u00e9lection", "start_date": "2026-09-04T13:15:00+00:00", "title": "Affaire conclue, tout le monde a quelque chose \u00e0 vendre"}, {"desc": "Mot de passe - Le Duel est un jeu qui consiste \u00e0 faire deviner des mots \u00e0 un partenaire de jeu en donnant des mots indices. Il se joue avec deux candidats face \u00e0 deux c\u00e9l\u00e9brit\u00e9s. Du lundi au jeudi, ce sont les Duels et la Finale se joue en fin de semaine, le vendredi, avec le meilleur des 2 candidats et les deux c\u00e9l\u00e9brit\u00e9s.", "start_date": "2026-09-04T14:01:00+00:00", "title": "Mot de passe : le duel"}, {"desc": "\u00c9mission quotidienne pour jouer avec la langue fran\u00e7aise et enrichir sa culture g\u00e9n\u00e9rale. Autour de Sidonie Bonnec et Bruno Guillon, 2 \u00e9quipes jouent en r\u00e9pondant \u00e0 des questions. Chacune est constitu\u00e9e d'un candidat, \u00e9paul\u00e9 par 2 personnalit\u00e9s : humoristes, com\u00e9diens, journalistes...", "start_date": "2026-09-04T14:05:00+00:00", "title": "Tout le monde a son mot \u00e0 dire"}, {"desc": "Les candidats chantent en karaok\u00e9 accompagn\u00e9s par un orchestre. Quand les mots s'effacent, seuls gagnent ceux qui se souviennent de toutes les paroles.", "start_date": "2026-09-04T14:40:00+00:00", "title": "N'oubliez pas les paroles"}, {"desc": "Les candidats chantent en karaok\u00e9 accompagn\u00e9s par un orchestre. Quand les mots s'effacent, seuls gagnent ceux qui se souviennent de toutes les paroles.", "start_date": "2026-09-04T15:15:00+00:00", "title": "N'oubliez pas les paroles"}, {"desc": "Un point quotidien sur l'actualit\u00e9 m\u00e9t\u00e9o et climatique, avec des reportages et des interviews d'experts.", "start_date": "2026-09-04T15:55:00+00:00", "title": "Journal M\u00e9t\u00e9o Climat"}, {"desc": "Les principales informations nationales et internationales sont pass\u00e9es \u00e0 la loupe et mises en perspective, illustr\u00e9es par des reportages sur le terrain.", "start_date": "2026-09-04T16:00:00+00:00", "title": "Journal 20h00"}, {"desc": "Un regard d\u00e9cal\u00e9 sur un sujet d'actualit\u00e9, illustr\u00e9 par des reportages tourn\u00e9s sur le terrain.", "start_date": "2026-09-04T16:35:00+00:00", "title": "20h30 le vendredi"}, {"desc": "Un point quotidien sur l'actualit\u00e9 m\u00e9t\u00e9o et climatique, avec des reportages et des interviews d'experts.", "start_date": "2026-09-04T16:55:00+00:00", "title": "Journal M\u00e9t\u00e9o Climat"}, {"desc": "Programme Court Parrain\u00e9 avec FTP Annonceur GMF Production VML.", "start_date": "2026-09-04T17:00:00+00:00", "title": "R\u00e9flexe !"}, {"desc": "Une pastille consacr\u00e9e \u00e0 l'actualit\u00e9 musicale, qui braque les projecteurs sur un ou une artiste.", "start_date": "2026-09-04T17:05:00+00:00", "title": "Basique, l'essentiel de la musique"}, {"desc": "Le corps d'un p\u00e8re de famille est retrouv\u00e9 enterr\u00e9 au pied d'un vieux ch\u00eane, en pleine for\u00eat. Assomm\u00e9, puis inhum\u00e9 vivant. Pour comprendre le myst\u00e8re autour de ce meurtre, T\u00e9va et Oriane remontent le fil de sa derni\u00e8re matin\u00e9e et peu \u00e0 peu, les secrets d'une famille bourgeoise respectable en apparence remontent \u00e0 la surface.\\nJusqu'\u00e0 ce que le plus lourd d'entre eux se r\u00e9v\u00e8le : \u00e0 un m\u00e8tre sous le ", "start_date": "2026-09-04T17:10:00+00:00", "title": "\u00c0 l'instinct"}, {"desc": "Apr\u00e8s la d\u00e9couverte du corps calcin\u00e9 de Zo\u00e9, une lyc\u00e9enne apparemment sans histoire, les enqu\u00eateurs Oriane et T\u00e9va r\u00e9v\u00e8lent qu'elle menait une double vie, impliqu\u00e9e dans des pratiques \u00e9sot\u00e9riques et de pr\u00e9tendus dons de gu\u00e9rison. Au sein de cette communaut\u00e9 rurale marqu\u00e9e par le secret et la m\u00e9fiance, les investigations s'intensifient alors que plusieurs suspects sont eux-m\u00eames victimes de combust", "start_date": "2026-09-04T18:45:00+00:00", "title": "\u00c0 l'instinct"}, {"desc": "Lieutenant de police \u00e0 Cayenne, la capitale de sa Guyane natale, Teva Royer aime se fier \u00e0 son instinct pour \u00e9claircir les zones d'ombre des affaires sur lesquelles il enqu\u00eate. Un jour, il est amen\u00e9 \u00e0 se rendre \u00e0 Nantes pour mener des investigations sur la mort suspecte de la fille d'un riche homme d'affaires, dont le corps vient d'\u00eatre retrouv\u00e9. Arriv\u00e9 sur place, Teva fait connaissance avec Ana K", "start_date": "2026-09-04T20:20:00+00:00", "title": "\u00c0 l'instinct"}, {"desc": "Un point m\u00e9t\u00e9o complet sur la m\u00e9t\u00e9o dans les Outre-mer, avec les pr\u00e9visions de temp\u00e9ratures et la force des vents.", "start_date": "2026-09-04T21:45:00+00:00", "title": "Journal M\u00e9t\u00e9o climat outre-mer"}, {"desc": "Tous les jours, Faustine BOLLAERT accueille sur le plateau de \\\" Ca commence aujourd'hui \\\" des hommes et des femmes qui viennent t\u00e9moigner sur une p\u00e9riode de leur vie, un drame, une \u00e9preuve, un cap \u00e0 passer ou un changement, et qui font souvent \u00e9cho \u00e0 de grands sujets de soci\u00e9t\u00e9. Entour\u00e9e d'experts : psychologues, psychiatres, avocats, gyn\u00e9cologue, Faustine aide les t\u00e9moins et les t\u00e9l\u00e9spectateurs", "start_date": "2026-09-04T21:50:00+00:00", "title": "\u00c7a commence aujourd'hui"}, {"desc": "Julia Vignali accueillera et accompagnera les propri\u00e9taires d'objets lors de leur expertise par l'un de nos commissaires-priseurs. En accord avec l'estimation de l'expert, Julia Vignali remettra un Pass au propri\u00e9taire, pr\u00e9cieux s\u00e9same pour se pr\u00e9senter en salle des ventes devant nos acheteurs. Le vendeur pourra esp\u00e9rer tirer le meilleur prix de son objet en le vendant aux ench\u00e8res \u00e0 une s\u00e9lection", "start_date": "2026-09-04T22:45:00+00:00", "title": "Affaire conclue, tout le monde a quelque chose \u00e0 vendre"}, {"desc": "Julia Vignali accueillera et accompagnera les propri\u00e9taires d'objets lors de leur expertise par l'un de nos commissaires-priseurs. En accord avec l'estimation de l'expert, Julia Vignali remettra un Pass au propri\u00e9taire, pr\u00e9cieux s\u00e9same pour se pr\u00e9senter en salle des ventes devant nos acheteurs. Le vendeur pourra esp\u00e9rer tirer le meilleur prix de son objet en le vendant aux ench\u00e8res \u00e0 une s\u00e9lection", "start_date": "2026-09-04T23:30:00+00:00", "title": "Affaire conclue, tout le monde a quelque chose \u00e0 vendre"}, {"desc": "Dans le Pacifique, le lagon des \u00eeles Truk abrite un grand nombre d'\u00e9paves de navires de guerre japonais suite \u00e0 l'op\u00e9ration Hailstone, men\u00e9e par les Am\u00e9ricains en 1944.", "start_date": "2026-09-05T00:15:00+00:00", "title": "Truk Lagoon : le grand cimeti\u00e8re sous la mer"}, {"desc": "Cam\u00e9raman reporter, Xavier Petit part \u00e0 la d\u00e9couverte d'un pays, d'une ville, d'un peuple et, bien s\u00fbr, d'un march\u00e9 traditionnel et d'une sp\u00e9cialit\u00e9 locale.", "start_date": "2026-09-05T00:55:00+00:00", "title": "Pays et march\u00e9s du monde"}, {"desc": "Quiz de culture g\u00e9n\u00e9rale au cours duquel 6 candidats vont tenter chaque jour de d\u00e9loger le champion en titre (qui accumule les gains d'\u00e9mission en \u00e9mission) et de prendre sa place. Les 2 premi\u00e8res manches, \"les qualifs.", "start_date": "2026-09-05T01:10:00+00:00", "title": "Tout le monde veut prendre sa place"}, {"desc": "Un rendez-vous r\u00e9veil-matin, avec un point sur l'actualit\u00e9 assorti de diff\u00e9rentes rubriques qui permettent d'en explorer certains aspects plus en profondeur.", "start_date": "2026-09-05T02:00:00+00:00", "title": "Le 6h info"}, {"desc": "De l'info et de la bonne humeur, sept jours sur sept : r\u00e9solument dans l'air du temps, la premi\u00e8re matinale de France, forte de sa richesse \u00e9ditoriale et de sa dynamique d'\u00e9quipe, aborde de nombreuses th\u00e9matiques et traite l'actualit\u00e9 avec s\u00e9rieux et sans dramatisation.", "start_date": "2026-09-05T02:35:00+00:00", "title": "T\u00e9l\u00e9matin"}, {"desc": "Pour bien d\u00e9marrer la journ\u00e9e, la r\u00e9daction de France 2 propose un point sur l'actualit\u00e9. Les principales informations nationales et internationales sont pass\u00e9es en revue.", "start_date": "2026-09-05T04:00:00+00:00", "title": "Journal 08h00"}, {"desc": "De l'info et de la bonne humeur, sept jours sur sept : r\u00e9solument dans l'air du temps, la premi\u00e8re matinale de France, forte de sa richesse \u00e9ditoriale et de sa dynamique d'\u00e9quipe, aborde de nombreuses th\u00e9matiques et traite l'actualit\u00e9 avec s\u00e9rieux et sans dramatisation.", "start_date": "2026-09-05T04:30:00+00:00", "title": "T\u00e9l\u00e9matin"}, {"desc": "Emission de bien-\u00eatre d\u00e9di\u00e9e \u00e0 l'am\u00e9lioration de la vie quotidienne, de la sant\u00e9, de la psychologie et du d\u00e9veloppement personnel. Conseils et informations pour mieux vivre et prendre soin aussi bien de soi que des autres.", "start_date": "2026-09-05T05:30:00+00:00", "title": "Bel & bien"}, {"desc": "Des participants tir\u00e9s au sort parmi le public doivent r\u00e9pondre \u00e0 des questions de culture g\u00e9n\u00e9rale dans l'espoir de se qualifier pour la deuxi\u00e8me \u00e9preuve\u2009: le billard japonais, un jeu d'adresse qui peut rapporter cadeaux et argent. Les candidats qui perdent leur duel de culture g\u00e9n\u00e9rale r\u00e9int\u00e8grent le public et peuvent donc \u00eatre \u00e0 nouveau tir\u00e9s au sort.", "start_date": "2026-09-05T06:45:00+00:00", "title": "Chacun son Tour"}, {"desc": "Des participants tir\u00e9s au sort parmi le public doivent r\u00e9pondre \u00e0 des questions de culture g\u00e9n\u00e9rale dans l'espoir de se qualifier pour la deuxi\u00e8me \u00e9preuve\u2009: le billard japonais, un jeu d'adresse qui peut rapporter cadeaux et argent. Les candidats qui perdent leur duel de culture g\u00e9n\u00e9rale r\u00e9int\u00e8grent le public et peuvent donc \u00eatre \u00e0 nouveau tir\u00e9s au sort.", "start_date": "2026-09-05T07:25:00+00:00", "title": "Chacun son Tour"}, {"desc": "Quiz de culture g\u00e9n\u00e9rale au cours duquel 6 candidats vont tenter chaque jour de d\u00e9loger le champion en titre (qui accumule les gains d'\u00e9mission en \u00e9mission) et de prendre sa place. Les 2 premi\u00e8res manches, \"les qualifs.", "start_date": "2026-09-05T07:55:00+00:00", "title": "Tout le monde veut prendre sa place"}, {"desc": "Un point quotidien sur l'actualit\u00e9 m\u00e9t\u00e9o et climatique, avec des reportages et des interviews d'experts.", "start_date": "2026-09-05T08:55:00+00:00", "title": "Journal M\u00e9t\u00e9o Climat"}, {"desc": "Journal week-end revient sur les faits marquants de l'actualit\u00e9 et on d\u00e9couvre les \u00e9v\u00e9nements \u00e0 venir.", "start_date": "2026-09-05T09:00:00+00:00", "title": "Journal 13h00"}, {"desc": "Un autre regard sur l'actualit\u00e9 avec des images, des \u00e9motions et une \u00e9criture sensible aux aventures humaines: des histoires fran\u00e7aises, le feuilleton de la politique, les coulisses de la vie de tous les jours, les sagas familiales, les confidences des grands t\u00e9moins.", "start_date": "2026-09-05T09:20:00+00:00", "title": "13h15, le samedi"}, {"desc": "Un point quotidien sur l'actualit\u00e9 m\u00e9t\u00e9o et climatique, avec des reportages et des interviews d'experts.", "start_date": "2026-09-05T09:55:00+00:00", "title": "Journal M\u00e9t\u00e9o Climat"}, {"desc": "C'est une attitude que l'on observe parfois chez certains parents : une propension maladive \u00e0 vouloir que leurs enfants soient les plus forts et notamment en sport. Dans cette histoire, cette obsession a tourn\u00e9 au drame. Retour sur un dossier criminel tr\u00e8s singulier.", "start_date": "2026-09-05T10:05:00+00:00", "title": "Au bout de l'enqu\u00eate, la fin du crime parfait ?"}, {"desc": "28 f\u00e9vrier 1985, sur une petite route de la for\u00eat de Meudon pr\u00e8s de Paris, une 2CV est en feu. A l'int\u00e9rieur, Evelyne, 61 ans, ne survivra pas \u00e0 l'incendie. Son mari Bruno s'en sort indemne et c'est vers lui que va se diriger l'enqu\u00eate. Bruno Joushomme sera finalement condamn\u00e9 \u00e0 la prison \u00e0 perp\u00e9tuit\u00e9 pour l'assassinat de sa femme. Aujourd'hui libre, il clame toujours son innocence, et t\u00e9moigne po", "start_date": "2026-09-05T11:00:00+00:00", "title": "Au bout de l'enqu\u00eate, la fin du crime parfait ?"}, {"desc": "Le 3 d\u00e9cembre 2004, Muriel Reigada, une m\u00e8re de famille sans histoire, \u00e9tait enlev\u00e9e \u00e0 La Chapelle-Saint-Mesmin, dans le Loiret. Son corps a \u00e9t\u00e9 retrouv\u00e9 moins d'un mois plus tard, enterr\u00e9 dans le jardin d'un ancien coll\u00e8gue de travail.", "start_date": "2026-09-05T12:00:00+00:00", "title": "Au bout de l'enqu\u00eate, la fin du crime parfait ?"}, {"desc": "En 20025, aux assises des Landes, Samuel Matias Batista a \u00e9t\u00e9 condamn\u00e9 \u00e0 23 ans de r\u00e9clusion pour l'assassinat du p\u00e8re de son ami qui s'\u00e9tait suicid\u00e9.", "start_date": "2026-09-05T13:00:00+00:00", "title": "Au bout de l'enqu\u00eate, la fin du crime parfait ?"}, {"desc": "L'\u00e9mission s'int\u00e9resse aujourd'hui \u00e0 une table danoise qui va retrouver de la fougue aupr\u00e8s d'Anne-Caherine et d'Emmanuel.", "start_date": "2026-09-05T13:55:00+00:00", "title": "Affaire conclue : la vie des objets"}, {"desc": "\u00c9mission quotidienne pour jouer avec la langue fran\u00e7aise et enrichir sa culture g\u00e9n\u00e9rale. Autour de Sidonie Bonnec et Bruno Guillon, 2 \u00e9quipes jouent en r\u00e9pondant \u00e0 des questions. Chacune est constitu\u00e9e d'un candidat, \u00e9paul\u00e9 par 2 personnalit\u00e9s : humoristes, com\u00e9diens, journalistes...", "start_date": "2026-09-05T14:05:00+00:00", "title": "Tout le monde a son mot \u00e0 dire"}, {"desc": "Les candidats chantent en karaok\u00e9 accompagn\u00e9s par un orchestre. Quand les mots s'effacent, seuls gagnent ceux qui se souviennent de toutes les paroles.", "start_date": "2026-09-05T14:40:00+00:00", "title": "N'oubliez pas les paroles"}, {"desc": "Les candidats chantent en karaok\u00e9 accompagn\u00e9s par un orchestre. Quand les mots s'effacent, seuls gagnent ceux qui se souviennent de toutes les paroles.", "start_date": "2026-09-05T15:15:00+00:00", "title": "N'oubliez pas les paroles"}, {"desc": "Un point quotidien sur l'actualit\u00e9 m\u00e9t\u00e9o et climatique, avec des reportages et des interviews d'experts.", "start_date": "2026-09-05T15:55:00+00:00", "title": "Journal M\u00e9t\u00e9o Climat"}, {"desc": "Les principales informations nationales et internationales sont pass\u00e9es \u00e0 la loupe et mises en perspective, illustr\u00e9es par des reportages sur le terrain.", "start_date": "2026-09-05T16:00:00+00:00", "title": "Journal 20h00"}, {"desc": "Une suite de reportages qui d\u00e9voilent \"la petite histoire dans la grande\".", "start_date": "2026-09-05T16:30:00+00:00", "title": "20h30 le samedi"}, {"desc": "Un point quotidien sur l'actualit\u00e9 m\u00e9t\u00e9o et climatique, avec des reportages et des interviews d'experts.", "start_date": "2026-09-05T16:50:00+00:00", "title": "Journal M\u00e9t\u00e9o Climat"}, {"desc": "Programme Court Parrain\u00e9 avec FTP Annonceur GMF Production VML.", "start_date": "2026-09-05T17:00:00+00:00", "title": "R\u00e9flexe !"}, {"desc": "Mehdi, WIlliam, Myriam, Charlotte, Ondine, Jean-Marc, Maurice et d'autres encore, chacun avec ses diff\u00e9rences, jeuens et seniors, valides et porteurs de handicap vivent ensemble en colocation dans le m\u00eame immeuble.", "start_date": "2026-09-05T17:05:00+00:00", "title": "Immeuble partag\u00e9"}, {"desc": "A l'occasion des Journ\u00e9es europ\u00e9ennes du patrimoine, le plus c\u00e9l\u00e8bre ch\u00e2teau de France devient le th\u00e9\u00e2tre d'un immense spectacle o\u00f9 patrimoine, musique et cr\u00e9ation contemporaine dialoguent dans un \u00e9crin d'exception. Des lieux les plus embl\u00e9matiques aux espaces habituellement m\u00e9connus, le ch\u00e2teau se transforme en une sc\u00e8ne vivante. De la majestueuse Galerie des Glaces \u00e0 la Chapelle royale, des jard", "start_date": "2026-09-05T17:10:00+00:00", "title": "Versailles en f\u00eate"}, {"desc": "Le meilleur du talk-show spectaculaire, dr\u00f4le et festif, une \u00e9mission de soci\u00e9t\u00e9 et de divertissement, qui raconte notre \u00e9poque et interroge notre soci\u00e9t\u00e9.", "start_date": "2026-09-05T19:30:00+00:00", "title": "Quelle \u00e9poque !"}, {"desc": "Le point, plusieurs fois par jour, sur l'\u00e9volution de la m\u00e9t\u00e9o, gr\u00e2ce \u00e0 des cartes et des explications.", "start_date": "2026-09-05T21:00:00+00:00", "title": "M\u00e9t\u00e9o 2"}, {"desc": "Cette semaine, les courageux participants jouent pour le compte de deux associations diff\u00e9rentes : Trakadom aide les patients, notamment ceux atteints de scl\u00e9rose lat\u00e9rale amyotrophique, \u00e0 rentrer chez eux apr\u00e8s une trach\u00e9otomie. Douze F\u00e9vrier est le pseudonyme de Julie Bourges, une cr\u00e9atrice de contenu qui partage sa reconstruction apr\u00e8s de graves br\u00fblures suite \u00e0 un accident survenu le 12 f\u00e9vrie", "start_date": "2026-09-05T21:05:00+00:00", "title": "Fort Boyard"}, {"desc": "Faustine Bollaert reprend les r\u00eanes des Enfants de la T\u00e9l\u00e9, de retour pour une nouvelle saison qui s'annonce pleine de surprises et de casseroles. Chaque dimanche, des personnalit\u00e9s se r\u00e9uniront autour de la table pour partager leurs souvenirs, leurs anecdotes et leurs moments t\u00e9l\u00e9visuels les plus dr\u00f4les et m\u00e9morables.", "start_date": "2026-09-05T23:15:00+00:00", "title": "Les enfants de la t\u00e9l\u00e9"}], "offset": "+00:00", "timezone": "UTC", "error_code": -1, "start_date": "2026-09-04", "icon": ""}