{"end_date": "2026-08-31", "name": "T18  ", "info_url": "https://epg.pw/channels/549029/20260830.html", "country": "France", "description": null, "error_message": "", "provider": "", "source_url": "https://epg.pw/api/epg.json?channel_id=549029&date=20260830&timezone=None", "epg_list": [{"desc": "Du refus de la d\u00e9faite en 1940 au d\u00e9fil\u00e9 de la victoire en 1944, gros plan sur les quatre ann\u00e9es qui virent Charles de Gaulle s'imposer en rassembleur de la nation.", "start_date": "2026-08-30T18:55:00+00:00", "title": "L'homme du destin"}, {"desc": "Retour sur les onze ann\u00e9es au cours desquelles Charles de Gaulle \u00e9tait pr\u00e9sident de la Ve R\u00e9publique et portrait d'un homme politique de premier plan.", "start_date": "2026-08-30T20:45:00+00:00", "title": "De Gaulle, le dernier roi de France"}, {"desc": "Ce voyage pas comme les autres part \u00e0 la d\u00e9couverte des dix \u00e9glises les plus insolites de France, comme une p\u00e9niche transform\u00e9e en chapelle ou une \u00e9glise invisible.", "start_date": "2026-08-30T22:35:00+00:00", "title": "A la d\u00e9couverte des tr\u00e9sors sacr\u00e9s, la France en h\u00e9ritage"}, {"desc": "Les reliques, ces tr\u00e9sors l\u00e9gendaires, fascinent par leurs myst\u00e8res et leurs secrets, comme la couronne d'\u00e9pines du Christ ou les restes de Sainte Th\u00e9r\u00e8se de Lisieux.", "start_date": "2026-08-30T23:55:00+00:00", "title": "A la d\u00e9couverte des tr\u00e9sors sacr\u00e9s, la France en h\u00e9ritage"}, {"desc": "Retour sur l'histoire fascinante de la chapelle royale de Versailles ou encore celle du tombeau du dernier roi des Fran\u00e7ais dont l'h\u00e9ritier, le comte de Paris, effectue la visite.", "start_date": "2026-08-31T01:15:00+00:00", "title": "A la d\u00e9couverte des tr\u00e9sors sacr\u00e9s, la France en h\u00e9ritage"}, {"desc": "Un jeune touriste belge, Xavier Baligant, est retrouv\u00e9 tu\u00e9 de plusieurs coups de feu sur l'autoroute A31 non loin de Nancy, en juillet 2011, sur une aire de repos. Son assassinat ressemblant \u00e0 une v\u00e9ritable ex\u00e9cution, plusieurs questions se posent. Avait-il des ennemis qui auraient pu lui en vouloir ? S'est-il arr\u00eat\u00e9 par hasard ?", "start_date": "2026-08-31T02:45:00+00:00", "title": "Non \u00e9lucid\u00e9"}, {"desc": "Perpignan, juillet 2013. Francisco Benitez, un l\u00e9gionnaire, signale la disparition de sa femme, Marie-Jos\u00e9e, et de sa fille, Allison. Peu de temps apr\u00e8s Francisco Benitez est retrouv\u00e9 pendu dans sa caserne, le visage cagoul\u00e9. La Police Judiciaire de Montpellier va ouvrir une enqu\u00eate autour d'une question : Francisco Benitez a-t-il tu\u00e9 femme et enfant avant de se donner la mort ?", "start_date": "2026-08-31T04:20:00+00:00", "title": "Non \u00e9lucid\u00e9"}, {"desc": "En avril 2007, Ga\u00eblle Fosset, 21 ans, est retrouv\u00e9e morte chez elle \u00e0 Saint-Germain-la-Campagne, en Normandie. La jeune femme a re\u00e7u 66 coups de couteau. Les enqu\u00eateurs ont le sentiment qu'elle a volontairement ouvert la porte \u00e0 son agresseur. Mais aucun \u00e9l\u00e9ment tangible ne permet d'\u00e9lucider ce meurtre.", "start_date": "2026-08-31T06:00:00+00:00", "title": "Non \u00e9lucid\u00e9"}, {"desc": "Le 4 ao\u00fbt 1997, le corps de Christian Jambert, gendarme retrait\u00e9, est d\u00e9couvert \u00e0 Auxerre. Une carabine 22 Long Rifle est pos\u00e9e sur ses jambes. Le m\u00e9decin appel\u00e9 pour constater le d\u00e9c\u00e8s conclut au suicide. Des ann\u00e9es plus tard, ses enfants font rouvrir l'affaire. L'homme a visiblement \u00e9t\u00e9 assassin\u00e9.", "start_date": "2026-08-31T07:45:00+00:00", "title": "Non \u00e9lucid\u00e9"}, {"desc": "Le 1er juin 2011, les pompiers interviennent pour \u00e9teindre un incendie dans un magasin \u00e0 Louvroil dans le Nord. Ils d\u00e9couvrent au fond du local le corps calcin\u00e9 de Jean Moritz. L'autopsie r\u00e9v\u00e8le que la victime \u00e9tait morte avant que ne d\u00e9bute l'incendie. Les investigations peinent \u00e0 faire \u00e9clater la v\u00e9rit\u00e9. Mais les enfants de Jean Moritz remuent ciel et terre pour que la justice ne classe pas le d", "start_date": "2026-08-31T09:30:00+00:00", "title": "Non \u00e9lucid\u00e9"}, {"desc": "Julie se rend \u00e0 la campagne, \u00e0 la rencontre d'adeptes des cuissons en ext\u00e9rieur. La plupart s'en tiennent aux merguez, aux chipolatas ou aux c\u00f4telettes d'agneau. Mais le barbecue est tout un art et permet bien des fantaisies. Au cours de son voyage, Julie ira dans l'Aube au beau milieu de la for\u00eat de Br\u00e9vonnes, mais aussi dans le Massif des Bauges o\u00f9 grillades et neige font plut\u00f4t bon m\u00e9nage.", "start_date": "2026-08-31T11:10:00+00:00", "title": "Les carnets de Julie"}, {"desc": "Au sommaire : \"Les rouelles de veau \u00e0 la mancelle de G\u00e9rard\". - \"La tarte du verger sarthois de Jean-Franck\". - \"Le poulet farci aux rillettes\".", "start_date": "2026-08-31T12:15:00+00:00", "title": "Les carnets de Julie"}, {"desc": "Julie et Micheline partent sur la route du miel, \u00e0 travers les champs, les for\u00eats et les villes. Elle d\u00e9couvrent le pain d'\u00e9pices de Vercel et des recettes typiques du Vercors. Le tandem, s'int\u00e9resse par ailleurs aux abeilles noires. Des apiculteurs passionn\u00e9s se battent chaque jour pour la protection et la sauvegarde de cet insecte vieux de 80 millions d'ann\u00e9es.", "start_date": "2026-08-31T13:15:00+00:00", "title": "Les carnets de Julie"}, {"desc": "Julie Andrieu propose un voyage dans le Sud, entre la Vall\u00e9e du Rh\u00f4ne et la M\u00e9diterran\u00e9e, \u00e0 la d\u00e9couverte d'un fruit qu'on r\u00e9colte en novembre : l'olive.", "start_date": "2026-08-31T14:20:00+00:00", "title": "Les carnets de Julie"}, {"desc": "Brenda enqu\u00eate sur la mort d'un avocat sp\u00e9cialis\u00e9 dans les affaires de divorce. Elle soup\u00e7onne un meurtre. Le tueur est-il un des anciens clients du magistrat ?", "start_date": "2026-08-31T15:25:00+00:00", "title": "The Closer : L.A. enqu\u00eates prioritaires"}, {"desc": "Brenda enqu\u00eate sur la mort d'un avocat sp\u00e9cialis\u00e9 dans les affaires de divorce. Elle soup\u00e7onne un meurtre. Le tueur est-il un des anciens clients du magistrat ?", "start_date": "2026-08-31T16:15:00+00:00", "title": "The Closer : L.A. enqu\u00eates prioritaires"}, {"desc": "Un hold-up qui a mal tourn\u00e9 a co\u00fbt\u00e9 la vie \u00e0 deux agents. Un troisi\u00e8me est bless\u00e9. Lorsqu'il dispara\u00eet de sa chambre d'h\u00f4pital, Brenda se lance sur ses traces.", "start_date": "2026-08-31T17:10:00+00:00", "title": "The Closer : L.A. enqu\u00eates prioritaires"}, {"desc": "Brenda retrouve Wesley et tente de lui faire avouer tout ce qu'il sait \u00e0 propos du hold-up. Elle apprend alors qu'un nouveau braquage se pr\u00e9pare.", "start_date": "2026-08-31T18:00:00+00:00", "title": "The Closer : L.A. enqu\u00eates prioritaires"}, {"desc": "Un policier t\u00e9m\u00e9raire, sp\u00e9cialis\u00e9 dans la protection rapproch\u00e9e des t\u00e9moins importants, d\u00e9clare la guerre \u00e0 un important r\u00e9seau de trafiquants d'armes.", "start_date": "2026-08-31T18:55:00+00:00", "title": "L'Effaceur"}, {"desc": "De l'expertise, de l'humeur, des convictions... c'est le cocktail de \" Pour tout dire \". Du lundi au vendredi, \u00e0 22h40, Matthieu Croissandeau et ses invit\u00e9s d\u00e9battent des petits et grands sujets qui font l'actualit\u00e9, avec une grande libert\u00e9 de ton !", "start_date": "2026-08-31T20:55:00+00:00", "title": "Pour tout dire"}, {"desc": "De l'expertise, de l'humeur, des convictions... c'est le cocktail de \" Pour tout dire \". Du lundi au vendredi, \u00e0 22h40, Matthieu Croissandeau et ses invit\u00e9s d\u00e9battent des petits et grands sujets qui font l'actualit\u00e9, avec une grande libert\u00e9 de ton !", "start_date": "2026-08-31T21:25:00+00:00", "title": "Pour tout dire"}, {"desc": "En avril 2007, Ga\u00eblle Fosset, 21 ans, est retrouv\u00e9e morte chez elle \u00e0 Saint-Germain-la-Campagne, en Normandie. La jeune femme a re\u00e7u 66 coups de couteau. Les enqu\u00eateurs ont le sentiment qu'elle a volontairement ouvert la porte \u00e0 son agresseur. Mais aucun \u00e9l\u00e9ment tangible ne permet d'\u00e9lucider ce meurtre.", "start_date": "2026-08-31T22:30:00+00:00", "title": "Non \u00e9lucid\u00e9"}], "offset": "+00:00", "timezone": "UTC", "error_code": -1, "start_date": "2026-08-30", "icon": ""}