{"end_date": "2026-09-02", "name": "RMC Myst\u00e8re ", "info_url": "https://epg.pw/channels/549031/20260901.html", "country": "France", "description": null, "error_message": "", "provider": "", "source_url": "https://epg.pw/api/epg.json?channel_id=549031&date=20260901&timezone=None", "epg_list": [{"desc": "Tupac Yupanqui \u00e9tend l'Empire Inca par la force et les alliances, \u00e9tablissant depuis Cuzco un vaste syst\u00e8me administratif jusqu'aux c\u00f4tes du Pacifique.", "start_date": "2026-09-01T00:27:00+00:00", "title": "Le myst\u00e8re des Incas : des origines \u00e0 la chute"}, {"desc": "Lors de l'apog\u00e9e de l'Empire du Soleil au d\u00e9but du XVIe si\u00e8cle, les temples et les palais de Cuzco regorgent de produits fins et de m\u00e9taux pr\u00e9cieux.", "start_date": "2026-09-01T01:30:00+00:00", "title": "Le myst\u00e8re des Incas : des origines \u00e0 la chute"}, {"desc": "L'Empire Inca s'effondre quand 200 conquistadors, profitant d'une guerre entre trois fr\u00e8res h\u00e9ritiers du tr\u00f4ne, conqui\u00e8rent le territoire en moins de dix ans.", "start_date": "2026-09-01T02:34:00+00:00", "title": "Le myst\u00e8re des Incas : des origines \u00e0 la chute"}, {"desc": "Pour mieux appr\u00e9hender le destin exceptionnel de Cl\u00e9op\u00e2tre, une \u00e9quipe de cinq experts, \u00e9gyptologues, historiens et arch\u00e9ologues, partagent leur expertise.", "start_date": "2026-09-01T03:39:00+00:00", "title": "Cl\u00e9op\u00e2tre : l'histoire vraie derri\u00e8re le mythe"}, {"desc": "Lors de la parution du \"Comte de Monte-Cristo\", Alexandre Dumas a \u00e9t\u00e9 accus\u00e9 de plagiat. Pour se d\u00e9fendre, il expliqua avoir tir\u00e9 son inspiration d'une histoire vraie.", "start_date": "2026-09-01T04:37:00+00:00", "title": "La v\u00e9ritable histoire du comte de Monte Cristo"}, {"desc": "Loin du demi-dieu invincible, Ulysse est un homme faillible et un roi tr\u00e8s modeste. Apr\u00e8s la terrible guerre de Troie, il entame un voyage de retour interminable.", "start_date": "2026-09-01T05:37:00+00:00", "title": "L'Odyss\u00e9e d'Ulysse, le premier h\u00e9ros"}, {"desc": "Nostradamus fait figure de plus grand oracle de tous les temps. Dans son recueil des Proph\u00e9ties, il aurait pr\u00e9dit les \u00e9v\u00e8nements les plus importants de l'Histoire.", "start_date": "2026-09-01T06:45:00+00:00", "title": "Nostradamus : la v\u00e9rit\u00e9 sur ses proph\u00e9ties"}, {"desc": "Fondateur du \"Temple du Peuple\", Jim Jones \u00e9tablit au Guyana une communaut\u00e9 fond\u00e9e sur les principes communistes, qui finit en 1978 dans un gigantesque suicide collectif.", "start_date": "2026-09-01T07:48:00+00:00", "title": "Jim Jones : La vraie histoire d'un gourou meurtrier"}, {"desc": "En 1993, David Koresh, gourou de la secte des davidiens, a conduit plus de 80 personnes \u00e0 sacrifier leur propre vie et celle de nombreux enfants.", "start_date": "2026-09-01T09:43:00+00:00", "title": "David Koresh : le gourou polygame de l'apocalypse"}, {"desc": null, "start_date": "2026-09-01T10:50:00+00:00", "title": "Charles Manson : 40 ans apr\u00e8s"}, {"desc": "La secte \u00e9vang\u00e9lique cr\u00e9\u00e9e par Tony Alamo et son \u00e9pouse Susan en Californie, leur a permis de vivre ais\u00e9ment, gr\u00e2ce \u00e0 l'exploitation de leurs adeptes.", "start_date": "2026-09-01T12:34:00+00:00", "title": "Les sectes face \u00e0 la justice"}, {"desc": "The Aggressive Christianity Missions Training Corps, mouvement religieux fondamentaliste chr\u00e9tien et organisation paramilitaire, a \u00e9t\u00e9 fond\u00e9 en 1981 par James et Deborah Green.,.", "start_date": "2026-09-01T13:23:00+00:00", "title": "Les sectes face \u00e0 la justice"}, {"desc": "The House of Prayer, dirig\u00e9 par la s\u00e9v\u00e8re \"m\u00e8re Anna\", pr\u00f4nait une application stricte de la Bible et n'h\u00e9sitait pas \u00e0 recourir aux ch\u00e2timents corporels.", "start_date": "2026-09-01T14:12:00+00:00", "title": "Les sectes face \u00e0 la justice"}, {"desc": "Jerry Irwin, qui a fond\u00e9 l'\u00e9glise chr\u00e9tienne Word of Life, \u00e9tait surtout int\u00e9ress\u00e9 par l'argent de ses fid\u00e8les. A sa mort, en 2012, sa fille le remplace \u00e0 la t\u00eate de la secte.", "start_date": "2026-09-01T15:01:00+00:00", "title": "Les sectes face \u00e0 la justice"}, {"desc": "En 1989, le gourou Jeffrey Lundgren veut prendre possession du temple de Kirtland, dans l'Ohio. Il planifie le meurtre d'une famille enti\u00e8re.", "start_date": "2026-09-01T15:51:00+00:00", "title": "Les sectes face \u00e0 la justice"}, {"desc": "A sa sortie de prison, le d\u00e9linquant Dwight York fonde la Nuwaubian Nation, une communaut\u00e9 religieuse dont il va exploiter les membres.", "start_date": "2026-09-01T16:40:00+00:00", "title": "Les sectes face \u00e0 la justice"}, {"desc": "Daniel Perez, alias Lou Castro, a r\u00e9ussi \u00e0 faire croire \u00e0 ses disciples qu'il \u00e9tait un ange. Arr\u00eat\u00e9, il a d\u00fb r\u00e9pondre de 28 charges, allant du viol au meurtre.", "start_date": "2026-09-01T17:29:00+00:00", "title": "Les sectes face \u00e0 la justice"}, {"desc": "Wayne Bent, le gourou d'une secte apocalyptique install\u00e9e dans une r\u00e9gion isol\u00e9e du Nouveau-Mexique, a \u00e9t\u00e9 condamn\u00e9 \u00e0 10 ans de prison pour p\u00e9dophilie.", "start_date": "2026-09-01T18:18:00+00:00", "title": "Les sectes face \u00e0 la justice"}, {"desc": null, "start_date": "2026-09-01T19:07:00+00:00", "title": "Histoires paranormales"}, {"desc": null, "start_date": "2026-09-01T19:59:00+00:00", "title": "Histoires paranormales"}, {"desc": null, "start_date": "2026-09-01T20:52:00+00:00", "title": "Histoires paranormales"}, {"desc": null, "start_date": "2026-09-01T21:44:00+00:00", "title": "Histoires paranormales"}, {"desc": "Le propri\u00e9taire d'un immeuble historique croit devenir fou apr\u00e8s avoir souffert de c\u00e9cit\u00e9 inexpliqu\u00e9e et de visions horribles, jusqu'\u00e0 ce que les cam\u00e9ras de s\u00e9curit\u00e9 r\u00e9v\u00e8lent que son b\u00e2timent est hant\u00e9 par les esprits d\u00e9figur\u00e9s de patients d\u00e9c\u00e9d\u00e9s sur place. Un pr\u00eatre catholique voit sa vie boulevers\u00e9e lorsqu'il est confront\u00e9 \u00e0 une possession d\u00e9moniaque impliquant une jeune m\u00e8re.", "start_date": "2026-09-01T22:37:00+00:00", "title": "Histoires paranormales"}, {"desc": null, "start_date": "2026-09-01T23:29:00+00:00", "title": "Histoires paranormales"}, {"desc": "Le propri\u00e9taire d'un immeuble historique croit devenir fou apr\u00e8s avoir souffert de c\u00e9cit\u00e9 inexpliqu\u00e9e et de visions horribles, jusqu'\u00e0 ce que les cam\u00e9ras de s\u00e9curit\u00e9 r\u00e9v\u00e8lent que son b\u00e2timent est hant\u00e9 par les esprits d\u00e9figur\u00e9s de patients d\u00e9c\u00e9d\u00e9s sur place. Un pr\u00eatre catholique voit sa vie boulevers\u00e9e lorsqu'il est confront\u00e9 \u00e0 une possession d\u00e9moniaque impliquant une jeune m\u00e8re.", "start_date": "2026-09-02T00:22:00+00:00", "title": "Histoires paranormales"}, {"desc": "Le propri\u00e9taire d'un magasin d'antiquit\u00e9s r\u00e9cemment ouvert publie des vid\u00e9os troublantes o\u00f9 ses objets de collection bougent et se brisent sans explication, r\u00e9v\u00e9lant que le lieu est hant\u00e9. Une m\u00e8re c\u00e9libataire, de retour dans sa maison apr\u00e8s une inondation d\u00e9vastatrice, d\u00e9couvre avec horreur que les esprits li\u00e9s au pass\u00e9 tragique du b\u00e2timent sont revenus, la contraignant \u00e0 engager un enqu\u00eateur par", "start_date": "2026-09-02T01:14:00+00:00", "title": "Histoires paranormales"}, {"desc": "Herbert Cukurs, responsable de la mort de 30 000 Juifs lettons et surnomm\u00e9 \"le bourreau de Riga\", fut traqu\u00e9 par les services secrets isra\u00e9liens jusqu'au Br\u00e9sil.", "start_date": "2026-09-02T02:07:00+00:00", "title": "Les traqueurs de nazis"}, {"desc": "Dans les ann\u00e9es 60, les services secrets isra\u00e9liens retrouvent, \u00e0 Buenos Aires, la trace d'Adolf Eichmann, un des responsables de la Solution finale.", "start_date": "2026-09-02T02:57:00+00:00", "title": "Les traqueurs de nazis"}, {"desc": "Apr\u00e8s la Seconde Guerre mondiale, les \u00e9poux Beate et Serge Klarsfeld ont traqu\u00e9 Klaus Barbie, surnomm\u00e9 le \"boucher de Lyon\", afin qu'il soit traduit en justice.", "start_date": "2026-09-02T03:47:00+00:00", "title": "Les traqueurs de nazis"}, {"desc": "En 1944, Erich Priebke joue un r\u00f4le majeur dans le massacre des Fosses ard\u00e9atines, \u00e0 Rome : cinquante ans plus tard, on le retrouve dans les Andes.", "start_date": "2026-09-02T04:37:00+00:00", "title": "Les traqueurs de nazis"}, {"desc": "Apr\u00e8s la Seconde Guerre mondiale, le docteur Josef Mengele, tristement c\u00e9l\u00e8bre pour ses pseudo-exp\u00e9riences sur des d\u00e9tenus d'Auschwitz, s'enfuit en Argentine.", "start_date": "2026-09-02T05:27:00+00:00", "title": "Les traqueurs de nazis"}, {"desc": "En 1971, les \u00e9poux Klarsfeld retrouvent Kurt Lischka, l'organisateur de la rafle du Vel d'Hiv : ils entament un long combat pour le faire traduire en justice.", "start_date": "2026-09-02T06:18:00+00:00", "title": "Les traqueurs de nazis"}, {"desc": "Paul Touvier, l'un des pires m\u00e9chants de la France en temps de guerre, est un tra\u00eetre ouvertement antis\u00e9mite qui terrorise ses propres compatriotes.", "start_date": "2026-09-02T07:08:00+00:00", "title": "Les traqueurs de nazis"}, {"desc": "Fervent d\u00e9fenseur des th\u00e9ories d'Adolf Hitler sur la sup\u00e9riorit\u00e9 aryenne, Franz Strangl, un policier autrichien, participe activement \u00e0 la \"solution finale\".", "start_date": "2026-09-02T07:58:00+00:00", "title": "Les traqueurs de nazis"}, {"desc": "Les arch\u00e9ologues fouillent les restes de Rams\u00e8s II, le puissant roi d'Egypte. Devant la plus ancienne pyramide, \u00e0 Saqqarah, ils d\u00e9couvrent un labyrinthe de tombes et de tr\u00e9sors.", "start_date": "2026-09-02T08:48:00+00:00", "title": "Les tr\u00e9sors perdus de la Vall\u00e9e des Rois"}, {"desc": "Les arch\u00e9ologues tentent de comprendre comment les anciennes reines \u00e9gyptiennes ont \u00e9tabli leur r\u00e8gne dans un monde domin\u00e9 par les hommes.", "start_date": "2026-09-02T09:39:00+00:00", "title": "Les tr\u00e9sors perdus de la Vall\u00e9e des Rois"}, {"desc": "Des arch\u00e9ologues tentent de rassembler des preuves sur l'un des plus grands myst\u00e8res de l'\u00c9gypte antique : l'\u00e9mergence de la momification.", "start_date": "2026-09-02T10:29:00+00:00", "title": "Les tr\u00e9sors perdus de la Vall\u00e9e des Rois"}, {"desc": "Le r\u00e8gne de Toutankhamon a subi l'influence de son p\u00e8re, \u00e0 l'origine d'une grande r\u00e9volution religieuse. Ce soul\u00e8vement expliquerait-il un tombeau indigne de son rang ?", "start_date": "2026-09-02T11:19:00+00:00", "title": "Les tr\u00e9sors perdus de la Vall\u00e9e des Rois"}, {"desc": "Pourquoi les rois d'Egypte ont-ils b\u00e2ti les pyramides ? Pour r\u00e9pondre \u00e0 cette question, des arch\u00e9ologues vont parcourir les tunnels de la grande pyramide de Gizeh.", "start_date": "2026-09-02T12:09:00+00:00", "title": "Les tr\u00e9sors perdus de la Vall\u00e9e des Rois"}, {"desc": "Les arch\u00e9ologues enqu\u00eatent sur la chute du tout dernier pharaon d'Egypte : la l\u00e9gendaire Cl\u00e9op\u00e2tre. Ils tenteront de retrouver la trace du tombeau de la c\u00e9l\u00e8bre souveraine.", "start_date": "2026-09-02T12:59:00+00:00", "title": "Les tr\u00e9sors perdus de la Vall\u00e9e des Rois"}, {"desc": "Les arch\u00e9ologues font d\u00e9couvrir le monde des pilleurs de tombes, leurs techniques et les traces laiss\u00e9es sur leur chemin. Dans cet \u00e9pisode, ils enqu\u00eatent sur une tombe inond\u00e9e.", "start_date": "2026-09-02T13:50:00+00:00", "title": "Les tr\u00e9sors perdus de la Vall\u00e9e des Rois"}, {"desc": "Les arch\u00e9ologues percent les myst\u00e8res du pharaon le plus c\u00e9l\u00e8bre d'Egypte, Tout\u00e2nkhamon. Les nouvelles technologies r\u00e9v\u00e8lent les m\u00e9thodes des ma\u00eetres-artisans de l'\u00e9poque.", "start_date": "2026-09-02T14:40:00+00:00", "title": "Les tr\u00e9sors perdus de la Vall\u00e9e des Rois"}, {"desc": "Isol\u00e9e du reste du monde, au beau milieu du Pacifique, l'\u00eele de P\u00e2ques est parsem\u00e9e de colosses de pierre qui peuvent mesurer plus de 10 m\u00e8tres de hauteur.", "start_date": "2026-09-02T15:30:00+00:00", "title": "L'\u00eele de P\u00e2ques"}, {"desc": "A 2400 m\u00e8tres dans les Andes du P\u00e9rou, le Machu Picchu r\u00e9v\u00e8le une architecture inca unique. Ses structures en pierre d\u00e9fient le temps depuis des si\u00e8cles.", "start_date": "2026-09-02T16:25:00+00:00", "title": "Machu Picchu : les secrets de la cit\u00e9 perdue des Incas"}, {"desc": "Au deuxi\u00e8me mill\u00e9naire avant notre \u00e8re, \u00e0 Babylone, le roi Hammurabi entreprend la construction de la ziggurat Etemenanki, une gigantesque tour.", "start_date": "2026-09-02T17:25:00+00:00", "title": "Babylone : le myst\u00e8re de la tour de Babel"}, {"desc": "Le triangle des Bermudes est l'une des zones g\u00e9ographiques les plus c\u00e9l\u00e8bres du globe. Selon une croyance r\u00e9pandue, cette zone serait le th\u00e9\u00e2tre d'un grand nombre de disparitions.", "start_date": "2026-09-02T18:33:00+00:00", "title": "Triangle des Bermudes : disparus sans laisser de trace"}, {"desc": "En 79, l'\u00e9ruption du V\u00e9suve fige Pomp\u00e9i. Ce documentaire met en lumi\u00e8re les aspects peu connus des derni\u00e8res heures des habitants de la cit\u00e9.", "start_date": "2026-09-02T19:38:00+00:00", "title": "Destruction de Pomp\u00e9i : Sc\u00e9nario d'une apocalypse"}, {"desc": "Des Celtes, on garde une vague image de villages faits de huttes, peupl\u00e9s par des druides et des guerriers barbares, rustres, mais courageux, \u00e0 l'image d'Ast\u00e9rix.", "start_date": "2026-09-02T20:38:00+00:00", "title": "Celtes : les myst\u00e8res d'une civilisation disparue"}, {"desc": "Chich\u00e9n Itz\u00e1 est l'un des sites touristiques les plus visit\u00e9s de la plan\u00e8te, un chef-d'oeuvre d'architecture situ\u00e9 dans la r\u00e9gion du Yucatan au Mexique.", "start_date": "2026-09-02T22:38:00+00:00", "title": "Chich\u00e9n Itz\u00e1 : enqu\u00eate sur l'\u00e9nigme de la chute des Mayas"}, {"desc": "Au nord de l'Egypte, les experts scientifiques partent \u00e0 la d\u00e9couvertes des incroyables cit\u00e9s antiques englouties situ\u00e9es \u00e0 l'embouchure du Nil.", "start_date": "2026-09-02T23:41:00+00:00", "title": "Les myst\u00e8res du Nil"}], "offset": "+00:00", "timezone": "UTC", "error_code": -1, "start_date": "2026-09-01", "icon": ""}