{"end_date": "2026-09-05", "name": "Spiler 2 [HU]", "info_url": "https://epg.pw/channels/549662/20260904.html", "country": "Russian Federation", "description": null, "error_message": "", "provider": "", "source_url": "https://epg.pw/api/epg.json?channel_id=549662&date=20260904&timezone=None", "epg_list": [{"desc": null, "start_date": "2026-09-04T00:05:00+00:00", "title": "Fuvaroz\u00f3k h\u00e1bor\u00faja / amerikai reality-sorozat, ep: Szerelem els\u0151 l\u00e1t\u00e1sra"}, {"desc": null, "start_date": "2026-09-04T00:25:00+00:00", "title": "Fuvaroz\u00f3k h\u00e1bor\u00faja / amerikai reality-sorozat, ep: Az \u00e9gt\u0151l a v\u00e9gtelenig \u00e9s m\u00e9g azon is t\u00fal"}, {"desc": null, "start_date": "2026-09-04T00:45:00+00:00", "title": "Orsz\u00e1g\u00fat a pokolba / kanadai dokumentumfilm sorozat, XI / 5. r\u00e9sz, ep: Egy es\u00e9ly a k\u00fczdelemre"}, {"desc": null, "start_date": "2026-09-04T01:30:00+00:00", "title": "Tit\u00e1nok, akik fel\u00e9p\u00edtett\u00e9k Amerik\u00e1t / I / 3. r\u00e9sz, ep: Tit\u00e1nok kontra Roosevelt \u2013 1. r\u00e9sz"}, {"desc": null, "start_date": "2026-09-04T03:05:00+00:00", "title": "Monster Jam / VI / 6. r\u00e9sz, ep: Houston"}, {"desc": null, "start_date": "2026-09-04T03:30:00+00:00", "title": "T\u0171zben edzett / amerikai reality-sorozat, VIII / 15. r\u00e9sz, ep: M\u00e1sodik es\u00e9ly bajnoks\u00e1g: 2. r\u00e9sz"}, {"desc": null, "start_date": "2026-09-04T04:15:00+00:00", "title": "Hegyi emberek / amerikai reality-sorozat, ep: Agyr\u00e1zk\u00f3d\u00e1s"}, {"desc": null, "start_date": "2026-09-04T05:05:00+00:00", "title": "Hegyi emberek / amerikai reality-sorozat, ep: A bika \u00e9s a medve"}, {"desc": null, "start_date": "2026-09-04T06:00:00+00:00", "title": "Worldbike / I / 1. r\u00e9sz"}, {"desc": null, "start_date": "2026-09-04T06:30:00+00:00", "title": "Worldbike / I / 3. r\u00e9sz"}, {"desc": null, "start_date": "2026-09-04T07:00:00+00:00", "title": "Pr\u00e9mium Sport Magazin / II / 7. r\u00e9sz"}, {"desc": null, "start_date": "2026-09-04T07:50:00+00:00", "title": "Pr\u00e9mium Sport Magazin / II / 8. r\u00e9sz"}, {"desc": null, "start_date": "2026-09-04T08:45:00+00:00", "title": "Pr\u00e9mium Sport Magazin / II / 9. r\u00e9sz"}, {"desc": null, "start_date": "2026-09-04T09:35:00+00:00", "title": "La Liga miniprogramok / 7. r\u00e9sz, ep: Real Madrid \u2013 TOP10"}, {"desc": null, "start_date": "2026-09-04T09:45:00+00:00", "title": "Amerikai restaur\u00e1torok / amerikai reality-sorozat, VI / 2. r\u00e9sz, 2014"}, {"desc": null, "start_date": "2026-09-04T10:10:00+00:00", "title": "Amerikai restaur\u00e1torok / amerikai reality-sorozat, VII / 13. r\u00e9sz, 2016"}, {"desc": null, "start_date": "2026-09-04T10:35:00+00:00", "title": "T\u0171zben edzett / amerikai reality-sorozat, VIII / 16. r\u00e9sz, ep: M\u00e1sodik es\u00e9ly bajnoks\u00e1g: d\u00f6nt\u0151"}, {"desc": null, "start_date": "2026-09-04T11:30:00+00:00", "title": "La Liga Extra / 41. r\u00e9sz, ep: FC Barcelona \u2013 3. fordul\u00f3"}, {"desc": null, "start_date": "2026-09-04T11:45:00+00:00", "title": "La Liga Extra / 42. r\u00e9sz, ep: Real Madrid \u2013 3. fordul\u00f3"}, {"desc": null, "start_date": "2026-09-04T12:00:00+00:00", "title": "Labdar\u00fag\u00e1s: La Liga / sportm\u0171sor, MMXXI / 32. r\u00e9sz, ep: Real Betis \u2013 Real Madrid"}, {"desc": null, "start_date": "2026-09-04T14:10:00+00:00", "title": "Labdar\u00fag\u00e1s: La Liga / sportm\u0171sor, MMXXII / 33. r\u00e9sz, ep: Athletic Club \u2013 Atl\u00e9tico de Madrid"}, {"desc": null, "start_date": "2026-09-04T16:20:00+00:00", "title": "La Liga miniprogramok / 17. r\u00e9sz, ep: El Clasico Legend\u00e1k \u2013 Karim Benzema"}, {"desc": null, "start_date": "2026-09-04T16:25:00+00:00", "title": "Labdar\u00fag\u00e1s: La Liga / sportm\u0171sor, MMXXII / 34. r\u00e9sz, ep: Rayo Vallecano \u2013 R. Racing Club"}, {"desc": null, "start_date": "2026-09-04T18:40:00+00:00", "title": "La Liga miniprogramok / 8. r\u00e9sz, ep: Villarreal CF \u2013 TOP10"}, {"desc": null, "start_date": "2026-09-04T18:55:00+00:00", "title": "Labdar\u00fag\u00e1s: La Liga / sportm\u0171sor, MMXXI / 35. r\u00e9sz, ep: Villarreal CF \u2013 RC Deportivo"}, {"desc": null, "start_date": "2026-09-04T21:10:00+00:00", "title": "Labdar\u00fag\u00e1s: La Liga / sportm\u0171sor, MMXXII / 33. r\u00e9sz, ep: Athletic Club \u2013 Atl\u00e9tico de Madrid"}, {"desc": null, "start_date": "2026-09-04T23:20:00+00:00", "title": "Menek\u00fcl\u00e9s a frontvonalr\u00f3l / ismeretterjeszt\u0151 filmsorozat, I / 12. r\u00e9sz, ep: Pedestal-hadm\u0171velet"}, {"desc": null, "start_date": "2026-09-05T00:20:00+00:00", "title": "Hadihaj\u00f3k / angol dokumentumfilm sorozat, III / 2. r\u00e9sz, ep: Trafalgari csata"}, {"desc": null, "start_date": "2026-09-05T01:10:00+00:00", "title": "T\u0171zben edzett / amerikai reality-sorozat, VIII / 17. r\u00e9sz, ep: Mem\u00f3riaj\u00e1t\u00e9k"}, {"desc": null, "start_date": "2026-09-05T01:55:00+00:00", "title": "Az aut\u00f3k gr\u00f3fja / amerikai reality-sorozat, V / 19. r\u00e9sz"}, {"desc": null, "start_date": "2026-09-05T02:20:00+00:00", "title": "Hogyan jav\u00edtott\u00e1k meg? / II / 7. r\u00e9sz"}, {"desc": null, "start_date": "2026-09-05T03:05:00+00:00", "title": "Monster Jam / VI / 7. r\u00e9sz, ep: Minneapolis"}, {"desc": null, "start_date": "2026-09-05T03:30:00+00:00", "title": "T\u0171zben edzett / amerikai reality-sorozat, VIII / 18. r\u00e9sz, ep: Pankr\u00e1tor k\u00fcl\u00f6nsz\u00e1m"}, {"desc": null, "start_date": "2026-09-05T04:15:00+00:00", "title": "Hegyi emberek / amerikai reality-sorozat, ep: A legalja"}, {"desc": null, "start_date": "2026-09-05T05:05:00+00:00", "title": "Hegyi emberek / amerikai reality-sorozat, ep: Nemezis"}, {"desc": null, "start_date": "2026-09-05T06:00:00+00:00", "title": "Pr\u00e9mium Sport Magazin / II / 10. r\u00e9sz"}, {"desc": null, "start_date": "2026-09-05T06:50:00+00:00", "title": "Pr\u00e9mium Sport Magazin / II / 11. r\u00e9sz"}, {"desc": null, "start_date": "2026-09-05T07:40:00+00:00", "title": "Pr\u00e9mium Sport Magazin / II / 12. r\u00e9sz"}, {"desc": null, "start_date": "2026-09-05T08:30:00+00:00", "title": "K\u00e9pess\u00e9gek hat\u00e1rain / I / 2. r\u00e9sz"}, {"desc": null, "start_date": "2026-09-05T09:00:00+00:00", "title": "K\u00e9pess\u00e9gek hat\u00e1rain / I / 4. r\u00e9sz"}, {"desc": null, "start_date": "2026-09-05T09:30:00+00:00", "title": "SuperCar / magyar aut\u00f3s magazin, 31. r\u00e9sz, 2017"}, {"desc": null, "start_date": "2026-09-05T10:00:00+00:00", "title": "Amerikai restaur\u00e1torok / amerikai reality-sorozat, VII / 1. r\u00e9sz, 2016, ep: T\u0171z alatt"}, {"desc": null, "start_date": "2026-09-05T10:50:00+00:00", "title": "T\u0171zben edzett / amerikai reality-sorozat, VIII / 19. r\u00e9sz, ep: Sarki koh\u00f3"}, {"desc": null, "start_date": "2026-09-05T11:45:00+00:00", "title": "Labdar\u00fag\u00e1s: La Liga / sportm\u0171sor, MMXXI / 32. r\u00e9sz, ep: Real Betis \u2013 Real Madrid"}, {"desc": null, "start_date": "2026-09-05T13:55:00+00:00", "title": "Sp\u00edler st\u00fadi\u00f3 / 1. r\u00e9sz"}, {"desc": null, "start_date": "2026-09-05T14:10:00+00:00", "title": "Labdar\u00fag\u00e1s: La Liga / sportm\u0171sor, MMXXI / 36. r\u00e9sz, ep: Valencia CF \u2013 FC Barcelona"}, {"desc": null, "start_date": "2026-09-05T16:20:00+00:00", "title": "La Liga miniprogramok / 19. r\u00e9sz, ep: El Clasico Legend\u00e1k \u2013 Isco"}, {"desc": null, "start_date": "2026-09-05T16:25:00+00:00", "title": "Labdar\u00fag\u00e1s: La Liga / sportm\u0171sor, MMXXI / 37. r\u00e9sz, ep: Deportivo Alav\u00e9s \u2013 CA Osasuna"}, {"desc": null, "start_date": "2026-09-05T18:40:00+00:00", "title": "La Liga miniprogramok / 9. r\u00e9sz, ep: Legszebb asszisztok"}, {"desc": null, "start_date": "2026-09-05T18:55:00+00:00", "title": "Labdar\u00fag\u00e1s: La Liga / sportm\u0171sor, MMXXI / 38. r\u00e9sz, ep: RCD Espanyol \u2013 Sevilla FC"}, {"desc": null, "start_date": "2026-09-05T21:10:00+00:00", "title": "Labdar\u00fag\u00e1s: La Liga / sportm\u0171sor, MMXXI / 36. r\u00e9sz, ep: Valencia CF \u2013 FC Barcelona"}, {"desc": null, "start_date": "2026-09-05T23:20:00+00:00", "title": "Menek\u00fcl\u00e9s a frontvonalr\u00f3l / ismeretterjeszt\u0151 filmsorozat, I / 7. r\u00e9sz, ep: \u00c1tt\u00f6r\u00e9s a pokol kapuj\u00e1n"}], "offset": "+00:00", "timezone": "UTC", "error_code": -1, "start_date": "2026-09-04", "icon": "https://epg.pw/media/images/epg/2026/06/09/20260609025049447465_64.png"}