{"end_date": "2026-09-02", "name": "Arte", "info_url": "https://epg.pw/channels/55730/20260901.html", "country": "France", "description": null, "error_message": "", "provider": "", "source_url": "https://epg.pw/api/epg.json?channel_id=55730&date=20260901&timezone=None", "epg_list": [{"desc": "A Samburu, les \u00e9l\u00e9phants sont parvenus \u00e0 assurer leur survie : \u00e0 force de creuser la terre, ils ont d\u00e9couvert une source, qui fait leur bonheur et celui des animaux alentour.", "start_date": "2026-09-01T00:50:00+00:00", "title": "Kenya : au rythme des pluies"}, {"desc": "Apr\u00e8s un passage difficile par le golfe de Gascogne, le Nomade des mers s'ancre \u00e0 Agadir, sa premi\u00e8re \u00e9tape, pour y rencontrer un jeune inventeur.", "start_date": "2026-09-01T01:35:00+00:00", "title": "Nomade des mers, les escales de l'innovation"}, {"desc": "Des survivants de violences sexuelles se mobilisent pour que l'abolition de la prescription des crimes sexuels sur des mineurs soit inscrite dans le droit europ\u00e9en.", "start_date": "2026-09-01T02:05:00+00:00", "title": "Viols sur mineurs : la fin de la prescription ?"}, {"desc": "Un couple d'\u00e9l\u00e9phants s'installe paisiblement au parc, mais leur \u00e9l\u00e9phanteau ne tient pas en place...", "start_date": "2026-09-01T02:35:00+00:00", "title": "Athleticus"}, {"desc": null, "start_date": "2026-09-01T02:37:00+00:00", "title": "Pause"}, {"desc": "Face au b\u00e9ton et \u00e0 l'acier, le bois retrouve ses lettres de noblesse. Principal mat\u00e9riau de construction pendant des mill\u00e9naires, il a \u00e9t\u00e9 progressivement \u00e9cart\u00e9.", "start_date": "2026-09-01T03:15:00+00:00", "title": "Mat\u00e9riaux d'hier et de demain"}, {"desc": "Animal embl\u00e9matique du Canada, le caribou est en danger d'extinction dans le sud du pays. Les peuples autochtones en mis en place un plan de sauvegarde.", "start_date": "2026-09-01T04:10:00+00:00", "title": "A la reconqu\u00eate des Rocheuses"}, {"desc": "A mains nues, \u00e0 cesta punta, \u00e0 chistera, en trinquet : la pelote basque constitue l'un des piliers de l'identit\u00e9 d'un territoire \u00e0 l'histoire mouvement\u00e9e.", "start_date": "2026-09-01T04:55:00+00:00", "title": "Pays basque, l'\u00e2me en pelote"}, {"desc": "Voyage \u00e0 la d\u00e9couverte des recettes traditionnelles de la Sicile. Les boulettes de riz siciliennes : les arancine - \u00c0 Palerme, Antoine Leclaire fait ses emplettes dans les commerces qui se sont ligu\u00e9s contre la mafia.", "start_date": "2026-09-01T05:45:00+00:00", "title": "Voyage en cuisine"}, {"desc": "Au Cambodge, un artiste en fusion avec la nature. - Burle Marx dessine les jardins de Rio. - A Paris, la reine de l'escroquerie.", "start_date": "2026-09-01T06:20:00+00:00", "title": "Invitation au voyage"}, {"desc": "Au Japon, les bulles nostalgiques de Taniguchi. - En Bavi\u00e8re, la ferveur de la bi\u00e8re. - En Estonie, la soupe au poisson de Marten. - En Egypte, l'inventeur \u00e0 id\u00e9es et \u00e0 vapeur.", "start_date": "2026-09-01T07:05:00+00:00", "title": "Invitation au voyage"}, {"desc": "L'exp\u00e9dition 398 part \u00e0 la d\u00e9couverte du volcan de Santorin, dont la gigantesque \u00e9ruption a \u00e9branl\u00e9 l'est de la M\u00e9diterran\u00e9e il y a pr\u00e8s de 3600 ans.", "start_date": "2026-09-01T07:55:00+00:00", "title": "Les myst\u00e8res de Santorin"}, {"desc": "Au d\u00e9but du XXe si\u00e8cle, la C\u00f4te d'Azur, de Cassis \u00e0 la fronti\u00e8re italienne, acquiert une c\u00e9l\u00e9brit\u00e9 plan\u00e9taire gr\u00e2ce \u00e0 ses paysages, mais aussi \u00e0 ses mondanit\u00e9s.", "start_date": "2026-09-01T09:25:00+00:00", "title": "La C\u00f4te d'Azur, mythique et l\u00e9gendaire"}, {"desc": "A Tul\u00e9ar, l'\u00e9quipe d\u00e9couvre l'une des richesses malgaches, la spiruline, algue utilis\u00e9e comme compl\u00e9ment alimentaire notamment chez les enfants malnutris.", "start_date": "2026-09-01T10:15:00+00:00", "title": "Nomade des mers, les escales de l'innovation"}, {"desc": "Un poulet sur cinq consomm\u00e9 dans l'Union europ\u00e9enne provient de Pologne. Premier producteur de volailles d'Europe, le pays mise sur de vastes exploitations d'\u00e9levage intensif. \u00c0 Kode\u0144, pr\u00e8s d'un million de poulets sont \u00e9lev\u00e9s \u00e0 c\u00f4t\u00e9 de la propri\u00e9t\u00e9 de Barbara Bil, qui s'oppose \u00e0 cette exploitation. Cette retrait\u00e9e ne supporte plus les nuisances olfactives et craint pour sa qualit\u00e9 de vie.", "start_date": "2026-09-01T11:00:00+00:00", "title": "Un village et un million de poulets"}, {"desc": "Sur une \u00eele, le meurtre d'un vendeur de bateaux co\u00efncide avec le retour d'Anna. Un policier, li\u00e9 \u00e0 Nora, reprend le travail et cache un myst\u00e8re.", "start_date": "2026-09-01T11:35:00+00:00", "title": "Meurtres \u00e0 Sandhamn"}, {"desc": "Les quelque 5000 loups qui peuplent les grands espaces du Yukon, dans le nord-ouest du Canada, sont au coeur d'une politique \u00e9cologique de r\u00e9conciliation.", "start_date": "2026-09-01T13:05:00+00:00", "title": "A la reconqu\u00eate des Rocheuses"}, {"desc": "De Chicago au golfe du Mexique en passant principalement par le Mississippi, la suite de l'aventure permet de traverser Saint-Louis, Memphis et La Nouvelle-Orl\u00e9ans.", "start_date": "2026-09-01T13:50:00+00:00", "title": "Les Etats-Unis sur les flots"}, {"desc": "Partant de la \"Forgotten Coast\", le p\u00e9riple se poursuit au large du golfe du Mexique puis le long de l'Intracoastal Waterway avant de s'achever en Caroline du Sud.", "start_date": "2026-09-01T14:35:00+00:00", "title": "Les Etats-Unis sur les flots"}, {"desc": "Linda Lorin nous emm\u00e8ne \u00e0 la d\u00e9couverte de notre patrimoine artistique, culturel et naturel. \u00c0 N\u00eemes, la palette color\u00e9e de Claude Viallat - Les s\u00e9quoias, g\u00e9ants de Californie - Au S\u00e9n\u00e9gal, le riz rouge aux boulettes de poisson de Ndeye - \u00c0 Berlin, une physicienne visionnaire.", "start_date": "2026-09-01T15:20:00+00:00", "title": "Invitation au voyage"}, {"desc": "Gary Shteyngart \u00e0 New York - Kenya, l'\u00eele de Pate se r\u00eave un pass\u00e9 chinois - Pays de Galles, la maladie de la fourchette.", "start_date": "2026-09-01T16:05:00+00:00", "title": "Invitation au voyage"}, {"desc": "La coquille Saint-Jacques est l'un des embl\u00e8mes de la r\u00e9gion de Honfleur. Le chef Julien Lefebvre n'h\u00e9site pas \u00e0 la mettre en avant et l'allie au Livarot.", "start_date": "2026-09-01T16:50:00+00:00", "title": "Voyage en cuisine"}, {"desc": "Aux Pays-Bas, la police a divulgu\u00e9 les photos flout\u00e9es de dizaines de suspects d'arnaques pour inciter les citoyens \u00e0 les d\u00e9noncer. Une mise au pilori, d\u00e9ploy\u00e9e en ligne et dans l'espace public, qui renoue avec des formes tr\u00e8s anciennes de d\u00e9lation.", "start_date": "2026-09-01T17:30:00+00:00", "title": "Le dessous des images"}, {"desc": "Chaque jour \u00e0 19h45, la r\u00e9daction franco-allemande d'ARTE Journal propose une approche europ\u00e9enne et culturelle de l'actualit\u00e9. Un regard original sur le monde.", "start_date": "2026-09-01T17:45:00+00:00", "title": "Arte journal"}, {"desc": "Pr\u00e9sent\u00e9 par \u00c9lisabeth Quin du lundi au jeudi et Renaud D\u00e9ly les vendredi et samedi, le rendez-vous quotidien consacr\u00e9 \u00e0 l'actualit\u00e9 et au d\u00e9bat.", "start_date": "2026-09-01T18:05:00+00:00", "title": "28 minutes"}, {"desc": "Du lundi au jeudi, Le dessous des cartes - L'essentiel met son expertise g\u00e9opolitique au service d'un d\u00e9cryptage, en quatre minutes, des grands \u00e9v\u00e9nements qui secouent le monde contemporain.", "start_date": "2026-09-01T18:50:00+00:00", "title": "Le dessous des cartes : l'essentiel"}, {"desc": "Au VIe si\u00e8cle, la d\u00e9sint\u00e9gration de l'Empire Romain est achev\u00e9e : plus d'\u00c9tat, plus de grandes villes. C'est le retour \u00e0 la terre, et la naissance de la paysannerie europ\u00e9enne.", "start_date": "2026-09-01T18:55:00+00:00", "title": "Le temps des paysans"}, {"desc": "Vers l'an mille, la croissance reprend en Europe gr\u00e2ce au travail paysan. L'agriculture commerciale, surtout c\u00e9r\u00e9ali\u00e8re, prend son essor et on d\u00e9truit for\u00eats et zones humides.", "start_date": "2026-09-01T19:50:00+00:00", "title": "Le temps des paysans"}, {"desc": "Au XVIIe si\u00e8cle, certains paysans apprennent \u00e0 lire et \u00e9crire, au grand d\u00e9plaisir des ma\u00eetres, les m\u00eames qui criminalisent les superstitions et font la chasse aux sorci\u00e8res.", "start_date": "2026-09-01T20:50:00+00:00", "title": "Le temps des paysans"}, {"desc": "Au XIXe si\u00e8cle, la r\u00e9volution industrielle bouleverse le monde paysan. Les solidarit\u00e9s villageoises sont d\u00e9mantel\u00e9es, la population agricole chute. L'heure est \u00e0 l'exode rural.", "start_date": "2026-09-01T21:40:00+00:00", "title": "Le temps des paysans"}, {"desc": "A l'\u00e9t\u00e9 1900, le soul\u00e8vement des Boxeurs embrase le nord de la Chine. Ce conflit colonial continue de marquer ses relations avec le monde occidental.", "start_date": "2026-09-01T22:40:00+00:00", "title": "La guerre des Boxeurs : la fin de l'Empire chinois"}, {"desc": "Portrait en trois volets de Mao Zedong, fils de paysan devenu r\u00e9volutionnaire puis dirigeant totalitaire. Le r\u00e9cit d'un destin qui conte l'histoire collective de la Chine moderne.", "start_date": "2026-09-01T23:35:00+00:00", "title": "Mao, l'empereur rouge"}, {"desc": "Mao engage des r\u00e9formes brutales qui culminent avec le \"Grand Bond en avant\" en 1958. Le r\u00e9sultat : l'une des plus grandes famines de l'histoire et des millions de morts.", "start_date": "2026-09-02T00:25:00+00:00", "title": "Mao, l'empereur rouge"}, {"desc": "Apr\u00e8s le d\u00e9sastre du \"Grand Bond en avant\", Mao, contest\u00e9, s'appuit sur la jeunesse et les \u00e9tudiants pour mettre en \u0153uvre sa \"r\u00e9volution culturelle\".", "start_date": "2026-09-02T01:20:00+00:00", "title": "Mao, l'empereur rouge"}, {"desc": "Portrait de trois jeunes Allemands \u00e0 l'approche d'un scrutin suivi de pr\u00e8s par tout le pays : les \u00e9lections r\u00e9gionales dans le Land de Saxe-Anhalt.", "start_date": "2026-09-02T02:15:00+00:00", "title": "De jeunes Allemands engag\u00e9s pour la d\u00e9mocratie"}, {"desc": "Un serveur \u00e9l\u00e9phant participe \u00e0 une course de gar\u00e7ons de caf\u00e9 pour soigner sa maladresse...", "start_date": "2026-09-02T02:47:00+00:00", "title": "Athleticus"}, {"desc": null, "start_date": "2026-09-02T02:49:00+00:00", "title": "Pause"}, {"desc": "Si les nouveaux modes de construction \u00e0 base de bois, de bambou ou de myc\u00e9lium font flor\u00e8s, certains vont plus loin en s'inspirant directement de structures organiques.", "start_date": "2026-09-02T03:15:00+00:00", "title": "Mat\u00e9riaux d'hier et de demain"}, {"desc": "Du bord du lac de Constance aux rives du K\u00f6nigssee, cap sur les Alpes bavaroises pour un p\u00e9riple de pr\u00e8s de 500 kilom\u00e8tres jalonn\u00e9s de parcs nationaux et de ch\u00e2teaux majestueux.", "start_date": "2026-09-02T04:10:00+00:00", "title": "Sur le chemin des Alpes bavaroises : Une f\u00e9erie de lacs et de ch\u00e2teaux"}, {"desc": "Les marais du Cotentin, qui s'\u00e9tendent sur 30 000 hectares, constituent un refuge pour les oiseaux migrateurs et un r\u00e9servoir de diversit\u00e9 biologique.", "start_date": "2026-09-02T04:55:00+00:00", "title": "Cotentin, des marais entre terre et mer"}, {"desc": "La coquille Saint-Jacques est l'un des embl\u00e8mes de la r\u00e9gion de Honfleur. Le chef Julien Lefebvre n'h\u00e9site pas \u00e0 la mettre en avant et l'allie au Livarot.", "start_date": "2026-09-02T05:50:00+00:00", "title": "Voyage en cuisine"}, {"desc": "Gary Shteyngart \u00e0 New York - Kenya, l'\u00eele de Pate se r\u00eave un pass\u00e9 chinois - Pays de Galles, la maladie de la fourchette.", "start_date": "2026-09-02T06:20:00+00:00", "title": "Invitation au voyage"}, {"desc": "Linda Lorin nous emm\u00e8ne \u00e0 la d\u00e9couverte de notre patrimoine artistique, culturel et naturel. \u00c0 N\u00eemes, la palette color\u00e9e de Claude Viallat - Les s\u00e9quoias, g\u00e9ants de Californie - Au S\u00e9n\u00e9gal, le riz rouge aux boulettes de poisson de Ndeye - \u00c0 Berlin, une physicienne visionnaire.", "start_date": "2026-09-02T07:05:00+00:00", "title": "Invitation au voyage"}, {"desc": "Usage de plantes m\u00e9dicinales ou de psychotropes, gestion de la reproduction : les animaux sauvages font preuve de comp\u00e9tences m\u00e9dicales. Instinct ou apprentissage social ?", "start_date": "2026-09-02T07:55:00+00:00", "title": "Les animaux gu\u00e9risseurs"}, {"desc": "Pour assurer et optimiser leur reproduction, les abeilles \u00e0 orchid\u00e9es ou les \u00e9l\u00e9phantes ont recours \u00e0 des strat\u00e9gies extr\u00eamement cr\u00e9atives, puis\u00e9es dans la nature.", "start_date": "2026-09-02T08:40:00+00:00", "title": "Les animaux gu\u00e9risseurs"}, {"desc": "Que ce soit pour se soigner, soulager le stress ou simplement en \u00e9prouver l'ivresse, les animaux ne rechignent pas \u00e0 consommer les substances psychotropes qu'offre la nature.", "start_date": "2026-09-02T09:25:00+00:00", "title": "Les animaux gu\u00e9risseurs"}, {"desc": "Pour g\u00e9rer les tensions, les macaques du Japon se baignent dans des sources chaudes, les \u00e9l\u00e9phants s'octroient des pauses pour barboter, et les reptiles, des bains de soleil.", "start_date": "2026-09-02T10:10:00+00:00", "title": "Les animaux gu\u00e9risseurs"}, {"desc": "A la suite d'un accident, un paisible routier est traqu\u00e9 par des gangsters, persuad\u00e9s qu'il d\u00e9tient le magot qu'ils recherchent. Leur affrontement est violent.", "start_date": "2026-09-02T11:35:00+00:00", "title": "Gas-oil"}, {"desc": "Aux Seychelles, que le Nomade des mers a eu bien du mal \u00e0 atteindre, Corentin rencontre ceux qui transforment des huiles usag\u00e9es en biodiesel.", "start_date": "2026-09-02T13:25:00+00:00", "title": "Nomade des mers, les escales de l'innovation"}, {"desc": "Sur les rivages de Bretagne, un huis clos aquatique se r\u00e9p\u00e8te \u00e0 chaque mar\u00e9e basse. Les flaques d'eau sal\u00e9e se transforment en ar\u00e8nes \u00e9ph\u00e9m\u00e8res miniatures.", "start_date": "2026-09-02T13:50:00+00:00", "title": "Pi\u00e8ge \u00e0 mar\u00e9e basse"}, {"desc": "Apr\u00e8s six heures pi\u00e9g\u00e9es dans la mare r\u00e9siduelle, beaucoup de cr\u00e9atures touchent le fond. L'ing\u00e9niosit\u00e9 devient alors la cl\u00e9 de la survie.", "start_date": "2026-09-02T14:35:00+00:00", "title": "Pi\u00e8ge \u00e0 mar\u00e9e basse"}, {"desc": "Linda Lorin nous emm\u00e8ne \u00e0 la d\u00e9couverte de notre patrimoine artistique, culturel et naturel. \u00d6zge Samanci met en bulles son enfance turque - Se loger \u00e0 Madrid, une qu\u00eate cin\u00e9matographique - Au Panama, le poisson frit de Manuel - Aux \u00c9tats-Unis, le roi noir du ring.", "start_date": "2026-09-02T15:20:00+00:00", "title": "Invitation au voyage"}, {"desc": "Argentine, les portraits sublim\u00e9s d'Annemarie Heinrich - Les bistrots, le Paris populaire sur le zinc - Togo, l'appel du froid.", "start_date": "2026-09-02T16:10:00+00:00", "title": "Invitation au voyage"}, {"desc": "Les grandes plaines canadiennes sont truff\u00e9es de lacs et de rivi\u00e8res. La cheffe Karine Beauchamp met en avant la richesse des produits de qualit\u00e9 qui s'y trouvent.", "start_date": "2026-09-02T16:55:00+00:00", "title": "Voyage en cuisine"}, {"desc": "Film\u00e9e par drone dans une favela de Rio, une touriste avance dans un d\u00e9cor jonch\u00e9 de t\u00f4les et de b\u00e9ton. Ces vid\u00e9os virales, pens\u00e9es pour les plateformes, relancent le d\u00e9bat sur le tourisme dans les favelas : entre spectacle de la mis\u00e8re et reflet d'une triste r\u00e9alit\u00e9 sociale.", "start_date": "2026-09-02T17:30:00+00:00", "title": "Le dessous des images"}, {"desc": "Chaque jour \u00e0 19h45, la r\u00e9daction franco-allemande d'ARTE Journal propose une approche europ\u00e9enne et culturelle de l'actualit\u00e9. Un regard original sur le monde.", "start_date": "2026-09-02T17:45:00+00:00", "title": "Arte journal"}, {"desc": "Pr\u00e9sent\u00e9 par \u00c9lisabeth Quin du lundi au jeudi et Renaud D\u00e9ly les vendredi et samedi, le rendez-vous quotidien consacr\u00e9 \u00e0 l'actualit\u00e9 et au d\u00e9bat.", "start_date": "2026-09-02T18:05:00+00:00", "title": "28 minutes"}, {"desc": "Du lundi au jeudi, Le dessous des cartes - L'essentiel met son expertise g\u00e9opolitique au service d'un d\u00e9cryptage, en quatre minutes, des grands \u00e9v\u00e9nements qui secouent le monde contemporain.", "start_date": "2026-09-02T18:50:00+00:00", "title": "Le dessous des cartes : l'essentiel"}, {"desc": "Dans un Paris bond\u00e9 et hostile, un jeune Guin\u00e9en sans-papiers livre des repas \u00e0 v\u00e9lo tout en pr\u00e9parant f\u00e9brilement son entretien pour sa demande d'asile.", "start_date": "2026-09-02T19:00:00+00:00", "title": "L'histoire de Souleymane"}, {"desc": "Apr\u00e8s un accident d'avion, une jeune fille se retrouve sur une \u00eele d\u00e9serte en plein oc\u00e9an Indien, avec des personnes qu'elle ne peut pas supporter.", "start_date": "2026-09-02T20:30:00+00:00", "title": "Family Mix"}, {"desc": "Trois courts m\u00e9trages, trois d\u00e9sillusions amoureuses : \"Dernier printemps\" de Mathilde Bedouet, \"Mon sucre d'amour\" de C\u00e9leste Fournet et \"Malo fait du v\u00e9lo\" de Yannick M\u00fcller - Tran Anh Hung revient sur ses premiers courts m\u00e9trages.", "start_date": "2026-09-02T22:15:00+00:00", "title": "Court-circuit"}, {"desc": "En archives et t\u00e9moignages, une plong\u00e9e musicale dans la m\u00e9moire de l'immigration turque en Allemagne, des ann\u00e9es 1960 jusqu'\u00e0 aujourd'hui.", "start_date": "2026-09-02T23:15:00+00:00", "title": "L'amour, le Deutsche Mark et la mort : Chants des travailleurs immigr\u00e9s"}], "offset": "+00:00", "timezone": "UTC", "error_code": -1, "start_date": "2026-09-01", "icon": ""}