{"end_date": "2026-09-03", "name": "Arte", "info_url": "https://epg.pw/channels/55730/20260902.html", "country": "France", "description": null, "error_message": "", "provider": "", "source_url": "https://epg.pw/api/epg.json?channel_id=55730&date=20260902&timezone=None", "epg_list": [{"desc": "Mao engage des r\u00e9formes brutales qui culminent avec le \"Grand Bond en avant\" en 1958. Le r\u00e9sultat : l'une des plus grandes famines de l'histoire et des millions de morts.", "start_date": "2026-09-02T00:25:00+00:00", "title": "Mao, l'empereur rouge"}, {"desc": "Apr\u00e8s le d\u00e9sastre du \"Grand Bond en avant\", Mao, contest\u00e9, s'appuit sur la jeunesse et les \u00e9tudiants pour mettre en \u0153uvre sa \"r\u00e9volution culturelle\".", "start_date": "2026-09-02T01:20:00+00:00", "title": "Mao, l'empereur rouge"}, {"desc": "Portrait de trois jeunes Allemands \u00e0 l'approche d'un scrutin suivi de pr\u00e8s par tout le pays : les \u00e9lections r\u00e9gionales dans le Land de Saxe-Anhalt.", "start_date": "2026-09-02T02:15:00+00:00", "title": "De jeunes Allemands engag\u00e9s pour la d\u00e9mocratie"}, {"desc": "Un serveur \u00e9l\u00e9phant participe \u00e0 une course de gar\u00e7ons de caf\u00e9 pour soigner sa maladresse...", "start_date": "2026-09-02T02:47:00+00:00", "title": "Athleticus"}, {"desc": null, "start_date": "2026-09-02T02:49:00+00:00", "title": "Pause"}, {"desc": "Si les nouveaux modes de construction \u00e0 base de bois, de bambou ou de myc\u00e9lium font flor\u00e8s, certains vont plus loin en s'inspirant directement de structures organiques.", "start_date": "2026-09-02T03:15:00+00:00", "title": "Mat\u00e9riaux d'hier et de demain"}, {"desc": "Du bord du lac de Constance aux rives du K\u00f6nigssee, cap sur les Alpes bavaroises pour un p\u00e9riple de pr\u00e8s de 500 kilom\u00e8tres jalonn\u00e9s de parcs nationaux et de ch\u00e2teaux majestueux.", "start_date": "2026-09-02T04:10:00+00:00", "title": "Sur le chemin des Alpes bavaroises : Une f\u00e9erie de lacs et de ch\u00e2teaux"}, {"desc": "Les marais du Cotentin, qui s'\u00e9tendent sur 30 000 hectares, constituent un refuge pour les oiseaux migrateurs et un r\u00e9servoir de diversit\u00e9 biologique.", "start_date": "2026-09-02T04:55:00+00:00", "title": "Cotentin, des marais entre terre et mer"}, {"desc": "La coquille Saint-Jacques est l'un des embl\u00e8mes de la r\u00e9gion de Honfleur. Le chef Julien Lefebvre n'h\u00e9site pas \u00e0 la mettre en avant et l'allie au Livarot.", "start_date": "2026-09-02T05:50:00+00:00", "title": "Voyage en cuisine"}, {"desc": "Gary Shteyngart \u00e0 New York - Kenya, l'\u00eele de Pate se r\u00eave un pass\u00e9 chinois - Pays de Galles, la maladie de la fourchette.", "start_date": "2026-09-02T06:20:00+00:00", "title": "Invitation au voyage"}, {"desc": "Linda Lorin nous emm\u00e8ne \u00e0 la d\u00e9couverte de notre patrimoine artistique, culturel et naturel. \u00c0 N\u00eemes, la palette color\u00e9e de Claude Viallat - Les s\u00e9quoias, g\u00e9ants de Californie - Au S\u00e9n\u00e9gal, le riz rouge aux boulettes de poisson de Ndeye - \u00c0 Berlin, une physicienne visionnaire.", "start_date": "2026-09-02T07:05:00+00:00", "title": "Invitation au voyage"}, {"desc": "Usage de plantes m\u00e9dicinales ou de psychotropes, gestion de la reproduction : les animaux sauvages font preuve de comp\u00e9tences m\u00e9dicales. Instinct ou apprentissage social ?", "start_date": "2026-09-02T07:55:00+00:00", "title": "Les animaux gu\u00e9risseurs"}, {"desc": "Pour assurer et optimiser leur reproduction, les abeilles \u00e0 orchid\u00e9es ou les \u00e9l\u00e9phantes ont recours \u00e0 des strat\u00e9gies extr\u00eamement cr\u00e9atives, puis\u00e9es dans la nature.", "start_date": "2026-09-02T08:40:00+00:00", "title": "Les animaux gu\u00e9risseurs"}, {"desc": "Que ce soit pour se soigner, soulager le stress ou simplement en \u00e9prouver l'ivresse, les animaux ne rechignent pas \u00e0 consommer les substances psychotropes qu'offre la nature.", "start_date": "2026-09-02T09:25:00+00:00", "title": "Les animaux gu\u00e9risseurs"}, {"desc": "Pour g\u00e9rer les tensions, les macaques du Japon se baignent dans des sources chaudes, les \u00e9l\u00e9phants s'octroient des pauses pour barboter, et les reptiles, des bains de soleil.", "start_date": "2026-09-02T10:10:00+00:00", "title": "Les animaux gu\u00e9risseurs"}, {"desc": "A la suite d'un accident, un paisible routier est traqu\u00e9 par des gangsters, persuad\u00e9s qu'il d\u00e9tient le magot qu'ils recherchent. Leur affrontement est violent.", "start_date": "2026-09-02T11:35:00+00:00", "title": "Gas-oil"}, {"desc": "Aux Seychelles, que le Nomade des mers a eu bien du mal \u00e0 atteindre, Corentin rencontre ceux qui transforment des huiles usag\u00e9es en biodiesel.", "start_date": "2026-09-02T13:25:00+00:00", "title": "Nomade des mers, les escales de l'innovation"}, {"desc": "Sur les rivages de Bretagne, un huis clos aquatique se r\u00e9p\u00e8te \u00e0 chaque mar\u00e9e basse. Les flaques d'eau sal\u00e9e se transforment en ar\u00e8nes \u00e9ph\u00e9m\u00e8res miniatures.", "start_date": "2026-09-02T13:50:00+00:00", "title": "Pi\u00e8ge \u00e0 mar\u00e9e basse"}, {"desc": "Apr\u00e8s six heures pi\u00e9g\u00e9es dans la mare r\u00e9siduelle, beaucoup de cr\u00e9atures touchent le fond. L'ing\u00e9niosit\u00e9 devient alors la cl\u00e9 de la survie.", "start_date": "2026-09-02T14:35:00+00:00", "title": "Pi\u00e8ge \u00e0 mar\u00e9e basse"}, {"desc": "Linda Lorin nous emm\u00e8ne \u00e0 la d\u00e9couverte de notre patrimoine artistique, culturel et naturel. \u00d6zge Samanci met en bulles son enfance turque - Se loger \u00e0 Madrid, une qu\u00eate cin\u00e9matographique - Au Panama, le poisson frit de Manuel - Aux \u00c9tats-Unis, le roi noir du ring.", "start_date": "2026-09-02T15:20:00+00:00", "title": "Invitation au voyage"}, {"desc": "Argentine, les portraits sublim\u00e9s d'Annemarie Heinrich - Les bistrots, le Paris populaire sur le zinc - Togo, l'appel du froid.", "start_date": "2026-09-02T16:10:00+00:00", "title": "Invitation au voyage"}, {"desc": "Les grandes plaines canadiennes sont truff\u00e9es de lacs et de rivi\u00e8res. La cheffe Karine Beauchamp met en avant la richesse des produits de qualit\u00e9 qui s'y trouvent.", "start_date": "2026-09-02T16:55:00+00:00", "title": "Voyage en cuisine"}, {"desc": "Film\u00e9e par drone dans une favela de Rio, une touriste avance dans un d\u00e9cor jonch\u00e9 de t\u00f4les et de b\u00e9ton. Ces vid\u00e9os virales, pens\u00e9es pour les plateformes, relancent le d\u00e9bat sur le tourisme dans les favelas : entre spectacle de la mis\u00e8re et reflet d'une triste r\u00e9alit\u00e9 sociale.", "start_date": "2026-09-02T17:30:00+00:00", "title": "Le dessous des images"}, {"desc": "Chaque jour \u00e0 19h45, la r\u00e9daction franco-allemande d'ARTE Journal propose une approche europ\u00e9enne et culturelle de l'actualit\u00e9. Un regard original sur le monde.", "start_date": "2026-09-02T17:45:00+00:00", "title": "Arte journal"}, {"desc": "Pr\u00e9sent\u00e9 par \u00c9lisabeth Quin du lundi au jeudi et Renaud D\u00e9ly les vendredi et samedi, le rendez-vous quotidien consacr\u00e9 \u00e0 l'actualit\u00e9 et au d\u00e9bat.", "start_date": "2026-09-02T18:05:00+00:00", "title": "28 minutes"}, {"desc": "Du lundi au jeudi, Le dessous des cartes - L'essentiel met son expertise g\u00e9opolitique au service d'un d\u00e9cryptage, en quatre minutes, des grands \u00e9v\u00e9nements qui secouent le monde contemporain.", "start_date": "2026-09-02T18:50:00+00:00", "title": "Le dessous des cartes : l'essentiel"}, {"desc": "Dans un Paris bond\u00e9 et hostile, un jeune Guin\u00e9en sans-papiers livre des repas \u00e0 v\u00e9lo tout en pr\u00e9parant f\u00e9brilement son entretien pour sa demande d'asile.", "start_date": "2026-09-02T19:00:00+00:00", "title": "L'histoire de Souleymane"}, {"desc": "Apr\u00e8s un accident d'avion, une jeune fille se retrouve sur une \u00eele d\u00e9serte en plein oc\u00e9an Indien, avec des personnes qu'elle ne peut pas supporter.", "start_date": "2026-09-02T20:30:00+00:00", "title": "Family Mix"}, {"desc": "Trois courts m\u00e9trages, trois d\u00e9sillusions amoureuses : \"Dernier printemps\" de Mathilde Bedouet, \"Mon sucre d'amour\" de C\u00e9leste Fournet et \"Malo fait du v\u00e9lo\" de Yannick M\u00fcller - Tran Anh Hung revient sur ses premiers courts m\u00e9trages.", "start_date": "2026-09-02T22:15:00+00:00", "title": "Court-circuit"}, {"desc": "En archives et t\u00e9moignages, une plong\u00e9e musicale dans la m\u00e9moire de l'immigration turque en Allemagne, des ann\u00e9es 1960 jusqu'\u00e0 aujourd'hui.", "start_date": "2026-09-02T23:15:00+00:00", "title": "L'amour, le Deutsche Mark et la mort : Chants des travailleurs immigr\u00e9s"}, {"desc": "Peu avant son 80e anniversaire, un ancien m\u00e9decin se donne la mort. Toute la famille est stup\u00e9faite et tente de donner un sens \u00e0 ce qui est arriv\u00e9.", "start_date": "2026-09-03T00:50:00+00:00", "title": "Tir crois\u00e9"}, {"desc": "Un girafon et un \u00e9l\u00e9phanteau inventent un nouveau mode ludique de mobilit\u00e9 urbaine.", "start_date": "2026-09-03T02:21:00+00:00", "title": "Athleticus"}, {"desc": null, "start_date": "2026-09-03T02:23:00+00:00", "title": "Pause"}, {"desc": "Zoom sur un pan d'histoire m\u00e9connu : comment Marie L\u00e9opoldine d'Autriche, premi\u00e8re imp\u00e9ratrice du Br\u00e9sil, ouvrit la voie \u00e0 l'ind\u00e9pendance du pays en 1822.", "start_date": "2026-09-03T03:25:00+00:00", "title": "La naissance du Br\u00e9sil moderne"}, {"desc": "Comment, au Xe si\u00e8cle, les Saxons ont-ils fini par s'asseoir sur le tr\u00f4ne imp\u00e9rial de Rome ? Une \u00e9nigme qui mobilise experts, historiens et passionn\u00e9s.", "start_date": "2026-09-03T04:15:00+00:00", "title": "Les Saxons, grands rivaux des Francs"}, {"desc": "Les grandes plaines canadiennes sont truff\u00e9es de lacs et de rivi\u00e8res. La cheffe Karine Beauchamp met en avant la richesse des produits de qualit\u00e9 qui s'y trouvent.", "start_date": "2026-09-03T05:50:00+00:00", "title": "Voyage en cuisine"}, {"desc": "Argentine, les portraits sublim\u00e9s d'Annemarie Heinrich - Les bistrots, le Paris populaire sur le zinc - Togo, l'appel du froid.", "start_date": "2026-09-03T06:20:00+00:00", "title": "Invitation au voyage"}, {"desc": "Linda Lorin nous emm\u00e8ne \u00e0 la d\u00e9couverte de notre patrimoine artistique, culturel et naturel. \u00d6zge Samanci met en bulles son enfance turque - Se loger \u00e0 Madrid, une qu\u00eate cin\u00e9matographique - Au Panama, le poisson frit de Manuel - Aux \u00c9tats-Unis, le roi noir du ring.", "start_date": "2026-09-03T07:05:00+00:00", "title": "Invitation au voyage"}, {"desc": "Les quelque 5000 loups qui peuplent les grands espaces du Yukon, dans le nord-ouest du Canada, sont au coeur d'une politique \u00e9cologique de r\u00e9conciliation.", "start_date": "2026-09-03T07:55:00+00:00", "title": "A la reconqu\u00eate des Rocheuses"}, {"desc": "Animal embl\u00e9matique du Canada, le caribou est en danger d'extinction dans le sud du pays. Les peuples autochtones en mis en place un plan de sauvegarde.", "start_date": "2026-09-03T08:40:00+00:00", "title": "A la reconqu\u00eate des Rocheuses"}, {"desc": "Dans les Rocheuses, les grizzlis sont menac\u00e9s de disparition. Ces g\u00e9ants \u00e0 fourrure ont besoin de se d\u00e9placer librement afin de trouver des partenaires pour se reproduire.", "start_date": "2026-09-03T09:25:00+00:00", "title": "A la reconqu\u00eate des Rocheuses"}, {"desc": "Depuis trois d\u00e9cennies, d\u00e9fenseurs de l'environnement, scientifiques et communaut\u00e9s locales tentent de restaurer l'\u00e9cosyst\u00e8me fragilis\u00e9 des Rocheuses.", "start_date": "2026-09-03T10:10:00+00:00", "title": "A la reconqu\u00eate des Rocheuses"}, {"desc": "A la fronti\u00e8re de l'Ukraine, le delta du Danube, principalement roumain, vit au rythme d'une guerre qui a transform\u00e9 son quotidien. Ce conflit d\u00e9passe la ligne de front.", "start_date": "2026-09-03T11:00:00+00:00", "title": "Danube : la guerre sur l'autre rive"}, {"desc": "Alors que Nora d\u00e9couvre que sa propre famille est impliqu\u00e9e dans le meurtre d'une romanci\u00e8re, le commissaire Forsman enqu\u00eate, toujours en lutte contre son addiction.", "start_date": "2026-09-03T11:35:00+00:00", "title": "Meurtres \u00e0 Sandhamn"}, {"desc": "Pendant que le \"Nomade des mers\" reste \u00e0 quai, Corentin s'aventure dans les terres pour visiter Auroville, la cit\u00e9 exp\u00e9rimentale fond\u00e9e en 1968.", "start_date": "2026-09-03T13:25:00+00:00", "title": "Nomade des mers, les escales de l'innovation"}, {"desc": "Dans le Hubei, la r\u00e9serve naturelle de Shennongjia et ses for\u00eats abritent une esp\u00e8ce menac\u00e9e : les rhinopith\u00e8ques de Roxellane, aussi appel\u00e9s singes dor\u00e9s.", "start_date": "2026-09-03T13:50:00+00:00", "title": "Empires sauvages"}, {"desc": "Chaque ann\u00e9e, au printemps, des milliers d'antilopes du Tibet femelles, appel\u00e9es \"chiru\", entreprennent une longue migration \u00e0 travers prairies de montagne, lacs et steppes.", "start_date": "2026-09-03T14:35:00+00:00", "title": "Empires sauvages"}, {"desc": "Linda Lorin nous emm\u00e8ne \u00e0 la d\u00e9couverte de notre patrimoine artistique, culturel et naturel. \u00c0 la cha\u00eene et \u00e0 la ligne, la Bretagne prol\u00e9taire de Joseph Ponthus - Au Japon, l'art des charpentiers - Au Mont\u00e9n\u00e9gro, le g\u00e2teau dragon de Sanela - Au Danemark, les naufrag\u00e9s des camps nazis.", "start_date": "2026-09-03T15:20:00+00:00", "title": "Invitation au voyage"}, {"desc": "Laur\u00e9ate de l'Acad\u00e9mie fran\u00e7aise, Ananda Devi, auteur mauricien d'origine indienne, ne cesse de d\u00e9noncer la domination masculine sous toutes ses formes.", "start_date": "2026-09-03T16:10:00+00:00", "title": "Invitation au voyage"}, {"desc": "Du poisson, des condiments et de la semoule de manioc : voici les ingr\u00e9dients n\u00e9cessaires pour faire la recette embl\u00e9matique de la C\u00f4te d'Ivoire, l'atti\u00e9k\u00e9.", "start_date": "2026-09-03T16:55:00+00:00", "title": "Voyage en cuisine"}, {"desc": "\u00c0 Saint-P\u00e9tersbourg, Vladimir Poutine s'affiche tout sourire aux c\u00f4t\u00e9s de jeunes gymnastes. Une s\u00e9quence largement relay\u00e9e par les m\u00e9dias russes, qui s'inscrit dans une strat\u00e9gie de communication alors que son image est fragilis\u00e9e par la guerre en Ukraine.", "start_date": "2026-09-03T17:30:00+00:00", "title": "Le dessous des images"}, {"desc": "Chaque jour \u00e0 19h45, la r\u00e9daction franco-allemande d'ARTE Journal propose une approche europ\u00e9enne et culturelle de l'actualit\u00e9. Un regard original sur le monde.", "start_date": "2026-09-03T17:45:00+00:00", "title": "Arte journal"}, {"desc": "Pr\u00e9sent\u00e9 par \u00c9lisabeth Quin du lundi au jeudi et Renaud D\u00e9ly les vendredi et samedi, le rendez-vous quotidien consacr\u00e9 \u00e0 l'actualit\u00e9 et au d\u00e9bat.", "start_date": "2026-09-03T18:05:00+00:00", "title": "28 minutes"}, {"desc": "Du lundi au jeudi, Le dessous des cartes - L'essentiel met son expertise g\u00e9opolitique au service d'un d\u00e9cryptage, en quatre minutes, des grands \u00e9v\u00e9nements qui secouent le monde contemporain.", "start_date": "2026-09-03T18:50:00+00:00", "title": "Le dessous des cartes : l'essentiel"}, {"desc": "Manuela, 13 ans, est interrog\u00e9e par la police au sujet d'une agression sexuelle dont elle aurait \u00e9t\u00e9 victime lors de la nuit de la Saint-Jean.", "start_date": "2026-09-03T18:55:00+00:00", "title": "Les secrets de la Saint-Jean"}, {"desc": "Quelques jours apr\u00e8s la f\u00eate de la Saint-Jean, la sociologue Julia Esparver donne une conf\u00e9rence sur le consentement qui semble perturber Manuela.", "start_date": "2026-09-03T19:40:00+00:00", "title": "Les secrets de la Saint-Jean"}, {"desc": "Luc\u00eda publie des accusations graves sur les r\u00e9seaux sociaux, semant le trouble parmi les membres de la colla. Toutes les familles doivent prendre position.", "start_date": "2026-09-03T20:25:00+00:00", "title": "Les secrets de la Saint-Jean"}, {"desc": "Steffy, elle-m\u00eame victime d'inceste, m\u00e8ne un combat pour prot\u00e9ger les enfants victimes de violences sexuelles et faire entendre leur parole.", "start_date": "2026-09-03T21:15:00+00:00", "title": "Inceste, le combat d'une vie"}, {"desc": "D\u00e9j\u00e0 maman, une femme adopte une deuxi\u00e8me petite fille. Mais, rapidement, elle d\u00e9couvre que celle-ci, \u00e2g\u00e9e de 5 ans, pr\u00e9sente d'inqui\u00e9tants troubles du comportement.", "start_date": "2026-09-03T22:05:00+00:00", "title": "Le sang du pelican"}], "offset": "+00:00", "timezone": "UTC", "error_code": -1, "start_date": "2026-09-02", "icon": ""}