{"end_date": "2026-09-04", "name": "Arte", "info_url": "https://epg.pw/channels/55730/20260903.html", "country": "France", "description": null, "error_message": "", "provider": "", "source_url": "https://epg.pw/api/epg.json?channel_id=55730&date=20260903&timezone=None", "epg_list": [{"desc": "Peu avant son 80e anniversaire, un ancien m\u00e9decin se donne la mort. Toute la famille est stup\u00e9faite et tente de donner un sens \u00e0 ce qui est arriv\u00e9.", "start_date": "2026-09-03T00:50:00+00:00", "title": "Tir crois\u00e9"}, {"desc": "Un girafon et un \u00e9l\u00e9phanteau inventent un nouveau mode ludique de mobilit\u00e9 urbaine.", "start_date": "2026-09-03T02:21:00+00:00", "title": "Athleticus"}, {"desc": null, "start_date": "2026-09-03T02:23:00+00:00", "title": "Pause"}, {"desc": "Zoom sur un pan d'histoire m\u00e9connu : comment Marie L\u00e9opoldine d'Autriche, premi\u00e8re imp\u00e9ratrice du Br\u00e9sil, ouvrit la voie \u00e0 l'ind\u00e9pendance du pays en 1822.", "start_date": "2026-09-03T03:25:00+00:00", "title": "La naissance du Br\u00e9sil moderne"}, {"desc": "Comment, au Xe si\u00e8cle, les Saxons ont-ils fini par s'asseoir sur le tr\u00f4ne imp\u00e9rial de Rome ? Une \u00e9nigme qui mobilise experts, historiens et passionn\u00e9s.", "start_date": "2026-09-03T04:15:00+00:00", "title": "Les Saxons, grands rivaux des Francs"}, {"desc": "Les grandes plaines canadiennes sont truff\u00e9es de lacs et de rivi\u00e8res. La cheffe Karine Beauchamp met en avant la richesse des produits de qualit\u00e9 qui s'y trouvent.", "start_date": "2026-09-03T05:50:00+00:00", "title": "Voyage en cuisine"}, {"desc": "Argentine, les portraits sublim\u00e9s d'Annemarie Heinrich - Les bistrots, le Paris populaire sur le zinc - Togo, l'appel du froid.", "start_date": "2026-09-03T06:20:00+00:00", "title": "Invitation au voyage"}, {"desc": "Linda Lorin nous emm\u00e8ne \u00e0 la d\u00e9couverte de notre patrimoine artistique, culturel et naturel. \u00d6zge Samanci met en bulles son enfance turque - Se loger \u00e0 Madrid, une qu\u00eate cin\u00e9matographique - Au Panama, le poisson frit de Manuel - Aux \u00c9tats-Unis, le roi noir du ring.", "start_date": "2026-09-03T07:05:00+00:00", "title": "Invitation au voyage"}, {"desc": "Les quelque 5000 loups qui peuplent les grands espaces du Yukon, dans le nord-ouest du Canada, sont au coeur d'une politique \u00e9cologique de r\u00e9conciliation.", "start_date": "2026-09-03T07:55:00+00:00", "title": "A la reconqu\u00eate des Rocheuses"}, {"desc": "Animal embl\u00e9matique du Canada, le caribou est en danger d'extinction dans le sud du pays. Les peuples autochtones en mis en place un plan de sauvegarde.", "start_date": "2026-09-03T08:40:00+00:00", "title": "A la reconqu\u00eate des Rocheuses"}, {"desc": "Dans les Rocheuses, les grizzlis sont menac\u00e9s de disparition. Ces g\u00e9ants \u00e0 fourrure ont besoin de se d\u00e9placer librement afin de trouver des partenaires pour se reproduire.", "start_date": "2026-09-03T09:25:00+00:00", "title": "A la reconqu\u00eate des Rocheuses"}, {"desc": "Depuis trois d\u00e9cennies, d\u00e9fenseurs de l'environnement, scientifiques et communaut\u00e9s locales tentent de restaurer l'\u00e9cosyst\u00e8me fragilis\u00e9 des Rocheuses.", "start_date": "2026-09-03T10:10:00+00:00", "title": "A la reconqu\u00eate des Rocheuses"}, {"desc": "A la fronti\u00e8re de l'Ukraine, le delta du Danube, principalement roumain, vit au rythme d'une guerre qui a transform\u00e9 son quotidien. Ce conflit d\u00e9passe la ligne de front.", "start_date": "2026-09-03T11:00:00+00:00", "title": "Danube : la guerre sur l'autre rive"}, {"desc": "Alors que Nora d\u00e9couvre que sa propre famille est impliqu\u00e9e dans le meurtre d'une romanci\u00e8re, le commissaire Forsman enqu\u00eate, toujours en lutte contre son addiction.", "start_date": "2026-09-03T11:35:00+00:00", "title": "Meurtres \u00e0 Sandhamn"}, {"desc": "Pendant que le \"Nomade des mers\" reste \u00e0 quai, Corentin s'aventure dans les terres pour visiter Auroville, la cit\u00e9 exp\u00e9rimentale fond\u00e9e en 1968.", "start_date": "2026-09-03T13:25:00+00:00", "title": "Nomade des mers, les escales de l'innovation"}, {"desc": "Dans le Hubei, la r\u00e9serve naturelle de Shennongjia et ses for\u00eats abritent une esp\u00e8ce menac\u00e9e : les rhinopith\u00e8ques de Roxellane, aussi appel\u00e9s singes dor\u00e9s.", "start_date": "2026-09-03T13:50:00+00:00", "title": "Empires sauvages"}, {"desc": "Chaque ann\u00e9e, au printemps, des milliers d'antilopes du Tibet femelles, appel\u00e9es \"chiru\", entreprennent une longue migration \u00e0 travers prairies de montagne, lacs et steppes.", "start_date": "2026-09-03T14:35:00+00:00", "title": "Empires sauvages"}, {"desc": "Linda Lorin nous emm\u00e8ne \u00e0 la d\u00e9couverte de notre patrimoine artistique, culturel et naturel. \u00c0 la cha\u00eene et \u00e0 la ligne, la Bretagne prol\u00e9taire de Joseph Ponthus - Au Japon, l'art des charpentiers - Au Mont\u00e9n\u00e9gro, le g\u00e2teau dragon de Sanela - Au Danemark, les naufrag\u00e9s des camps nazis.", "start_date": "2026-09-03T15:20:00+00:00", "title": "Invitation au voyage"}, {"desc": "Laur\u00e9ate de l'Acad\u00e9mie fran\u00e7aise, Ananda Devi, auteur mauricien d'origine indienne, ne cesse de d\u00e9noncer la domination masculine sous toutes ses formes.", "start_date": "2026-09-03T16:10:00+00:00", "title": "Invitation au voyage"}, {"desc": "Du poisson, des condiments et de la semoule de manioc : voici les ingr\u00e9dients n\u00e9cessaires pour faire la recette embl\u00e9matique de la C\u00f4te d'Ivoire, l'atti\u00e9k\u00e9.", "start_date": "2026-09-03T16:55:00+00:00", "title": "Voyage en cuisine"}, {"desc": "\u00c0 Saint-P\u00e9tersbourg, Vladimir Poutine s'affiche tout sourire aux c\u00f4t\u00e9s de jeunes gymnastes. Une s\u00e9quence largement relay\u00e9e par les m\u00e9dias russes, qui s'inscrit dans une strat\u00e9gie de communication alors que son image est fragilis\u00e9e par la guerre en Ukraine.", "start_date": "2026-09-03T17:30:00+00:00", "title": "Le dessous des images"}, {"desc": "Chaque jour \u00e0 19h45, la r\u00e9daction franco-allemande d'ARTE Journal propose une approche europ\u00e9enne et culturelle de l'actualit\u00e9. Un regard original sur le monde.", "start_date": "2026-09-03T17:45:00+00:00", "title": "Arte journal"}, {"desc": "Pr\u00e9sent\u00e9 par \u00c9lisabeth Quin du lundi au jeudi et Renaud D\u00e9ly les vendredi et samedi, le rendez-vous quotidien consacr\u00e9 \u00e0 l'actualit\u00e9 et au d\u00e9bat.", "start_date": "2026-09-03T18:05:00+00:00", "title": "28 minutes"}, {"desc": "Du lundi au jeudi, Le dessous des cartes - L'essentiel met son expertise g\u00e9opolitique au service d'un d\u00e9cryptage, en quatre minutes, des grands \u00e9v\u00e9nements qui secouent le monde contemporain.", "start_date": "2026-09-03T18:50:00+00:00", "title": "Le dessous des cartes : l'essentiel"}, {"desc": "Manuela, 13 ans, est interrog\u00e9e par la police au sujet d'une agression sexuelle dont elle aurait \u00e9t\u00e9 victime lors de la nuit de la Saint-Jean.", "start_date": "2026-09-03T18:55:00+00:00", "title": "Les secrets de la Saint-Jean"}, {"desc": "Quelques jours apr\u00e8s la f\u00eate de la Saint-Jean, la sociologue Julia Esparver donne une conf\u00e9rence sur le consentement qui semble perturber Manuela.", "start_date": "2026-09-03T19:40:00+00:00", "title": "Les secrets de la Saint-Jean"}, {"desc": "Luc\u00eda publie des accusations graves sur les r\u00e9seaux sociaux, semant le trouble parmi les membres de la colla. Toutes les familles doivent prendre position.", "start_date": "2026-09-03T20:25:00+00:00", "title": "Les secrets de la Saint-Jean"}, {"desc": "Steffy, elle-m\u00eame victime d'inceste, m\u00e8ne un combat pour prot\u00e9ger les enfants victimes de violences sexuelles et faire entendre leur parole.", "start_date": "2026-09-03T21:15:00+00:00", "title": "Inceste, le combat d'une vie"}, {"desc": "D\u00e9j\u00e0 maman, une femme adopte une deuxi\u00e8me petite fille. Mais, rapidement, elle d\u00e9couvre que celle-ci, \u00e2g\u00e9e de 5 ans, pr\u00e9sente d'inqui\u00e9tants troubles du comportement.", "start_date": "2026-09-03T22:05:00+00:00", "title": "Le sang du pelican"}, {"desc": "Opposant l'Autriche et la Prusse, une bataille d\u00e9cisive a r\u00e9orient\u00e9 le cours de l'histoire europ\u00e9enne. Retour sur cette journ\u00e9e \u00e0 l'origine d'une nouvelle g\u00e9ographie du pouvoir.", "start_date": "2026-09-04T00:10:00+00:00", "title": "Sadowa, 1866 : La bataille qui a transform\u00e9 l'Europe"}, {"desc": "Une otarie ex\u00e9cute un impressionnant saut au-dessus de trois hippopotames lors d'une exhibition. Pour battre son record, elle choisit un flamant comme cobaye dans le public.", "start_date": "2026-09-04T02:10:00+00:00", "title": "Athleticus"}, {"desc": "Apr\u00e8s avoir long\u00e9 les c\u00f4tes du Sahara, le navire mouille \u00e0 Dakar : Corentin et ses amis ont l'objectif d'\u00e9quiper le bateau d'une source d'\u00e9nergie \u00e9lectrique.", "start_date": "2026-09-04T02:20:00+00:00", "title": "Nomade des mers, les escales de l'innovation"}, {"desc": null, "start_date": "2026-09-04T02:46:00+00:00", "title": "Pause"}, {"desc": "De leur amiti\u00e9 \u00e0 la d\u00e9t\u00e9rioration de leur relation, les trajectoires oppos\u00e9es de deux princes imp\u00e9riaux li\u00e9s par l'histoire : Rodolphe d'Autriche et le futur kaiser Guillaume II.", "start_date": "2026-09-04T03:25:00+00:00", "title": "La brouille des princes imp\u00e9riaux : L'Autriche-Hongrie face \u00e0 l'Allemagne"}, {"desc": "Exploration des r\u00e9gions fluviales qui s'\u00e9tendent d'Amsterdam \u00e0 Anvers, et notamment le delta de la Meuse et du Rhin, r\u00e9guli\u00e8rement victime d'inondations.", "start_date": "2026-09-04T04:15:00+00:00", "title": "A la crois\u00e9e des fleuves"}, {"desc": "Un voyage de 2000 kilom\u00e8tres sur le Danube, au d\u00e9part de Passau et en direction de la mer Noire, en passant par Vienne, Bratislava, Budapest et Belgrade.", "start_date": "2026-09-04T05:05:00+00:00", "title": "A la crois\u00e9e des fleuves"}, {"desc": "Un voyage culinaire en C\u00f4te d'Ivoire, \u00e0 la d\u00e9couverte de l'atti\u00e9k\u00e9, le c\u00e9l\u00e8bre couscous de manioc. A Abidjan, ce plat embl\u00e9matique se d\u00e9guste \u00e0 toute heure. Le film explore l'histoire de cet ingr\u00e9dient, devenu un symbole national et un vecteur d'\u00e9mancipation pour les femmes. Ensuite, rencontre avec Deca, une exil\u00e9e en Ile-de-France, qui raconte son adaptation \u00e0 la culture fran\u00e7aise.", "start_date": "2026-09-04T05:50:00+00:00", "title": "Voyage en cuisine"}, {"desc": "Laur\u00e9ate de l'Acad\u00e9mie fran\u00e7aise, Ananda Devi, auteur mauricien d'origine indienne, ne cesse de d\u00e9noncer la domination masculine sous toutes ses formes.", "start_date": "2026-09-04T06:20:00+00:00", "title": "Invitation au voyage"}, {"desc": "Linda Lorin nous emm\u00e8ne \u00e0 la d\u00e9couverte de notre patrimoine artistique, culturel et naturel. \u00c0 la cha\u00eene et \u00e0 la ligne, la Bretagne prol\u00e9taire de Joseph Ponthus - Au Japon, l'art des charpentiers - Au Mont\u00e9n\u00e9gro, le g\u00e2teau dragon de Sanela - Au Danemark, les naufrag\u00e9s des camps nazis.", "start_date": "2026-09-04T07:05:00+00:00", "title": "Invitation au voyage"}, {"desc": "Le syst\u00e8me climatique est influenc\u00e9 par un ensemble complexe de courants oc\u00e9aniques, flux atmosph\u00e9riques et ph\u00e9nom\u00e8nes souterrains. Un \u00e9quilibre aussi pr\u00e9cieux que fragile.", "start_date": "2026-09-04T07:55:00+00:00", "title": "La Terre en mouvements : Trois \u00e9l\u00e9ments pour une plan\u00e8te"}, {"desc": "Le parc national des Lacs-Waterton est le plus petit des Rocheuses canadiennes. Avec celui, voisin, de Glacier, il forme un \"parc international de la paix\".", "start_date": "2026-09-04T09:25:00+00:00", "title": "Les parcs nationaux canadiens"}, {"desc": "A la jonction de l'eau douce du fjord et de l'eau sal\u00e9e du fleuve, le parc national Saguenay-Saint-Laurent est l'une des plus anciennes aires marines du Canada.", "start_date": "2026-09-04T10:10:00+00:00", "title": "Les parcs nationaux canadiens"}, {"desc": "Habitants et militants \u00e9cologistes se mobilisent contre la b\u00e9tonisation, l'accaparement des terres et la privatisation d'un littoral jusque-l\u00e0 accessible \u00e0 tous.", "start_date": "2026-09-04T11:00:00+00:00", "title": "Albanie : zone naturelle ou tourisme de luxe"}, {"desc": "Pour s'approprier un stock de drogue, un gangster tente de doubler ses quatre associ\u00e9s. Dans ce but, il entreprend d'attiser la m\u00e9fiance et la haine entre eux.", "start_date": "2026-09-04T11:35:00+00:00", "title": "Symphonie pour un massacre"}, {"desc": "Apr\u00e8s un passage difficile par le golfe de Gascogne, le Nomade des mers s'ancre \u00e0 Agadir, sa premi\u00e8re \u00e9tape, pour y rencontrer un jeune inventeur.", "start_date": "2026-09-04T13:20:00+00:00", "title": "Nomade des mers, les escales de l'innovation"}, {"desc": "Dans le Yunnan, aux portes de l'Himalaya, s'\u00e9tend la r\u00e9serve naturelle de Xishuangbanna, territoire des derniers \u00e9l\u00e9phants sauvages de Chine.", "start_date": "2026-09-04T13:50:00+00:00", "title": "Empires sauvages"}, {"desc": "V\u00e9ritable \u00e9den pour les cam\u00e9l\u00e9ons, Madagascar abrite pr\u00e8s de la moiti\u00e9 des 217 esp\u00e8ces connues dans le monde. La d\u00e9forestation menace aujourd'hui leur survie.", "start_date": "2026-09-04T14:35:00+00:00", "title": "Madagascar ou le grand carnaval des cam\u00e9l\u00e9ons"}, {"desc": "L'ode \u00e0 la Finlande d'Albert Edelfelt. - En Finlande, on cueille comme on respire. - En Finlande, le caf\u00e9 au chaga de Stephan. - En Finlande, le P\u00e8re No\u00ebl peut dire \"thank you\".", "start_date": "2026-09-04T15:20:00+00:00", "title": "Invitation au voyage"}, {"desc": "Au Vietnam, l'architecte du peuple. - Madrid, ville arabe. - Au Sri Lanka, le curry de jacquier de Samantha. - En Gr\u00e8ce, une femme revenue d'entre les moines.", "start_date": "2026-09-04T16:05:00+00:00", "title": "Invitation au voyage"}, {"desc": "En cuisine, Lucie pr\u00e9pare un beurre maison, l'aromatise au miso, le fouette au sumac et sublime un grand classique de la cuisine fran\u00e7aise : les pommes Anna.", "start_date": "2026-09-04T16:50:00+00:00", "title": "Voyage gourmand"}, {"desc": "La guerre hybride, par opposition \u00e0 la guerre qui se livre sur le front avec des armes, est une nouvelle mani\u00e8re de rentrer en conflit, que ma\u00eetrise Vladimir Poutine.", "start_date": "2026-09-04T17:30:00+00:00", "title": "Le dessous des cartes"}, {"desc": "Chaque jour \u00e0 19h45, la r\u00e9daction franco-allemande d'ARTE Journal propose une approche europ\u00e9enne et culturelle de l'actualit\u00e9. Un regard original sur le monde.", "start_date": "2026-09-04T17:45:00+00:00", "title": "Arte journal"}, {"desc": "Pr\u00e9sent\u00e9 par Renaud D\u00e9ly les vendredi et samedi, le rendez-vous quotidien consacr\u00e9 \u00e0 l'actualit\u00e9 et au d\u00e9bat.", "start_date": "2026-09-04T18:05:00+00:00", "title": "28 minutes"}, {"desc": "Les dieux de l'Olympe piquent le passe Navigo des Argonautes et prennent pour la premi\u00e8re fois le m\u00e9tro : pour aller \u00e0 Champs-Elys\u00e9es, faut-il passer par Had\u00e8s-Rochechouart ?", "start_date": "2026-09-04T18:52:00+00:00", "title": "50 nuances de Grecs"}, {"desc": "Qui a tu\u00e9 un riche entrepreneur endeuill\u00e9 par la perte de sa fille ? Le commissaire Forsmann et son coll\u00e8gue Valpen enqu\u00eatent, toujours accompagn\u00e9s de la procureure Nora Linde.", "start_date": "2026-09-04T18:55:00+00:00", "title": "Meurtres \u00e0 Sandhamn"}, {"desc": "En archives, t\u00e9moignages et extraits d'adaptations t\u00e9l\u00e9vis\u00e9es, une promenade dans les best-sellers anticonformistes de Fred Vargas, une autrice prolifique \u00e0 la parole rare.", "start_date": "2026-09-04T20:30:00+00:00", "title": "Le polar selon Fred Vargas"}, {"desc": null, "start_date": "2026-09-04T21:20:00+00:00", "title": "Raye & Guests Live at Montreux Jazz Festival 2026"}, {"desc": "En 1988, la jeune chanteuse qu\u00e9b\u00e9coise C\u00e9line Dion a d\u00e9fendu les couleurs de la Suisse \u00e0 la 33e \u00e9dition du Concours Eurovision de de la chanson.", "start_date": "2026-09-04T23:20:00+00:00", "title": "C\u00e9line Dion \u00e0 l'Eurovision : La note parfaite"}], "offset": "+00:00", "timezone": "UTC", "error_code": -1, "start_date": "2026-09-03", "icon": ""}