{"end_date": "2026-04-28", "name": "RAI SCUOLA", "info_url": "https://epg.pw/channels/55737/20260418.html", "country": "France", "description": null, "error_message": "", "provider": "", "source_url": "https://epg.pw/api/epg.json?channel_id=55737&date=20260418&timezone=None", "epg_list": [{"desc": null, "start_date": "2026-04-27T00:00:00+00:00", "title": "Memex: Vita da Ricercatore"}, {"desc": "In questa puntata parliamo degli strumenti che ci permettono di indagare l'universo e lo fanno lontano dall'atmosfera terrestre: i telescopi spaziali. Giovanna Giardino, astronoma presso l'ESTEC, il centro scientifico e tecnologico dell'ESA nei Paesi Bassi, ci spiega perch\u00e9 per la ricerca sono cos\u00ec importanti i telescopi spaziali e le prime esperienze con il telescopio spaziale Hubble e poi con il", "start_date": "2026-04-27T00:30:00+00:00", "title": "Newton"}, {"desc": null, "start_date": "2026-04-27T01:30:00+00:00", "title": "Oggi \u00e8"}, {"desc": "In questa puntata si parla del Salento, il 'tacco d'Italia'. Una regione che partendo dal suo straordinario patrimonio artistico e naturale sta mettendo la scienza al centro del suo sguardo verso il futuro.", "start_date": "2026-04-27T02:00:00+00:00", "title": "Memex: I luoghi della scienza"}, {"desc": null, "start_date": "2026-04-27T02:30:00+00:00", "title": "Speciale Progetto Scienza"}, {"desc": "In questa puntata ci occupiamo di una delle due \"famiglie aristocratiche\" della Tavola Periodica degli elementi: i Gas Nobili (l'altra \u00e8 quella dei 'Metalli Nobili'). Sono chiamati anche 'Gas Inerti', perch\u00e9 \u00e8 difficilissimo farli reagire.", "start_date": "2026-04-27T03:00:00+00:00", "title": "Memex: Nautilus"}, {"desc": "In questa puntata Davide Coero Borga ospita il professor Luigi Naldini, direttore dell'Istituto San Raffaele Telethon SR-Tiget di Milano. Quando il DNA umano commette un errore, si possono verificare gravi conseguenze come lo sviluppo di malattie genetiche rare.", "start_date": "2026-04-27T03:30:00+00:00", "title": "Newton"}, {"desc": "Dans l'oc\u00e9an, la vie s'apparente \u00e0 une lutte permanente, qui consiste \u00e0 manger sans \u00eatre d\u00e9vor\u00e9 et \u00e0 trouver un partenaire pour assurer sa descendance.", "start_date": "2026-04-27T04:00:00+00:00", "title": "Merveilles du Pacifique"}, {"desc": "Nel 2005 l'UNESCO ha dichiarato il 27 ottobre Giornata Mondiale del Patrimonio Audiovisivo per sottolineare l'importanza della conservazione e della tutela delle immagini in movimento e il loro valore per la memoria collettiva. Gli archivi audiovisivi raccontano storie che informano e divertono, promuovendo quello che l'Unesco definisce il libero flusso di idee attraverso la parola e l'mmagine.", "start_date": "2026-04-27T05:00:00+00:00", "title": "Oggi \u00e8"}, {"desc": "Progetto Scienza 2023 Racconti di Scienza - Profili - p. 03 - Sigmund Freud - Profili \u00e8 il programma che ci avvicina ai grandi fondatori e innovatori della scienza. Ogni puntata tratteggia il profilo di un - a figura emblematica del suo tempo, che ha dedicato la propria vita alla ricerca, alla scoperta di nuovi codici e teorie per decifrare il nostro mondo. -.", "start_date": "2026-04-27T05:30:00+00:00", "title": "Profili"}, {"desc": null, "start_date": "2026-04-27T05:45:00+00:00", "title": "Mondo Digitale"}, {"desc": "L'incroyable histoire de notre esp\u00e8ce qui, en levant les yeux depuis notre plan\u00e8te isol\u00e9e et banale, a commenc\u00e9 \u00e0 d\u00e9duire la forme, la taille et l'origine de tout ce qui est.", "start_date": "2026-04-27T06:30:00+00:00", "title": "La mati\u00e8re et le n\u00e9ant"}, {"desc": "In questa puntata ci occupiamo di una delle due \"famiglie aristocratiche\" della Tavola Periodica degli elementi: i Gas Nobili (l'altra \u00e8 quella dei 'Metalli Nobili'). Sono chiamati anche 'Gas Inerti', perch\u00e9 \u00e8 difficilissimo farli reagire.", "start_date": "2026-04-27T07:20:00+00:00", "title": "Memex: Nautilus"}, {"desc": null, "start_date": "2026-04-27T07:50:00+00:00", "title": "Memex: Vita da Ricercatore"}, {"desc": "Il cervello, l'organo pi\u00f9 importante del nostro corpo, \u00e8 anche il pi\u00f9 difficile da studiare. E infatti la storia dello studio del cervello, iniziata ai tempi delle civilt\u00e0 mesopotamiche, ha conosciuto errori di valutazione, ipotesi sbagliati, cambi di rotta. Fino ad arrivare alle odierne neuroscienze, che grazie a tecnologie sempre pi\u00f9 sofisticate superano ogni giorno nuovi traguardi.", "start_date": "2026-04-27T08:20:00+00:00", "title": "Storie della Scienza"}, {"desc": "Situ\u00e9 au nord-est de la Tanzanie, dans une r\u00e9gion au volcanisme actif, le Natron est un lac \u00e0 fond plat dont la profondeur ne d\u00e9passe pas trois m\u00e8tres.", "start_date": "2026-04-27T09:00:00+00:00", "title": "La vie secr\u00e8te des lacs"}, {"desc": "Les trois nouveaux n\u00e9s font leurs premiers pas : o\u00f9 l'on voit l'importance de la famille et du groupe afin de prot\u00e9ger les petits dans cet univers hostile.", "start_date": "2026-04-27T09:45:00+00:00", "title": "Un espion chez les manchots"}, {"desc": "Il Monte Argentario \u00e8 allo stesso tempo due cose: isola e terraferma. E mare e terra sono i due poli di questo viaggio che parte dall'Argentario, scende lungo la maremma fino a Capalbio, per poi tornare indietro alla laguna di Orbetello, che come un ombelico si trova al centro di questo mondo incantato.", "start_date": "2026-04-27T10:30:00+00:00", "title": "Di l\u00e0 dal fiume e tra gli alberi"}, {"desc": "Un aper\u00e7u de la puissance et de la richesse de la plan\u00e8te Terre, de l'Himalaya aux profondeurs des eaux australiennes, en passant par la savane africaine.", "start_date": "2026-04-27T11:30:00+00:00", "title": "Merveilles de la nature"}, {"desc": "In questa puntata parliamo di volo umano ed in particolare cerchiamo di scoprire come sar\u00e0 il futuro dell'aviazione civile. Giuseppe Sala, Direttore del Dipartimento di scienze e tecnologie aerospaziali del Politecnico di Milano ci spiega come saranno gli aeroporti di domani e cosa ci riserva il futuro per quanto riguarda aerei e spazioplani.", "start_date": "2026-04-27T12:30:00+00:00", "title": "Newton: Quello che sappiamo"}, {"desc": "Pendant la Seconde Guerre mondiale, deux physiciens, Oppenheimer et Heisenberg, se sont lanc\u00e9s dans la course \u00e0 la fabrication de la bombe atomique.", "start_date": "2026-04-27T13:30:00+00:00", "title": "Genius, rivalit\u00e9 de g\u00e9nie"}, {"desc": "Mario Tozzi mette al centro di questa puntata di - Sapiens il desiderio-bisogno di esplorare. Solo i sapiens costruiscono carte geografiche non solo come mera rappresentazione della superficie terrestre, bens\u00ec come espressione simbolica di conoscenza: consultandola, riusciamo a viaggiare con la fantasia, sognare, riflettere e conoscere, oltre che orientarci. La geografia \u00e8 la prima scienza, sosten", "start_date": "2026-04-27T14:25:00+00:00", "title": "Sapiens: Un solo pianeta"}, {"desc": "Misurare le alterazioni del cibo - Michael Faraday.", "start_date": "2026-04-27T15:20:00+00:00", "title": "Gocce"}, {"desc": "William Blake - La Visione e l'infinito Episodio 5 - Un programma di Daniela Delfini, produttore esecutivo Livia Lauriola, regia di David Emmer. Con Sebastiano Pigazzi, Giulia Sessich, Al Mariotti.", "start_date": "2026-04-27T15:30:00+00:00", "title": "William Blake: La Visione e l'infinito"}, {"desc": "Dracula da figura mitologica a incarnazione di pulsioni inconfessabili e aspirazioni di eternit\u00e0. La natura del vampiro, creatura insieme umana e non umana. Le caratteristiche del mostro, le sue prerogative e le sue debolezze. Il potere della fascinazione. Incubo e realt\u00e0 nella narrazione di Stoker.", "start_date": "2026-04-27T16:00:00+00:00", "title": "Dracula"}, {"desc": "Le r\u00e9cit d'une exp\u00e9dition men\u00e9e par le biologiste Patrick Durville, avec la complicit\u00e9 de Laurent Ballesta, \u00e0 la d\u00e9couverte d'une impressionnante montagne sous-marine.", "start_date": "2026-04-27T16:30:00+00:00", "title": "Les myst\u00e8res du mont La P\u00e9rouse"}, {"desc": "Le doux duvet des petits manchots commence \u00e0 s'estomper, c'est le signe qu'il est temps pour eux de se d\u00e9tacher progressivement de leur m\u00e8re.", "start_date": "2026-04-27T17:15:00+00:00", "title": "Un espion chez les manchots"}, {"desc": null, "start_date": "2026-04-27T18:00:00+00:00", "title": "Newton: Quello che sappiamo"}, {"desc": null, "start_date": "2026-04-27T19:00:00+00:00", "title": "Intelligenze"}, {"desc": "Steve Jobs et Bill Gates, respectivement \u00e0 la t\u00eate de Macintosh et Microsoft, se sont livr\u00e9s \u00e0 une course permanente \u00e0 l'innovation informatique.", "start_date": "2026-04-27T19:30:00+00:00", "title": "Genius, rivalit\u00e9 de g\u00e9nie"}, {"desc": "Racconti di Scienza Ep. 21 - Disastri: Aria, terra, mare.", "start_date": "2026-04-27T20:25:00+00:00", "title": "Racconti di Scienza"}, {"desc": null, "start_date": "2026-04-27T21:15:00+00:00", "title": "Terre en danger : catastrophes modernes"}, {"desc": "Quando si prende in mano una cartina per pianificare un viaggio sulla Sila, si scopre che c'\u00e8 una Sila Grande, una Sila Piccola, una Sila Greca, una Presila. Percorrendola poi, ci si accorge di come una natura all'inizio aspra e inospitale possa, forse proprio per questo risultare misteriosa e seducente.", "start_date": "2026-04-27T22:00:00+00:00", "title": "Di l\u00e0 dal fiume e tra gli alberi"}, {"desc": "L'incroyable histoire de notre esp\u00e8ce qui, en levant les yeux depuis notre plan\u00e8te isol\u00e9e et banale, a commenc\u00e9 \u00e0 d\u00e9duire la forme, la taille et l'origine de tout ce qui est.", "start_date": "2026-04-27T23:00:00+00:00", "title": "La mati\u00e8re et le n\u00e9ant"}, {"desc": null, "start_date": "2026-04-28T00:00:00+00:00", "title": "Memex: Vita da Ricercatore"}, {"desc": "In questa puntata parliamo di volo umano ed in particolare cerchiamo di scoprire come sar\u00e0 il futuro dell'aviazione civile. Giuseppe Sala, Direttore del Dipartimento di scienze e tecnologie aerospaziali del Politecnico di Milano ci spiega come saranno gli aeroporti di domani e cosa ci riserva il futuro per quanto riguarda aerei e spazioplani.", "start_date": "2026-04-28T00:30:00+00:00", "title": "Newton"}, {"desc": "Nel 2005 l'UNESCO ha dichiarato il 27 ottobre Giornata Mondiale del Patrimonio Audiovisivo per sottolineare l'importanza della conservazione e della tutela delle immagini in movimento e il loro valore per la memoria collettiva. Gli archivi audiovisivi raccontano storie che informano e divertono, promuovendo quello che l'Unesco definisce il libero flusso di idee attraverso la parola e l'mmagine.", "start_date": "2026-04-28T01:30:00+00:00", "title": "Oggi \u00e8"}, {"desc": "William Blake - La Visione e l'infinito Episodio 5 - Un programma di Daniela Delfini, produttore esecutivo Livia Lauriola, regia di David Emmer. Con Sebastiano Pigazzi, Giulia Sessich, Al Mariotti.", "start_date": "2026-04-28T02:00:00+00:00", "title": "William Blake: La Visione e l'infinito"}, {"desc": "In questo programma incontriamo le ricercatrici italiane pi\u00f9 affermate di oggi e raccontiamo le storie delle grandi protagoniste della scienza del passato. Protagonista di questa puntata \u00e8 Maria Cristina Pedicchio.", "start_date": "2026-04-28T02:30:00+00:00", "title": "Memex: Donne di Scienza"}, {"desc": "In questa puntata, dedicata tavola periodica degli elementi, ci occupiamo delle cosiddette 'Terre Rare': i 30 elementi contenuti nella parte bassa della Tavola, detti anche Lantanidi e Attinidi. A farci da guida in studio, assieme a Luca Perri, \u00e8 il chimico e divulgatore scientifico Silvano Fuso, con il supporto delle schede tecniche realizzate con il chimico del CNR Pietro Calandra.", "start_date": "2026-04-28T03:00:00+00:00", "title": "Memex: Nautilus"}, {"desc": null, "start_date": "2026-04-28T03:30:00+00:00", "title": "Newton"}, {"desc": "Steve Jobs et Bill Gates, respectivement \u00e0 la t\u00eate de Macintosh et Microsoft, se sont livr\u00e9s \u00e0 une course permanente \u00e0 l'innovation informatique.", "start_date": "2026-04-28T04:00:00+00:00", "title": "Genius, rivalit\u00e9 de g\u00e9nie"}, {"desc": "Oggi parliamo di musei e delle strutture che programmano eventi e attivit\u00e0 per sottolinearne l'importanza del ruolo, come istituzioni al servizio della societ\u00e0 e del suo sviluppo.", "start_date": "2026-04-28T05:00:00+00:00", "title": "Oggi \u00e8"}, {"desc": "Questa puntata di oggi \u00e8 dedicata a quello che potremmo definire il \"pensiero digitale\". La domanda che ci vogliamo porre \u00e8 se esiste un pensiero digitale, ovvero se il digitale comporta un modo del tutto nuovo di - pensare, e poi ancora se questo modo di pensare si distingue dal pensiero lineare-logico e dal pensiero laterale-creativo o se \u00e8 invece e somma e sintesi di entrambi. Ne parliamo con D", "start_date": "2026-04-28T05:30:00+00:00", "title": "Mondo Digitale"}, {"desc": "Storia della matematica Ep. 4 - Fino all'infinito e oltre.", "start_date": "2026-04-28T06:15:00+00:00", "title": "Storia della matematica"}, {"desc": "In questa puntata, dedicata tavola periodica degli elementi, ci occupiamo delle cosiddette 'Terre Rare': i 30 elementi contenuti nella parte bassa della Tavola, detti anche Lantanidi e Attinidi. A farci da guida in studio, assieme a Luca Perri, \u00e8 il chimico e divulgatore scientifico Silvano Fuso, con il supporto delle schede tecniche realizzate con il chimico del CNR Pietro Calandra.", "start_date": "2026-04-28T07:05:00+00:00", "title": "Memex: Nautilus"}, {"desc": null, "start_date": "2026-04-28T07:35:00+00:00", "title": "Memex: Vita da Ricercatore"}, {"desc": "In questa puntata parliamo di volo umano ed in particolare cerchiamo di scoprire come sar\u00e0 il futuro dell'aviazione civile. Giuseppe Sala, Direttore del Dipartimento di scienze e tecnologie aerospaziali del Politecnico di Milano ci spiega come saranno gli aeroporti di domani e cosa ci riserva il futuro per quanto riguarda aerei e spazioplani.", "start_date": "2026-04-28T08:00:00+00:00", "title": "Newton: Quello che sappiamo"}, {"desc": "Le r\u00e9cit d'une exp\u00e9dition men\u00e9e par le biologiste Patrick Durville, avec la complicit\u00e9 de Laurent Ballesta, \u00e0 la d\u00e9couverte d'une impressionnante montagne sous-marine.", "start_date": "2026-04-28T09:00:00+00:00", "title": "Les myst\u00e8res du mont La P\u00e9rouse"}, {"desc": "Le doux duvet des petits manchots commence \u00e0 s'estomper, c'est le signe qu'il est temps pour eux de se d\u00e9tacher progressivement de leur m\u00e8re.", "start_date": "2026-04-28T09:45:00+00:00", "title": "Un espion chez les manchots"}, {"desc": "Quando si prende in mano una cartina per pianificare un viaggio sulla Sila, si scopre che c'\u00e8 una Sila Grande, una Sila Piccola, una Sila Greca, una Presila. Percorrendola poi, ci si accorge di come una natura all'inizio aspra e inospitale possa, forse proprio per questo risultare misteriosa e seducente.", "start_date": "2026-04-28T10:30:00+00:00", "title": "Di l\u00e0 dal fiume e tra gli alberi"}, {"desc": "Racconti di Scienza Ep. 21 - Disastri: Aria, terra, mare.", "start_date": "2026-04-28T11:30:00+00:00", "title": "Racconti di Scienza"}, {"desc": "In questa puntata parliamo di volo umano ed in particolare cerchiamo di scoprire come sar\u00e0 il futuro dell'aviazione civile. Giuseppe Sala, Direttore del Dipartimento di scienze e tecnologie aerospaziali del Politecnico di Milano ci spiega come saranno gli aeroporti di domani e cosa ci riserva il futuro per quanto riguarda aerei e spazioplani.", "start_date": "2026-04-28T12:25:00+00:00", "title": "Newton"}, {"desc": null, "start_date": "2026-04-28T13:30:00+00:00", "title": "Terre en danger : catastrophes modernes"}, {"desc": null, "start_date": "2026-04-28T14:20:00+00:00", "title": "Sapiens: Un solo pianeta"}, {"desc": "William Blake - La Visione e l'infinito Episodio 6 - Un programma di Daniela Delfini, produttore esecutivo Livia Lauriola, regia di David Emmer. Con Sebastiano Pigazzi, Giulia Sessich, Al Mariotti.", "start_date": "2026-04-28T15:30:00+00:00", "title": "William Blake: La Visione e l'infinito"}, {"desc": "La natura demoniaca di Dracula. Il morso che trasforma in vampiro, il Male come contagio. Responsabilit\u00e0 e predestinazione: l'aspetto etico in \"Dracula\". Religione e simbologia cristiana in Stoker. La contrapposizione fra le forze del Bene e le forze del Male. L'aspetto sociale in \"Dracula\", la comunit\u00e0 e l'amicizia, contrapposte alla solitudine del mostro.", "start_date": "2026-04-28T16:00:00+00:00", "title": "Dracula"}, {"desc": "Suivre le cycle de vie d'une chenille, de sa naissance \u00e0 sa m\u00e9tamorphose en papillon, permet d'explorer les \u00e9cosyst\u00e8mes miniatures abrit\u00e9s dans les jardins.", "start_date": "2026-04-28T16:30:00+00:00", "title": "Devenir papillon"}, {"desc": "Au sud, la Basse Camargue est tout enti\u00e8re marqu\u00e9e par ses interactions avec la mer. Sur les dunes, les incursions marines ont donn\u00e9 naissance \u00e0 de vastes lagunes saum\u00e2tres.", "start_date": "2026-04-28T17:15:00+00:00", "title": "La Camargue : sauvage et fragile"}, {"desc": "In questo episodio scopriremo come siamo arrivati a considerare il tempo come lo conosciamo oggi, grazie agli studi di Albert Einstein. Percorriamo questa storia della scienza con Eugenio Coccia Fisico, Rettore del Gran Sasso Science Institute e Professore all'Universit\u00e0 di Roma Tor Vergata, Giovanni Battimelli, Storico della Fisica dell'Universit\u00e0 di Roma Sapienza e Viviana Fafone, Professoressa ", "start_date": "2026-04-28T18:00:00+00:00", "title": "Storie della Scienza"}, {"desc": null, "start_date": "2026-04-28T19:00:00+00:00", "title": "Habitat"}, {"desc": "L'incroyable histoire de notre esp\u00e8ce qui, en levant les yeux depuis notre plan\u00e8te isol\u00e9e et banale, a commenc\u00e9 \u00e0 d\u00e9duire la forme, la taille et l'origine de tout ce qui est.", "start_date": "2026-04-28T19:30:00+00:00", "title": "La mati\u00e8re et le n\u00e9ant"}, {"desc": "Un aper\u00e7u de la puissance et de la richesse de la plan\u00e8te Terre, de l'Himalaya aux profondeurs des eaux australiennes, en passant par la savane africaine.", "start_date": "2026-04-28T20:25:00+00:00", "title": "Merveilles de la nature"}, {"desc": "In questa puntata dedicata alle navi oceanografiche in Italia, andiamo in Friuli-Venezia Giulia, a Trieste, per salire a bordo della rompighiaccio \"Laura Bassi\" dell'Istituto Nazionale di Oceanografia e Geofisica Sperimentale e conoscere l'attivit\u00e0 scientifica portata avanti durante le sue missioni.", "start_date": "2026-04-28T21:25:00+00:00", "title": "Memex: I luoghi della scienza"}, {"desc": "Ponza \u00e8 una perla del Tirreno, dove il mito di Circe si intreccia ad una storia millenaria, scritta sui ruderi delle Grotte di Pilato, disegnata lungo la linea degli antichi acquedotti romani disseminati sul territorio. Quando ci arrivi non vorresti pi\u00f9 andartene. Se ci sei nato poi, separartene \u00e8 quasi impossibile.", "start_date": "2026-04-28T22:00:00+00:00", "title": "Di l\u00e0 dal fiume e tra gli alberi"}, {"desc": "Storia della matematica Ep. 4 - Fino all'infinito e oltre.", "start_date": "2026-04-28T23:00:00+00:00", "title": "Storia della matematica"}], "offset": "+00:00", "timezone": "UTC", "error_code": -1, "start_date": "2026-04-27", "icon": ""}