{"end_date": "2026-04-27", "name": "RAI SCUOLA", "info_url": "https://epg.pw/channels/55737/20260426.html", "country": "France", "description": null, "error_message": "", "provider": "", "source_url": "https://epg.pw/api/epg.json?channel_id=55737&date=20260426&timezone=None", "epg_list": [{"desc": null, "start_date": "2026-04-26T00:15:00+00:00", "title": "Storie della Scienza"}, {"desc": "Un giorno per i disturbi del comportamento alimentare - La puntata di oggi \u00e8 dedicata ai Disturbi del Comportamento Alimentare promuovendo il sostegno a chi vive questa condizione e incoraggiare l'accesso - a cure specializzate. Laura Dalla Ragione dell'Usl Umbria I e Valeria Zanna dell'Ospedale Bambino Ges\u00f9 di Roma, insieme ad altri ospiti, illustrano la natura dei disturbi alimentari, le loro ma", "start_date": "2026-04-26T01:15:00+00:00", "title": "Oggi \u00e8"}, {"desc": "Questa puntata \u00e8 dedicata all'area geografica delle Marche: ci sposteremo tra Urbino, Frasassi, Ancona e Camerino, per scoprire alcune tra le realt\u00e0 pi\u00f9 importanti per la ricerca del Centro Italia. Scopriremo cos\u00ec le attivit\u00e0 del gruppo Virgo presso l'universit\u00e0 di Urbino, per parlare di interferometri e onde gravitazionali.", "start_date": "2026-04-26T01:45:00+00:00", "title": "Memex: I luoghi della scienza"}, {"desc": null, "start_date": "2026-04-26T02:15:00+00:00", "title": "Memex Doc"}, {"desc": "In questa puntata, dedicata alla Tavola Periodica degli Elementi, ci occupiamo di alcuni degli elementi pi\u00f9 reattivi in natura, che si trovano tutti nella parte pi\u00f9 a sinistra della Tavola: i metalli alcalini e quelli alcalino/terrosi. A farci da guida in studio, assieme a Luca Perri, \u00e8 il chimico e divulgatore scientifico Silvano Fuso, con il supporto delle schede tecniche realizzate con il chimi", "start_date": "2026-04-26T02:45:00+00:00", "title": "Memex: Nautilus"}, {"desc": "In questa puntata Davide Coero Borga ospita la professoressa Giulia De Lorenzo del Dipartimento di Biologia e Biotecnologie Molecolari Charles Darwin, dell'Universit\u00e0 Sapienza di Roma.", "start_date": "2026-04-26T03:15:00+00:00", "title": "Newton"}, {"desc": "Storia della matematica Ep. 4 - Fino all'infinito e oltre.", "start_date": "2026-04-26T04:00:00+00:00", "title": "Storia della matematica"}, {"desc": "Misurare le alterazioni del cibo - Michael Faraday.", "start_date": "2026-04-26T04:50:00+00:00", "title": "Gocce"}, {"desc": null, "start_date": "2026-04-26T05:00:00+00:00", "title": "Oggi \u00e8"}, {"desc": null, "start_date": "2026-04-26T05:30:00+00:00", "title": "Memex: I luoghi della scienza"}, {"desc": "Racconti di Scienza Ep. 21 - Disastri: Aria, terra, mare.", "start_date": "2026-04-26T06:00:00+00:00", "title": "Racconti di Scienza"}, {"desc": "In questa puntata, dedicata tavola periodica degli elementi, ci occupiamo dei cosiddetti 'Alogeni', che in greco significa 'generatori di Sali': Fluoro, Cloro, Bromo, Iodio e Astato. In tutto sono 14 elementi estremamente reattivi, tra cui l'Alluminio, il Germanio, il Piombo, il Polonio e il Moscovio.", "start_date": "2026-04-26T06:50:00+00:00", "title": "Memex: Nautilus"}, {"desc": null, "start_date": "2026-04-26T07:20:00+00:00", "title": "Memex: Vita da Ricercatore"}, {"desc": "In questa puntata parliamo di volo umano ed in particolare cerchiamo di scoprire come sar\u00e0 il futuro dell'aviazione civile. Giuseppe Sala, Direttore del Dipartimento di scienze e tecnologie aerospaziali del Politecnico di Milano ci spiega come saranno gli aeroporti di domani e cosa ci riserva il futuro per quanto riguarda aerei e spazioplani.", "start_date": "2026-04-26T08:00:00+00:00", "title": "Newton"}, {"desc": "Une esp\u00e8ce en voie de disparition, le phoque annel\u00e9, tout droit venu de l'\u00e2ge de glace, peuple en hiver le lac Saimaa, situ\u00e9 dans le Sud de la Finlande.", "start_date": "2026-04-26T09:00:00+00:00", "title": "La vie secr\u00e8te des lacs"}, {"desc": "Le parcours de trois familles de manchots en Antarctique, aux Malouines et au P\u00e9rou, jusqu'au lieu de leur reproduction et de naissance de leurs petits.", "start_date": "2026-04-26T09:45:00+00:00", "title": "Un espion chez les manchots"}, {"desc": "Tra il 600 e il 700 Gallipoli era la luce del mondo, dal suo porto partivano decine di navi al giorno cariche di olio lampante che illuminava strade e case di tutta Europa. Per questo, seppur conquistata dalla modernit\u00e0, Gallipoli custodisce e mantiene vive le sue tradizioni che si tramandano da generazioni.", "start_date": "2026-04-26T10:30:00+00:00", "title": "Di l\u00e0 dal fiume e tra gli alberi"}, {"desc": null, "start_date": "2026-04-26T11:30:00+00:00", "title": "Terre en danger : catastrophes modernes"}, {"desc": null, "start_date": "2026-04-26T12:20:00+00:00", "title": "Mondo Digitale"}, {"desc": "Steve Jobs et Bill Gates, respectivement \u00e0 la t\u00eate de Macintosh et Microsoft, se sont livr\u00e9s \u00e0 une course permanente \u00e0 l'innovation informatique.", "start_date": "2026-04-26T13:05:00+00:00", "title": "Genius, rivalit\u00e9 de g\u00e9nie"}, {"desc": "Un aper\u00e7u de la puissance et de la richesse de la plan\u00e8te Terre, de l'Himalaya aux profondeurs des eaux australiennes, en passant par la savane africaine.", "start_date": "2026-04-26T14:00:00+00:00", "title": "Merveilles de la nature"}, {"desc": null, "start_date": "2026-04-26T15:00:00+00:00", "title": "Racconti di Scienza"}, {"desc": "Inglese DRACULA La scienza e i suoi limiti - La scienza e i suoi limiti nel \"Dracula\" di Bram Stoker. Il romanzo tra l'humus culturale positivista dell'Inghilterra ottocentesca e la critica al positivismo - di fine secolo. Lo studio della psiche come recupero dell'rrazionalismo preromantico e come anticipazione della psicanalisi di Freud - Un programma di Daniela Delfini Autori Daniela Delfini Con", "start_date": "2026-04-26T16:00:00+00:00", "title": "Dracula"}, {"desc": "Situ\u00e9 au nord-est de la Tanzanie, dans une r\u00e9gion au volcanisme actif, le Natron est un lac \u00e0 fond plat dont la profondeur ne d\u00e9passe pas trois m\u00e8tres.", "start_date": "2026-04-26T16:30:00+00:00", "title": "La vie secr\u00e8te des lacs"}, {"desc": "Les trois nouveaux n\u00e9s font leurs premiers pas : o\u00f9 l'on voit l'importance de la famille et du groupe afin de prot\u00e9ger les petits dans cet univers hostile.", "start_date": "2026-04-26T17:15:00+00:00", "title": "Un espion chez les manchots"}, {"desc": "L'incroyable histoire de notre esp\u00e8ce qui, en levant les yeux depuis notre plan\u00e8te isol\u00e9e et banale, a commenc\u00e9 \u00e0 d\u00e9duire la forme, la taille et l'origine de tout ce qui est.", "start_date": "2026-04-26T18:05:00+00:00", "title": "La mati\u00e8re et le n\u00e9ant"}, {"desc": "Dans l'oc\u00e9an, la vie s'apparente \u00e0 une lutte permanente, qui consiste \u00e0 manger sans \u00eatre d\u00e9vor\u00e9 et \u00e0 trouver un partenaire pour assurer sa descendance.", "start_date": "2026-04-26T19:00:00+00:00", "title": "Merveilles du Pacifique"}, {"desc": "L'episodio racconta il lungo percorso grazie al quale abbiamo immaginato, osservato, compreso e infine sfruttato l'atomo per produrre energia. Un viaggio che parte dall'antica Grecia di Leucippo e Democrito, passa per via Panisperna e l'incredibile avventura di Enrico Fermi, conduce all'invenzione della bomba atomica ma anche alla costruzione delle centrali nucleari.", "start_date": "2026-04-26T19:45:00+00:00", "title": "Storie della Scienza"}, {"desc": null, "start_date": "2026-04-26T20:25:00+00:00", "title": "Terre en danger : catastrophes modernes"}, {"desc": "Pendant la Seconde Guerre mondiale, deux physiciens, Oppenheimer et Heisenberg, se sont lanc\u00e9s dans la course \u00e0 la fabrication de la bombe atomique.", "start_date": "2026-04-26T21:15:00+00:00", "title": "Genius, rivalit\u00e9 de g\u00e9nie"}, {"desc": "Il Monte Argentario \u00e8 allo stesso tempo due cose: isola e terraferma. E mare e terra sono i due poli di questo viaggio che parte dall'Argentario, scende lungo la maremma fino a Capalbio, per poi tornare indietro alla laguna di Orbetello, che come un ombelico si trova al centro di questo mondo incantato.", "start_date": "2026-04-26T22:00:00+00:00", "title": "Di l\u00e0 dal fiume e tra gli alberi"}, {"desc": "Racconti di Scienza Ep. 21 - Disastri: Aria, terra, mare.", "start_date": "2026-04-26T23:00:00+00:00", "title": "Racconti di Scienza"}, {"desc": null, "start_date": "2026-04-27T00:00:00+00:00", "title": "Memex: Vita da Ricercatore"}, {"desc": "In questa puntata parliamo degli strumenti che ci permettono di indagare l'universo e lo fanno lontano dall'atmosfera terrestre: i telescopi spaziali. Giovanna Giardino, astronoma presso l'ESTEC, il centro scientifico e tecnologico dell'ESA nei Paesi Bassi, ci spiega perch\u00e9 per la ricerca sono cos\u00ec importanti i telescopi spaziali e le prime esperienze con il telescopio spaziale Hubble e poi con il", "start_date": "2026-04-27T00:30:00+00:00", "title": "Newton"}, {"desc": null, "start_date": "2026-04-27T01:30:00+00:00", "title": "Oggi \u00e8"}, {"desc": "In questa puntata si parla del Salento, il 'tacco d'Italia'. Una regione che partendo dal suo straordinario patrimonio artistico e naturale sta mettendo la scienza al centro del suo sguardo verso il futuro.", "start_date": "2026-04-27T02:00:00+00:00", "title": "Memex: I luoghi della scienza"}, {"desc": null, "start_date": "2026-04-27T02:30:00+00:00", "title": "Speciale Progetto Scienza"}, {"desc": "In questa puntata ci occupiamo di una delle due \"famiglie aristocratiche\" della Tavola Periodica degli elementi: i Gas Nobili (l'altra \u00e8 quella dei 'Metalli Nobili'). Sono chiamati anche 'Gas Inerti', perch\u00e9 \u00e8 difficilissimo farli reagire.", "start_date": "2026-04-27T03:00:00+00:00", "title": "Memex: Nautilus"}, {"desc": "In questa puntata Davide Coero Borga ospita il professor Luigi Naldini, direttore dell'Istituto San Raffaele Telethon SR-Tiget di Milano. Quando il DNA umano commette un errore, si possono verificare gravi conseguenze come lo sviluppo di malattie genetiche rare.", "start_date": "2026-04-27T03:30:00+00:00", "title": "Newton"}, {"desc": "Dans l'oc\u00e9an, la vie s'apparente \u00e0 une lutte permanente, qui consiste \u00e0 manger sans \u00eatre d\u00e9vor\u00e9 et \u00e0 trouver un partenaire pour assurer sa descendance.", "start_date": "2026-04-27T04:00:00+00:00", "title": "Merveilles du Pacifique"}, {"desc": "Nel 2005 l'UNESCO ha dichiarato il 27 ottobre Giornata Mondiale del Patrimonio Audiovisivo per sottolineare l'importanza della conservazione e della tutela delle immagini in movimento e il loro valore per la memoria collettiva. Gli archivi audiovisivi raccontano storie che informano e divertono, promuovendo quello che l'Unesco definisce il libero flusso di idee attraverso la parola e l'mmagine.", "start_date": "2026-04-27T05:00:00+00:00", "title": "Oggi \u00e8"}, {"desc": "Progetto Scienza 2023 Racconti di Scienza - Profili - p. 03 - Sigmund Freud - Profili \u00e8 il programma che ci avvicina ai grandi fondatori e innovatori della scienza. Ogni puntata tratteggia il profilo di un - a figura emblematica del suo tempo, che ha dedicato la propria vita alla ricerca, alla scoperta di nuovi codici e teorie per decifrare il nostro mondo. -.", "start_date": "2026-04-27T05:30:00+00:00", "title": "Profili"}, {"desc": null, "start_date": "2026-04-27T05:45:00+00:00", "title": "Mondo Digitale"}, {"desc": "L'incroyable histoire de notre esp\u00e8ce qui, en levant les yeux depuis notre plan\u00e8te isol\u00e9e et banale, a commenc\u00e9 \u00e0 d\u00e9duire la forme, la taille et l'origine de tout ce qui est.", "start_date": "2026-04-27T06:30:00+00:00", "title": "La mati\u00e8re et le n\u00e9ant"}, {"desc": "In questa puntata ci occupiamo di una delle due \"famiglie aristocratiche\" della Tavola Periodica degli elementi: i Gas Nobili (l'altra \u00e8 quella dei 'Metalli Nobili'). Sono chiamati anche 'Gas Inerti', perch\u00e9 \u00e8 difficilissimo farli reagire.", "start_date": "2026-04-27T07:20:00+00:00", "title": "Memex: Nautilus"}, {"desc": null, "start_date": "2026-04-27T07:50:00+00:00", "title": "Memex: Vita da Ricercatore"}, {"desc": "Il cervello, l'organo pi\u00f9 importante del nostro corpo, \u00e8 anche il pi\u00f9 difficile da studiare. E infatti la storia dello studio del cervello, iniziata ai tempi delle civilt\u00e0 mesopotamiche, ha conosciuto errori di valutazione, ipotesi sbagliati, cambi di rotta. Fino ad arrivare alle odierne neuroscienze, che grazie a tecnologie sempre pi\u00f9 sofisticate superano ogni giorno nuovi traguardi.", "start_date": "2026-04-27T08:20:00+00:00", "title": "Storie della Scienza"}, {"desc": "Situ\u00e9 au nord-est de la Tanzanie, dans une r\u00e9gion au volcanisme actif, le Natron est un lac \u00e0 fond plat dont la profondeur ne d\u00e9passe pas trois m\u00e8tres.", "start_date": "2026-04-27T09:00:00+00:00", "title": "La vie secr\u00e8te des lacs"}, {"desc": "Les trois nouveaux n\u00e9s font leurs premiers pas : o\u00f9 l'on voit l'importance de la famille et du groupe afin de prot\u00e9ger les petits dans cet univers hostile.", "start_date": "2026-04-27T09:45:00+00:00", "title": "Un espion chez les manchots"}, {"desc": "Il Monte Argentario \u00e8 allo stesso tempo due cose: isola e terraferma. E mare e terra sono i due poli di questo viaggio che parte dall'Argentario, scende lungo la maremma fino a Capalbio, per poi tornare indietro alla laguna di Orbetello, che come un ombelico si trova al centro di questo mondo incantato.", "start_date": "2026-04-27T10:30:00+00:00", "title": "Di l\u00e0 dal fiume e tra gli alberi"}, {"desc": "Un aper\u00e7u de la puissance et de la richesse de la plan\u00e8te Terre, de l'Himalaya aux profondeurs des eaux australiennes, en passant par la savane africaine.", "start_date": "2026-04-27T11:30:00+00:00", "title": "Merveilles de la nature"}, {"desc": "In questa puntata parliamo di volo umano ed in particolare cerchiamo di scoprire come sar\u00e0 il futuro dell'aviazione civile. Giuseppe Sala, Direttore del Dipartimento di scienze e tecnologie aerospaziali del Politecnico di Milano ci spiega come saranno gli aeroporti di domani e cosa ci riserva il futuro per quanto riguarda aerei e spazioplani.", "start_date": "2026-04-27T12:30:00+00:00", "title": "Newton: Quello che sappiamo"}, {"desc": "Pendant la Seconde Guerre mondiale, deux physiciens, Oppenheimer et Heisenberg, se sont lanc\u00e9s dans la course \u00e0 la fabrication de la bombe atomique.", "start_date": "2026-04-27T13:30:00+00:00", "title": "Genius, rivalit\u00e9 de g\u00e9nie"}, {"desc": "Mario Tozzi mette al centro di questa puntata di - Sapiens il desiderio-bisogno di esplorare. Solo i sapiens costruiscono carte geografiche non solo come mera rappresentazione della superficie terrestre, bens\u00ec come espressione simbolica di conoscenza: consultandola, riusciamo a viaggiare con la fantasia, sognare, riflettere e conoscere, oltre che orientarci. La geografia \u00e8 la prima scienza, sosten", "start_date": "2026-04-27T14:25:00+00:00", "title": "Sapiens: Un solo pianeta"}, {"desc": "Misurare le alterazioni del cibo - Michael Faraday.", "start_date": "2026-04-27T15:20:00+00:00", "title": "Gocce"}, {"desc": "William Blake - La Visione e l'infinito Episodio 5 - Un programma di Daniela Delfini, produttore esecutivo Livia Lauriola, regia di David Emmer. Con Sebastiano Pigazzi, Giulia Sessich, Al Mariotti.", "start_date": "2026-04-27T15:30:00+00:00", "title": "William Blake: La Visione e l'infinito"}, {"desc": "Dracula da figura mitologica a incarnazione di pulsioni inconfessabili e aspirazioni di eternit\u00e0. La natura del vampiro, creatura insieme umana e non umana. Le caratteristiche del mostro, le sue prerogative e le sue debolezze. Il potere della fascinazione. Incubo e realt\u00e0 nella narrazione di Stoker.", "start_date": "2026-04-27T16:00:00+00:00", "title": "Dracula"}, {"desc": "Le r\u00e9cit d'une exp\u00e9dition men\u00e9e par le biologiste Patrick Durville, avec la complicit\u00e9 de Laurent Ballesta, \u00e0 la d\u00e9couverte d'une impressionnante montagne sous-marine.", "start_date": "2026-04-27T16:30:00+00:00", "title": "Les myst\u00e8res du mont La P\u00e9rouse"}, {"desc": "Le doux duvet des petits manchots commence \u00e0 s'estomper, c'est le signe qu'il est temps pour eux de se d\u00e9tacher progressivement de leur m\u00e8re.", "start_date": "2026-04-27T17:15:00+00:00", "title": "Un espion chez les manchots"}, {"desc": null, "start_date": "2026-04-27T18:00:00+00:00", "title": "Newton: Quello che sappiamo"}, {"desc": null, "start_date": "2026-04-27T19:00:00+00:00", "title": "Intelligenze"}, {"desc": "Steve Jobs et Bill Gates, respectivement \u00e0 la t\u00eate de Macintosh et Microsoft, se sont livr\u00e9s \u00e0 une course permanente \u00e0 l'innovation informatique.", "start_date": "2026-04-27T19:30:00+00:00", "title": "Genius, rivalit\u00e9 de g\u00e9nie"}, {"desc": "Racconti di Scienza Ep. 21 - Disastri: Aria, terra, mare.", "start_date": "2026-04-27T20:25:00+00:00", "title": "Racconti di Scienza"}, {"desc": null, "start_date": "2026-04-27T21:15:00+00:00", "title": "Terre en danger : catastrophes modernes"}, {"desc": "Quando si prende in mano una cartina per pianificare un viaggio sulla Sila, si scopre che c'\u00e8 una Sila Grande, una Sila Piccola, una Sila Greca, una Presila. Percorrendola poi, ci si accorge di come una natura all'inizio aspra e inospitale possa, forse proprio per questo risultare misteriosa e seducente.", "start_date": "2026-04-27T22:00:00+00:00", "title": "Di l\u00e0 dal fiume e tra gli alberi"}, {"desc": "L'incroyable histoire de notre esp\u00e8ce qui, en levant les yeux depuis notre plan\u00e8te isol\u00e9e et banale, a commenc\u00e9 \u00e0 d\u00e9duire la forme, la taille et l'origine de tout ce qui est.", "start_date": "2026-04-27T23:00:00+00:00", "title": "La mati\u00e8re et le n\u00e9ant"}], "offset": "+00:00", "timezone": "UTC", "error_code": -1, "start_date": "2026-04-26", "icon": ""}