{"end_date": "2026-08-29", "name": "CANAL+DOCS", "info_url": "https://epg.pw/channels/557551/20260828.html", "country": "France", "description": null, "error_message": "", "provider": "", "source_url": "https://epg.pw/api/epg.json?channel_id=557551&date=20260828&timezone=None", "epg_list": [{"desc": "Pendant plus de trente ans, le gang corse de la Brise de mer a r\u00e9gn\u00e9 sur le grand banditisme fran\u00e7ais. En s'appuyant sur des t\u00e9moignages forts et documents rares, cette s\u00e9rie documentaire revient sur l'ascension, d\u00e8s les ann\u00e9es 1980, de ce groupe mafieux originaire de Bastia.", "start_date": "2026-08-28T18:03:00+00:00", "title": "Omerta"}, {"desc": "Pendant plus de trente ans, le gang corse de la Brise de mer a r\u00e9gn\u00e9 sur le grand banditisme fran\u00e7ais. En s'appuyant sur des t\u00e9moignages forts et documents rares, cette s\u00e9rie documentaire revient sur l'ascension, d\u00e8s les ann\u00e9es 1980, de ce groupe mafieux originaire de Bastia.", "start_date": "2026-08-28T19:00:00+00:00", "title": "Omerta"}, {"desc": "Pendant plus de trente ans, le gang corse de la Brise de mer a r\u00e9gn\u00e9 sur le grand banditisme fran\u00e7ais. En s'appuyant sur des t\u00e9moignages forts et documents rares, cette s\u00e9rie documentaire revient sur l'ascension, d\u00e8s les ann\u00e9es 1980, de ce groupe mafieux originaire de Bastia.", "start_date": "2026-08-28T19:56:00+00:00", "title": "Omerta"}, {"desc": "Lors des Jeux Olympiques d'hiver de 1994 en Norv\u00e8ge, Le Cri, l'un des plus c\u00e9l\u00e8bres tableaux d'Edvard Munch, a \u00e9t\u00e9 d\u00e9rob\u00e9. Apr\u00e8s d'actives recherches men\u00e9es par les autorit\u00e9s norv\u00e9giennes, les m\u00e9dias internationaux et l'unit\u00e9 de Scotland Yard consacr\u00e9e aux vols d'oeuvres d'art, l'auteur du vol est arr\u00eat\u00e9. Il s'agit de P\u00e5l Enger, un ancien footballeur professionnel. Pourquoi s'est-il empar\u00e9 de ce t", "start_date": "2026-08-28T20:55:00+00:00", "title": "Braquage nordique - L'homme qui a vol\u00e9 Le Cri"}, {"desc": "Cette s\u00e9rie documentaire en trois parties retrace la vie de Franklin D. Roosevelt et ses douze ans pass\u00e9s \u00e0 la Maison blanche, un record imbattable.", "start_date": "2026-08-28T22:29:00+00:00", "title": "Franklin D. Roosevelt"}, {"desc": "En ao\u00fbt 1977, en Californie, Bryan Allen, un jeune autiste sportif, et Paul MacCready, un ing\u00e9nieur en a\u00e9ronautique innovant, remportent le Prix Kremer qui r\u00e9compense la premi\u00e8re \u00e9quipe capable de faire voler un avion \u00e0 \u00e9nergie musculaire sur un parcours pr\u00e9cis. Deux ans plus tard, ils gagnent un deuxi\u00e8me Prix, celui de la travers\u00e9e de la Manche en un temps record.", "start_date": "2026-08-28T23:53:00+00:00", "title": "Le vol de Bryan"}, {"desc": "Fermeture de l'antenne \u00e0 la fin des diffusions de la journ\u00e9e.", "start_date": "2026-08-29T01:29:00+00:00", "title": "Fin des programmes"}, {"desc": "Les Beatles de l'Etat islamique formaient une cellule sp\u00e9cialis\u00e9e dans la capture, la torture et l'ex\u00e9cution d'otages occidentaux. Ses quatre membres ont brutalis\u00e9 une vingtaine de prisonniers et tu\u00e9 plusieurs d'entre eux. Sean Langan, journaliste, a retrouv\u00e9 la trace de deux membres, des anciens ressortissants britanniques captur\u00e9s en 2018 par les Kurdes, et les a rencontr\u00e9s \u00e0 plusieurs reprises.", "start_date": "2026-08-29T05:18:00+00:00", "title": "Preneurs d'otages"}, {"desc": "Habitu\u00e9 des exploits sportifs, L\u00e9o r\u00e9pond \u00e0 l'appel au secours de scientifiques, de militants \u00e9cologistes ou de simples citoyens qui se battent pour l'environnement. Il sillonne le globe pour mettre ses capacit\u00e9s physiques, son savoir et l'ensemble des gens qui le suivent sur les r\u00e9seaux sociaux au service d'actions concr\u00e8tes pour pr\u00e9server la nature.", "start_date": "2026-08-29T06:45:00+00:00", "title": "L'enfant de la for\u00eat"}, {"desc": "Habitu\u00e9 des exploits sportifs, L\u00e9o r\u00e9pond \u00e0 l'appel au secours de scientifiques, de militants \u00e9cologistes ou de simples citoyens qui se battent pour l'environnement. Il sillonne le globe pour mettre ses capacit\u00e9s physiques, son savoir et l'ensemble des gens qui le suivent sur les r\u00e9seaux sociaux au service d'actions concr\u00e8tes pour pr\u00e9server la nature.", "start_date": "2026-08-29T07:39:00+00:00", "title": "L'enfant de la for\u00eat"}, {"desc": "En 2004, un groupuscule menace de faire exploser des TGV en France et d'installer une bombe sur la Tour Eiffel. Les ma\u00eetres chanteurs se surnomment Gros loup et communiquent avec Suzy, les services du minist\u00e8re de l'int\u00e9rieur. Lors d'une op\u00e9ration consistant \u00e0 larguer l'argent r\u00e9clam\u00e9 par les criminels depuis un h\u00e9licopt\u00e8re, 500 policiers sont mobilis\u00e9s pour les intercepter.", "start_date": "2026-08-29T08:33:00+00:00", "title": "Suzy vs Gros Loup - Menace sur les rails"}, {"desc": "Le 5 septembre 1972, lors des jeux Olympiques de Munich, des terroristes palestiniens membres de l'organisation Septembre noir s'emparent de onze athl\u00e8tes isra\u00e9liens. Pr\u00e8s d'un million de spectateurs suivent en direct cette prise d'otages. A l'occasion du cinquanti\u00e8me anniversaire du massacre de Munich, les t\u00e9moignages des principaux protagonistes sont mis en lumi\u00e8re.", "start_date": "2026-08-29T09:47:00+00:00", "title": "Munich 72, des jeux et du sang"}, {"desc": "Le 5 septembre 1972, lors des jeux Olympiques de Munich, des terroristes palestiniens membres de l'organisation Septembre noir s'emparent de onze athl\u00e8tes isra\u00e9liens. Pr\u00e8s d'un million de spectateurs suivent en direct cette prise d'otages. A l'occasion du cinquanti\u00e8me anniversaire du massacre de Munich, les t\u00e9moignages des principaux protagonistes sont mis en lumi\u00e8re.", "start_date": "2026-08-29T10:16:00+00:00", "title": "Munich 72, des jeux et du sang"}, {"desc": "Le 5 septembre 1972, lors des jeux Olympiques de Munich, des terroristes palestiniens membres de l'organisation Septembre noir s'emparent de onze athl\u00e8tes isra\u00e9liens. Pr\u00e8s d'un million de spectateurs suivent en direct cette prise d'otages. A l'occasion du cinquanti\u00e8me anniversaire du massacre de Munich, les t\u00e9moignages des principaux protagonistes sont mis en lumi\u00e8re.", "start_date": "2026-08-29T10:49:00+00:00", "title": "Munich 72, des jeux et du sang"}, {"desc": "L'affaire Samuel Paty a boulevers\u00e9 la France en 2020. Ce professeur fut victime d'un attentat apr\u00e8s avoir montr\u00e9 des caricatures controvers\u00e9es en classe. Une campagne diffamatoire en ligne, aliment\u00e9e par les mensonges d'une \u00e9l\u00e8ve, a pr\u00e9cipit\u00e9 sa fin tragique. Le film suit l'enqu\u00eate de sa soeur Micka\u00eblle, d\u00e9termin\u00e9e \u00e0 faire la lumi\u00e8re sur ce drame et \u00e0 d\u00e9fendre la la\u00efcit\u00e9 dans l'enseignement.", "start_date": "2026-08-29T11:26:00+00:00", "title": "Au nom de mon fr\u00e8re : les derniers jours de Samuel Paty"}, {"desc": "Pendant plus de trente ans, le gang corse de la Brise de mer a r\u00e9gn\u00e9 sur le grand banditisme fran\u00e7ais. En s'appuyant sur des t\u00e9moignages forts et documents rares, cette s\u00e9rie documentaire revient sur l'ascension, d\u00e8s les ann\u00e9es 1980, de ce groupe mafieux originaire de Bastia.", "start_date": "2026-08-29T12:48:00+00:00", "title": "Omerta"}, {"desc": "Pendant plus de trente ans, le gang corse de la Brise de mer a r\u00e9gn\u00e9 sur le grand banditisme fran\u00e7ais. En s'appuyant sur des t\u00e9moignages forts et documents rares, cette s\u00e9rie documentaire revient sur l'ascension, d\u00e8s les ann\u00e9es 1980, de ce groupe mafieux originaire de Bastia.", "start_date": "2026-08-29T13:37:00+00:00", "title": "Omerta"}, {"desc": "Alain Prost, l'un des plus grands pilotes automobiles du XXe si\u00e8cle, quatre fois champion du monde, vainqueur de 51 Grands Prix, revient sur sa fabuleuse carri\u00e8re.", "start_date": "2026-08-29T14:35:00+00:00", "title": "Prost"}, {"desc": "Alain Prost, l'un des plus grands pilotes automobiles du XXe si\u00e8cle, quatre fois champion du monde, vainqueur de 51 Grands Prix, revient sur sa fabuleuse carri\u00e8re.", "start_date": "2026-08-29T15:02:00+00:00", "title": "Prost"}, {"desc": "Alain Prost, l'un des plus grands pilotes automobiles du XXe si\u00e8cle, quatre fois champion du monde, vainqueur de 51 Grands Prix, revient sur sa fabuleuse carri\u00e8re.", "start_date": "2026-08-29T15:29:00+00:00", "title": "Prost"}, {"desc": "En 1981, l'un des tueurs en s\u00e9rie les plus cruels des Etats-Unis a plaid\u00e9 coupable pour les meurtres de cinq prostitu\u00e9es. Un policier l'interroge au sujet de crimes non \u00e9lucid\u00e9s.", "start_date": "2026-08-29T15:59:00+00:00", "title": "Torso Killer : Confessions"}, {"desc": "En 1981, l'un des tueurs en s\u00e9rie les plus cruels des Etats-Unis a plaid\u00e9 coupable pour les meurtres de cinq prostitu\u00e9es. Un policier l'interroge au sujet de crimes non \u00e9lucid\u00e9s.", "start_date": "2026-08-29T16:45:00+00:00", "title": "Torso Killer : Confessions"}, {"desc": "Au-del\u00e0 de sa carri\u00e8re, de ses records et de ses m\u00e9dailles dans la cat\u00e9gorie 110 m\u00e8tres haies, Ladji Doucour\u00e9 raconte la vie d'un sportif de haut niveau et r\u00e9v\u00e8le la face cach\u00e9e d'un univers qui valorise la virilit\u00e9 et la puissance. Il aborde ainsi la pression subie, la parole toujours contr\u00f4l\u00e9e, l'\u00e9puisement du corps maltrait\u00e9, la gestion difficile de l'argent et de la c\u00e9l\u00e9brit\u00e9.", "start_date": "2026-08-29T17:26:00+00:00", "title": "Les cinq vies de Ladji"}, {"desc": "Alessandro, petit-fils de Jean-Paul Belmondo, entreprend un p\u00e9riple en Italie avec sa m\u00e8re. De la Toscane \u00e0 la Sicile, le chef et sa m\u00e8re cuisini\u00e8re suivent les traces de leur famille et imaginent des plats, entre tradition, hommage et modernit\u00e9. Ce voyage inattendu et gourmand r\u00e9v\u00e8lent des archives familiales in\u00e9dites, documents d'\u00e9poque et road-trip dans l'Italie secr\u00e8te des Belmondo.", "start_date": "2026-08-29T19:00:00+00:00", "title": "Belmondo - L'Italie en h\u00e9ritage"}, {"desc": "Dans un pays d\u00e9bordant de couleurs et de cr\u00e9ativit\u00e9, Fatou, serial entrepreneuse, globetrotteuse et nouvelle exploratrice, nous fait d\u00e9couvrir la mode responsable mexicaine et ses savoir-faire d'hier et d'aujourd'hui.", "start_date": "2026-08-29T20:22:00+00:00", "title": "Fatou en mode\u2026"}, {"desc": "La jeune cheffe Alexia Duch\u00eane parcourt le monde \u00e0 la rencontre de producteurs d'excellence, mara\u00eechers, \u00e9leveurs, p\u00eacheurs, exp\u00e9rimente de nouvelles recettes et r\u00e9invente, avec des produits durables, des plats embl\u00e9matiques de diff\u00e9rents pays. Elle ambitionne de tisser un lien entre la richesse des traditions culinaires et la r\u00e9alit\u00e9 contemporaine, celle du changement climatique, de la responsabi", "start_date": "2026-08-29T21:14:00+00:00", "title": "Alexia cuisine le monde"}, {"desc": "En 1982, alors que la guerre froide est \u00e0 son paroxysme, Samantha Smith, une Am\u00e9ricaine de dix ans \u00e9crit au secr\u00e9taire du Comit\u00e9 central du Parti communiste de l'Union sovi\u00e9tique, Iouri Andropov, pour lui demander de cesser les hostilit\u00e9s avec son pays. Celui-ci l'invite \u00e0 venir visiter l'URSS.", "start_date": "2026-08-29T22:10:00+00:00", "title": "Samantha Smith : la petite fille et la paix ?"}, {"desc": "De de Gaulle \u00e0 Fran\u00e7ois Hollande, les pr\u00e9sidents de la Ve R\u00e9publique ont tous men\u00e9 des guerres secr\u00e8tes et des op\u00e9rations cibl\u00e9es contre des ennemis de la France.", "start_date": "2026-08-29T23:20:00+00:00", "title": "Les tueurs de la R\u00e9publique"}], "offset": "+00:00", "timezone": "UTC", "error_code": -1, "start_date": "2026-08-28", "icon": ""}