{"end_date": "2026-08-31", "name": "CANAL+DOCS", "info_url": "https://epg.pw/channels/557551/20260830.html", "country": "France", "description": null, "error_message": "", "provider": "", "source_url": "https://epg.pw/api/epg.json?channel_id=557551&date=20260830&timezone=None", "epg_list": [{"desc": "De de Gaulle \u00e0 Fran\u00e7ois Hollande, les pr\u00e9sidents de la Ve R\u00e9publique ont tous men\u00e9 des guerres secr\u00e8tes et des op\u00e9rations cibl\u00e9es contre des ennemis de la France.", "start_date": "2026-08-30T00:15:00+00:00", "title": "Les tueurs de la R\u00e9publique"}, {"desc": "Fermeture de l'antenne \u00e0 la fin des diffusions de la journ\u00e9e.", "start_date": "2026-08-30T01:05:00+00:00", "title": "Fin des programmes"}, {"desc": "De 1967 \u00e0 1982, alors que le vinyle est \u00e0 son apog\u00e9e, le collectif de graphistes britanniques Hipgnosis form\u00e9 par Aubrey Powell et Stom Thorgerson cr\u00e9e des pochettes de disques comme des oeuvres d'art \u00e0 part enti\u00e8re. Ils sont notamment \u00e0 l'origine des pochettes de The dark side of the moon, House of the Holy de Led Zeppelin, Band on the run de Paul McCartney and Wings, et Melt de Peter Gabriel. Au", "start_date": "2026-08-30T05:40:00+00:00", "title": "Hipgnosis - Des vinyles et des hommes"}, {"desc": "Alors qu'il \u00e9tait \u00e0 l'h\u00f4pital pour soigner une grave maladie pulmonaire et que sa vie ne tenait qu'\u00e0 un fil, Victor Bergeon a \u00e9crit sa \"liste de l'impossible\", la liste de toutes ces choses qu'il ferait s'il s'en sortait. Cette s\u00e9rie le suit dans sa qu\u00eate pour aller au bout des d\u00e9fis d\u00e9mesur\u00e9s qu'il s'est lanc\u00e9s.", "start_date": "2026-08-30T07:24:00+00:00", "title": "Voyages au bout de l'effort"}, {"desc": "Laure Boulleau part \u00e0 la rencontre de femmes incroyables aux parcours inspirants qui ont r\u00e9ussi \u00e0 trouver leur place dans des milieux tr\u00e8s masculins.", "start_date": "2026-08-30T08:19:00+00:00", "title": "Pionni\u00e8res"}, {"desc": "En 1982, alors que la guerre froide est \u00e0 son paroxysme, Samantha Smith, une Am\u00e9ricaine de dix ans \u00e9crit au secr\u00e9taire du Comit\u00e9 central du Parti communiste de l'Union sovi\u00e9tique, Iouri Andropov, pour lui demander de cesser les hostilit\u00e9s avec son pays. Celui-ci l'invite \u00e0 venir visiter l'URSS.", "start_date": "2026-08-30T09:15:00+00:00", "title": "Samantha Smith : la petite fille et la paix ?"}, {"desc": "La mission SolarStratos vise \u00e0 d\u00e9montrer que les technologies propres peuvent \u00e9galer et surpasser les \u00e9nergies fossiles, en repoussant les limites de l'aviation \u00e9lectrico-solaire.", "start_date": "2026-08-30T10:28:00+00:00", "title": "SolarStratos"}, {"desc": "La mission SolarStratos vise \u00e0 d\u00e9montrer que les technologies propres peuvent \u00e9galer et surpasser les \u00e9nergies fossiles, en repoussant les limites de l'aviation \u00e9lectrico-solaire.", "start_date": "2026-08-30T11:22:00+00:00", "title": "SolarStratos"}, {"desc": "Pendant plus de trente ans, le gang corse de la Brise de mer a r\u00e9gn\u00e9 sur le grand banditisme fran\u00e7ais. En s'appuyant sur des t\u00e9moignages forts et documents rares, cette s\u00e9rie documentaire revient sur l'ascension, d\u00e8s les ann\u00e9es 1980, de ce groupe mafieux originaire de Bastia.", "start_date": "2026-08-30T12:17:00+00:00", "title": "Omerta"}, {"desc": "Pendant plus de trente ans, le gang corse de la Brise de mer a r\u00e9gn\u00e9 sur le grand banditisme fran\u00e7ais. En s'appuyant sur des t\u00e9moignages forts et documents rares, cette s\u00e9rie documentaire revient sur l'ascension, d\u00e8s les ann\u00e9es 1980, de ce groupe mafieux originaire de Bastia.", "start_date": "2026-08-30T13:14:00+00:00", "title": "Omerta"}, {"desc": "Felix Akerlunds, un jeune militaire originaire de Skelleftea, une ville du nord-est de la Su\u00e8de, a \u00e9t\u00e9 victime de harc\u00e8lement t\u00e9l\u00e9phonique durant plusieurs ann\u00e9es.", "start_date": "2026-08-30T14:13:00+00:00", "title": "Stalker"}, {"desc": "Felix Akerlunds, un jeune militaire originaire de Skelleftea, une ville du nord-est de la Su\u00e8de, a \u00e9t\u00e9 victime de harc\u00e8lement t\u00e9l\u00e9phonique durant plusieurs ann\u00e9es.", "start_date": "2026-08-30T15:02:00+00:00", "title": "Stalker"}, {"desc": "Felix Akerlunds, un jeune militaire originaire de Skelleftea, une ville du nord-est de la Su\u00e8de, a \u00e9t\u00e9 victime de harc\u00e8lement t\u00e9l\u00e9phonique durant plusieurs ann\u00e9es.", "start_date": "2026-08-30T15:52:00+00:00", "title": "Stalker"}, {"desc": "Pour tout savoir de l'homme Delon, de ses aspirations, de ses croyances, de ses failles, il faut revoir les films marquants de sa filmographie : Plein Soleil, Rocco et ses fr\u00e8res, Le Gu\u00e9pard, Les F\u00e9lins, M\u00e9lodie en sous-sol, Le Samoura\u00ef, La Piscine, Le Professeur, Monsieur Klein et Notre histoire, qui racontent \u00e0 la fois son \u00eatre profond et son \u00e9volution.", "start_date": "2026-08-30T16:46:00+00:00", "title": "Alain Delon, un certain regard"}, {"desc": "Le cin\u00e9aste Claude Lelouch \u00e9voque ses films embl\u00e9matiques mais \u00e9galement sa passion pour le 7e art, ses souvenirs d'enfance, ses parents, et l'ensemble de son univers qu'il a mis ann\u00e9es apr\u00e8s ann\u00e9es dans ses r\u00e9alisations pour le grand \u00e9cran. Avec les t\u00e9moignages entre autres de son entourage.", "start_date": "2026-08-30T17:59:00+00:00", "title": "Claude Lelouch : la vie comme au cin\u00e9ma"}, {"desc": "En 2023, apr\u00e8s une longue enqu\u00eate, le serial killer qui s\u00e9vissait \u00e0 Long Island, pr\u00e8s de New York, est arr\u00eat\u00e9. Pour la premi\u00e8re fois, ses proches prennent la parole.", "start_date": "2026-08-30T19:00:00+00:00", "title": "Le tueur de Gilgo Beach"}, {"desc": "En 2023, apr\u00e8s une longue enqu\u00eate, le serial killer qui s\u00e9vissait \u00e0 Long Island, pr\u00e8s de New York, est arr\u00eat\u00e9. Pour la premi\u00e8re fois, ses proches prennent la parole.", "start_date": "2026-08-30T19:52:00+00:00", "title": "Le tueur de Gilgo Beach"}, {"desc": "En 2023, apr\u00e8s une longue enqu\u00eate, le serial killer qui s\u00e9vissait \u00e0 Long Island, pr\u00e8s de New York, est arr\u00eat\u00e9. Pour la premi\u00e8re fois, ses proches prennent la parole.", "start_date": "2026-08-30T20:49:00+00:00", "title": "Le tueur de Gilgo Beach"}, {"desc": "En 1981, l'un des tueurs en s\u00e9rie les plus cruels des Etats-Unis a plaid\u00e9 coupable pour les meurtres de cinq prostitu\u00e9es. Un policier l'interroge au sujet de crimes non \u00e9lucid\u00e9s.", "start_date": "2026-08-30T21:48:00+00:00", "title": "Torso Killer : Confessions"}, {"desc": "En 1981, l'un des tueurs en s\u00e9rie les plus cruels des Etats-Unis a plaid\u00e9 coupable pour les meurtres de cinq prostitu\u00e9es. Un policier l'interroge au sujet de crimes non \u00e9lucid\u00e9s.", "start_date": "2026-08-30T22:34:00+00:00", "title": "Torso Killer : Confessions"}, {"desc": "Les Beatles de l'Etat islamique formaient une cellule sp\u00e9cialis\u00e9e dans la capture, la torture et l'ex\u00e9cution d'otages occidentaux. Ses quatre membres ont brutalis\u00e9 une vingtaine de prisonniers et tu\u00e9 plusieurs d'entre eux. Sean Langan, journaliste, a retrouv\u00e9 la trace de deux membres, des anciens ressortissants britanniques captur\u00e9s en 2018 par les Kurdes, et les a rencontr\u00e9s \u00e0 plusieurs reprises.", "start_date": "2026-08-30T23:17:00+00:00", "title": "Preneurs d'otages"}, {"desc": "Fermeture de l'antenne \u00e0 la fin des diffusions de la journ\u00e9e.", "start_date": "2026-08-31T00:41:00+00:00", "title": "Fin des programmes"}, {"desc": "Depuis toujours, l\u2019Homme cherche \u00e0 gagner du temps. Nous passons une bonne partie de notre existence et de notre \u00e9nergie \u00e0 trouver des moyens d\u2019aller plus vite, \u00e0 inventer des objets qui nous permettent de gagner quelques minutes, voire quelques secondes. Mais ces objets que nous avons invent\u00e9s nous font-ils r\u00e9ellement gagner du temps? Nous rendent-ils vraiment la vie plus facile? Est-ce m\u00eame scie", "start_date": "2026-08-31T05:24:00+00:00", "title": "Plus vite !"}, {"desc": "Dan Wheldon, double champion de l'Indy 500, est d\u00e9c\u00e9d\u00e9 en octobre 2011 dans l'un des pires accidents de l'histoire de l'Indycar. Dix ans plus tard, les deux fils de Dan, Sebastian et Oliver, suivent les traces de leur p\u00e8re et tentent de surmonter la douleur de leur perte de la seule mani\u00e8re qu'ils connaissent : en prenant le volant pour faire de la course \u00e0 leur tour. Coup de projecteur sur leur h", "start_date": "2026-08-31T06:13:00+00:00", "title": "Coeurs de lions"}, {"desc": "R\u00e9cits anciens, t\u00e9moignages d'historiens et techniques scientifiques r\u00e9centes retracent le d\u00e9roulement de quelques-unes des plus grandes batailles qui ont marqu\u00e9 le cours de l'Histoire. Ces op\u00e9rations, impliquant parfois des civilisations puissantes, sont \u00e9voqu\u00e9es heure par heure.", "start_date": "2026-08-31T08:01:00+00:00", "title": "Batailles de l\u00e9gende"}, {"desc": "R\u00e9cits anciens, t\u00e9moignages d'historiens et techniques scientifiques r\u00e9centes retracent le d\u00e9roulement de quelques-unes des plus grandes batailles qui ont marqu\u00e9 le cours de l'Histoire. Ces op\u00e9rations, impliquant parfois des civilisations puissantes, sont \u00e9voqu\u00e9es heure par heure.", "start_date": "2026-08-31T08:47:00+00:00", "title": "Batailles de l\u00e9gende"}, {"desc": "Marque iconique des ann\u00e9es 1980 aux tenues rutilantes et sexy, la maison Mugler a \u00e9t\u00e9 fond\u00e9e en 1974 par le grand couturier et artiste visionnaire Thierry Mugler. Directeur artistique depuis 2017, l'Am\u00e9ricain Casey Cadwallader poursuit l'oeuvre de son fondateur en conservant le m\u00eame esprit.", "start_date": "2026-08-31T09:31:00+00:00", "title": "Inside the Dream - Dans les pas de Thierry Mugler"}, {"desc": "Laure Boulleau retourne en Arabie, pour la seconde fois, \u00e0 la rencontre de jeunes footballeuses. Cette fois-ci, elle invite Jean Imbert \u00e0 la rejoindre. Durant ce voyage, ils vivront des aventures sportives, exploreront de nouvelles saveurs et d\u00e9couvriront les cultures locales.", "start_date": "2026-08-31T10:37:00+00:00", "title": "Aventures d'Arabie"}, {"desc": "N\u00e9e sans jambes et abandonn\u00e9e par ses parents, Jen Bricker grandit au sein de sa famille adoptive. Elle idol\u00e2tre Dominique Moceanu, une c\u00e9l\u00e8bre gymnaste am\u00e9ricaine lui ressemblant beaucoup. M\u00e9daill\u00e9e d'or aux Jeux olympiques d'Atlanta en 1996, la championne est l'une des premi\u00e8res \u00e0 d\u00e9noncer les abus sexuels commis sur les gymnastes. A son tour, Jen devient une acrobate de renomm\u00e9e mondiale. Elle ", "start_date": "2026-08-31T11:33:00+00:00", "title": "\"Elle me ressemble\""}, {"desc": "De de Gaulle \u00e0 Fran\u00e7ois Hollande, les pr\u00e9sidents de la Ve R\u00e9publique ont tous men\u00e9 des guerres secr\u00e8tes et des op\u00e9rations cibl\u00e9es contre des ennemis de la France.", "start_date": "2026-08-31T13:07:00+00:00", "title": "Les tueurs de la R\u00e9publique"}, {"desc": "De de Gaulle \u00e0 Fran\u00e7ois Hollande, les pr\u00e9sidents de la Ve R\u00e9publique ont tous men\u00e9 des guerres secr\u00e8tes et des op\u00e9rations cibl\u00e9es contre des ennemis de la France.", "start_date": "2026-08-31T14:02:00+00:00", "title": "Les tueurs de la R\u00e9publique"}, {"desc": "May Pang, l'assistante personnelle de John Lennon et de Yoko Ono, \u00e9voque sa relation intime durant 18 mois avec l'ex-Beatle. La jeune femme, alors \u00e2g\u00e9e de 22 ans, vivait un premier amour inoubliable avec une l\u00e9gende la musique. Cette liaison d\u00e9cid\u00e9e par Yoko elle-m\u00eame aura permis au musicien de retisser des liens avec son fils Julian et contribu\u00e9 \u00e0 la sortie d'albums iconiques comme Mind Games ou ", "start_date": "2026-08-31T15:00:00+00:00", "title": "John Lennon : L'amour interdit"}, {"desc": "Tracy Raquel Berns a \u00e9t\u00e9 tenue pour responsable de la mort accidentelle de son petit fr\u00e8re survenue alors qu'elle n'avait que 2 ans et \u00e9tait rong\u00e9e par la culpabilit\u00e9 et les questions sans r\u00e9ponse. D\u00e9termin\u00e9e \u00e0 d\u00e9couvrir la v\u00e9rit\u00e9, son enqu\u00eate la conduit \u00e0 des r\u00e9v\u00e9lations choquantes et \u00e0 des liens avec d'autres d\u00e9c\u00e8s myst\u00e9rieux. Une enqu\u00eate circonstanci\u00e9e permet de d\u00e9signer les v\u00e9ritables coupable", "start_date": "2026-08-31T16:39:00+00:00", "title": "Coupable \u00e0 2 ans ?"}, {"desc": "Tracy Raquel Berns a \u00e9t\u00e9 tenue pour responsable de la mort accidentelle de son petit fr\u00e8re survenue alors qu'elle n'avait que 2 ans et \u00e9tait rong\u00e9e par la culpabilit\u00e9 et les questions sans r\u00e9ponse. D\u00e9termin\u00e9e \u00e0 d\u00e9couvrir la v\u00e9rit\u00e9, son enqu\u00eate la conduit \u00e0 des r\u00e9v\u00e9lations choquantes et \u00e0 des liens avec d'autres d\u00e9c\u00e8s myst\u00e9rieux. Une enqu\u00eate circonstanci\u00e9e permet de d\u00e9signer les v\u00e9ritables coupable", "start_date": "2026-08-31T17:25:00+00:00", "title": "Coupable \u00e0 2 ans ?"}, {"desc": "Tracy Raquel Berns a \u00e9t\u00e9 tenue pour responsable de la mort accidentelle de son petit fr\u00e8re survenue alors qu'elle n'avait que 2 ans et \u00e9tait rong\u00e9e par la culpabilit\u00e9 et les questions sans r\u00e9ponse. D\u00e9termin\u00e9e \u00e0 d\u00e9couvrir la v\u00e9rit\u00e9, son enqu\u00eate la conduit \u00e0 des r\u00e9v\u00e9lations choquantes et \u00e0 des liens avec d'autres d\u00e9c\u00e8s myst\u00e9rieux. Une enqu\u00eate circonstanci\u00e9e permet de d\u00e9signer les v\u00e9ritables coupable", "start_date": "2026-08-31T18:12:00+00:00", "title": "Coupable \u00e0 2 ans ?"}, {"desc": "Si G\u00e9raldine Nakache a pu percer dans le cin\u00e9ma et faire des films, c'est notamment gr\u00e2ce au combat de f\u00e9ministes comme Gis\u00e8le Halimi, grande avocate, qui ont lutt\u00e9 pour les droits des femmes. Pour construire une carri\u00e8re \u00e0 la hauteur de leurs ambitions, les deux femmes ont d\u00fb beaucoup travailler. Une rencontre des proches de l'avocate et des images d'archives permettent \u00e0 G\u00e9raldine de retracer so", "start_date": "2026-08-31T19:00:00+00:00", "title": "Elle parle d'Elle"}, {"desc": "L'actrice Diane Kruger \u00e9voque l'ic\u00f4ne du cin\u00e9ma Romy Schneider. De leurs origines allemandes \u00e0 leur carri\u00e8re de com\u00e9dienne, en passant par l'amour de la France, les deux femmes ont de nombreux points communs. Les films tourn\u00e9s \u00e0 Paris de Romy Schneider lui donnent envie de se lancer dans le cin\u00e9ma.", "start_date": "2026-08-31T19:52:00+00:00", "title": "Elle parle d'Elle"}, {"desc": "Mossi Traor\u00e9 est un cr\u00e9ateur au destin hors du commun. Issu d'une cit\u00e9 sensible, il a r\u00e9ussi \u00e0 se hisser jusqu'aux podiums de la Fashion Week parisienne. Sa d\u00e9termination, son talent et son art de la  d\u00e9brouille  en font un artiste unique qui bouillonne d'id\u00e9es. Ce passionn\u00e9 d'art ne s'interdit aucun projet, le dernier en date : faire porter l'une de ses robes haute couture \u00e0 la star plan\u00e9taire de", "start_date": "2026-08-31T20:48:00+00:00", "title": "En mode Mossi"}, {"desc": "Des jeunes, \u00e2g\u00e9s de 18 \u00e0 22 ans, dont certain.e.s seront les publicitaires de demain, \u00e9changent avec Jacques S\u00e9gu\u00e9la, figure embl\u00e9matique de la publicit\u00e9 fran\u00e7aise et s'expriment sur leur vision de ce secteur aujourd'hui. Quel regard porte cette g\u00e9n\u00e9ration sur les grandes campagnes et les spots marquants con\u00e7us par Jacques S\u00e9gu\u00e9la ces cinquante derni\u00e8res ann\u00e9es ?", "start_date": "2026-08-31T22:04:00+00:00", "title": "S\u00e9gu\u00e9la, une page de pub"}, {"desc": "L'affaire Samuel Paty a boulevers\u00e9 la France en 2020. Ce professeur fut victime d'un attentat apr\u00e8s avoir montr\u00e9 des caricatures controvers\u00e9es en classe. Une campagne diffamatoire en ligne, aliment\u00e9e par les mensonges d'une \u00e9l\u00e8ve, a pr\u00e9cipit\u00e9 sa fin tragique. Le film suit l'enqu\u00eate de sa soeur Micka\u00eblle, d\u00e9termin\u00e9e \u00e0 faire la lumi\u00e8re sur ce drame et \u00e0 d\u00e9fendre la la\u00efcit\u00e9 dans l'enseignement.", "start_date": "2026-08-31T22:57:00+00:00", "title": "Au nom de mon fr\u00e8re : les derniers jours de Samuel Paty"}], "offset": "+00:00", "timezone": "UTC", "error_code": -1, "start_date": "2026-08-30", "icon": ""}