{"end_date": "2026-08-28", "name": "CANAL+SPORT360", "info_url": "https://epg.pw/channels/557555/20260827.html", "country": "France", "description": null, "error_message": "", "provider": "", "source_url": "https://epg.pw/api/epg.json?channel_id=557555&date=20260827&timezone=None", "epg_list": [{"desc": "L'\u00e9tape de Pau de l'In Extenso Supersevens se d\u00e9roule les 28 et 29 ao\u00fbt 2026 au Stade du Hameau. La phase de poules se d\u00e9roule lors de la premi\u00e8re journ\u00e9e.", "start_date": "2026-08-28T18:38:00+00:00", "title": "In Extenso Supersevens"}, {"desc": "Le Ueno Rally del Paraguay 2026 se d\u00e9roule du 27 au 30 ao\u00fbt. Il s'agit de la 11e manche du championnat du monde des rallyes (WRC) de la saison. La premi\u00e8re journ\u00e9e de course propose un \u00e9norme bloc d'endurance de 153 kilom\u00e8tres chronom\u00e9tr\u00e9s, comprenant la sp\u00e9ciale la plus longue de la saison (Yerbateras, 33,88 km). La 6e sp\u00e9ciale (Nueva Alborada 2) est longue de 15,66 km.", "start_date": "2026-08-28T21:03:00+00:00", "title": "6e sp\u00e9ciale"}, {"desc": "Les plus grands pilotes du monde s'affrontent aux quatre coins du globe dans des paysages \u00e0 couper le souffle tout au long du Championnat du monde des Rallyes, retransmis en int\u00e9gralit\u00e9 ; soit quatorze \u00e9preuves avec un \u00e9pilogue en Arabie Saoudite en novembre 2026 \u00e0 suivre en compagnie de la Team WRC 2026 de CANAL+, Yoann Bonato, St\u00e9phane Genti, Julien Ingrassia, Pierre-Louis Loubet et Arnaud Rakot", "start_date": "2026-08-28T21:54:00+00:00", "title": "7e sp\u00e9ciale"}, {"desc": "Les plus grands pilotes du monde s'affrontent aux quatre coins du globe dans des paysages \u00e0 couper le souffle tout au long du Championnat du monde des Rallyes, retransmis en int\u00e9gralit\u00e9 ; soit quatorze \u00e9preuves avec un \u00e9pilogue en Arabie Saoudite en novembre 2026 \u00e0 suivre en compagnie de la Team WRC 2026 de CANAL+, Yoann Bonato, St\u00e9phane Genti, Julien Ingrassia, Pierre-Louis Loubet et Arnaud Rakot", "start_date": "2026-08-28T22:41:00+00:00", "title": "8e sp\u00e9ciale"}, {"desc": "D\u00e9couvrez le premier championnat professionnel de rugby \u00e0 7 en France. Cr\u00e9\u00e9e par la Ligue Nationale de Rugby en 2019, cette comp\u00e9tition originale met aux prises 14 \u00e9quipes issues de clubs engag\u00e9s en Top 14, une \u00e9quipe mon\u00e9gasque, et une \u00e9quipe invit\u00e9e. Elle est pr\u00e9vue pour se disputer en ouverture de la saison de Top 14 sur trois week-ends, et dans un format de matchs \u00e0 \u00e9limination directe.", "start_date": "2026-08-28T23:28:00+00:00", "title": "In Extenso Supersevens"}, {"desc": "D\u00e9couvrez le premier championnat professionnel de rugby \u00e0 7 en France. Cr\u00e9\u00e9e par la Ligue Nationale de Rugby en 2019, cette comp\u00e9tition originale met aux prises 14 \u00e9quipes issues de clubs engag\u00e9s en Top 14, une \u00e9quipe mon\u00e9gasque, et une \u00e9quipe invit\u00e9e. Elle est pr\u00e9vue pour se disputer en ouverture de la saison de Top 14 sur trois week-ends, et dans un format de matchs \u00e0 \u00e9limination directe.", "start_date": "2026-08-28T23:34:00+00:00", "title": "In Extenso Supersevens"}], "offset": "+00:00", "timezone": "UTC", "error_code": -1, "start_date": "2026-08-28", "icon": ""}