{"end_date": "2026-08-29", "name": "CANAL+SPORT360", "info_url": "https://epg.pw/channels/557555/20260828.html", "country": "France", "description": null, "error_message": "", "provider": "", "source_url": "https://epg.pw/api/epg.json?channel_id=557555&date=20260828&timezone=None", "epg_list": [{"desc": "L'\u00e9tape de Pau de l'In Extenso Supersevens se d\u00e9roule les 28 et 29 ao\u00fbt 2026 au Stade du Hameau. La phase de poules se d\u00e9roule lors de la premi\u00e8re journ\u00e9e.", "start_date": "2026-08-28T18:38:00+00:00", "title": "In Extenso Supersevens"}, {"desc": "Le Ueno Rally del Paraguay 2026 se d\u00e9roule du 27 au 30 ao\u00fbt. Il s'agit de la 11e manche du championnat du monde des rallyes (WRC) de la saison. La premi\u00e8re journ\u00e9e de course propose un \u00e9norme bloc d'endurance de 153 kilom\u00e8tres chronom\u00e9tr\u00e9s, comprenant la sp\u00e9ciale la plus longue de la saison (Yerbateras, 33,88 km). La 6e sp\u00e9ciale (Nueva Alborada 2) est longue de 15,66 km.", "start_date": "2026-08-28T21:03:00+00:00", "title": "6e sp\u00e9ciale"}, {"desc": "Les plus grands pilotes du monde s'affrontent aux quatre coins du globe dans des paysages \u00e0 couper le souffle tout au long du Championnat du monde des Rallyes, retransmis en int\u00e9gralit\u00e9 ; soit quatorze \u00e9preuves avec un \u00e9pilogue en Arabie Saoudite en novembre 2026 \u00e0 suivre en compagnie de la Team WRC 2026 de CANAL+, Yoann Bonato, St\u00e9phane Genti, Julien Ingrassia, Pierre-Louis Loubet et Arnaud Rakot", "start_date": "2026-08-28T21:54:00+00:00", "title": "7e sp\u00e9ciale"}, {"desc": "Les plus grands pilotes du monde s'affrontent aux quatre coins du globe dans des paysages \u00e0 couper le souffle tout au long du Championnat du monde des Rallyes, retransmis en int\u00e9gralit\u00e9 ; soit quatorze \u00e9preuves avec un \u00e9pilogue en Arabie Saoudite en novembre 2026 \u00e0 suivre en compagnie de la Team WRC 2026 de CANAL+, Yoann Bonato, St\u00e9phane Genti, Julien Ingrassia, Pierre-Louis Loubet et Arnaud Rakot", "start_date": "2026-08-28T22:41:00+00:00", "title": "8e sp\u00e9ciale"}, {"desc": "D\u00e9couvrez le premier championnat professionnel de rugby \u00e0 7 en France. Cr\u00e9\u00e9e par la Ligue Nationale de Rugby en 2019, cette comp\u00e9tition originale met aux prises 14 \u00e9quipes issues de clubs engag\u00e9s en Top 14, une \u00e9quipe mon\u00e9gasque, et une \u00e9quipe invit\u00e9e. Elle est pr\u00e9vue pour se disputer en ouverture de la saison de Top 14 sur trois week-ends, et dans un format de matchs \u00e0 \u00e9limination directe.", "start_date": "2026-08-28T23:28:00+00:00", "title": "In Extenso Supersevens"}, {"desc": "D\u00e9couvrez le premier championnat professionnel de rugby \u00e0 7 en France. Cr\u00e9\u00e9e par la Ligue Nationale de Rugby en 2019, cette comp\u00e9tition originale met aux prises 14 \u00e9quipes issues de clubs engag\u00e9s en Top 14, une \u00e9quipe mon\u00e9gasque, et une \u00e9quipe invit\u00e9e. Elle est pr\u00e9vue pour se disputer en ouverture de la saison de Top 14 sur trois week-ends, et dans un format de matchs \u00e0 \u00e9limination directe.", "start_date": "2026-08-28T23:34:00+00:00", "title": "In Extenso Supersevens"}, {"desc": "Fermeture de l'antenne \u00e0 la fin des diffusions de la journ\u00e9e.", "start_date": "2026-08-29T02:11:00+00:00", "title": "Fin des programmes"}, {"desc": "Tour du monde en bref et en images des derni\u00e8res actualit\u00e9s importantes tous sports confondus dans le JT d'Infosport+.", "start_date": "2026-08-29T05:00:00+00:00", "title": "Le JT"}, {"desc": "D\u00e9couvrez de surprenantes anecdotes et de belles histoires li\u00e9es au monde du WRC dans ce magazine.", "start_date": "2026-08-29T05:30:00+00:00", "title": "Fractionn\u00e9 WRC"}, {"desc": "Inscrit pour la premi\u00e8re fois au calendrier du championnat du monde, ce Rallye du Paraguay, organis\u00e9 du 28 au 31 ao\u00fbt, emprunte des routes en terre situ\u00e9es \u00e0 l'extr\u00eame sud du pays.", "start_date": "2026-08-29T05:41:00+00:00", "title": "8e sp\u00e9ciale"}, {"desc": "Pour les passionn\u00e9s de grosses cyclindr\u00e9es, ce magazine propose des anecdotes et des histoires insolites, ainsi que des informations li\u00e9es \u00e0 l'univers de la MotoGP.", "start_date": "2026-08-29T06:29:00+00:00", "title": "Fractionn\u00e9 Moto"}, {"desc": "Diffusion du Grand Prix d'Aragon, une course disput\u00e9e dans le cadre du championnat du monde de moto 3. Le circuit du Motorland accueille chaque ann\u00e9e les coureurs sur les 5,344 km de piste, qui s'y d\u00e9placent avec pour objectif la victoire et le maximum de points en vue du titre supr\u00eame.", "start_date": "2026-08-29T06:35:00+00:00", "title": "Essais libres 2 des Moto 3"}, {"desc": "Diffusion du Grand Prix d'Aragon, une course disput\u00e9e dans le cadre du championnat du monde de moto 2. Le circuit du Motorland accueille chaque ann\u00e9e les coureurs sur les 5,344 km de piste, qui s'y d\u00e9placent avec pour objectif la victoire et le maximum de points en vue du titre supr\u00eame.", "start_date": "2026-08-29T07:20:00+00:00", "title": "Essais libres 2 des Moto 2"}, {"desc": "Diffusion du Grand Prix d'Aragon, une course disput\u00e9e dans le cadre du championnat du monde de Moto GP. Elle a \u00e9t\u00e9 ajout\u00e9e au calendrier en 2010, notamment du fait de la lenteur d'un circuit hongrois qui a permis au circuit espagnol de passer de circuit de remplacement \u00e0 titulaire et d'accueillir chaque ann\u00e9e les coureurs sur les 5,344 km du circuit du Motorland d'Aragon, avec comme objectif la vi", "start_date": "2026-08-29T08:00:00+00:00", "title": "Essais libres 2 des Moto GP"}, {"desc": "Diffusion du Grand Prix d'Aragon, une course disput\u00e9e dans le cadre du championnat du monde de Moto GP. Elle a \u00e9t\u00e9 ajout\u00e9e au calendrier en 2010, notamment du fait de la lenteur d'un circuit hongrois qui a permis au circuit espagnol de passer de circuit de remplacement \u00e0 titulaire et d'accueillir chaque ann\u00e9e les coureurs sur les 5,344 km du circuit du Motorland d'Aragon, avec comme objectif la vi", "start_date": "2026-08-29T08:45:00+00:00", "title": "Essais qualificatifs des Moto GP"}, {"desc": "Inscrit pour la premi\u00e8re fois au calendrier du championnat du monde, ce Rallye du Paraguay, organis\u00e9 du 28 au 31 ao\u00fbt, emprunte des routes en terre situ\u00e9es \u00e0 l'extr\u00eame sud du pays.", "start_date": "2026-08-29T09:46:00+00:00", "title": "8e sp\u00e9ciale"}, {"desc": "Pour les passionn\u00e9s de grosses cyclindr\u00e9es, ce magazine propose des anecdotes et des histoires insolites, ainsi que des informations li\u00e9es \u00e0 l'univers de la MotoGP.", "start_date": "2026-08-29T10:34:00+00:00", "title": "Fractionn\u00e9 Moto"}, {"desc": "Diffusion du Grand Prix d'Aragon, une course disput\u00e9e dans le cadre du championnat du monde de moto 3. Le circuit du Motorland accueille chaque ann\u00e9e les coureurs sur les 5,344 km de piste, qui s'y d\u00e9placent avec pour objectif la victoire et le maximum de points en vue du titre supr\u00eame.", "start_date": "2026-08-29T10:40:00+00:00", "title": "Essais qualificatifs des Moto 3"}, {"desc": "Diffusion du Grand Prix d'Aragon, une course disput\u00e9e dans le cadre du championnat du monde de moto 2. Le circuit du Motorland accueille chaque ann\u00e9e les coureurs sur les 5,344 km de piste, qui s'y d\u00e9placent avec pour objectif la victoire et le maximum de points en vue du titre supr\u00eame.", "start_date": "2026-08-29T11:35:00+00:00", "title": "Essais qualificatifs des Moto 2"}, {"desc": "Les journalistes et consultants experts de la cha\u00eene proposent des interviews et des reportages, ainsi que la remont\u00e9e de grille juste avant le coup d'envoi du Grand Prix du jour.", "start_date": "2026-08-29T12:26:00+00:00", "title": "La grille Moto"}, {"desc": "Diffusion du Grand Prix d'Aragon, une course disput\u00e9e dans le cadre du championnat du monde de Moto GP. Elle a \u00e9t\u00e9 ajout\u00e9e au calendrier en 2010, notamment du fait de la lenteur d'un circuit hongrois qui a permis au circuit espagnol de passer de circuit de remplacement \u00e0 titulaire et d'accueillir chaque ann\u00e9e les coureurs sur les 5,344 km du circuit du Motorland d'Aragon, avec comme objectif la vi", "start_date": "2026-08-29T12:55:00+00:00", "title": "La course sprint des Moto GP"}, {"desc": "Les journalistes et experts de la cha\u00eene analysent et d\u00e9cryptent le dernier Grand Prix, avec un retour en images et en statistiques sur les moments d\u00e9terminants de la course, et bien s\u00fbr les premi\u00e8res impressions des pilotes victorieux.", "start_date": "2026-08-29T13:26:00+00:00", "title": "D\u00e9brief Moto"}, {"desc": "D\u00e9couvrez le premier championnat professionnel de rugby \u00e0 7 en France. Cr\u00e9\u00e9e par la Ligue Nationale de Rugby en 2019, cette comp\u00e9tition originale met aux prises 14 \u00e9quipes issues de clubs engag\u00e9s en Top 14, une \u00e9quipe mon\u00e9gasque, et une \u00e9quipe invit\u00e9e. Elle est pr\u00e9vue pour se disputer en ouverture de la saison de Top 14 sur trois week-ends, et dans un format de matchs \u00e0 \u00e9limination directe.", "start_date": "2026-08-29T13:56:00+00:00", "title": "In Extenso Supersevens"}, {"desc": "D\u00e9couvrez le premier championnat professionnel de rugby \u00e0 7 en France. Cr\u00e9\u00e9e par la Ligue Nationale de Rugby en 2019, cette comp\u00e9tition originale met aux prises 14 \u00e9quipes issues de clubs engag\u00e9s en Top 14, une \u00e9quipe mon\u00e9gasque, et une \u00e9quipe invit\u00e9e. Elle est pr\u00e9vue pour se disputer en ouverture de la saison de Top 14 sur trois week-ends, et dans un format de matchs \u00e0 \u00e9limination directe.", "start_date": "2026-08-29T15:01:00+00:00", "title": "In Extenso Supersevens"}, {"desc": "D\u00e9couvrez le premier championnat professionnel de rugby \u00e0 7 en France. Cr\u00e9\u00e9e par la Ligue Nationale de Rugby en 2019, cette comp\u00e9tition originale met aux prises 14 \u00e9quipes issues de clubs engag\u00e9s en Top 14, une \u00e9quipe mon\u00e9gasque, et une \u00e9quipe invit\u00e9e. Elle est pr\u00e9vue pour se disputer en ouverture de la saison de Top 14 sur trois week-ends, et dans un format de matchs \u00e0 \u00e9limination directe.", "start_date": "2026-08-29T16:58:00+00:00", "title": "In Extenso Supersevens"}, {"desc": "D\u00e9couvrez le premier championnat professionnel de rugby \u00e0 7 en France. Cr\u00e9\u00e9e par la Ligue Nationale de Rugby en 2019, cette comp\u00e9tition originale met aux prises 14 \u00e9quipes issues de clubs engag\u00e9s en Top 14, une \u00e9quipe mon\u00e9gasque, et une \u00e9quipe invit\u00e9e. Elle est pr\u00e9vue pour se disputer en ouverture de la saison de Top 14 sur trois week-ends, et dans un format de matchs \u00e0 \u00e9limination directe.", "start_date": "2026-08-29T17:57:00+00:00", "title": "In Extenso Supersevens"}, {"desc": "Pour la deuxi\u00e8me ann\u00e9e cons\u00e9cutive, le championnat du monde des rallyes fait \u00e9tape au Paraguay pour la 11e manche de la saison. Un rallye remport\u00e9 par S\u00e9bastien Ogier l'ann\u00e9e derni\u00e8re, devant Elfyn Evans et Thierry Neuville. Cette ann\u00e9e, Evans domine le championnat, loin devant Sami Pajari et Takamoto Katsuta.", "start_date": "2026-08-29T19:00:00+00:00", "title": "15e sp\u00e9ciale"}, {"desc": "Inscrit pour la premi\u00e8re fois au calendrier du championnat du monde, ce Rallye du Paraguay, organis\u00e9 du 28 au 31 ao\u00fbt, emprunte des routes en terre situ\u00e9es \u00e0 l'extr\u00eame sud du pays.", "start_date": "2026-08-29T20:00:00+00:00", "title": "16e sp\u00e9ciale"}, {"desc": "D\u00e9couvrez de surprenantes anecdotes et de belles histoires li\u00e9es au monde du WRC dans ce magazine.", "start_date": "2026-08-29T20:52:00+00:00", "title": "Fractionn\u00e9 WRC"}, {"desc": "Inscrit pour la premi\u00e8re fois au calendrier du championnat du monde, ce Rallye du Paraguay, organis\u00e9 du 28 au 31 ao\u00fbt, emprunte des routes en terre situ\u00e9es \u00e0 l'extr\u00eame sud du pays.", "start_date": "2026-08-29T21:04:00+00:00", "title": "17e sp\u00e9ciale"}, {"desc": "Faisant partie du calendrier ERC depuis 2004, le Barum Czech Rally Zlin est bas\u00e9 dans la ville universitaire de Moravie du Sud, \u00e0 300 kilom\u00e8tres au sud de la capitale tch\u00e8que, Prague. Revivez la victoire, d'Adam Brezik, le 16 ao\u00fbt dernier, qui s'est impos\u00e9 au terme d'une \u00e9preuve tr\u00e8s disput\u00e9e, au volant de sa Skoda Fabia RS Rally2.", "start_date": "2026-08-29T21:47:00+00:00", "title": "Les temps forts"}, {"desc": "Tour du monde en bref et en images des derni\u00e8res actualit\u00e9s importantes tous sports confondus dans le JT d'Infosport+.", "start_date": "2026-08-29T22:15:00+00:00", "title": "Le JT"}, {"desc": "Diffusion du Grand Prix d'Aragon, une course disput\u00e9e dans le cadre du championnat du monde de Moto GP. Elle a \u00e9t\u00e9 ajout\u00e9e au calendrier en 2010, notamment du fait de la lenteur d'un circuit hongrois qui a permis au circuit espagnol de passer de circuit de remplacement \u00e0 titulaire et d'accueillir chaque ann\u00e9e les coureurs sur les 5,344 km du circuit du Motorland d'Aragon, avec comme objectif la vi", "start_date": "2026-08-29T23:00:00+00:00", "title": "La course sprint des Moto GP"}, {"desc": "Les journalistes et experts de la cha\u00eene analysent et d\u00e9cryptent le dernier Grand Prix, avec un retour en images et en statistiques sur les moments d\u00e9terminants de la course, et bien s\u00fbr les premi\u00e8res impressions des pilotes victorieux.", "start_date": "2026-08-29T23:31:00+00:00", "title": "D\u00e9brief Moto"}], "offset": "+00:00", "timezone": "UTC", "error_code": -1, "start_date": "2026-08-28", "icon": ""}