{"end_date": "2026-08-30", "name": "CANAL+SPORT360", "info_url": "https://epg.pw/channels/557555/20260829.html", "country": "France", "description": null, "error_message": "", "provider": "", "source_url": "https://epg.pw/api/epg.json?channel_id=557555&date=20260829&timezone=None", "epg_list": [{"desc": "Fermeture de l'antenne \u00e0 la fin des diffusions de la journ\u00e9e.", "start_date": "2026-08-29T02:11:00+00:00", "title": "Fin des programmes"}, {"desc": "Tour du monde en bref et en images des derni\u00e8res actualit\u00e9s importantes tous sports confondus dans le JT d'Infosport+.", "start_date": "2026-08-29T05:00:00+00:00", "title": "Le JT"}, {"desc": "D\u00e9couvrez de surprenantes anecdotes et de belles histoires li\u00e9es au monde du WRC dans ce magazine.", "start_date": "2026-08-29T05:30:00+00:00", "title": "Fractionn\u00e9 WRC"}, {"desc": "Inscrit pour la premi\u00e8re fois au calendrier du championnat du monde, ce Rallye du Paraguay, organis\u00e9 du 28 au 31 ao\u00fbt, emprunte des routes en terre situ\u00e9es \u00e0 l'extr\u00eame sud du pays.", "start_date": "2026-08-29T05:41:00+00:00", "title": "8e sp\u00e9ciale"}, {"desc": "Pour les passionn\u00e9s de grosses cyclindr\u00e9es, ce magazine propose des anecdotes et des histoires insolites, ainsi que des informations li\u00e9es \u00e0 l'univers de la MotoGP.", "start_date": "2026-08-29T06:29:00+00:00", "title": "Fractionn\u00e9 Moto"}, {"desc": "Diffusion du Grand Prix d'Aragon, une course disput\u00e9e dans le cadre du championnat du monde de moto 3. Le circuit du Motorland accueille chaque ann\u00e9e les coureurs sur les 5,344 km de piste, qui s'y d\u00e9placent avec pour objectif la victoire et le maximum de points en vue du titre supr\u00eame.", "start_date": "2026-08-29T06:35:00+00:00", "title": "Essais libres 2 des Moto 3"}, {"desc": "Diffusion du Grand Prix d'Aragon, une course disput\u00e9e dans le cadre du championnat du monde de moto 2. Le circuit du Motorland accueille chaque ann\u00e9e les coureurs sur les 5,344 km de piste, qui s'y d\u00e9placent avec pour objectif la victoire et le maximum de points en vue du titre supr\u00eame.", "start_date": "2026-08-29T07:20:00+00:00", "title": "Essais libres 2 des Moto 2"}, {"desc": "Diffusion du Grand Prix d'Aragon, une course disput\u00e9e dans le cadre du championnat du monde de Moto GP. Elle a \u00e9t\u00e9 ajout\u00e9e au calendrier en 2010, notamment du fait de la lenteur d'un circuit hongrois qui a permis au circuit espagnol de passer de circuit de remplacement \u00e0 titulaire et d'accueillir chaque ann\u00e9e les coureurs sur les 5,344 km du circuit du Motorland d'Aragon, avec comme objectif la vi", "start_date": "2026-08-29T08:00:00+00:00", "title": "Essais libres 2 des Moto GP"}, {"desc": "Diffusion du Grand Prix d'Aragon, une course disput\u00e9e dans le cadre du championnat du monde de Moto GP. Elle a \u00e9t\u00e9 ajout\u00e9e au calendrier en 2010, notamment du fait de la lenteur d'un circuit hongrois qui a permis au circuit espagnol de passer de circuit de remplacement \u00e0 titulaire et d'accueillir chaque ann\u00e9e les coureurs sur les 5,344 km du circuit du Motorland d'Aragon, avec comme objectif la vi", "start_date": "2026-08-29T08:45:00+00:00", "title": "Essais qualificatifs des Moto GP"}, {"desc": "Inscrit pour la premi\u00e8re fois au calendrier du championnat du monde, ce Rallye du Paraguay, organis\u00e9 du 28 au 31 ao\u00fbt, emprunte des routes en terre situ\u00e9es \u00e0 l'extr\u00eame sud du pays.", "start_date": "2026-08-29T09:46:00+00:00", "title": "8e sp\u00e9ciale"}, {"desc": "Pour les passionn\u00e9s de grosses cyclindr\u00e9es, ce magazine propose des anecdotes et des histoires insolites, ainsi que des informations li\u00e9es \u00e0 l'univers de la MotoGP.", "start_date": "2026-08-29T10:34:00+00:00", "title": "Fractionn\u00e9 Moto"}, {"desc": "Diffusion du Grand Prix d'Aragon, une course disput\u00e9e dans le cadre du championnat du monde de moto 3. Le circuit du Motorland accueille chaque ann\u00e9e les coureurs sur les 5,344 km de piste, qui s'y d\u00e9placent avec pour objectif la victoire et le maximum de points en vue du titre supr\u00eame.", "start_date": "2026-08-29T10:40:00+00:00", "title": "Essais qualificatifs des Moto 3"}, {"desc": "Diffusion du Grand Prix d'Aragon, une course disput\u00e9e dans le cadre du championnat du monde de moto 2. Le circuit du Motorland accueille chaque ann\u00e9e les coureurs sur les 5,344 km de piste, qui s'y d\u00e9placent avec pour objectif la victoire et le maximum de points en vue du titre supr\u00eame.", "start_date": "2026-08-29T11:35:00+00:00", "title": "Essais qualificatifs des Moto 2"}, {"desc": "Les journalistes et consultants experts de la cha\u00eene proposent des interviews et des reportages, ainsi que la remont\u00e9e de grille juste avant le coup d'envoi du Grand Prix du jour.", "start_date": "2026-08-29T12:26:00+00:00", "title": "La grille Moto"}, {"desc": "Diffusion du Grand Prix d'Aragon, une course disput\u00e9e dans le cadre du championnat du monde de Moto GP. Elle a \u00e9t\u00e9 ajout\u00e9e au calendrier en 2010, notamment du fait de la lenteur d'un circuit hongrois qui a permis au circuit espagnol de passer de circuit de remplacement \u00e0 titulaire et d'accueillir chaque ann\u00e9e les coureurs sur les 5,344 km du circuit du Motorland d'Aragon, avec comme objectif la vi", "start_date": "2026-08-29T12:55:00+00:00", "title": "La course sprint des Moto GP"}, {"desc": "Les journalistes et experts de la cha\u00eene analysent et d\u00e9cryptent le dernier Grand Prix, avec un retour en images et en statistiques sur les moments d\u00e9terminants de la course, et bien s\u00fbr les premi\u00e8res impressions des pilotes victorieux.", "start_date": "2026-08-29T13:26:00+00:00", "title": "D\u00e9brief Moto"}, {"desc": "D\u00e9couvrez le premier championnat professionnel de rugby \u00e0 7 en France. Cr\u00e9\u00e9e par la Ligue Nationale de Rugby en 2019, cette comp\u00e9tition originale met aux prises 14 \u00e9quipes issues de clubs engag\u00e9s en Top 14, une \u00e9quipe mon\u00e9gasque, et une \u00e9quipe invit\u00e9e. Elle est pr\u00e9vue pour se disputer en ouverture de la saison de Top 14 sur trois week-ends, et dans un format de matchs \u00e0 \u00e9limination directe.", "start_date": "2026-08-29T13:56:00+00:00", "title": "In Extenso Supersevens"}, {"desc": "D\u00e9couvrez le premier championnat professionnel de rugby \u00e0 7 en France. Cr\u00e9\u00e9e par la Ligue Nationale de Rugby en 2019, cette comp\u00e9tition originale met aux prises 14 \u00e9quipes issues de clubs engag\u00e9s en Top 14, une \u00e9quipe mon\u00e9gasque, et une \u00e9quipe invit\u00e9e. Elle est pr\u00e9vue pour se disputer en ouverture de la saison de Top 14 sur trois week-ends, et dans un format de matchs \u00e0 \u00e9limination directe.", "start_date": "2026-08-29T15:01:00+00:00", "title": "In Extenso Supersevens"}, {"desc": "D\u00e9couvrez le premier championnat professionnel de rugby \u00e0 7 en France. Cr\u00e9\u00e9e par la Ligue Nationale de Rugby en 2019, cette comp\u00e9tition originale met aux prises 14 \u00e9quipes issues de clubs engag\u00e9s en Top 14, une \u00e9quipe mon\u00e9gasque, et une \u00e9quipe invit\u00e9e. Elle est pr\u00e9vue pour se disputer en ouverture de la saison de Top 14 sur trois week-ends, et dans un format de matchs \u00e0 \u00e9limination directe.", "start_date": "2026-08-29T16:58:00+00:00", "title": "In Extenso Supersevens"}, {"desc": "D\u00e9couvrez le premier championnat professionnel de rugby \u00e0 7 en France. Cr\u00e9\u00e9e par la Ligue Nationale de Rugby en 2019, cette comp\u00e9tition originale met aux prises 14 \u00e9quipes issues de clubs engag\u00e9s en Top 14, une \u00e9quipe mon\u00e9gasque, et une \u00e9quipe invit\u00e9e. Elle est pr\u00e9vue pour se disputer en ouverture de la saison de Top 14 sur trois week-ends, et dans un format de matchs \u00e0 \u00e9limination directe.", "start_date": "2026-08-29T17:57:00+00:00", "title": "In Extenso Supersevens"}, {"desc": "Pour la deuxi\u00e8me ann\u00e9e cons\u00e9cutive, le championnat du monde des rallyes fait \u00e9tape au Paraguay pour la 11e manche de la saison. Un rallye remport\u00e9 par S\u00e9bastien Ogier l'ann\u00e9e derni\u00e8re, devant Elfyn Evans et Thierry Neuville. Cette ann\u00e9e, Evans domine le championnat, loin devant Sami Pajari et Takamoto Katsuta.", "start_date": "2026-08-29T19:00:00+00:00", "title": "15e sp\u00e9ciale"}, {"desc": "Inscrit pour la premi\u00e8re fois au calendrier du championnat du monde, ce Rallye du Paraguay, organis\u00e9 du 28 au 31 ao\u00fbt, emprunte des routes en terre situ\u00e9es \u00e0 l'extr\u00eame sud du pays.", "start_date": "2026-08-29T20:00:00+00:00", "title": "16e sp\u00e9ciale"}, {"desc": "D\u00e9couvrez de surprenantes anecdotes et de belles histoires li\u00e9es au monde du WRC dans ce magazine.", "start_date": "2026-08-29T20:52:00+00:00", "title": "Fractionn\u00e9 WRC"}, {"desc": "Inscrit pour la premi\u00e8re fois au calendrier du championnat du monde, ce Rallye du Paraguay, organis\u00e9 du 28 au 31 ao\u00fbt, emprunte des routes en terre situ\u00e9es \u00e0 l'extr\u00eame sud du pays.", "start_date": "2026-08-29T21:04:00+00:00", "title": "17e sp\u00e9ciale"}, {"desc": "Faisant partie du calendrier ERC depuis 2004, le Barum Czech Rally Zlin est bas\u00e9 dans la ville universitaire de Moravie du Sud, \u00e0 300 kilom\u00e8tres au sud de la capitale tch\u00e8que, Prague. Revivez la victoire, d'Adam Brezik, le 16 ao\u00fbt dernier, qui s'est impos\u00e9 au terme d'une \u00e9preuve tr\u00e8s disput\u00e9e, au volant de sa Skoda Fabia RS Rally2.", "start_date": "2026-08-29T21:47:00+00:00", "title": "Les temps forts"}, {"desc": "Tour du monde en bref et en images des derni\u00e8res actualit\u00e9s importantes tous sports confondus dans le JT d'Infosport+.", "start_date": "2026-08-29T22:15:00+00:00", "title": "Le JT"}, {"desc": "Diffusion du Grand Prix d'Aragon, une course disput\u00e9e dans le cadre du championnat du monde de Moto GP. Elle a \u00e9t\u00e9 ajout\u00e9e au calendrier en 2010, notamment du fait de la lenteur d'un circuit hongrois qui a permis au circuit espagnol de passer de circuit de remplacement \u00e0 titulaire et d'accueillir chaque ann\u00e9e les coureurs sur les 5,344 km du circuit du Motorland d'Aragon, avec comme objectif la vi", "start_date": "2026-08-29T23:00:00+00:00", "title": "La course sprint des Moto GP"}, {"desc": "Les journalistes et experts de la cha\u00eene analysent et d\u00e9cryptent le dernier Grand Prix, avec un retour en images et en statistiques sur les moments d\u00e9terminants de la course, et bien s\u00fbr les premi\u00e8res impressions des pilotes victorieux.", "start_date": "2026-08-29T23:31:00+00:00", "title": "D\u00e9brief Moto"}, {"desc": "Les plus grands pilotes du monde s'affrontent aux quatre coins du globe dans des paysages \u00e0 couper le souffle tout au long du Championnat du monde des Rallyes, retransmis en int\u00e9gralit\u00e9 ; soit quatorze \u00e9preuves avec un \u00e9pilogue en Arabie Saoudite en novembre 2026 \u00e0 suivre en compagnie de la Team WRC 2026 de CANAL+, Yoann Bonato, St\u00e9phane Genti, Julien Ingrassia, Pierre-Louis Loubet et Arnaud Rakot", "start_date": "2026-08-30T00:02:00+00:00", "title": "14e sp\u00e9ciale"}, {"desc": "Pour la deuxi\u00e8me ann\u00e9e cons\u00e9cutive, le championnat du monde des rallyes fait \u00e9tape au Paraguay pour la 11e manche de la saison. Un rallye remport\u00e9 par S\u00e9bastien Ogier l'ann\u00e9e derni\u00e8re, devant Elfyn Evans et Thierry Neuville. Cette ann\u00e9e, Evans domine le championnat, loin devant Sami Pajari et Takamoto Katsuta.", "start_date": "2026-08-30T00:53:00+00:00", "title": "15e sp\u00e9ciale"}, {"desc": "Inscrit pour la premi\u00e8re fois au calendrier du championnat du monde, ce Rallye du Paraguay, organis\u00e9 du 28 au 31 ao\u00fbt, emprunte des routes en terre situ\u00e9es \u00e0 l'extr\u00eame sud du pays.", "start_date": "2026-08-30T01:54:00+00:00", "title": "16e sp\u00e9ciale"}, {"desc": "Fermeture de l'antenne \u00e0 la fin des diffusions de la journ\u00e9e.", "start_date": "2026-08-30T02:45:00+00:00", "title": "Fin des programmes"}, {"desc": "Tour du monde en bref et en images des derni\u00e8res actualit\u00e9s importantes tous sports confondus dans le JT d'Infosport+.", "start_date": "2026-08-30T05:00:00+00:00", "title": "Le JT"}, {"desc": "Inscrit pour la premi\u00e8re fois au calendrier du championnat du monde, ce Rallye du Paraguay, organis\u00e9 du 28 au 31 ao\u00fbt, emprunte des routes en terre situ\u00e9es \u00e0 l'extr\u00eame sud du pays.", "start_date": "2026-08-30T05:30:00+00:00", "title": "17e sp\u00e9ciale"}, {"desc": "T\u00e9moignages, anecdotes, d\u00e9tails techniques, histoires originales illustrent cette immersion dans le championnat du monde des rallyes.", "start_date": "2026-08-30T06:13:00+00:00", "title": "Fractionn\u00e9 WRC"}, {"desc": "Diffusion du Grand Prix d'Aragon, une course disput\u00e9e dans le cadre du championnat du monde de Moto GP. Elle a \u00e9t\u00e9 ajout\u00e9e au calendrier en 2010, notamment du fait de la lenteur d'un circuit hongrois qui a permis au circuit espagnol de passer de circuit de remplacement \u00e0 titulaire et d'accueillir chaque ann\u00e9e les coureurs sur les 5,344 km du circuit du Motorland d'Aragon, avec comme objectif la vi", "start_date": "2026-08-30T06:31:00+00:00", "title": "La course sprint des Moto GP"}, {"desc": "Les journalistes et experts de la cha\u00eene analysent et d\u00e9cryptent le dernier Grand Prix, avec un retour en images et en statistiques sur les moments d\u00e9terminants de la course, et bien s\u00fbr les premi\u00e8res impressions des pilotes victorieux.", "start_date": "2026-08-30T07:02:00+00:00", "title": "D\u00e9brief Moto"}, {"desc": "Diffusion du Grand Prix d'Aragon, une course disput\u00e9e dans le cadre du championnat du monde de Moto GP. Elle a \u00e9t\u00e9 ajout\u00e9e au calendrier en 2010, notamment du fait de la lenteur d'un circuit hongrois qui a permis au circuit espagnol de passer de circuit de remplacement \u00e0 titulaire et d'accueillir chaque ann\u00e9e les coureurs sur les 5,344 km du circuit du Motorland d'Aragon, avec comme objectif la vi", "start_date": "2026-08-30T07:35:00+00:00", "title": "Warm Up des Moto GP"}, {"desc": "Diffusion du Grand Prix d'Aragon, une course disput\u00e9e dans le cadre du championnat du monde de Moto GP. Elle a \u00e9t\u00e9 ajout\u00e9e au calendrier en 2010, notamment du fait de la lenteur d'un circuit hongrois qui a permis au circuit espagnol de passer de circuit de remplacement \u00e0 titulaire et d'accueillir chaque ann\u00e9e les coureurs sur les 5,344 km du circuit du Motorland d'Aragon, avec comme objectif la vi", "start_date": "2026-08-30T08:03:00+00:00", "title": "La parade des pilotes"}, {"desc": "Dans ce magazine d\u00e9di\u00e9 \u00e0 la discipline, on suit chaque Grand Prix de Moto GP, des premiers essais jusqu'au podium !", "start_date": "2026-08-30T08:32:00+00:00", "title": "On Board moto"}, {"desc": "Diffusion du Grand Prix d'Aragon, une course disput\u00e9e dans le cadre du championnat du monde de moto 3. Le circuit du Motorland accueille chaque ann\u00e9e les coureurs sur les 5,344 km de piste, qui s'y d\u00e9placent avec pour objectif la victoire et le maximum de points en vue du titre supr\u00eame.", "start_date": "2026-08-30T08:55:00+00:00", "title": "La course des Moto 3"}, {"desc": "Les journalistes et consultants experts de la cha\u00eene proposent des interviews et des reportages, ainsi que la remont\u00e9e de grille juste avant le coup d'envoi du Grand Prix du jour.", "start_date": "2026-08-30T09:51:00+00:00", "title": "La grille Moto"}, {"desc": "Diffusion du Grand Prix d'Aragon, une course disput\u00e9e dans le cadre du championnat du monde de moto 2. Le circuit du Motorland accueille chaque ann\u00e9e les coureurs sur les 5,344 km de piste, qui s'y d\u00e9placent avec pour objectif la victoire et le maximum de points en vue du titre supr\u00eame.", "start_date": "2026-08-30T10:12:00+00:00", "title": "La course des Moto 2"}, {"desc": "Pour les passionn\u00e9s de grosses cyclindr\u00e9es, ce magazine propose des anecdotes et des histoires insolites, ainsi que des informations li\u00e9es \u00e0 l'univers de la MotoGP.", "start_date": "2026-08-30T11:11:00+00:00", "title": "Fractionn\u00e9 Moto"}, {"desc": "D\u00e9couvrez le premier championnat professionnel de rugby \u00e0 7 en France. Cr\u00e9\u00e9e par la Ligue Nationale de Rugby en 2019, cette comp\u00e9tition originale met aux prises 14 \u00e9quipes issues de clubs engag\u00e9s en Top 14, une \u00e9quipe mon\u00e9gasque, et une \u00e9quipe invit\u00e9e. Elle est pr\u00e9vue pour se disputer en ouverture de la saison de Top 14 sur trois week-ends, et dans un format de matchs \u00e0 \u00e9limination directe.", "start_date": "2026-08-30T11:16:00+00:00", "title": "In Extenso Supersevens"}, {"desc": "Bicyclette, ciseau : les appellations peuvent varier mais les acrobaties auxquelles elles renvoient ont propuls\u00e9 le football au rang d'art. L'instant est bref, unique. Le moment et le geste sont suspendus, dans le temps et dans les airs. Amara Simba, Jean-Pierre Papin, Olivier Giroud, Djibril Ciss\u00e9, Lilian Laslandes, Eug\u00e9nie Le Sommer, Camille Abily racontent leurs vies d'Acrobates du football.", "start_date": "2026-08-30T12:17:00+00:00", "title": "Les acrobates du football"}, {"desc": "Retrouvez le podium des diff\u00e9rentes cat\u00e9gories de Moto avec la remise du troph\u00e9e, le champagne et les interviews des pilotes.", "start_date": "2026-08-30T12:45:00+00:00", "title": "Moto : Le podium"}, {"desc": "Les journalistes et experts de la cha\u00eene analysent et d\u00e9cryptent le dernier Grand Prix, avec un retour en images et en statistiques sur les moments d\u00e9terminants de la course, et bien s\u00fbr les premi\u00e8res impressions des pilotes victorieux.", "start_date": "2026-08-30T13:02:00+00:00", "title": "D\u00e9brief Moto"}, {"desc": "T\u00e9moignages, anecdotes, d\u00e9tails techniques, histoires originales illustrent cette immersion dans le championnat du monde des rallyes.", "start_date": "2026-08-30T13:41:00+00:00", "title": "Fractionn\u00e9 WRC"}, {"desc": "Inscrit pour la premi\u00e8re fois au calendrier du championnat du monde, ce Rallye du Paraguay, organis\u00e9 du 28 au 31 ao\u00fbt, emprunte des routes en terre situ\u00e9es \u00e0 l'extr\u00eame sud du pays.", "start_date": "2026-08-30T13:50:00+00:00", "title": "20e sp\u00e9ciale"}, {"desc": "T\u00e9moignages, anecdotes, d\u00e9tails techniques, histoires originales illustrent cette immersion dans le championnat du monde des rallyes.", "start_date": "2026-08-30T14:35:00+00:00", "title": "Fractionn\u00e9 WRC"}, {"desc": "Inscrit pour la premi\u00e8re fois au calendrier du championnat du monde, ce Rallye du Paraguay, organis\u00e9 du 28 au 31 ao\u00fbt, emprunte des routes en terre situ\u00e9es \u00e0 l'extr\u00eame sud du pays.", "start_date": "2026-08-30T14:42:00+00:00", "title": "21e sp\u00e9ciale"}, {"desc": "Que ce soit en Polyn\u00e9sie ou \u00e0 la R\u00e9union, cette s\u00e9rie documentaire propose le portrait de v\u00e9ritables passionn\u00e9s d'un sport consid\u00e9r\u00e9 comme \u00e9tant extr\u00eame.", "start_date": "2026-08-30T15:32:00+00:00", "title": "Passions extr\u00eames"}, {"desc": "Le vendredi 13 ao\u00fbt 2021, en Polyn\u00e9sie fran\u00e7aise, It's On ! r\u00e9sonnait dans les rues : une houle encore jamais vue \u00e9tait attendue sur le spot mythique et redout\u00e9 de Teahupo'o.", "start_date": "2026-08-30T15:59:00+00:00", "title": "It's on IV"}, {"desc": "Quel pilote s'imposera dans ce Rallye du Paraguay \u00e0 l'issue de cette 22e sp\u00e9ciale disput\u00e9e \u00e0 Encarnaci\u00f3n ? Longue de 10,26 km, cette ultime Power Stage doit livrer le verdict d'une \u00e9preuve intense et pi\u00e9geuse. Apr\u00e8s trois jours de comp\u00e9tition, les derniers kilom\u00e8tres pourraient encore faire basculer la course.", "start_date": "2026-08-30T17:00:00+00:00", "title": "22e sp\u00e9ciale : Powerstage"}, {"desc": "De p\u00e8re en fils, le nom Delecour traverse les \u00e9poques et les saisons de rallye. Fran\u00e7ois, le p\u00e8re a \u00e9t\u00e9 vice-champion du monde en 1993. Priscille, la m\u00e8re, a elle aussi \u00e9t\u00e9 pilote. Aujourd'hui, ils accompagnent leur fils Elliott, \u00e9toile montante du rallye.", "start_date": "2026-08-30T18:31:00+00:00", "title": "Famille Delecour : les fous du volant"}, {"desc": "Apr\u00e8s la Grande-Bretagne et Silverstone, direction le circuit Motorland Aragon pour une nouvelle manche du championnat du monde Moto GP. Raul Fernandez s'est impos\u00e9 en Angleterre, va-t-il doubler la mise en Espagne ? Au classement g\u00e9n\u00e9ral, Jorge Martin est toujours largement en t\u00eate, devant Marco Bezzecchi.", "start_date": "2026-08-30T19:02:00+00:00", "title": "La course des Moto GP"}, {"desc": "Retrouvez le podium des diff\u00e9rentes cat\u00e9gories de Moto avec la remise du troph\u00e9e, le champagne et les interviews des pilotes.", "start_date": "2026-08-30T19:52:00+00:00", "title": "Moto : Le podium"}, {"desc": "Les journalistes et experts de la cha\u00eene analysent et d\u00e9cryptent le dernier Grand Prix, avec un retour en images et en statistiques sur les moments d\u00e9terminants de la course, et bien s\u00fbr les premi\u00e8res impressions des pilotes victorieux.", "start_date": "2026-08-30T20:08:00+00:00", "title": "D\u00e9brief Moto"}, {"desc": "Valentino Rossi re\u00e7oit des l\u00e9gendes du MotoGP pour un d\u00eener exceptionnel. Spencer, Agostini et Hayden partagent souvenirs de courses, m\u00e9thodes d'entra\u00eenement et anecdotes sur leurs duels l\u00e9gendaires. Discussions sur les pilotes actuels et l'\u00e9volution du sport.", "start_date": "2026-08-30T20:47:00+00:00", "title": "Moto : le d\u00eener des l\u00e9gendes"}, {"desc": "D\u00e9couvrez le premier championnat professionnel de rugby \u00e0 7 en France. Cr\u00e9\u00e9e par la Ligue Nationale de Rugby en 2019, cette comp\u00e9tition originale met aux prises 14 \u00e9quipes issues de clubs engag\u00e9s en Top 14, une \u00e9quipe mon\u00e9gasque, et une \u00e9quipe invit\u00e9e. Elle est pr\u00e9vue pour se disputer en ouverture de la saison de Top 14 sur trois week-ends, et dans un format de matchs \u00e0 \u00e9limination directe.", "start_date": "2026-08-30T21:10:00+00:00", "title": "In Extenso Supersevens"}, {"desc": "Tour du monde en bref et en images des derni\u00e8res actualit\u00e9s importantes tous sports confondus dans le JT d'Infosport+.", "start_date": "2026-08-30T22:15:00+00:00", "title": "Le JT"}, {"desc": "Quel pilote s'imposera dans ce Rallye du Paraguay \u00e0 l'issue de cette 22e sp\u00e9ciale disput\u00e9e \u00e0 Encarnaci\u00f3n ? Longue de 10,26 km, cette ultime Power Stage doit livrer le verdict d'une \u00e9preuve intense et pi\u00e9geuse. Apr\u00e8s trois jours de comp\u00e9tition, les derniers kilom\u00e8tres pourraient encore faire basculer la course.", "start_date": "2026-08-30T22:45:00+00:00", "title": "22e sp\u00e9ciale : Powerstage"}], "offset": "+00:00", "timezone": "UTC", "error_code": -1, "start_date": "2026-08-29", "icon": ""}