{"end_date": "2026-08-28", "name": "CANAL+KIDS", "info_url": "https://epg.pw/channels/557564/20260827.html", "country": "France", "description": null, "error_message": "", "provider": "", "source_url": "https://epg.pw/api/epg.json?channel_id=557564&date=20260827&timezone=None", "epg_list": [{"desc": "Dans une salle de classe, une personnalit\u00e9 est soumise au questionnement na\u00eff, direct et sans tabou d'une quinzaine d'enfants \u00e2g\u00e9s de 8 \u00e0 12 ans. Par leur spontan\u00e9it\u00e9, les enfants peuvent d\u00e9stabiliser ou surprendre bien plus que le plus politiquement incorrect des intervieweurs. Exercices pratiques, s\u00e9ance de questions/r\u00e9ponses, interro surprise ou encore pr\u00e9sentation d'un objet myst\u00e8re : les invi", "start_date": "2026-08-28T18:02:00+00:00", "title": "Au tableau !"}, {"desc": "Hawa et Adam, deux adolescents qui ne se connaissent pas, d\u00e9couvrent qu'ils peuvent communiquer entre eux par l'interm\u00e9diaire d'un myst\u00e9rieux livre. Ils d\u00e9couvrent qu'une menace p\u00e8se sur les gens \u00e2g\u00e9s de 16 ans et cherchent \u00e0 r\u00e9soudre ce myst\u00e8re.", "start_date": "2026-08-28T18:32:00+00:00", "title": "Hawa & Adam"}, {"desc": "Hawa et Adam, deux adolescents qui ne se connaissent pas, d\u00e9couvrent qu'ils peuvent communiquer entre eux par l'interm\u00e9diaire d'un myst\u00e9rieux livre. Ils d\u00e9couvrent qu'une menace p\u00e8se sur les gens \u00e2g\u00e9s de 16 ans et cherchent \u00e0 r\u00e9soudre ce myst\u00e8re.", "start_date": "2026-08-28T18:55:00+00:00", "title": "Hawa & Adam"}, {"desc": "Manger, Bouger, Dormir est une mini-s\u00e9rie d'animation fran\u00e7aise cr\u00e9\u00e9e en 2018 \u00e0 l'initiative du Syndicat des producteurs de films d'animation afin de promouvoir des bonnes pratiques d'alimentation et de sant\u00e9 publique aupr\u00e8s du jeune public.", "start_date": "2026-08-28T19:18:00+00:00", "title": "Manger, bouger, dormir"}, {"desc": "Manger, Bouger, Dormir est une mini-s\u00e9rie d'animation fran\u00e7aise cr\u00e9\u00e9e en 2018 \u00e0 l'initiative du Syndicat des producteurs de films d'animation afin de promouvoir des bonnes pratiques d'alimentation et de sant\u00e9 publique aupr\u00e8s du jeune public.", "start_date": "2026-08-28T19:19:00+00:00", "title": "Manger, bouger, dormir"}, {"desc": "Manger, Bouger, Dormir est une mini-s\u00e9rie d'animation fran\u00e7aise cr\u00e9\u00e9e en 2018 \u00e0 l'initiative du Syndicat des producteurs de films d'animation afin de promouvoir des bonnes pratiques d'alimentation et de sant\u00e9 publique aupr\u00e8s du jeune public.", "start_date": "2026-08-28T19:20:00+00:00", "title": "Manger, bouger, dormir"}, {"desc": "Les aventures du Champote Mush-Mush et de ses ins\u00e9parables amis Sep et Lilit, des guides fantastiques pour explorer la for\u00eat et ses merveilles.", "start_date": "2026-08-28T19:22:00+00:00", "title": "Mush-Mush & les Champotes en LSF"}, {"desc": "Les aventures du Champote Mush-Mush et de ses ins\u00e9parables amis Sep et Lilit, des guides fantastiques pour explorer la for\u00eat et ses merveilles.", "start_date": "2026-08-28T19:33:00+00:00", "title": "Mush-Mush & les Champotes en LSF"}, {"desc": "Dans la petite ville de Bamboche, un nouvel e\u0301te\u0301 commence pour Jipe\u0301, Issa et Pedro, trois ins\u00e9parables copains. Et alors que tout le monde se la coule douce en mode vacances, eux ont du pain sur la planche ! Car nos trois h\u00e9ros se sont fix\u00e9s un objectif de dingue : devenir les plus cool d'ici la rentr\u00e9e au coll\u00e8ge ! Mais m\u00eame s\u2019ils ne manquent pas d\u2019id\u00e9es pour r\u00e9aliser leur r\u00eave, \u00e7a ne va vraime", "start_date": "2026-08-28T19:44:00+00:00", "title": "La vie en slip"}, {"desc": "Dans la petite ville de Bamboche, un nouvel e\u0301te\u0301 commence pour Jipe\u0301, Issa et Pedro, trois ins\u00e9parables copains. Et alors que tout le monde se la coule douce en mode vacances, eux ont du pain sur la planche ! Car nos trois h\u00e9ros se sont fix\u00e9s un objectif de dingue : devenir les plus cool d'ici la rentr\u00e9e au coll\u00e8ge ! Mais m\u00eame s\u2019ils ne manquent pas d\u2019id\u00e9es pour r\u00e9aliser leur r\u00eave, \u00e7a ne va vraime", "start_date": "2026-08-28T19:55:00+00:00", "title": "La vie en slip"}, {"desc": "Dans la petite ville de Bamboche, un nouvel e\u0301te\u0301 commence pour Jipe\u0301, Issa et Pedro, trois ins\u00e9parables copains. Et alors que tout le monde se la coule douce en mode vacances, eux ont du pain sur la planche ! Car nos trois h\u00e9ros se sont fix\u00e9s un objectif de dingue : devenir les plus cool d'ici la rentr\u00e9e au coll\u00e8ge ! Mais m\u00eame s\u2019ils ne manquent pas d\u2019id\u00e9es pour r\u00e9aliser leur r\u00eave, \u00e7a ne va vraime", "start_date": "2026-08-28T20:06:00+00:00", "title": "La vie en slip"}, {"desc": "Dans la petite ville de Bamboche, un nouvel e\u0301te\u0301 commence pour Jipe\u0301, Issa et Pedro, trois ins\u00e9parables copains. Et alors que tout le monde se la coule douce en mode vacances, eux ont du pain sur la planche ! Car nos trois h\u00e9ros se sont fix\u00e9s un objectif de dingue : devenir les plus cool d'ici la rentr\u00e9e au coll\u00e8ge ! Mais m\u00eame s\u2019ils ne manquent pas d\u2019id\u00e9es pour r\u00e9aliser leur r\u00eave, \u00e7a ne va vraime", "start_date": "2026-08-28T20:17:00+00:00", "title": "La vie en slip"}, {"desc": "Dans la petite ville de Bamboche, un nouvel e\u0301te\u0301 commence pour Jipe\u0301, Issa et Pedro, trois ins\u00e9parables copains. Et alors que tout le monde se la coule douce en mode vacances, eux ont du pain sur la planche ! Car nos trois h\u00e9ros se sont fix\u00e9s un objectif de dingue : devenir les plus cool d'ici la rentr\u00e9e au coll\u00e8ge ! Mais m\u00eame s\u2019ils ne manquent pas d\u2019id\u00e9es pour r\u00e9aliser leur r\u00eave, \u00e7a ne va vraime", "start_date": "2026-08-28T20:28:00+00:00", "title": "La vie en slip"}, {"desc": "Dans la petite ville de Bamboche, un nouvel e\u0301te\u0301 commence pour Jipe\u0301, Issa et Pedro, trois ins\u00e9parables copains. Et alors que tout le monde se la coule douce en mode vacances, eux ont du pain sur la planche ! Car nos trois h\u00e9ros se sont fix\u00e9s un objectif de dingue : devenir les plus cool d'ici la rentr\u00e9e au coll\u00e8ge ! Mais m\u00eame s\u2019ils ne manquent pas d\u2019id\u00e9es pour r\u00e9aliser leur r\u00eave, \u00e7a ne va vraime", "start_date": "2026-08-28T20:39:00+00:00", "title": "La vie en slip"}, {"desc": "Six mois apr\u00e8s avoir d\u00e9couvert la premi\u00e8re cit\u00e9 d'or, et de retour \u00e0 Barcelone, Esteban, Zia et Tao sont \u00e0 la recherche des 6 cit\u00e9s manquantes. \u00c0 bord de leur grand condor, ils s'embarquent \u00e0 destination de l'Asie, plus particuli\u00e8rement vers la Chine et le Tibet.", "start_date": "2026-08-28T20:50:00+00:00", "title": "Les myst\u00e9rieuses cit\u00e9s d'or"}, {"desc": "Six mois apr\u00e8s avoir d\u00e9couvert la premi\u00e8re cit\u00e9 d'or, et de retour \u00e0 Barcelone, Esteban, Zia et Tao sont \u00e0 la recherche des 6 cit\u00e9s manquantes. \u00c0 bord de leur grand condor, ils s'embarquent \u00e0 destination de l'Asie, plus particuli\u00e8rement vers la Chine et le Tibet.", "start_date": "2026-08-28T21:13:00+00:00", "title": "Les myst\u00e9rieuses cit\u00e9s d'or"}, {"desc": "Six mois apr\u00e8s avoir d\u00e9couvert la premi\u00e8re cit\u00e9 d'or, et de retour \u00e0 Barcelone, Esteban, Zia et Tao sont \u00e0 la recherche des 6 cit\u00e9s manquantes. \u00c0 bord de leur grand condor, ils s'embarquent \u00e0 destination de l'Asie, plus particuli\u00e8rement vers la Chine et le Tibet.", "start_date": "2026-08-28T21:36:00+00:00", "title": "Les myst\u00e9rieuses cit\u00e9s d'or"}, {"desc": "Manger, Bouger, Dormir est une mini-s\u00e9rie d'animation fran\u00e7aise cr\u00e9\u00e9e en 2018 \u00e0 l'initiative du Syndicat des producteurs de films d'animation afin de promouvoir des bonnes pratiques d'alimentation et de sant\u00e9 publique aupr\u00e8s du jeune public.", "start_date": "2026-08-28T21:59:00+00:00", "title": "Manger, bouger, dormir"}, {"desc": "Manger, Bouger, Dormir est une mini-s\u00e9rie d'animation fran\u00e7aise cr\u00e9\u00e9e en 2018 \u00e0 l'initiative du Syndicat des producteurs de films d'animation afin de promouvoir des bonnes pratiques d'alimentation et de sant\u00e9 publique aupr\u00e8s du jeune public.", "start_date": "2026-08-28T22:01:00+00:00", "title": "Manger, bouger, dormir"}, {"desc": "Manger, Bouger, Dormir est une mini-s\u00e9rie d'animation fran\u00e7aise cr\u00e9\u00e9e en 2018 \u00e0 l'initiative du Syndicat des producteurs de films d'animation afin de promouvoir des bonnes pratiques d'alimentation et de sant\u00e9 publique aupr\u00e8s du jeune public.", "start_date": "2026-08-28T22:02:00+00:00", "title": "Manger, bouger, dormir"}, {"desc": "La langue fran\u00e7aise est riche : elle offre une immense palette de mots. Or les mots ont fait du chemin \u00e0 travers la plan\u00e8te, sont pass\u00e9s par le filtre des usages, des cultures et ont enrichi la langue fran\u00e7aise. Ces mots nomades sont mis en image en animation pour voyager dans les \u00e9poques, les lieux, les anecdotes. Pour introduire, ponctuer et conclure les s\u00e9quences anim\u00e9es, Esteban et deux enfant", "start_date": "2026-08-28T22:03:00+00:00", "title": "Nos mots nomades"}, {"desc": "La langue fran\u00e7aise est riche : elle offre une immense palette de mots. Or les mots ont fait du chemin \u00e0 travers la plan\u00e8te, sont pass\u00e9s par le filtre des usages, des cultures et ont enrichi la langue fran\u00e7aise. Ces mots nomades sont mis en image en animation pour voyager dans les \u00e9poques, les lieux, les anecdotes. Pour introduire, ponctuer et conclure les s\u00e9quences anim\u00e9es, Esteban et deux enfant", "start_date": "2026-08-28T22:06:00+00:00", "title": "Nos mots nomades"}, {"desc": "Les animaux du Pays Trop Mignon savent s'amuser. Kaeloo, la petite grenouille, lance des id\u00e9es de jeux et aime bien diriger ses copains.", "start_date": "2026-08-28T22:09:00+00:00", "title": "Kaeloo"}, {"desc": "Les animaux du Pays Trop Mignon savent s'amuser. Kaeloo, la petite grenouille, lance des id\u00e9es de jeux et aime bien diriger ses copains.", "start_date": "2026-08-28T22:15:00+00:00", "title": "Kaeloo"}, {"desc": "Les animaux du Pays Trop Mignon savent s'amuser. Kaeloo, la petite grenouille, lance des id\u00e9es de jeux et aime bien diriger ses copains.", "start_date": "2026-08-28T22:22:00+00:00", "title": "Kaeloo"}, {"desc": "Les animaux du Pays Trop Mignon savent s'amuser. Kaeloo, la petite grenouille, lance des id\u00e9es de jeux et aime bien diriger ses copains.", "start_date": "2026-08-28T22:28:00+00:00", "title": "Kaeloo"}, {"desc": "Les monstres et autres cauchemars n'ont qu'\u00e0 bien se tenir ! Chlo\u00e9, 8 ans, et son dr\u00f4le d'acolyte, Spouki, ratatinent tout ce qui fait peur aux enfants.", "start_date": "2026-08-28T22:35:00+00:00", "title": "Comment ratatiner en LSF"}, {"desc": "Les monstres et autres cauchemars n'ont qu'\u00e0 bien se tenir ! Chlo\u00e9, 8 ans, et son dr\u00f4le d'acolyte, Spouki, ratatinent tout ce qui fait peur aux enfants.", "start_date": "2026-08-28T22:46:00+00:00", "title": "Comment ratatiner en LSF"}, {"desc": "Les monstres et autres cauchemars n'ont qu'\u00e0 bien se tenir ! Chlo\u00e9, 8 ans, et son dr\u00f4le d'acolyte, Spouki, ratatinent tout ce qui fait peur aux enfants.", "start_date": "2026-08-28T22:57:00+00:00", "title": "Comment ratatiner en LSF"}, {"desc": "Au ch\u00e2teau royal de Camelot,\u202fen des temps anciens et magiques... Trois jeunes \u00e9cuyers men\u00e9s par le jeune Arthur et l\u2019intr\u00e9pide princesse Gueni\u00e8vre ont form\u00e9 la confr\u00e9rie de la Table Ronde pour essayer d\u2019appliquer leurs id\u00e9aux chevaleresques\u202f: justice, solidarit\u00e9, droiture. \u00c0 l\u2019oppos\u00e9 de ce qu\u2019on leur enseigne. Mais les id\u00e9aux sont une chose, leur mise en pratique en est une autre\u202f: nos vaillants h", "start_date": "2026-08-28T23:08:00+00:00", "title": "Arthur et les enfants de la Table ronde"}, {"desc": "Au ch\u00e2teau royal de Camelot,\u202fen des temps anciens et magiques... Trois jeunes \u00e9cuyers men\u00e9s par le jeune Arthur et l\u2019intr\u00e9pide princesse Gueni\u00e8vre ont form\u00e9 la confr\u00e9rie de la Table Ronde pour essayer d\u2019appliquer leurs id\u00e9aux chevaleresques\u202f: justice, solidarit\u00e9, droiture. \u00c0 l\u2019oppos\u00e9 de ce qu\u2019on leur enseigne. Mais les id\u00e9aux sont une chose, leur mise en pratique en est une autre\u202f: nos vaillants h", "start_date": "2026-08-28T23:19:00+00:00", "title": "Arthur et les enfants de la Table ronde"}, {"desc": "Au ch\u00e2teau royal de Camelot,\u202fen des temps anciens et magiques... Trois jeunes \u00e9cuyers men\u00e9s par le jeune Arthur et l\u2019intr\u00e9pide princesse Gueni\u00e8vre ont form\u00e9 la confr\u00e9rie de la Table Ronde pour essayer d\u2019appliquer leurs id\u00e9aux chevaleresques\u202f: justice, solidarit\u00e9, droiture. \u00c0 l\u2019oppos\u00e9 de ce qu\u2019on leur enseigne. Mais les id\u00e9aux sont une chose, leur mise en pratique en est une autre\u202f: nos vaillants h", "start_date": "2026-08-28T23:30:00+00:00", "title": "Arthur et les enfants de la Table ronde"}, {"desc": "Au ch\u00e2teau royal de Camelot,\u202fen des temps anciens et magiques... Trois jeunes \u00e9cuyers men\u00e9s par le jeune Arthur et l\u2019intr\u00e9pide princesse Gueni\u00e8vre ont form\u00e9 la confr\u00e9rie de la Table Ronde pour essayer d\u2019appliquer leurs id\u00e9aux chevaleresques\u202f: justice, solidarit\u00e9, droiture. \u00c0 l\u2019oppos\u00e9 de ce qu\u2019on leur enseigne. Mais les id\u00e9aux sont une chose, leur mise en pratique en est une autre\u202f: nos vaillants h", "start_date": "2026-08-28T23:42:00+00:00", "title": "Arthur et les enfants de la Table ronde"}, {"desc": "Au ch\u00e2teau royal de Camelot,\u202fen des temps anciens et magiques... Trois jeunes \u00e9cuyers men\u00e9s par le jeune Arthur et l\u2019intr\u00e9pide princesse Gueni\u00e8vre ont form\u00e9 la confr\u00e9rie de la Table Ronde pour essayer d\u2019appliquer leurs id\u00e9aux chevaleresques\u202f: justice, solidarit\u00e9, droiture. \u00c0 l\u2019oppos\u00e9 de ce qu\u2019on leur enseigne. Mais les id\u00e9aux sont une chose, leur mise en pratique en est une autre\u202f: nos vaillants h", "start_date": "2026-08-28T23:53:00+00:00", "title": "Arthur et les enfants de la Table ronde"}], "offset": "+00:00", "timezone": "UTC", "error_code": -1, "start_date": "2026-08-28", "icon": ""}