{"end_date": "2026-08-31", "name": "CANAL+SPORT", "info_url": "https://epg.pw/channels/557565/20260830.html", "country": "France", "description": null, "error_message": "", "provider": "", "source_url": "https://epg.pw/api/epg.json?channel_id=557565&date=20260830&timezone=None", "epg_list": [{"desc": "Sport noble par excellence, le rugby figure parmi les disciplines les plus populaires. Garants du fairplay, les joueurs cachent de v\u00e9ritables \u00e9motions sous leurs impressionnantes carapaces. D\u00e9couvres des belles histoires li\u00e9es au monde de l'ovalie dans ce magazine consacr\u00e9 \u00e0 ce sport.", "start_date": "2026-08-31T18:36:00+00:00", "title": "Fractionn\u00e9 Rugby"}, {"desc": "Retour sur les meilleurs moments de l'\u00e9tape de Pau de l'In Extenso Supersevens. Pendant deux jours, le Stade du Hameau a accueilli les formations masculines et f\u00e9minines pour un rendez-vous plac\u00e9 sous le signe de la vitesse et du spectacle. Essais, gestes d\u00e9cisifs, retournements de situation et matches \u00e0 suspense, toutes les s\u00e9quences marquantes de cette deuxi\u00e8me \u00e9tape estivale sont au programme a", "start_date": "2026-08-31T19:00:00+00:00", "title": "Etape de Pau. Les meilleurs moments"}, {"desc": "Quel pilote s'imposera dans ce Rallye du Paraguay \u00e0 l'issue de cette 22e sp\u00e9ciale disput\u00e9e \u00e0 Encarnaci\u00f3n ? Longue de 10,26 km, cette ultime Power Stage doit livrer le verdict d'une \u00e9preuve intense et pi\u00e9geuse. Apr\u00e8s trois jours de comp\u00e9tition, les derniers kilom\u00e8tres pourraient encore faire basculer la course.", "start_date": "2026-08-31T21:00:00+00:00", "title": "22e sp\u00e9ciale : Powerstage"}, {"desc": "Toute l'actualit\u00e9 golfique des tours mondiaux : les plus beaux coups des circuits am\u00e9ricain et europ\u00e9en, portraits de joueurs, analyses et r\u00e9sultats avec les journalistes et consultants de la r\u00e9daction. Toutes les informations du PGA Tour, du PGA Tour Champions et des tournois f\u00e9minins sont \u00e9galement abord\u00e9es dans le magazine, qui revient aussi sur les derniers r\u00e9sultats et les classements.", "start_date": "2026-08-31T22:32:00+00:00", "title": "Golf+, le mag"}, {"desc": "En 2024/2025, la nouvelle formule de l\u2019UEFA Champions League, avec encore plus de matches, sera diffus\u00e9e en int\u00e9gralit\u00e9 sur les cha\u00eenes CANAL+. Dans cette perspective, pour renforcer son \u00e9quipe de commentateurs, CANAL+ s\u2019est lanc\u00e9 \u00e0 la recherche d\u2019une nouvelle voix pour commenter le football sur ses antennes. Un processus de recrutement exceptionnel, en plusieurs \u00e9tapes, ouvert pour la premi\u00e8re fo", "start_date": "2026-08-31T23:32:00+00:00", "title": "Au micro ! Une nouvelle voix pour le foot"}], "offset": "+00:00", "timezone": "UTC", "error_code": -1, "start_date": "2026-08-31", "icon": ""}