{"end_date": "2026-09-01", "name": "CANAL+SPORT", "info_url": "https://epg.pw/channels/557565/20260831.html", "country": "France", "description": null, "error_message": "", "provider": "", "source_url": "https://epg.pw/api/epg.json?channel_id=557565&date=20260831&timezone=None", "epg_list": [{"desc": "L'heure du d\u00e9nouement a sonn\u00e9 sur le parcours d'East Lake. Apr\u00e8s trois journ\u00e9es de comp\u00e9tition, les 30 joueurs engag\u00e9s dans cette finale des play-offs de la FedExCup n'ont plus que 18 trous pour faire la diff\u00e9rence. Tenant du titre, Tommy Fleetwood esp\u00e8re conserver une couronne conquise en 2025, lorsqu'il avait sign\u00e9 sa premi\u00e8re victoire sur le PGA Tour. Mais la concurrence entend bien lui ravir l", "start_date": "2026-08-31T05:23:00+00:00", "title": "4e tour"}, {"desc": "C'est dans le stade Estadio 23 de Agosto, situ\u00e9 \u00e0 San Salvador de Jujuy, que les Pumas argentins accueillent les Wallabies australiens pour ce test-match de l'\u00e9t\u00e9.", "start_date": "2026-08-31T07:13:00+00:00", "title": "Argentine / Australie"}, {"desc": "Une semaine apr\u00e8s le premier test-match disput\u00e9 \u00e0 Ellis Park, l'Afrique du Sud et la Nouvelle-Z\u00e9lande se retrouvent au DHL Stadium du Cap pour le deuxi\u00e8me acte de leur s\u00e9rie. Springboks et All Blacks poursuivent ainsi Rugby's Greatest Rivalry, tourn\u00e9e qui renoue avec les grandes confrontations entre les deux nations. Deux autres tests suivront en septembre, \u00e0 Johannesburg puis \u00e0 Baltimore,.", "start_date": "2026-08-31T08:54:00+00:00", "title": "Afrique du Sud / Nouvelle-Z\u00e9lande"}, {"desc": "Une collection innovante centr\u00e9e sur le d\u00e9cryptage tactique dans le rugby qui donne les cl\u00e9s des m\u00e9thodes utilis\u00e9es par les plus grands coachs et managers.", "start_date": "2026-08-31T10:39:00+00:00", "title": "Canal Rugby Manager"}, {"desc": "Deuxi\u00e8me course en deux jours sur le Milwaukee Mile pour les pilotes engag\u00e9es dans ces IndyCar Series. Apr\u00e8s une premi\u00e8re bataille sur l'ovale du Wisconsin, le peloton retrouve cette piste historique pour l'avant-derni\u00e8re manche de la saison. Leader du championnat \u00e0 l'approche de ce double rendez-vous, Alex Palou entend conforter sa premi\u00e8re place au classement, tandis que ses poursuivants joueron", "start_date": "2026-08-31T11:13:00+00:00", "title": "2e course"}, {"desc": "La grande finale du Slam ICP des Internationaux de Cesta Punta de Saint-Jean-de-Luz s'est d\u00e9roul\u00e9e le mardi 25 ao\u00fbt 2026 au Jai Alai de la commune luzienne. Avant cette finale, il ne restait plus que les huit meilleurs joueurs de la saison sur les 32 joueurs engag\u00e9s pour la derni\u00e8re phase finale des Slam. La Summer League propose une comp\u00e9tition de haut niveau \u00e0 travers un sport spectaculaire dans", "start_date": "2026-08-31T13:45:00+00:00", "title": "Slam ICP. Finale"}, {"desc": "Retransmission d'un match du championnat de France de deuxi\u00e8me division de rugby appel\u00e9 Pro D2, une comp\u00e9tition de rugby \u00e0 XV. Organis\u00e9 depuis 1924, le championnat de deuxi\u00e8me division a longtemps \u00e9t\u00e9 amateur avant d'obtenir le statut professionnel en 2000 et comporte maintenant seize clubs qui se battent pour l'accession dans l'\u00e9lite du rugby fran\u00e7ais.", "start_date": "2026-08-31T15:08:00+00:00", "title": "Soyaux-Angoul\u00eame / Colomiers"}, {"desc": "Retransmission d'un match du championnat de France de deuxi\u00e8me division de rugby appel\u00e9 Pro D2, une comp\u00e9tition de rugby \u00e0 XV. Organis\u00e9 depuis 1924, le championnat de deuxi\u00e8me division a longtemps \u00e9t\u00e9 amateur avant d'obtenir le statut professionnel en 2000 et comporte maintenant seize clubs qui se battent pour l'accession dans l'\u00e9lite du rugby fran\u00e7ais.", "start_date": "2026-08-31T16:51:00+00:00", "title": "B\u00e9ziers / Oyonnax"}, {"desc": "Sport noble par excellence, le rugby figure parmi les disciplines les plus populaires. Garants du fairplay, les joueurs cachent de v\u00e9ritables \u00e9motions sous leurs impressionnantes carapaces. D\u00e9couvres des belles histoires li\u00e9es au monde de l'ovalie dans ce magazine consacr\u00e9 \u00e0 ce sport.", "start_date": "2026-08-31T18:36:00+00:00", "title": "Fractionn\u00e9 Rugby"}, {"desc": "Retour sur les meilleurs moments de l'\u00e9tape de Pau de l'In Extenso Supersevens. Pendant deux jours, le Stade du Hameau a accueilli les formations masculines et f\u00e9minines pour un rendez-vous plac\u00e9 sous le signe de la vitesse et du spectacle. Essais, gestes d\u00e9cisifs, retournements de situation et matches \u00e0 suspense, toutes les s\u00e9quences marquantes de cette deuxi\u00e8me \u00e9tape estivale sont au programme a", "start_date": "2026-08-31T19:00:00+00:00", "title": "Etape de Pau. Les meilleurs moments"}, {"desc": "Quel pilote s'imposera dans ce Rallye du Paraguay \u00e0 l'issue de cette 22e sp\u00e9ciale disput\u00e9e \u00e0 Encarnaci\u00f3n ? Longue de 10,26 km, cette ultime Power Stage doit livrer le verdict d'une \u00e9preuve intense et pi\u00e9geuse. Apr\u00e8s trois jours de comp\u00e9tition, les derniers kilom\u00e8tres pourraient encore faire basculer la course.", "start_date": "2026-08-31T21:00:00+00:00", "title": "22e sp\u00e9ciale : Powerstage"}, {"desc": "Toute l'actualit\u00e9 golfique des tours mondiaux : les plus beaux coups des circuits am\u00e9ricain et europ\u00e9en, portraits de joueurs, analyses et r\u00e9sultats avec les journalistes et consultants de la r\u00e9daction. Toutes les informations du PGA Tour, du PGA Tour Champions et des tournois f\u00e9minins sont \u00e9galement abord\u00e9es dans le magazine, qui revient aussi sur les derniers r\u00e9sultats et les classements.", "start_date": "2026-08-31T22:32:00+00:00", "title": "Golf+, le mag"}, {"desc": "En 2024/2025, la nouvelle formule de l\u2019UEFA Champions League, avec encore plus de matches, sera diffus\u00e9e en int\u00e9gralit\u00e9 sur les cha\u00eenes CANAL+. Dans cette perspective, pour renforcer son \u00e9quipe de commentateurs, CANAL+ s\u2019est lanc\u00e9 \u00e0 la recherche d\u2019une nouvelle voix pour commenter le football sur ses antennes. Un processus de recrutement exceptionnel, en plusieurs \u00e9tapes, ouvert pour la premi\u00e8re fo", "start_date": "2026-08-31T23:32:00+00:00", "title": "Au micro ! Une nouvelle voix pour le foot"}, {"desc": "En 2024/2025, la nouvelle formule de l\u2019UEFA Champions League, avec encore plus de matches, sera diffus\u00e9e en int\u00e9gralit\u00e9 sur les cha\u00eenes CANAL+. Dans cette perspective, pour renforcer son \u00e9quipe de commentateurs, CANAL+ s\u2019est lanc\u00e9 \u00e0 la recherche d\u2019une nouvelle voix pour commenter le football sur ses antennes. Un processus de recrutement exceptionnel, en plusieurs \u00e9tapes, ouvert pour la premi\u00e8re fo", "start_date": "2026-09-01T00:13:00+00:00", "title": "Au micro ! Une nouvelle voix pour le foot"}, {"desc": "En 2024/2025, la nouvelle formule de l\u2019UEFA Champions League, avec encore plus de matches, sera diffus\u00e9e en int\u00e9gralit\u00e9 sur les cha\u00eenes CANAL+. Dans cette perspective, pour renforcer son \u00e9quipe de commentateurs, CANAL+ s\u2019est lanc\u00e9 \u00e0 la recherche d\u2019une nouvelle voix pour commenter le football sur ses antennes. Un processus de recrutement exceptionnel, en plusieurs \u00e9tapes, ouvert pour la premi\u00e8re fo", "start_date": "2026-09-01T00:45:00+00:00", "title": "Au micro ! Une nouvelle voix pour le foot"}, {"desc": "Fermeture de l'antenne \u00e0 la fin des diffusions de la journ\u00e9e.", "start_date": "2026-09-01T01:20:00+00:00", "title": "Fin des programmes"}, {"desc": "Retour sur les meilleurs moments de l'\u00e9tape de Pau de l'In Extenso Supersevens. Pendant deux jours, le Stade du Hameau a accueilli les formations masculines et f\u00e9minines pour un rendez-vous plac\u00e9 sous le signe de la vitesse et du spectacle. Essais, gestes d\u00e9cisifs, retournements de situation et matches \u00e0 suspense, toutes les s\u00e9quences marquantes de cette deuxi\u00e8me \u00e9tape estivale sont au programme a", "start_date": "2026-09-01T05:26:00+00:00", "title": "Etape de Pau. Les meilleurs moments"}, {"desc": "Cette nouvelle saison de PRO D2 s'annonce intense avec seize clubs en lice pour d\u00e9crocher le titre et viser la mont\u00e9e en Top 14, avec des affiches prometteuses d\u00e8s la premi\u00e8re journ\u00e9e.", "start_date": "2026-09-01T07:27:00+00:00", "title": "Dax / Narbonne"}, {"desc": "Retransmission d'un match du championnat de France de deuxi\u00e8me division de rugby appel\u00e9 Pro D2, une comp\u00e9tition de rugby \u00e0 XV. Organis\u00e9 depuis 1924, le championnat de deuxi\u00e8me division a longtemps \u00e9t\u00e9 amateur avant d'obtenir le statut professionnel en 2000 et comporte maintenant seize clubs qui se battent pour l'accession dans l'\u00e9lite du rugby fran\u00e7ais.", "start_date": "2026-09-01T09:10:00+00:00", "title": "Grenoble / Aurillac"}, {"desc": "La grande finale du 50e Gant d'Or, int\u00e9gr\u00e9 \u00e0 la Summer League 2026, s'est d\u00e9roul\u00e9e le mercredi 26 ao\u00fbt au Ja\u00ef Ala\u00ef de Biarritz. L'an dernier, cette grande finale du gant d'or de Biarritz avait \u00e9t\u00e9 remport\u00e9e par les fr\u00e8res Johan et Gorka Sorozabal. Chez eux, dans un Ja\u00ef Ala\u00ef tout acquis \u00e0 leur cause, ils avaient battu Jean Olharan, requalifi\u00e9 apr\u00e8s la blessure la veille d'Aritz Erkiaga, et Una\u00ef L\u00e9k", "start_date": "2026-09-01T10:54:00+00:00", "title": "Gant d'Or. Finale"}, {"desc": "L'heure du d\u00e9nouement a sonn\u00e9 sur le parcours d'East Lake. Apr\u00e8s trois journ\u00e9es de comp\u00e9tition, les 30 joueurs engag\u00e9s dans cette finale des play-offs de la FedExCup n'ont plus que 18 trous pour faire la diff\u00e9rence. Tenant du titre, Tommy Fleetwood esp\u00e8re conserver une couronne conquise en 2025, lorsqu'il avait sign\u00e9 sa premi\u00e8re victoire sur le PGA Tour. Mais la concurrence entend bien lui ravir l", "start_date": "2026-09-01T12:12:00+00:00", "title": "4e tour"}, {"desc": "Le Zapsport 360 permet de retrouver toutes les images marquantes du sport des derniers jours, dans un format dynamique : r\u00e9sultats, comp\u00e9titions du moment et s\u00e9quences spectaculaires sont au rendez-vous.", "start_date": "2026-09-01T14:13:00+00:00", "title": "Zapsport 360"}, {"desc": "Deuxi\u00e8me course en deux jours sur le Milwaukee Mile pour les pilotes engag\u00e9es dans ces IndyCar Series. Apr\u00e8s une premi\u00e8re bataille sur l'ovale du Wisconsin, le peloton retrouve cette piste historique pour l'avant-derni\u00e8re manche de la saison. Leader du championnat \u00e0 l'approche de ce double rendez-vous, Alex Palou entend conforter sa premi\u00e8re place au classement, tandis que ses poursuivants joueron", "start_date": "2026-09-01T14:19:00+00:00", "title": "2e course"}, {"desc": "Cette nouvelle saison de PRO D2 s'annonce intense avec seize clubs en lice pour d\u00e9crocher le titre et viser la mont\u00e9e en Top 14, avec des affiches prometteuses d\u00e8s la premi\u00e8re journ\u00e9e.", "start_date": "2026-09-01T16:51:00+00:00", "title": "Nevers / Montauban"}, {"desc": "Sport noble par excellence, le rugby figure parmi les disciplines les plus populaires. Garants du fairplay, les joueurs cachent de v\u00e9ritables \u00e9motions sous leurs impressionnantes carapaces. D\u00e9couvres des belles histoires li\u00e9es au monde de l'ovalie dans ce magazine consacr\u00e9 \u00e0 ce sport.", "start_date": "2026-09-01T18:38:00+00:00", "title": "Fractionn\u00e9 Rugby"}, {"desc": "Une semaine apr\u00e8s le premier test-match disput\u00e9 \u00e0 Ellis Park, l'Afrique du Sud et la Nouvelle-Z\u00e9lande se retrouvent au DHL Stadium du Cap pour le deuxi\u00e8me acte de leur s\u00e9rie. Springboks et All Blacks poursuivent ainsi Rugby's Greatest Rivalry, tourn\u00e9e qui renoue avec les grandes confrontations entre les deux nations. Deux autres tests suivront en septembre, \u00e0 Johannesburg puis \u00e0 Baltimore,.", "start_date": "2026-09-01T19:00:00+00:00", "title": "Afrique du Sud / Nouvelle-Z\u00e9lande"}, {"desc": "Le CA Brive accueille le Valence Romans Dr\u00f4me Rugby, au stade Am\u00e9d\u00e9e-Domenech, pour le compte de la premi\u00e8re journ\u00e9e de la saison 2026/2027 de Pro D2. Un choc d'ouverture !", "start_date": "2026-09-01T20:41:00+00:00", "title": "Brive / Valence-Romans"}, {"desc": "Tout au long de l'ann\u00e9e, Laure Boulleau, consultante du Canal Football Club, se rend dans les clubs de l'Hexagone pour d\u00e9couvrir, de l'int\u00e9rieur, ces lieux d'ordinaire pr\u00e9serv\u00e9s des cam\u00e9ras. On y d\u00e9couvre des atmosph\u00e8res, des joueurs, des dirigeants, mais aussi et surtout des personnes de l'ombre, toujours passionn\u00e9es, qui font aussi la vie des clubs.", "start_date": "2026-09-01T22:23:00+00:00", "title": "24h de Boulleau"}, {"desc": "Amel Majri est devenue la premi\u00e8re joueuse de l'Equipe de France de football \u00e0 devenir maman durant sa carri\u00e8re. Un bouleversement dans sa vie, mais aussi dans le football f\u00e9minin qui ne compte pas beaucoup d'exemple de ce type. Comment son club de l'Olympique Lyonnais l'a-t-il accompagn\u00e9e dans ce changement ? Comment envisager un retour au plus haut niveau ? Jessica Houara, ancienne co\u00e9quipi\u00e8re d", "start_date": "2026-09-01T23:03:00+00:00", "title": "Baby foot, neuf mois dans la vie d'Amel Majri"}, {"desc": "Fermeture de l'antenne \u00e0 la fin des diffusions de la journ\u00e9e.", "start_date": "2026-09-01T23:33:00+00:00", "title": "Fin des programmes"}], "offset": "+00:00", "timezone": "UTC", "error_code": -1, "start_date": "2026-08-31", "icon": ""}