{"end_date": "2026-09-04", "name": "CANAL+SPORT", "info_url": "https://epg.pw/channels/557565/20260903.html", "country": "France", "description": null, "error_message": "", "provider": "", "source_url": "https://epg.pw/api/epg.json?channel_id=557565&date=20260903&timezone=None", "epg_list": [{"desc": "Dans le magazine de golf Le 5e tour, retour sur le plus beau tournoi am\u00e9ricain ou europ\u00e9en du dernier week-end avec un r\u00e9sum\u00e9 des trois premiers tours, un large r\u00e9sum\u00e9 du dernier tour, accompagn\u00e9s d'interviews et d'images. Ainsi, toutes les actualit\u00e9s du PGA Tour et du DP World Tour sont abord\u00e9es dans ce rendez-vous des amateurs de la petite balle blanche et des circuits mondiaux de golf.", "start_date": "2026-09-03T05:26:00+00:00", "title": "Le 5e tour"}, {"desc": "Le Zapsport 360 permet de retrouver toutes les images marquantes du sport des derniers jours, dans un format dynamique : r\u00e9sultats, comp\u00e9titions du moment et s\u00e9quences spectaculaires sont au rendez-vous.", "start_date": "2026-09-03T07:55:00+00:00", "title": "Zapsport 360"}, {"desc": "Deuxi\u00e8me course en deux jours sur le Milwaukee Mile pour les pilotes engag\u00e9es dans ces IndyCar Series. Apr\u00e8s une premi\u00e8re bataille sur l'ovale du Wisconsin, le peloton retrouve cette piste historique pour l'avant-derni\u00e8re manche de la saison. Leader du championnat \u00e0 l'approche de ce double rendez-vous, Alex Palou entend conforter sa premi\u00e8re place au classement, tandis que ses poursuivants joueron", "start_date": "2026-09-03T08:02:00+00:00", "title": "2e course"}, {"desc": "Pour la deuxi\u00e8me ann\u00e9e cons\u00e9cutive, le championnat du monde des rallyes faisait \u00e9tape au Paraguay pour la 11e manche de la saison. Un rallye remport\u00e9 par S\u00e9bastien Ogier l'ann\u00e9e derni\u00e8re, devant Elfyn Evans et Thierry Neuville. Qui s'est impos\u00e9 cette ann\u00e9e ? Evans qui domine le championnat ? Sami Pajari ou encore Takamoto Katsuta ?", "start_date": "2026-09-03T10:35:00+00:00", "title": "Review"}, {"desc": "Apr\u00e8s le retour victorieux de Lando Norris (McLaren) en Hongrie, les pilotes ont rendez-vous aux Pays-Bas, pour le Grand Prix disput\u00e9 sur le circuit de Zandvoort. Une \u00e9preuve remport\u00e9e, l'an dernier, par l'Australien Oscar Piastri (McLaren). Cette saison, Piastri n'occupe que la 7e place du classement des pilotes, domin\u00e9 par le jeune Italien Kimi Antonelli (Mercedes).", "start_date": "2026-09-03T11:30:00+00:00", "title": "La course"}, {"desc": "Formula One, le mag pr\u00e9sente les actualit\u00e9s de la Formule 1. Derniers r\u00e9sultats, prochaines courses, interviews des pilotes, analyses des r\u00e9sultats avec l'\u00e9quipe des experts de la cha\u00eene, tout est \u00e0 d\u00e9couvrir dans Formula One, le mag.", "start_date": "2026-09-03T13:16:00+00:00", "title": "Formula One, le mag"}, {"desc": "A la suite du succ\u00e8s de la s\u00e9rie documentaire sur la reine des cat\u00e9gories Formula 1 : Drive to Survive, Formula One Management d\u00e9cide de mettre en lumi\u00e8re la Formule 2. Dans Chasing the Dream, c'est une v\u00e9ritable entr\u00e9e dans les coulisses du championnat de Formule 2 de la FIA qui attend les fans de la discipline.", "start_date": "2026-09-03T13:35:00+00:00", "title": "Formule 2 : Chasing the Dream"}, {"desc": "Toute l'actualit\u00e9 golfique des tours mondiaux : les plus beaux coups des circuits am\u00e9ricain et europ\u00e9en, portraits de joueurs, analyses et r\u00e9sultats avec les journalistes et consultants de la r\u00e9daction. Toutes les informations du PGA Tour, du PGA Tour Champions et des tournois f\u00e9minins sont \u00e9galement abord\u00e9es dans le magazine, qui revient aussi sur les derniers r\u00e9sultats et les classements.", "start_date": "2026-09-03T13:49:00+00:00", "title": "Golf+, le mag"}, {"desc": "Une semaine apr\u00e8s le premier test-match disput\u00e9 \u00e0 Ellis Park, l'Afrique du Sud et la Nouvelle-Z\u00e9lande se retrouvent au DHL Stadium du Cap pour le deuxi\u00e8me acte de leur s\u00e9rie. Springboks et All Blacks poursuivent ainsi Rugby's Greatest Rivalry, tourn\u00e9e qui renoue avec les grandes confrontations entre les deux nations. Deux autres tests suivront en septembre, \u00e0 Johannesburg puis \u00e0 Baltimore,.", "start_date": "2026-09-03T14:49:00+00:00", "title": "Afrique du Sud / Nouvelle-Z\u00e9lande"}, {"desc": "Sport noble par excellence, le rugby figure parmi les disciplines les plus populaires. Garants du fairplay, les joueurs cachent de v\u00e9ritables \u00e9motions sous leurs impressionnantes carapaces. D\u00e9couvres des belles histoires li\u00e9es au monde de l'ovalie dans ce magazine consacr\u00e9 \u00e0 ce sport.", "start_date": "2026-09-03T16:30:00+00:00", "title": "Fractionn\u00e9 Rugby"}, {"desc": "Le CA Brive accueille le Valence Romans Dr\u00f4me Rugby, au stade Am\u00e9d\u00e9e-Domenech, pour le compte de la premi\u00e8re journ\u00e9e de la saison 2026/2027 de Pro D2. Un choc d'ouverture !", "start_date": "2026-09-03T16:51:00+00:00", "title": "Brive / Valence-Romans"}, {"desc": "Suite \u00e0 la rencontre de Pro D2, le magazine passe en revue les derni\u00e8res actualit\u00e9s, les r\u00e9actions des joueurs et des coachs et propose les premi\u00e8res analyses d'apr\u00e8s-match.", "start_date": "2026-09-03T18:34:00+00:00", "title": "Apr\u00e8s-match Pro D2"}, {"desc": "Les ultimes informations avant le match de Pro D2, les compositions des \u00e9quipes et les enjeux de la rencontre.", "start_date": "2026-09-03T18:50:00+00:00", "title": "Avant-match Pro D2"}, {"desc": "Finaliste malheureux la saison derni\u00e8re, battu par Vannes, apr\u00e8s avoir termin\u00e9 3e de la phase r\u00e9guli\u00e8re de Pro D2, Provence Rugby fait partie des favoris de cet exercice 2026/2027. Pour leur 2e journ\u00e9e de championnat, les hommes de Philippe Saint-Andr\u00e9 se rendent \u00e0 Colomiers, dauphin de Vannes la saison pass\u00e9e et bien d\u00e9cid\u00e9, cette ann\u00e9e encore, \u00e0 jouer les premiers r\u00f4les.", "start_date": "2026-09-03T19:00:00+00:00", "title": "Colomiers / Provence Rugby"}, {"desc": "Suite \u00e0 la rencontre de Pro D2, le magazine passe en revue les derni\u00e8res actualit\u00e9s, les r\u00e9actions des joueurs et des coachs et propose les premi\u00e8res analyses d'apr\u00e8s-match.", "start_date": "2026-09-03T20:50:00+00:00", "title": "Apr\u00e8s-match Pro D2"}, {"desc": "La phase finale de top 14 comme vous ne l'avez jamais v\u00e9cue, dans la peau d'un joueur des six \u00e9quipes \u00e0 la qu\u00eate du Bouclier de Brennus 2026.", "start_date": "2026-09-03T21:01:00+00:00", "title": "Objectif Brennus : Toulouse seul au monde"}, {"desc": "Fermeture de l'antenne \u00e0 la fin des diffusions de la journ\u00e9e.", "start_date": "2026-09-03T22:41:00+00:00", "title": "Fin des programmes"}, {"desc": "Finaliste malheureux la saison derni\u00e8re, battu par Vannes, apr\u00e8s avoir termin\u00e9 3e de la phase r\u00e9guli\u00e8re de Pro D2, Provence Rugby fait partie des favoris de cet exercice 2026/2027. Pour leur 2e journ\u00e9e de championnat, les hommes de Philippe Saint-Andr\u00e9 se rendent \u00e0 Colomiers, dauphin de Vannes la saison pass\u00e9e et bien d\u00e9cid\u00e9, cette ann\u00e9e encore, \u00e0 jouer les premiers r\u00f4les.", "start_date": "2026-09-04T05:28:00+00:00", "title": "Colomiers / Provence Rugby"}, {"desc": "Pour la deuxi\u00e8me ann\u00e9e cons\u00e9cutive, le championnat du monde des rallyes faisait \u00e9tape au Paraguay pour la 11e manche de la saison. Un rallye remport\u00e9 par S\u00e9bastien Ogier l'ann\u00e9e derni\u00e8re, devant Elfyn Evans et Thierry Neuville. Qui s'est impos\u00e9 cette ann\u00e9e ? Evans qui domine le championnat ? Sami Pajari ou encore Takamoto Katsuta ?", "start_date": "2026-09-04T07:11:00+00:00", "title": "Review"}, {"desc": "Apr\u00e8s le retour victorieux de Lando Norris (McLaren) en Hongrie, les pilotes ont rendez-vous aux Pays-Bas, pour le Grand Prix disput\u00e9 sur le circuit de Zandvoort. Une \u00e9preuve remport\u00e9e, l'an dernier, par l'Australien Oscar Piastri (McLaren). Cette saison, Piastri n'occupe que la 7e place du classement des pilotes, domin\u00e9 par le jeune Italien Kimi Antonelli (Mercedes).", "start_date": "2026-09-04T08:04:00+00:00", "title": "La course"}, {"desc": "Formula One, le mag pr\u00e9sente les actualit\u00e9s de la Formule 1. Derniers r\u00e9sultats, prochaines courses, interviews des pilotes, analyses des r\u00e9sultats avec l'\u00e9quipe des experts de la cha\u00eene, tout est \u00e0 d\u00e9couvrir dans Formula One, le mag.", "start_date": "2026-09-04T09:53:00+00:00", "title": "Formula One, le mag"}, {"desc": "Sur le circuit de Monza, devant un public totalement acquis \u00e0 sa cause, Kimi Antonelli devrait \u00eatre au centre des attentions dans ces essais cruciaux.", "start_date": "2026-09-04T10:15:00+00:00", "title": "Essais libres 1"}, {"desc": "Le Zapsport 360 permet de retrouver toutes les images marquantes du sport des derniers jours, dans un format dynamique : r\u00e9sultats, comp\u00e9titions du moment et s\u00e9quences spectaculaires sont au rendez-vous.", "start_date": "2026-09-04T11:41:00+00:00", "title": "Zapsport 360"}, {"desc": "A la d\u00e9couverte des anecdotes surprenantes et des belles histoires li\u00e9es au monde de la F1, chez les pilotes et chez les \u00e9curies, \u00e0 travers le temps.", "start_date": "2026-09-04T11:46:00+00:00", "title": "Fractionn\u00e9 F1"}, {"desc": "Sur le c\u00e9l\u00e8bre circuit de Monza dans le nord de l'Italie, ce Grand Prix de Formule 3 est sans conteste l'un des temps forts de la saison pour les pilotes comme pour les \u00e9curies.", "start_date": "2026-09-04T11:55:00+00:00", "title": "Essais qualificatifs"}, {"desc": "A la suite du succ\u00e8s de la s\u00e9rie documentaire sur la reine des cat\u00e9gories Formula 1 : Drive to Survive, Formula One Management d\u00e9cide de mettre en lumi\u00e8re la Formule 2. Dans Chasing the Dream, c'est une v\u00e9ritable entr\u00e9e dans les coulisses du championnat de Formule 2 de la FIA qui attend les fans de la discipline.", "start_date": "2026-09-04T12:35:00+00:00", "title": "Formule 2 : Chasing the Dream"}, {"desc": "Suivez le Grand Prix d'Italie, une des manches comptant pour le championnat du monde de Formule 2. Cette course a \u00e9t\u00e9 disput\u00e9e pour la premi\u00e8re fois en 2017 sur le fameux circuit de Monza.", "start_date": "2026-09-04T12:50:00+00:00", "title": "Essais qualificatifs"}, {"desc": "A la d\u00e9couverte des anecdotes surprenantes et des belles histoires li\u00e9es au monde de la F1, chez les pilotes et chez les \u00e9curies, \u00e0 travers le temps.", "start_date": "2026-09-04T13:31:00+00:00", "title": "Fractionn\u00e9 F1"}, {"desc": "Sur le circuit de Monza, devant un public totalement acquis \u00e0 sa cause, Kimi Antonelli devrait \u00eatre au centre des attentions dans ces essais cruciaux.", "start_date": "2026-09-04T13:45:00+00:00", "title": "Essais libres 2"}, {"desc": "Finaliste malheureux la saison derni\u00e8re, battu par Vannes, apr\u00e8s avoir termin\u00e9 3e de la phase r\u00e9guli\u00e8re de Pro D2, Provence Rugby fait partie des favoris de cet exercice 2026/2027. Pour leur 2e journ\u00e9e de championnat, les hommes de Philippe Saint-Andr\u00e9 se rendent \u00e0 Colomiers, dauphin de Vannes la saison pass\u00e9e et bien d\u00e9cid\u00e9, cette ann\u00e9e encore, \u00e0 jouer les premiers r\u00f4les.", "start_date": "2026-09-04T15:10:00+00:00", "title": "Colomiers / Provence Rugby"}, {"desc": "Soir de rugby avant-match pr\u00e9sente les derni\u00e8res informations de la rencontre de rugby \u00e0 venir, avec les compositions des \u00e9quipes et l'ambiance autour du terrain.", "start_date": "2026-09-04T16:50:00+00:00", "title": "Soir de rugby avant-match"}, {"desc": "Retransmission d'un match du championnat de France de deuxi\u00e8me division de rugby appel\u00e9 Pro D2, une comp\u00e9tition de rugby \u00e0 XV. Organis\u00e9 depuis 1924, le championnat de deuxi\u00e8me division a longtemps \u00e9t\u00e9 amateur avant d'obtenir le statut professionnel en 2000 et comporte maintenant seize clubs qui se battent pour l'accession dans l'\u00e9lite du rugby fran\u00e7ais.", "start_date": "2026-09-04T17:00:00+00:00", "title": "Montauban / Grenoble"}, {"desc": "Soir de rugby avant-match pr\u00e9sente les derni\u00e8res informations de la rencontre de rugby \u00e0 venir, avec les compositions des \u00e9quipes et l'ambiance autour du terrain.", "start_date": "2026-09-04T18:50:00+00:00", "title": "Soir de rugby avant-match"}, {"desc": "La 2e journ\u00e9e de Pro D2 propose d\u00e9j\u00e0 un duel entre deux \u00e9quipes qui se sont suivies au classement la saison derni\u00e8re. Sixi\u00e8me et qualifi\u00e9 pour les barrages, Brive se d\u00e9place \u00e0 Armandie pour d\u00e9fier Agen, septi\u00e8me et rest\u00e9 aux portes du Top 6. Corr\u00e9ziens et Lot-et-Garonnais tenteront de marquer les esprits dans ce premier rendez-vous entre pr\u00e9tendants aux phases finales.", "start_date": "2026-09-04T19:00:00+00:00", "title": "Agen / Brive"}, {"desc": "Tous les r\u00e9sum\u00e9s des matches de Pro D2 de la soir\u00e9e, des interviews et des analyses, avec les experts de la cha\u00eene. Plus, avant chaque journ\u00e9e de Top 14, toutes les derni\u00e8res infos et les compositions des \u00e9quipes qui s'affrontent.", "start_date": "2026-09-04T20:51:00+00:00", "title": "Soir de rugby"}, {"desc": "Sur le circuit de Monza, devant un public totalement acquis \u00e0 sa cause, Kimi Antonelli devrait \u00eatre au centre des attentions dans ces essais cruciaux.", "start_date": "2026-09-04T21:01:00+00:00", "title": "Essais libres 2"}], "offset": "+00:00", "timezone": "UTC", "error_code": -1, "start_date": "2026-09-03", "icon": ""}